{"id":137,"date":"2013-01-23T17:13:23","date_gmt":"2013-01-23T17:13:23","guid":{"rendered":"http:\/\/www.nuevavisionopticas.com.ar\/blog-de-optica\/?p=137"},"modified":"2013-01-23T17:13:23","modified_gmt":"2013-01-23T17:13:23","slug":"tendencia-en-anteojos-y-famosos-que-la-adoptaron","status":"publish","type":"post","link":"https:\/\/www.nuevavisionopticas.com.ar\/blog-de-optica\/2013\/01\/tendencia-en-anteojos-y-famosos-que-la-adoptaron\/","title":{"rendered":"Tendencia en anteojos y famosos que la adoptaron"},"content":{"rendered":"<p><strong><img decoding=\"async\" src=\"data:image\/svg+xml,%3Csvg%20xmlns='http:\/\/www.w3.org\/2000\/svg'%20viewBox='0%200%20300%20240'%3E%3C\/svg%3E\" class=\"zeen-lazy-load-base zeen-lazy-load alignleft size-medium wp-image-156\" alt=\"Famosos con anteojos \" data-lazy-src=\"http:\/\/www.nuevavisionopticas.com.ar\/blog-de-optica\/wp-content\/uploads\/2013\/01\/a-Primer-Slide-jpg_184453-300x240.jpg\" width=\"300\" height=\"240\" \/><noscript><img decoding=\"async\" class=\"alignleft size-medium wp-image-156\" alt=\"Famosos con anteojos \" src=\"http:\/\/www.nuevavisionopticas.com.ar\/blog-de-optica\/wp-content\/uploads\/2013\/01\/a-Primer-Slide-jpg_184453-300x240.jpg\" width=\"300\" height=\"240\" \/><\/noscript>La tendencia de las maxi gafas tiene mucho glamour y las actrices, cantantes y hasta princesas la adoptaron r\u00e1pidamente. Ventajas, modelos y protagonistas en esta nota.<\/strong><\/p>\n<p>As\u00ed como la moda, adem\u00e1s de la indumentaria, incluye a accesorios como las carteras o los zapatos, en el mundo de los anteojos las tendencias tienen su particular desarrollo. No es sorprendente que tomen cada vez m\u00e1s trascendencia dado que las gafas tienen mucho mayor visibilidad que otros accesorios al ubicarse en el centro de todas las miradas.<\/p>\n<p>Y justamente hablando de protagonismo hay una tendencia que genera gran visibilidad para los anteojos, brind\u00e1ndoles una importancia que no podr\u00eda alcanzar ning\u00fan otro componente, ni siquiera la indumentaria: las maxi gafas. Este estilo tiene que ver con anteojos de sol y su desarrollo implica que deben llevarse de gran tama\u00f1o. La idea es llevar anteojos sobredimensionados que cubran toda la cara, pero sin dejar de lado la elegancia femenina. Un estilo que busca proteger el rostro y ocultar las imperfecciones a la luz del d\u00eda, como hacen las celebridades.<!--more--><\/p>\n<p>Las\u00a0maxi-gafas de sol\u00a0logran cubrir buena parte de la cara. Con estos dise\u00f1os enormes esos d\u00edas de ojeras y mala cara quedan bien a cubierto y disimulados. Un generoso tama\u00f1o apto m\u00e1s para rostros anchos, se recomienda evitarlas si la cara es peque\u00f1a, ya que lo ocupan todo.<\/p>\n<p>Las\u00a0famosas se sumaron primero a la tendencia\u00a0y nosotros tomamos nota de algunos modelos de moda para nutrir nuestros guardarropas. De hecho las maxi gafas fueron adoptadas por las famosas de todos los \u00e1mbitos, cantantes, actrices y hasta princesas se escudan tras ellas, se visten con ellas e impregnan del glamour que otorgan.<strong> <\/strong><\/p>\n<h1>\u00bfQuiere ver algunos ejemplos?<\/h1>\n<p>Si hay que pensar en una famosa habitual en la actualidad (en el pasado ser\u00eda Jacqueline Kennedy) de las gafas de sol tama\u00f1o maxi esa es\u00a0<strong>Victoria Beckham<\/strong>\u00a0quien, al igual que el resto, sabe c\u00f3mo llevarlas dejando la frente libre sin flequillo y con una raya ladeada. Es preferible un rostro descubierto en este caso, que ya bastante lo cubren las gafas.<br \/>\n<a href=\"http:\/\/www.nuevavisionopticas.com.ar\/blog-de-optica\/wp-content\/uploads\/2013\/01\/victoria.jpg\"><img decoding=\"async\" src=\"data:image\/svg+xml,%3Csvg%20xmlns='http:\/\/www.w3.org\/2000\/svg'%20viewBox='0%200%20297%20295'%3E%3C\/svg%3E\" class=\"zeen-lazy-load-base zeen-lazy-load size-full wp-image-139 alignnone\" title=\"victoria\" alt=\"\" data-lazy-src=\"http:\/\/www.nuevavisionopticas.com.ar\/blog-de-optica\/wp-content\/uploads\/2013\/01\/victoria.jpg\" width=\"297\" height=\"295\" \/><noscript><img decoding=\"async\" class=\"size-full wp-image-139 alignnone\" title=\"victoria\" alt=\"\" src=\"http:\/\/www.nuevavisionopticas.com.ar\/blog-de-optica\/wp-content\/uploads\/2013\/01\/victoria.jpg\" width=\"297\" height=\"295\" \/><\/noscript><\/a><\/p>\n<p>Algunos modelos a considerar muy Victoria Beckham:<\/p>\n<p>D&amp;g 8069<\/p>\n<p><a href=\"http:\/\/www.nuevavisionopticas.com.ar\/blog-de-optica\/wp-content\/uploads\/2013\/01\/DG-8069.jpg\"><img decoding=\"async\" src=\"data:image\/svg+xml,%3Csvg%20xmlns='http:\/\/www.w3.org\/2000\/svg'%20viewBox='0%200%20297%20127'%3E%3C\/svg%3E\" class=\"zeen-lazy-load-base zeen-lazy-load alignnone size-full wp-image-140\" title=\"D&amp;G-8069\" alt=\"\" data-lazy-src=\"http:\/\/www.nuevavisionopticas.com.ar\/blog-de-optica\/wp-content\/uploads\/2013\/01\/DG-8069.jpg\" width=\"297\" height=\"127\" \/><noscript><img decoding=\"async\" class=\"alignnone size-full wp-image-140\" title=\"D&amp;G-8069\" alt=\"\" src=\"http:\/\/www.nuevavisionopticas.com.ar\/blog-de-optica\/wp-content\/uploads\/2013\/01\/DG-8069.jpg\" width=\"297\" height=\"127\" \/><\/noscript><\/a><\/p>\n<p>Rusty amie<\/p>\n<p><a href=\"http:\/\/www.nuevavisionopticas.com.ar\/blog-de-optica\/wp-content\/uploads\/2013\/01\/rusty-amie-.jpg\"><img decoding=\"async\" src=\"data:image\/svg+xml,%3Csvg%20xmlns='http:\/\/www.w3.org\/2000\/svg'%20viewBox='0%200%20297%20169'%3E%3C\/svg%3E\" class=\"zeen-lazy-load-base zeen-lazy-load alignnone size-full wp-image-142\" title=\"rusty-amie-\" alt=\"\" data-lazy-src=\"http:\/\/www.nuevavisionopticas.com.ar\/blog-de-optica\/wp-content\/uploads\/2013\/01\/rusty-amie-.jpg\" width=\"297\" height=\"169\" \/><noscript><img decoding=\"async\" class=\"alignnone size-full wp-image-142\" title=\"rusty-amie-\" alt=\"\" src=\"http:\/\/www.nuevavisionopticas.com.ar\/blog-de-optica\/wp-content\/uploads\/2013\/01\/rusty-amie-.jpg\" width=\"297\" height=\"169\" \/><\/noscript><\/a><\/p>\n<p><strong>Elizabeth Hurley<\/strong>\u00a0opta por algo similar con una maxi-gafa cercana al modelo de un lazo, con grandes lentes y un puente fino y bajo.<\/p>\n<p><a href=\"http:\/\/www.nuevavisionopticas.com.ar\/blog-de-optica\/wp-content\/uploads\/2013\/01\/Elizabeth-Hurley-.jpg\"><img decoding=\"async\" src=\"data:image\/svg+xml,%3Csvg%20xmlns='http:\/\/www.w3.org\/2000\/svg'%20viewBox='0%200%20297%20295'%3E%3C\/svg%3E\" class=\"zeen-lazy-load-base zeen-lazy-load alignnone size-full wp-image-143\" title=\"Elizabeth-Hurley\" alt=\"\" data-lazy-src=\"http:\/\/www.nuevavisionopticas.com.ar\/blog-de-optica\/wp-content\/uploads\/2013\/01\/Elizabeth-Hurley-.jpg\" width=\"297\" height=\"295\" \/><noscript><img decoding=\"async\" class=\"alignnone size-full wp-image-143\" title=\"Elizabeth-Hurley\" alt=\"\" src=\"http:\/\/www.nuevavisionopticas.com.ar\/blog-de-optica\/wp-content\/uploads\/2013\/01\/Elizabeth-Hurley-.jpg\" width=\"297\" height=\"295\" \/><\/noscript><\/a><\/p>\n<p><strong><br \/>\n<\/strong><\/p>\n<p>En\u00a0<strong>Ray-Ban<\/strong>\u00a0encontramos el modelo Jackie Ohh similar a dicha tendencia.<\/p>\n<p><a href=\"http:\/\/www.nuevavisionopticas.com.ar\/blog-de-optica\/wp-content\/uploads\/2013\/01\/Ray-Ban-Jackie-ohh.jpg\"><img decoding=\"async\" src=\"data:image\/svg+xml,%3Csvg%20xmlns='http:\/\/www.w3.org\/2000\/svg'%20viewBox='0%200%20297%20152'%3E%3C\/svg%3E\" class=\"zeen-lazy-load-base zeen-lazy-load alignnone size-full wp-image-144\" title=\"Ray-Ban-Jackie-ohh\" alt=\"\" data-lazy-src=\"http:\/\/www.nuevavisionopticas.com.ar\/blog-de-optica\/wp-content\/uploads\/2013\/01\/Ray-Ban-Jackie-ohh.jpg\" width=\"297\" height=\"152\" \/><noscript><img decoding=\"async\" class=\"alignnone size-full wp-image-144\" title=\"Ray-Ban-Jackie-ohh\" alt=\"\" src=\"http:\/\/www.nuevavisionopticas.com.ar\/blog-de-optica\/wp-content\/uploads\/2013\/01\/Ray-Ban-Jackie-ohh.jpg\" width=\"297\" height=\"152\" \/><\/noscript><\/a><\/p>\n<p><strong>Ralph Lauren<\/strong> tiene tambi\u00e9n modelos an\u00e1logos al gusto de Elizabeth Hurley como el 5106 de marcada elegancia.<\/p>\n<p><a href=\"http:\/\/www.nuevavisionopticas.com.ar\/blog-de-optica\/wp-content\/uploads\/2013\/01\/ralph-lauren.jpg\"><img decoding=\"async\" src=\"data:image\/svg+xml,%3Csvg%20xmlns='http:\/\/www.w3.org\/2000\/svg'%20viewBox='0%200%20297%20151'%3E%3C\/svg%3E\" class=\"zeen-lazy-load-base zeen-lazy-load alignnone size-full wp-image-145\" title=\"ralph-lauren\" alt=\"\" data-lazy-src=\"http:\/\/www.nuevavisionopticas.com.ar\/blog-de-optica\/wp-content\/uploads\/2013\/01\/ralph-lauren.jpg\" width=\"297\" height=\"151\" \/><noscript><img decoding=\"async\" class=\"alignnone size-full wp-image-145\" title=\"ralph-lauren\" alt=\"\" src=\"http:\/\/www.nuevavisionopticas.com.ar\/blog-de-optica\/wp-content\/uploads\/2013\/01\/ralph-lauren.jpg\" width=\"297\" height=\"151\" \/><\/noscript><\/a><\/p>\n<p>&nbsp;<\/p>\n<p>La\u00a0<strong>Princesa M\u00e1xima de Holanda<\/strong> usa unas maxigafas completamente redondas, un poquito m\u00e1s transgresoras y menos sentadoras que otros referentes, para valientes.<br \/>\n<a href=\"http:\/\/www.nuevavisionopticas.com.ar\/blog-de-optica\/wp-content\/uploads\/2013\/01\/M\u00e1xima.jpg\"><img decoding=\"async\" src=\"data:image\/svg+xml,%3Csvg%20xmlns='http:\/\/www.w3.org\/2000\/svg'%20viewBox='0%200%20297%20295'%3E%3C\/svg%3E\" class=\"zeen-lazy-load-base zeen-lazy-load alignnone  wp-image-146\" title=\"M\u00e1xima\" alt=\"\" data-lazy-src=\"http:\/\/www.nuevavisionopticas.com.ar\/blog-de-optica\/wp-content\/uploads\/2013\/01\/M\u00e1xima.jpg\" width=\"297\" height=\"295\" \/><noscript><img decoding=\"async\" class=\"alignnone  wp-image-146\" title=\"M\u00e1xima\" alt=\"\" src=\"http:\/\/www.nuevavisionopticas.com.ar\/blog-de-optica\/wp-content\/uploads\/2013\/01\/M\u00e1xima.jpg\" width=\"297\" height=\"295\" \/><\/noscript><\/a><\/p>\n<p><strong>Infinit<\/strong> tiene modelos de anteojos de sol bien redondos como el Amanda, para quien quiera sentirse una princesa, sin el fr\u00edo, la lluviay los palacios.<\/p>\n<p><a href=\"http:\/\/www.nuevavisionopticas.com.ar\/blog-de-optica\/wp-content\/uploads\/2013\/01\/infinit.jpg\"><img decoding=\"async\" src=\"data:image\/svg+xml,%3Csvg%20xmlns='http:\/\/www.w3.org\/2000\/svg'%20viewBox='0%200%20297%20144'%3E%3C\/svg%3E\" class=\"zeen-lazy-load-base zeen-lazy-load alignnone size-full wp-image-147\" title=\"infinit\" alt=\"\" data-lazy-src=\"http:\/\/www.nuevavisionopticas.com.ar\/blog-de-optica\/wp-content\/uploads\/2013\/01\/infinit.jpg\" width=\"297\" height=\"144\" \/><noscript><img decoding=\"async\" class=\"alignnone size-full wp-image-147\" title=\"infinit\" alt=\"\" src=\"http:\/\/www.nuevavisionopticas.com.ar\/blog-de-optica\/wp-content\/uploads\/2013\/01\/infinit.jpg\" width=\"297\" height=\"144\" \/><\/noscript><\/a><\/p>\n<p>La tendencia maxi es ideal para renovarse en el verano 2013, visite las \u00f3pticas Nueva visi\u00f3n y encuentre el modelo ideal para usted.<\/p>\n","protected":false},"excerpt":{"rendered":"<p>La tendencia de las maxi gafas tiene mucho glamour y las actrices, cantantes y hasta princesas la adoptaron r\u00e1pidamente. Ventajas, modelos y protagonistas en esta nota. As\u00ed como la moda, adem\u00e1s de la indumentaria, incluye a accesorios como las carteras o los zapatos, en el mundo de los anteojos las tendencias tienen su particular desarrollo. No es sorprendente que tomen cada vez m\u00e1s trascendencia dado que las gafas tienen mucho mayor visibilidad que otros accesorios al ubicarse en el centro [&hellip;]<\/p>\n","protected":false},"author":1,"featured_media":0,"comment_status":"open","ping_status":"open","sticky":false,"template":"","format":"standard","meta":{"_monsterinsights_skip_tracking":false,"_monsterinsights_sitenote_active":false,"_monsterinsights_sitenote_note":"","_monsterinsights_sitenote_category":0,"footnotes":""},"categories":[3,12,15,16,20],"tags":[],"class_list":["post-137","post","type-post","status-publish","format-standard","hentry","category-anteojos","category-colecciones","category-marcas","category-moda","category-tendencias"],"yoast_head":"<!-- This site is optimized with the Yoast SEO plugin v27.3 - https:\/\/yoast.com\/product\/yoast-seo-wordpress\/ -->\n<title>Tendencia en anteojos y famosos que la adoptaron &#8211; Blog de \u00f3ptica<\/title>\n<meta name=\"robots\" content=\"index, follow, max-snippet:-1, max-image-preview:large, max-video-preview:-1\" \/>\n<link rel=\"canonical\" href=\"https:\/\/www.nuevavisionopticas.com.ar\/blog-de-optica\/2013\/01\/tendencia-en-anteojos-y-famosos-que-la-adoptaron\/\" \/>\n<meta property=\"og:locale\" content=\"es_ES\" \/>\n<meta property=\"og:type\" content=\"article\" \/>\n<meta property=\"og:title\" content=\"Tendencia en anteojos y famosos que la adoptaron &#8211; Blog de \u00f3ptica\" \/>\n<meta property=\"og:description\" content=\"La tendencia de las maxi gafas tiene mucho glamour y las actrices, cantantes y hasta princesas la adoptaron r\u00e1pidamente. Ventajas, modelos y protagonistas en esta nota. As\u00ed como la moda, adem\u00e1s de la indumentaria, incluye a accesorios como las carteras o los zapatos, en el mundo de los anteojos las tendencias tienen su particular desarrollo. No es sorprendente que tomen cada vez m\u00e1s trascendencia dado que las gafas tienen mucho mayor visibilidad que otros accesorios al ubicarse en el centro [&hellip;]\" \/>\n<meta property=\"og:url\" content=\"https:\/\/www.nuevavisionopticas.com.ar\/blog-de-optica\/2013\/01\/tendencia-en-anteojos-y-famosos-que-la-adoptaron\/\" \/>\n<meta property=\"og:site_name\" content=\"Blog de \u00f3ptica\" \/>\n<meta property=\"article:publisher\" content=\"https:\/\/www.facebook.com\/nuevavisionarg\" \/>\n<meta property=\"article:published_time\" content=\"2013-01-23T17:13:23+00:00\" \/>\n<meta property=\"og:image\" content=\"http:\/\/www.nuevavisionopticas.com.ar\/blog-de-optica\/wp-content\/uploads\/2013\/01\/a-Primer-Slide-jpg_184453-300x240.jpg\" \/>\n<meta name=\"author\" content=\"admin_optica\" \/>\n<meta name=\"twitter:card\" content=\"summary_large_image\" \/>\n<meta name=\"twitter:label1\" content=\"Escrito por\" \/>\n\t<meta name=\"twitter:data1\" content=\"admin_optica\" \/>\n\t<meta name=\"twitter:label2\" content=\"Tiempo de lectura\" \/>\n\t<meta name=\"twitter:data2\" content=\"2 minutos\" \/>\n<script type=\"application\/ld+json\" class=\"yoast-schema-graph\">{\"@context\":\"https:\\\/\\\/schema.org\",\"@graph\":[{\"@type\":\"Article\",\"@id\":\"https:\\\/\\\/www.nuevavisionopticas.com.ar\\\/blog-de-optica\\\/2013\\\/01\\\/tendencia-en-anteojos-y-famosos-que-la-adoptaron\\\/#article\",\"isPartOf\":{\"@id\":\"https:\\\/\\\/www.nuevavisionopticas.com.ar\\\/blog-de-optica\\\/2013\\\/01\\\/tendencia-en-anteojos-y-famosos-que-la-adoptaron\\\/\"},\"author\":{\"name\":\"admin_optica\",\"@id\":\"https:\\\/\\\/www.nuevavisionopticas.com.ar\\\/blog-de-optica\\\/#\\\/schema\\\/person\\\/2d6fbd00282cbc8fdd54058894af4341\"},\"headline\":\"Tendencia en anteojos y famosos que la adoptaron\",\"datePublished\":\"2013-01-23T17:13:23+00:00\",\"mainEntityOfPage\":{\"@id\":\"https:\\\/\\\/www.nuevavisionopticas.com.ar\\\/blog-de-optica\\\/2013\\\/01\\\/tendencia-en-anteojos-y-famosos-que-la-adoptaron\\\/\"},\"wordCount\":507,\"commentCount\":0,\"publisher\":{\"@id\":\"https:\\\/\\\/www.nuevavisionopticas.com.ar\\\/blog-de-optica\\\/#organization\"},\"image\":{\"@id\":\"https:\\\/\\\/www.nuevavisionopticas.com.ar\\\/blog-de-optica\\\/2013\\\/01\\\/tendencia-en-anteojos-y-famosos-que-la-adoptaron\\\/#primaryimage\"},\"thumbnailUrl\":\"http:\\\/\\\/www.nuevavisionopticas.com.ar\\\/blog-de-optica\\\/wp-content\\\/uploads\\\/2013\\\/01\\\/a-Primer-Slide-jpg_184453-300x240.jpg\",\"articleSection\":[\"Anteojos\",\"colecciones\",\"marcas\",\"moda\",\"tendencias\"],\"inLanguage\":\"es\",\"potentialAction\":[{\"@type\":\"CommentAction\",\"name\":\"Comment\",\"target\":[\"https:\\\/\\\/www.nuevavisionopticas.com.ar\\\/blog-de-optica\\\/2013\\\/01\\\/tendencia-en-anteojos-y-famosos-que-la-adoptaron\\\/#respond\"]}]},{\"@type\":\"WebPage\",\"@id\":\"https:\\\/\\\/www.nuevavisionopticas.com.ar\\\/blog-de-optica\\\/2013\\\/01\\\/tendencia-en-anteojos-y-famosos-que-la-adoptaron\\\/\",\"url\":\"https:\\\/\\\/www.nuevavisionopticas.com.ar\\\/blog-de-optica\\\/2013\\\/01\\\/tendencia-en-anteojos-y-famosos-que-la-adoptaron\\\/\",\"name\":\"Tendencia en anteojos y famosos que la adoptaron &#8211; Blog de \u00f3ptica\",\"isPartOf\":{\"@id\":\"https:\\\/\\\/www.nuevavisionopticas.com.ar\\\/blog-de-optica\\\/#website\"},\"primaryImageOfPage\":{\"@id\":\"https:\\\/\\\/www.nuevavisionopticas.com.ar\\\/blog-de-optica\\\/2013\\\/01\\\/tendencia-en-anteojos-y-famosos-que-la-adoptaron\\\/#primaryimage\"},\"image\":{\"@id\":\"https:\\\/\\\/www.nuevavisionopticas.com.ar\\\/blog-de-optica\\\/2013\\\/01\\\/tendencia-en-anteojos-y-famosos-que-la-adoptaron\\\/#primaryimage\"},\"thumbnailUrl\":\"http:\\\/\\\/www.nuevavisionopticas.com.ar\\\/blog-de-optica\\\/wp-content\\\/uploads\\\/2013\\\/01\\\/a-Primer-Slide-jpg_184453-300x240.jpg\",\"datePublished\":\"2013-01-23T17:13:23+00:00\",\"breadcrumb\":{\"@id\":\"https:\\\/\\\/www.nuevavisionopticas.com.ar\\\/blog-de-optica\\\/2013\\\/01\\\/tendencia-en-anteojos-y-famosos-que-la-adoptaron\\\/#breadcrumb\"},\"inLanguage\":\"es\",\"potentialAction\":[{\"@type\":\"ReadAction\",\"target\":[\"https:\\\/\\\/www.nuevavisionopticas.com.ar\\\/blog-de-optica\\\/2013\\\/01\\\/tendencia-en-anteojos-y-famosos-que-la-adoptaron\\\/\"]}]},{\"@type\":\"ImageObject\",\"inLanguage\":\"es\",\"@id\":\"https:\\\/\\\/www.nuevavisionopticas.com.ar\\\/blog-de-optica\\\/2013\\\/01\\\/tendencia-en-anteojos-y-famosos-que-la-adoptaron\\\/#primaryimage\",\"url\":\"\",\"contentUrl\":\"\"},{\"@type\":\"BreadcrumbList\",\"@id\":\"https:\\\/\\\/www.nuevavisionopticas.com.ar\\\/blog-de-optica\\\/2013\\\/01\\\/tendencia-en-anteojos-y-famosos-que-la-adoptaron\\\/#breadcrumb\",\"itemListElement\":[{\"@type\":\"ListItem\",\"position\":1,\"name\":\"Portada\",\"item\":\"https:\\\/\\\/www.nuevavisionopticas.com.ar\\\/blog-de-optica\\\/\"},{\"@type\":\"ListItem\",\"position\":2,\"name\":\"Tendencia en anteojos y famosos que la adoptaron\"}]},{\"@type\":\"WebSite\",\"@id\":\"https:\\\/\\\/www.nuevavisionopticas.com.ar\\\/blog-de-optica\\\/#website\",\"url\":\"https:\\\/\\\/www.nuevavisionopticas.com.ar\\\/blog-de-optica\\\/\",\"name\":\"Blog de \u00f3ptica\",\"description\":\"Nueva Visi\u00f3n \u00d3pticas\",\"publisher\":{\"@id\":\"https:\\\/\\\/www.nuevavisionopticas.com.ar\\\/blog-de-optica\\\/#organization\"},\"potentialAction\":[{\"@type\":\"SearchAction\",\"target\":{\"@type\":\"EntryPoint\",\"urlTemplate\":\"https:\\\/\\\/www.nuevavisionopticas.com.ar\\\/blog-de-optica\\\/?s={search_term_string}\"},\"query-input\":{\"@type\":\"PropertyValueSpecification\",\"valueRequired\":true,\"valueName\":\"search_term_string\"}}],\"inLanguage\":\"es\"},{\"@type\":\"Organization\",\"@id\":\"https:\\\/\\\/www.nuevavisionopticas.com.ar\\\/blog-de-optica\\\/#organization\",\"name\":\"Nueva Visi\u00f3n \u00d3pticas\",\"url\":\"https:\\\/\\\/www.nuevavisionopticas.com.ar\\\/blog-de-optica\\\/\",\"logo\":{\"@type\":\"ImageObject\",\"inLanguage\":\"es\",\"@id\":\"https:\\\/\\\/www.nuevavisionopticas.com.ar\\\/blog-de-optica\\\/#\\\/schema\\\/logo\\\/image\\\/\",\"url\":\"https:\\\/\\\/www.nuevavisionopticas.com.ar\\\/blog-de-optica\\\/wp-content\\\/uploads\\\/2021\\\/07\\\/logo-blanco-nueva-vision.png\",\"contentUrl\":\"https:\\\/\\\/www.nuevavisionopticas.com.ar\\\/blog-de-optica\\\/wp-content\\\/uploads\\\/2021\\\/07\\\/logo-blanco-nueva-vision.png\",\"width\":181,\"height\":46,\"caption\":\"Nueva Visi\u00f3n \u00d3pticas\"},\"image\":{\"@id\":\"https:\\\/\\\/www.nuevavisionopticas.com.ar\\\/blog-de-optica\\\/#\\\/schema\\\/logo\\\/image\\\/\"},\"sameAs\":[\"https:\\\/\\\/www.facebook.com\\\/nuevavisionarg\",\"https:\\\/\\\/www.instagram.com\\\/nuevavisionarg\"]},{\"@type\":\"Person\",\"@id\":\"https:\\\/\\\/www.nuevavisionopticas.com.ar\\\/blog-de-optica\\\/#\\\/schema\\\/person\\\/2d6fbd00282cbc8fdd54058894af4341\",\"name\":\"admin_optica\",\"image\":{\"@type\":\"ImageObject\",\"inLanguage\":\"es\",\"@id\":\"https:\\\/\\\/secure.gravatar.com\\\/avatar\\\/e33974a79b80e7fe593e5cf53cb2160fcb165380bed6475ed9144c295430f76c?s=96&d=mm&r=g\",\"url\":\"https:\\\/\\\/secure.gravatar.com\\\/avatar\\\/e33974a79b80e7fe593e5cf53cb2160fcb165380bed6475ed9144c295430f76c?s=96&d=mm&r=g\",\"contentUrl\":\"https:\\\/\\\/secure.gravatar.com\\\/avatar\\\/e33974a79b80e7fe593e5cf53cb2160fcb165380bed6475ed9144c295430f76c?s=96&d=mm&r=g\",\"caption\":\"admin_optica\"}}]}<\/script>\n<!-- \/ Yoast SEO plugin. -->","yoast_head_json":{"title":"Tendencia en anteojos y famosos que la adoptaron &#8211; Blog de \u00f3ptica","robots":{"index":"index","follow":"follow","max-snippet":"max-snippet:-1","max-image-preview":"max-image-preview:large","max-video-preview":"max-video-preview:-1"},"canonical":"https:\/\/www.nuevavisionopticas.com.ar\/blog-de-optica\/2013\/01\/tendencia-en-anteojos-y-famosos-que-la-adoptaron\/","og_locale":"es_ES","og_type":"article","og_title":"Tendencia en anteojos y famosos que la adoptaron &#8211; Blog de \u00f3ptica","og_description":"La tendencia de las maxi gafas tiene mucho glamour y las actrices, cantantes y hasta princesas la adoptaron r\u00e1pidamente. Ventajas, modelos y protagonistas en esta nota. As\u00ed como la moda, adem\u00e1s de la indumentaria, incluye a accesorios como las carteras o los zapatos, en el mundo de los anteojos las tendencias tienen su particular desarrollo. No es sorprendente que tomen cada vez m\u00e1s trascendencia dado que las gafas tienen mucho mayor visibilidad que otros accesorios al ubicarse en el centro [&hellip;]","og_url":"https:\/\/www.nuevavisionopticas.com.ar\/blog-de-optica\/2013\/01\/tendencia-en-anteojos-y-famosos-que-la-adoptaron\/","og_site_name":"Blog de \u00f3ptica","article_publisher":"https:\/\/www.facebook.com\/nuevavisionarg","article_published_time":"2013-01-23T17:13:23+00:00","og_image":[{"url":"http:\/\/www.nuevavisionopticas.com.ar\/blog-de-optica\/wp-content\/uploads\/2013\/01\/a-Primer-Slide-jpg_184453-300x240.jpg","type":"","width":"","height":""}],"author":"admin_optica","twitter_card":"summary_large_image","twitter_misc":{"Escrito por":"admin_optica","Tiempo de lectura":"2 minutos"},"schema":{"@context":"https:\/\/schema.org","@graph":[{"@type":"Article","@id":"https:\/\/www.nuevavisionopticas.com.ar\/blog-de-optica\/2013\/01\/tendencia-en-anteojos-y-famosos-que-la-adoptaron\/#article","isPartOf":{"@id":"https:\/\/www.nuevavisionopticas.com.ar\/blog-de-optica\/2013\/01\/tendencia-en-anteojos-y-famosos-que-la-adoptaron\/"},"author":{"name":"admin_optica","@id":"https:\/\/www.nuevavisionopticas.com.ar\/blog-de-optica\/#\/schema\/person\/2d6fbd00282cbc8fdd54058894af4341"},"headline":"Tendencia en anteojos y famosos que la adoptaron","datePublished":"2013-01-23T17:13:23+00:00","mainEntityOfPage":{"@id":"https:\/\/www.nuevavisionopticas.com.ar\/blog-de-optica\/2013\/01\/tendencia-en-anteojos-y-famosos-que-la-adoptaron\/"},"wordCount":507,"commentCount":0,"publisher":{"@id":"https:\/\/www.nuevavisionopticas.com.ar\/blog-de-optica\/#organization"},"image":{"@id":"https:\/\/www.nuevavisionopticas.com.ar\/blog-de-optica\/2013\/01\/tendencia-en-anteojos-y-famosos-que-la-adoptaron\/#primaryimage"},"thumbnailUrl":"http:\/\/www.nuevavisionopticas.com.ar\/blog-de-optica\/wp-content\/uploads\/2013\/01\/a-Primer-Slide-jpg_184453-300x240.jpg","articleSection":["Anteojos","colecciones","marcas","moda","tendencias"],"inLanguage":"es","potentialAction":[{"@type":"CommentAction","name":"Comment","target":["https:\/\/www.nuevavisionopticas.com.ar\/blog-de-optica\/2013\/01\/tendencia-en-anteojos-y-famosos-que-la-adoptaron\/#respond"]}]},{"@type":"WebPage","@id":"https:\/\/www.nuevavisionopticas.com.ar\/blog-de-optica\/2013\/01\/tendencia-en-anteojos-y-famosos-que-la-adoptaron\/","url":"https:\/\/www.nuevavisionopticas.com.ar\/blog-de-optica\/2013\/01\/tendencia-en-anteojos-y-famosos-que-la-adoptaron\/","name":"Tendencia en anteojos y famosos que la adoptaron &#8211; Blog de \u00f3ptica","isPartOf":{"@id":"https:\/\/www.nuevavisionopticas.com.ar\/blog-de-optica\/#website"},"primaryImageOfPage":{"@id":"https:\/\/www.nuevavisionopticas.com.ar\/blog-de-optica\/2013\/01\/tendencia-en-anteojos-y-famosos-que-la-adoptaron\/#primaryimage"},"image":{"@id":"https:\/\/www.nuevavisionopticas.com.ar\/blog-de-optica\/2013\/01\/tendencia-en-anteojos-y-famosos-que-la-adoptaron\/#primaryimage"},"thumbnailUrl":"http:\/\/www.nuevavisionopticas.com.ar\/blog-de-optica\/wp-content\/uploads\/2013\/01\/a-Primer-Slide-jpg_184453-300x240.jpg","datePublished":"2013-01-23T17:13:23+00:00","breadcrumb":{"@id":"https:\/\/www.nuevavisionopticas.com.ar\/blog-de-optica\/2013\/01\/tendencia-en-anteojos-y-famosos-que-la-adoptaron\/#breadcrumb"},"inLanguage":"es","potentialAction":[{"@type":"ReadAction","target":["https:\/\/www.nuevavisionopticas.com.ar\/blog-de-optica\/2013\/01\/tendencia-en-anteojos-y-famosos-que-la-adoptaron\/"]}]},{"@type":"ImageObject","inLanguage":"es","@id":"https:\/\/www.nuevavisionopticas.com.ar\/blog-de-optica\/2013\/01\/tendencia-en-anteojos-y-famosos-que-la-adoptaron\/#primaryimage","url":"","contentUrl":""},{"@type":"BreadcrumbList","@id":"https:\/\/www.nuevavisionopticas.com.ar\/blog-de-optica\/2013\/01\/tendencia-en-anteojos-y-famosos-que-la-adoptaron\/#breadcrumb","itemListElement":[{"@type":"ListItem","position":1,"name":"Portada","item":"https:\/\/www.nuevavisionopticas.com.ar\/blog-de-optica\/"},{"@type":"ListItem","position":2,"name":"Tendencia en anteojos y famosos que la adoptaron"}]},{"@type":"WebSite","@id":"https:\/\/www.nuevavisionopticas.com.ar\/blog-de-optica\/#website","url":"https:\/\/www.nuevavisionopticas.com.ar\/blog-de-optica\/","name":"Blog de \u00f3ptica","description":"Nueva Visi\u00f3n \u00d3pticas","publisher":{"@id":"https:\/\/www.nuevavisionopticas.com.ar\/blog-de-optica\/#organization"},"potentialAction":[{"@type":"SearchAction","target":{"@type":"EntryPoint","urlTemplate":"https:\/\/www.nuevavisionopticas.com.ar\/blog-de-optica\/?s={search_term_string}"},"query-input":{"@type":"PropertyValueSpecification","valueRequired":true,"valueName":"search_term_string"}}],"inLanguage":"es"},{"@type":"Organization","@id":"https:\/\/www.nuevavisionopticas.com.ar\/blog-de-optica\/#organization","name":"Nueva Visi\u00f3n \u00d3pticas","url":"https:\/\/www.nuevavisionopticas.com.ar\/blog-de-optica\/","logo":{"@type":"ImageObject","inLanguage":"es","@id":"https:\/\/www.nuevavisionopticas.com.ar\/blog-de-optica\/#\/schema\/logo\/image\/","url":"https:\/\/www.nuevavisionopticas.com.ar\/blog-de-optica\/wp-content\/uploads\/2021\/07\/logo-blanco-nueva-vision.png","contentUrl":"https:\/\/www.nuevavisionopticas.com.ar\/blog-de-optica\/wp-content\/uploads\/2021\/07\/logo-blanco-nueva-vision.png","width":181,"height":46,"caption":"Nueva Visi\u00f3n \u00d3pticas"},"image":{"@id":"https:\/\/www.nuevavisionopticas.com.ar\/blog-de-optica\/#\/schema\/logo\/image\/"},"sameAs":["https:\/\/www.facebook.com\/nuevavisionarg","https:\/\/www.instagram.com\/nuevavisionarg"]},{"@type":"Person","@id":"https:\/\/www.nuevavisionopticas.com.ar\/blog-de-optica\/#\/schema\/person\/2d6fbd00282cbc8fdd54058894af4341","name":"admin_optica","image":{"@type":"ImageObject","inLanguage":"es","@id":"https:\/\/secure.gravatar.com\/avatar\/e33974a79b80e7fe593e5cf53cb2160fcb165380bed6475ed9144c295430f76c?s=96&d=mm&r=g","url":"https:\/\/secure.gravatar.com\/avatar\/e33974a79b80e7fe593e5cf53cb2160fcb165380bed6475ed9144c295430f76c?s=96&d=mm&r=g","contentUrl":"https:\/\/secure.gravatar.com\/avatar\/e33974a79b80e7fe593e5cf53cb2160fcb165380bed6475ed9144c295430f76c?s=96&d=mm&r=g","caption":"admin_optica"}}]}},"_links":{"self":[{"href":"https:\/\/www.nuevavisionopticas.com.ar\/blog-de-optica\/wp-json\/wp\/v2\/posts\/137","targetHints":{"allow":["GET"]}}],"collection":[{"href":"https:\/\/www.nuevavisionopticas.com.ar\/blog-de-optica\/wp-json\/wp\/v2\/posts"}],"about":[{"href":"https:\/\/www.nuevavisionopticas.com.ar\/blog-de-optica\/wp-json\/wp\/v2\/types\/post"}],"author":[{"embeddable":true,"href":"https:\/\/www.nuevavisionopticas.com.ar\/blog-de-optica\/wp-json\/wp\/v2\/users\/1"}],"replies":[{"embeddable":true,"href":"https:\/\/www.nuevavisionopticas.com.ar\/blog-de-optica\/wp-json\/wp\/v2\/comments?post=137"}],"version-history":[{"count":0,"href":"https:\/\/www.nuevavisionopticas.com.ar\/blog-de-optica\/wp-json\/wp\/v2\/posts\/137\/revisions"}],"wp:attachment":[{"href":"https:\/\/www.nuevavisionopticas.com.ar\/blog-de-optica\/wp-json\/wp\/v2\/media?parent=137"}],"wp:term":[{"taxonomy":"category","embeddable":true,"href":"https:\/\/www.nuevavisionopticas.com.ar\/blog-de-optica\/wp-json\/wp\/v2\/categories?post=137"},{"taxonomy":"post_tag","embeddable":true,"href":"https:\/\/www.nuevavisionopticas.com.ar\/blog-de-optica\/wp-json\/wp\/v2\/tags?post=137"}],"curies":[{"name":"wp","href":"https:\/\/api.w.org\/{rel}","templated":true}]}}