{"id":1401,"date":"2016-12-14T23:50:03","date_gmt":"2016-12-14T23:50:03","guid":{"rendered":"http:\/\/www.nuevavisionopticas.com.ar\/blog-de-optica\/?p=1401"},"modified":"2016-12-14T23:50:03","modified_gmt":"2016-12-14T23:50:03","slug":"anteojos-para-las-vacaciones","status":"publish","type":"post","link":"https:\/\/www.nuevavisionopticas.com.ar\/blog-de-optica\/2016\/12\/anteojos-para-las-vacaciones\/","title":{"rendered":"Anteojos para las vacaciones"},"content":{"rendered":"<p style=\"text-align: justify;\"><img decoding=\"async\" src=\"data:image\/svg+xml,%3Csvg%20xmlns='http:\/\/www.w3.org\/2000\/svg'%20viewBox='0%200%20300%20234'%3E%3C\/svg%3E\" class=\"zeen-lazy-load-base zeen-lazy-load alignleft size-medium wp-image-1412\" data-lazy-src=\"http:\/\/www.nuevavisionopticas.com.ar\/blog-de-optica\/wp-content\/uploads\/2016\/12\/5-300x234.jpg\" alt=\"\" width=\"300\" height=\"234\" \/><noscript><img decoding=\"async\" class=\"alignleft size-medium wp-image-1412\" src=\"http:\/\/www.nuevavisionopticas.com.ar\/blog-de-optica\/wp-content\/uploads\/2016\/12\/5-300x234.jpg\" alt=\"\" width=\"300\" height=\"234\" \/><\/noscript>Falta poco para que la temporada de <strong>vacaciones<\/strong> comience oficialmente, muchos ya tienen sus viajes preparados y solo faltan las compras de \u00faltimo momento para poder relajarse y disfrutar. Un accesorio que no puede faltar son los <strong>anteojos de sol,<\/strong> ya sea que tus vacaciones transcurran en la playa, la monta\u00f1a o la nieve, las <strong>gafas de sol son imprescindibles para poder disfrutar del sol a pleno,<\/strong> ya que la <strong>exposici\u00f3n prolongada a sus rayos pueden afectar a largo plazo la salud visual.<\/strong><\/p>\n<p style=\"text-align: justify;\">En materia de tendencias, las<!--more--> <strong>gafas espejadas<\/strong> siguen siendo las preferidas por su colorido, y con armazones gruesos o estilo <strong>Aviator<\/strong> se llevan muy bien.<\/p>\n<p style=\"text-align: justify;\"><img decoding=\"async\" src=\"data:image\/svg+xml,%3Csvg%20xmlns='http:\/\/www.w3.org\/2000\/svg'%20viewBox='0%200%20552%20301'%3E%3C\/svg%3E\" class=\"zeen-lazy-load-base zeen-lazy-load alignnone wp-image-1403\" data-lazy-src=\"http:\/\/www.nuevavisionopticas.com.ar\/blog-de-optica\/wp-content\/uploads\/2016\/12\/01.jpg\" alt=\"\" width=\"552\" height=\"301\" \/><noscript><img decoding=\"async\" class=\"alignnone wp-image-1403\" src=\"http:\/\/www.nuevavisionopticas.com.ar\/blog-de-optica\/wp-content\/uploads\/2016\/12\/01.jpg\" alt=\"\" width=\"552\" height=\"301\" \/><\/noscript><\/p>\n<p style=\"text-align: justify;\">Para las mujeres se estilan los <strong>armazones tipo Cat Eye<\/strong>, redondos, extra grande que cubren bien la cara, acompa\u00f1ados de detalles en las patillas como strass o dise\u00f1os diferentes. Los dise\u00f1os \u201c<strong>wayfarer<\/strong>\u201d con colores bien veraniegos son perfectos para cualquier lugar donde vacaciones.<\/p>\n<p style=\"text-align: justify;\"><img decoding=\"async\" src=\"data:image\/svg+xml,%3Csvg%20xmlns='http:\/\/www.w3.org\/2000\/svg'%20viewBox='0%200%20551%20324'%3E%3C\/svg%3E\" class=\"zeen-lazy-load-base zeen-lazy-load alignnone wp-image-1407\" data-lazy-src=\"http:\/\/www.nuevavisionopticas.com.ar\/blog-de-optica\/wp-content\/uploads\/2016\/12\/02.jpg\" alt=\"\" width=\"551\" height=\"324\" \/><noscript><img decoding=\"async\" class=\"alignnone wp-image-1407\" src=\"http:\/\/www.nuevavisionopticas.com.ar\/blog-de-optica\/wp-content\/uploads\/2016\/12\/02.jpg\" alt=\"\" width=\"551\" height=\"324\" \/><\/noscript><\/p>\n<p style=\"text-align: justify;\">Para los hombres, los cl\u00e1sicos de siempre como el<strong> wayfarer o\u00a0<\/strong><b>aviator<\/b>\u00a0siguen marcando tendencia, no pasan nunca de moda, y adem\u00e1s quedan bien con cualquier tipo de cara, pero cada vez m\u00e1s marcas sacan modelos con formas y colores modernos para hombres, es cuesti\u00f3n de animarse! Tambi\u00e9n hay muchos modelos\u00a0 para diferentes tipos de deportes, como tambi\u00e9n con <strong>lentes polarizadas ideales para manejar.<\/strong><\/p>\n<p style=\"text-align: justify;\"><img decoding=\"async\" src=\"data:image\/svg+xml,%3Csvg%20xmlns='http:\/\/www.w3.org\/2000\/svg'%20viewBox='0%200%20550%20275'%3E%3C\/svg%3E\" class=\"zeen-lazy-load-base zeen-lazy-load alignnone  wp-image-1410\" data-lazy-src=\"http:\/\/www.nuevavisionopticas.com.ar\/blog-de-optica\/wp-content\/uploads\/2016\/12\/03.jpg\" alt=\"\" width=\"550\" height=\"275\" \/><noscript><img decoding=\"async\" class=\"alignnone  wp-image-1410\" src=\"http:\/\/www.nuevavisionopticas.com.ar\/blog-de-optica\/wp-content\/uploads\/2016\/12\/03.jpg\" alt=\"\" width=\"550\" height=\"275\" \/><\/noscript><\/p>\n<p style=\"text-align: justify;\"><img decoding=\"async\" src=\"data:image\/svg+xml,%3Csvg%20xmlns='http:\/\/www.w3.org\/2000\/svg'%20viewBox='0%200%20550%20275'%3E%3C\/svg%3E\" class=\"zeen-lazy-load-base zeen-lazy-load alignnone  wp-image-1411\" data-lazy-src=\"http:\/\/www.nuevavisionopticas.com.ar\/blog-de-optica\/wp-content\/uploads\/2016\/12\/04.jpg\" alt=\"\" width=\"550\" height=\"275\" \/><noscript><img decoding=\"async\" class=\"alignnone  wp-image-1411\" src=\"http:\/\/www.nuevavisionopticas.com.ar\/blog-de-optica\/wp-content\/uploads\/2016\/12\/04.jpg\" alt=\"\" width=\"550\" height=\"275\" \/><\/noscript><\/p>\n<p style=\"text-align: justify;\">Es importante destacar que como el sol est\u00e1 muy fuerte en esta \u00e9poca, muchos, para salir del paso, se inclinan por <strong>comprar los anteojos de sol en la calle<\/strong>, ya que son m\u00e1s baratos. Esto es lo peor que pueden hacer, ya que esas gafas no s\u00f3lo <strong>NO protegen de los rayos UV<\/strong>, sino que hacen que la pupila se dilate y que los rayos ultravioletas penetren sin ning\u00fan tipo de defensa en la parte m\u00e1s sensible del ojo, haciendo estragos en \u00e9l! En los ni\u00f1os es a\u00fan peor, ya que sus ojos todav\u00eda se est\u00e1n desarrollando. Por eso, <strong>no compres anteojos truchos<\/strong>, ya sea en la calle, farmacia, jugueter\u00eda o kiosco, solo en <strong>\u00f3pticas especializadas<\/strong>!<\/p>\n","protected":false},"excerpt":{"rendered":"<p>Falta poco para que la temporada de vacaciones comience oficialmente, muchos ya tienen sus viajes preparados y solo faltan las compras de \u00faltimo momento para poder relajarse y disfrutar. Un accesorio que no puede faltar son los anteojos de sol, ya sea que tus vacaciones transcurran en la playa, la monta\u00f1a o la nieve, las gafas de sol son imprescindibles para poder disfrutar del sol a pleno, ya que la exposici\u00f3n prolongada a sus rayos pueden afectar a largo plazo [&hellip;]<\/p>\n","protected":false},"author":1,"featured_media":0,"comment_status":"open","ping_status":"open","sticky":false,"template":"","format":"standard","meta":{"_monsterinsights_skip_tracking":false,"_monsterinsights_sitenote_active":false,"_monsterinsights_sitenote_note":"","_monsterinsights_sitenote_category":0,"footnotes":""},"categories":[4,5,19],"tags":[],"class_list":["post-1401","post","type-post","status-publish","format-standard","hentry","category-anteojos-de-sol","category-anteojos-espejados","category-salud-visual"],"yoast_head":"<!-- This site is optimized with the Yoast SEO plugin v27.3 - https:\/\/yoast.com\/product\/yoast-seo-wordpress\/ -->\n<title>Anteojos para las vacaciones &#8211; Blog de \u00f3ptica<\/title>\n<meta name=\"robots\" content=\"index, follow, max-snippet:-1, max-image-preview:large, max-video-preview:-1\" \/>\n<link rel=\"canonical\" href=\"https:\/\/www.nuevavisionopticas.com.ar\/blog-de-optica\/2016\/12\/anteojos-para-las-vacaciones\/\" \/>\n<meta property=\"og:locale\" content=\"es_ES\" \/>\n<meta property=\"og:type\" content=\"article\" \/>\n<meta property=\"og:title\" content=\"Anteojos para las vacaciones &#8211; Blog de \u00f3ptica\" \/>\n<meta property=\"og:description\" content=\"Falta poco para que la temporada de vacaciones comience oficialmente, muchos ya tienen sus viajes preparados y solo faltan las compras de \u00faltimo momento para poder relajarse y disfrutar. Un accesorio que no puede faltar son los anteojos de sol, ya sea que tus vacaciones transcurran en la playa, la monta\u00f1a o la nieve, las gafas de sol son imprescindibles para poder disfrutar del sol a pleno, ya que la exposici\u00f3n prolongada a sus rayos pueden afectar a largo plazo [&hellip;]\" \/>\n<meta property=\"og:url\" content=\"https:\/\/www.nuevavisionopticas.com.ar\/blog-de-optica\/2016\/12\/anteojos-para-las-vacaciones\/\" \/>\n<meta property=\"og:site_name\" content=\"Blog de \u00f3ptica\" \/>\n<meta property=\"article:publisher\" content=\"https:\/\/www.facebook.com\/nuevavisionarg\" \/>\n<meta property=\"article:published_time\" content=\"2016-12-14T23:50:03+00:00\" \/>\n<meta property=\"og:image\" content=\"http:\/\/www.nuevavisionopticas.com.ar\/blog-de-optica\/wp-content\/uploads\/2016\/12\/5-300x234.jpg\" \/>\n<meta name=\"author\" content=\"admin_optica\" \/>\n<meta name=\"twitter:card\" content=\"summary_large_image\" \/>\n<meta name=\"twitter:label1\" content=\"Escrito por\" \/>\n\t<meta name=\"twitter:data1\" content=\"admin_optica\" \/>\n\t<meta name=\"twitter:label2\" content=\"Tiempo de lectura\" \/>\n\t<meta name=\"twitter:data2\" content=\"2 minutos\" \/>\n<script type=\"application\/ld+json\" class=\"yoast-schema-graph\">{\"@context\":\"https:\\\/\\\/schema.org\",\"@graph\":[{\"@type\":\"Article\",\"@id\":\"https:\\\/\\\/www.nuevavisionopticas.com.ar\\\/blog-de-optica\\\/2016\\\/12\\\/anteojos-para-las-vacaciones\\\/#article\",\"isPartOf\":{\"@id\":\"https:\\\/\\\/www.nuevavisionopticas.com.ar\\\/blog-de-optica\\\/2016\\\/12\\\/anteojos-para-las-vacaciones\\\/\"},\"author\":{\"name\":\"admin_optica\",\"@id\":\"https:\\\/\\\/www.nuevavisionopticas.com.ar\\\/blog-de-optica\\\/#\\\/schema\\\/person\\\/2d6fbd00282cbc8fdd54058894af4341\"},\"headline\":\"Anteojos para las vacaciones\",\"datePublished\":\"2016-12-14T23:50:03+00:00\",\"mainEntityOfPage\":{\"@id\":\"https:\\\/\\\/www.nuevavisionopticas.com.ar\\\/blog-de-optica\\\/2016\\\/12\\\/anteojos-para-las-vacaciones\\\/\"},\"wordCount\":355,\"commentCount\":0,\"publisher\":{\"@id\":\"https:\\\/\\\/www.nuevavisionopticas.com.ar\\\/blog-de-optica\\\/#organization\"},\"image\":{\"@id\":\"https:\\\/\\\/www.nuevavisionopticas.com.ar\\\/blog-de-optica\\\/2016\\\/12\\\/anteojos-para-las-vacaciones\\\/#primaryimage\"},\"thumbnailUrl\":\"http:\\\/\\\/www.nuevavisionopticas.com.ar\\\/blog-de-optica\\\/wp-content\\\/uploads\\\/2016\\\/12\\\/5-300x234.jpg\",\"articleSection\":[\"Anteojos de Sol\",\"anteojos espejados\",\"Salud Visual\"],\"inLanguage\":\"es\",\"potentialAction\":[{\"@type\":\"CommentAction\",\"name\":\"Comment\",\"target\":[\"https:\\\/\\\/www.nuevavisionopticas.com.ar\\\/blog-de-optica\\\/2016\\\/12\\\/anteojos-para-las-vacaciones\\\/#respond\"]}]},{\"@type\":\"WebPage\",\"@id\":\"https:\\\/\\\/www.nuevavisionopticas.com.ar\\\/blog-de-optica\\\/2016\\\/12\\\/anteojos-para-las-vacaciones\\\/\",\"url\":\"https:\\\/\\\/www.nuevavisionopticas.com.ar\\\/blog-de-optica\\\/2016\\\/12\\\/anteojos-para-las-vacaciones\\\/\",\"name\":\"Anteojos para las vacaciones &#8211; Blog de \u00f3ptica\",\"isPartOf\":{\"@id\":\"https:\\\/\\\/www.nuevavisionopticas.com.ar\\\/blog-de-optica\\\/#website\"},\"primaryImageOfPage\":{\"@id\":\"https:\\\/\\\/www.nuevavisionopticas.com.ar\\\/blog-de-optica\\\/2016\\\/12\\\/anteojos-para-las-vacaciones\\\/#primaryimage\"},\"image\":{\"@id\":\"https:\\\/\\\/www.nuevavisionopticas.com.ar\\\/blog-de-optica\\\/2016\\\/12\\\/anteojos-para-las-vacaciones\\\/#primaryimage\"},\"thumbnailUrl\":\"http:\\\/\\\/www.nuevavisionopticas.com.ar\\\/blog-de-optica\\\/wp-content\\\/uploads\\\/2016\\\/12\\\/5-300x234.jpg\",\"datePublished\":\"2016-12-14T23:50:03+00:00\",\"breadcrumb\":{\"@id\":\"https:\\\/\\\/www.nuevavisionopticas.com.ar\\\/blog-de-optica\\\/2016\\\/12\\\/anteojos-para-las-vacaciones\\\/#breadcrumb\"},\"inLanguage\":\"es\",\"potentialAction\":[{\"@type\":\"ReadAction\",\"target\":[\"https:\\\/\\\/www.nuevavisionopticas.com.ar\\\/blog-de-optica\\\/2016\\\/12\\\/anteojos-para-las-vacaciones\\\/\"]}]},{\"@type\":\"ImageObject\",\"inLanguage\":\"es\",\"@id\":\"https:\\\/\\\/www.nuevavisionopticas.com.ar\\\/blog-de-optica\\\/2016\\\/12\\\/anteojos-para-las-vacaciones\\\/#primaryimage\",\"url\":\"\",\"contentUrl\":\"\"},{\"@type\":\"BreadcrumbList\",\"@id\":\"https:\\\/\\\/www.nuevavisionopticas.com.ar\\\/blog-de-optica\\\/2016\\\/12\\\/anteojos-para-las-vacaciones\\\/#breadcrumb\",\"itemListElement\":[{\"@type\":\"ListItem\",\"position\":1,\"name\":\"Portada\",\"item\":\"https:\\\/\\\/www.nuevavisionopticas.com.ar\\\/blog-de-optica\\\/\"},{\"@type\":\"ListItem\",\"position\":2,\"name\":\"Anteojos para las vacaciones\"}]},{\"@type\":\"WebSite\",\"@id\":\"https:\\\/\\\/www.nuevavisionopticas.com.ar\\\/blog-de-optica\\\/#website\",\"url\":\"https:\\\/\\\/www.nuevavisionopticas.com.ar\\\/blog-de-optica\\\/\",\"name\":\"Blog de \u00f3ptica\",\"description\":\"Nueva Visi\u00f3n \u00d3pticas\",\"publisher\":{\"@id\":\"https:\\\/\\\/www.nuevavisionopticas.com.ar\\\/blog-de-optica\\\/#organization\"},\"potentialAction\":[{\"@type\":\"SearchAction\",\"target\":{\"@type\":\"EntryPoint\",\"urlTemplate\":\"https:\\\/\\\/www.nuevavisionopticas.com.ar\\\/blog-de-optica\\\/?s={search_term_string}\"},\"query-input\":{\"@type\":\"PropertyValueSpecification\",\"valueRequired\":true,\"valueName\":\"search_term_string\"}}],\"inLanguage\":\"es\"},{\"@type\":\"Organization\",\"@id\":\"https:\\\/\\\/www.nuevavisionopticas.com.ar\\\/blog-de-optica\\\/#organization\",\"name\":\"Nueva Visi\u00f3n \u00d3pticas\",\"url\":\"https:\\\/\\\/www.nuevavisionopticas.com.ar\\\/blog-de-optica\\\/\",\"logo\":{\"@type\":\"ImageObject\",\"inLanguage\":\"es\",\"@id\":\"https:\\\/\\\/www.nuevavisionopticas.com.ar\\\/blog-de-optica\\\/#\\\/schema\\\/logo\\\/image\\\/\",\"url\":\"https:\\\/\\\/www.nuevavisionopticas.com.ar\\\/blog-de-optica\\\/wp-content\\\/uploads\\\/2021\\\/07\\\/logo-blanco-nueva-vision.png\",\"contentUrl\":\"https:\\\/\\\/www.nuevavisionopticas.com.ar\\\/blog-de-optica\\\/wp-content\\\/uploads\\\/2021\\\/07\\\/logo-blanco-nueva-vision.png\",\"width\":181,\"height\":46,\"caption\":\"Nueva Visi\u00f3n \u00d3pticas\"},\"image\":{\"@id\":\"https:\\\/\\\/www.nuevavisionopticas.com.ar\\\/blog-de-optica\\\/#\\\/schema\\\/logo\\\/image\\\/\"},\"sameAs\":[\"https:\\\/\\\/www.facebook.com\\\/nuevavisionarg\",\"https:\\\/\\\/www.instagram.com\\\/nuevavisionarg\"]},{\"@type\":\"Person\",\"@id\":\"https:\\\/\\\/www.nuevavisionopticas.com.ar\\\/blog-de-optica\\\/#\\\/schema\\\/person\\\/2d6fbd00282cbc8fdd54058894af4341\",\"name\":\"admin_optica\",\"image\":{\"@type\":\"ImageObject\",\"inLanguage\":\"es\",\"@id\":\"https:\\\/\\\/secure.gravatar.com\\\/avatar\\\/e33974a79b80e7fe593e5cf53cb2160fcb165380bed6475ed9144c295430f76c?s=96&d=mm&r=g\",\"url\":\"https:\\\/\\\/secure.gravatar.com\\\/avatar\\\/e33974a79b80e7fe593e5cf53cb2160fcb165380bed6475ed9144c295430f76c?s=96&d=mm&r=g\",\"contentUrl\":\"https:\\\/\\\/secure.gravatar.com\\\/avatar\\\/e33974a79b80e7fe593e5cf53cb2160fcb165380bed6475ed9144c295430f76c?s=96&d=mm&r=g\",\"caption\":\"admin_optica\"}}]}<\/script>\n<!-- \/ Yoast SEO plugin. -->","yoast_head_json":{"title":"Anteojos para las vacaciones &#8211; Blog de \u00f3ptica","robots":{"index":"index","follow":"follow","max-snippet":"max-snippet:-1","max-image-preview":"max-image-preview:large","max-video-preview":"max-video-preview:-1"},"canonical":"https:\/\/www.nuevavisionopticas.com.ar\/blog-de-optica\/2016\/12\/anteojos-para-las-vacaciones\/","og_locale":"es_ES","og_type":"article","og_title":"Anteojos para las vacaciones &#8211; Blog de \u00f3ptica","og_description":"Falta poco para que la temporada de vacaciones comience oficialmente, muchos ya tienen sus viajes preparados y solo faltan las compras de \u00faltimo momento para poder relajarse y disfrutar. Un accesorio que no puede faltar son los anteojos de sol, ya sea que tus vacaciones transcurran en la playa, la monta\u00f1a o la nieve, las gafas de sol son imprescindibles para poder disfrutar del sol a pleno, ya que la exposici\u00f3n prolongada a sus rayos pueden afectar a largo plazo [&hellip;]","og_url":"https:\/\/www.nuevavisionopticas.com.ar\/blog-de-optica\/2016\/12\/anteojos-para-las-vacaciones\/","og_site_name":"Blog de \u00f3ptica","article_publisher":"https:\/\/www.facebook.com\/nuevavisionarg","article_published_time":"2016-12-14T23:50:03+00:00","og_image":[{"url":"http:\/\/www.nuevavisionopticas.com.ar\/blog-de-optica\/wp-content\/uploads\/2016\/12\/5-300x234.jpg","type":"","width":"","height":""}],"author":"admin_optica","twitter_card":"summary_large_image","twitter_misc":{"Escrito por":"admin_optica","Tiempo de lectura":"2 minutos"},"schema":{"@context":"https:\/\/schema.org","@graph":[{"@type":"Article","@id":"https:\/\/www.nuevavisionopticas.com.ar\/blog-de-optica\/2016\/12\/anteojos-para-las-vacaciones\/#article","isPartOf":{"@id":"https:\/\/www.nuevavisionopticas.com.ar\/blog-de-optica\/2016\/12\/anteojos-para-las-vacaciones\/"},"author":{"name":"admin_optica","@id":"https:\/\/www.nuevavisionopticas.com.ar\/blog-de-optica\/#\/schema\/person\/2d6fbd00282cbc8fdd54058894af4341"},"headline":"Anteojos para las vacaciones","datePublished":"2016-12-14T23:50:03+00:00","mainEntityOfPage":{"@id":"https:\/\/www.nuevavisionopticas.com.ar\/blog-de-optica\/2016\/12\/anteojos-para-las-vacaciones\/"},"wordCount":355,"commentCount":0,"publisher":{"@id":"https:\/\/www.nuevavisionopticas.com.ar\/blog-de-optica\/#organization"},"image":{"@id":"https:\/\/www.nuevavisionopticas.com.ar\/blog-de-optica\/2016\/12\/anteojos-para-las-vacaciones\/#primaryimage"},"thumbnailUrl":"http:\/\/www.nuevavisionopticas.com.ar\/blog-de-optica\/wp-content\/uploads\/2016\/12\/5-300x234.jpg","articleSection":["Anteojos de Sol","anteojos espejados","Salud Visual"],"inLanguage":"es","potentialAction":[{"@type":"CommentAction","name":"Comment","target":["https:\/\/www.nuevavisionopticas.com.ar\/blog-de-optica\/2016\/12\/anteojos-para-las-vacaciones\/#respond"]}]},{"@type":"WebPage","@id":"https:\/\/www.nuevavisionopticas.com.ar\/blog-de-optica\/2016\/12\/anteojos-para-las-vacaciones\/","url":"https:\/\/www.nuevavisionopticas.com.ar\/blog-de-optica\/2016\/12\/anteojos-para-las-vacaciones\/","name":"Anteojos para las vacaciones &#8211; Blog de \u00f3ptica","isPartOf":{"@id":"https:\/\/www.nuevavisionopticas.com.ar\/blog-de-optica\/#website"},"primaryImageOfPage":{"@id":"https:\/\/www.nuevavisionopticas.com.ar\/blog-de-optica\/2016\/12\/anteojos-para-las-vacaciones\/#primaryimage"},"image":{"@id":"https:\/\/www.nuevavisionopticas.com.ar\/blog-de-optica\/2016\/12\/anteojos-para-las-vacaciones\/#primaryimage"},"thumbnailUrl":"http:\/\/www.nuevavisionopticas.com.ar\/blog-de-optica\/wp-content\/uploads\/2016\/12\/5-300x234.jpg","datePublished":"2016-12-14T23:50:03+00:00","breadcrumb":{"@id":"https:\/\/www.nuevavisionopticas.com.ar\/blog-de-optica\/2016\/12\/anteojos-para-las-vacaciones\/#breadcrumb"},"inLanguage":"es","potentialAction":[{"@type":"ReadAction","target":["https:\/\/www.nuevavisionopticas.com.ar\/blog-de-optica\/2016\/12\/anteojos-para-las-vacaciones\/"]}]},{"@type":"ImageObject","inLanguage":"es","@id":"https:\/\/www.nuevavisionopticas.com.ar\/blog-de-optica\/2016\/12\/anteojos-para-las-vacaciones\/#primaryimage","url":"","contentUrl":""},{"@type":"BreadcrumbList","@id":"https:\/\/www.nuevavisionopticas.com.ar\/blog-de-optica\/2016\/12\/anteojos-para-las-vacaciones\/#breadcrumb","itemListElement":[{"@type":"ListItem","position":1,"name":"Portada","item":"https:\/\/www.nuevavisionopticas.com.ar\/blog-de-optica\/"},{"@type":"ListItem","position":2,"name":"Anteojos para las vacaciones"}]},{"@type":"WebSite","@id":"https:\/\/www.nuevavisionopticas.com.ar\/blog-de-optica\/#website","url":"https:\/\/www.nuevavisionopticas.com.ar\/blog-de-optica\/","name":"Blog de \u00f3ptica","description":"Nueva Visi\u00f3n \u00d3pticas","publisher":{"@id":"https:\/\/www.nuevavisionopticas.com.ar\/blog-de-optica\/#organization"},"potentialAction":[{"@type":"SearchAction","target":{"@type":"EntryPoint","urlTemplate":"https:\/\/www.nuevavisionopticas.com.ar\/blog-de-optica\/?s={search_term_string}"},"query-input":{"@type":"PropertyValueSpecification","valueRequired":true,"valueName":"search_term_string"}}],"inLanguage":"es"},{"@type":"Organization","@id":"https:\/\/www.nuevavisionopticas.com.ar\/blog-de-optica\/#organization","name":"Nueva Visi\u00f3n \u00d3pticas","url":"https:\/\/www.nuevavisionopticas.com.ar\/blog-de-optica\/","logo":{"@type":"ImageObject","inLanguage":"es","@id":"https:\/\/www.nuevavisionopticas.com.ar\/blog-de-optica\/#\/schema\/logo\/image\/","url":"https:\/\/www.nuevavisionopticas.com.ar\/blog-de-optica\/wp-content\/uploads\/2021\/07\/logo-blanco-nueva-vision.png","contentUrl":"https:\/\/www.nuevavisionopticas.com.ar\/blog-de-optica\/wp-content\/uploads\/2021\/07\/logo-blanco-nueva-vision.png","width":181,"height":46,"caption":"Nueva Visi\u00f3n \u00d3pticas"},"image":{"@id":"https:\/\/www.nuevavisionopticas.com.ar\/blog-de-optica\/#\/schema\/logo\/image\/"},"sameAs":["https:\/\/www.facebook.com\/nuevavisionarg","https:\/\/www.instagram.com\/nuevavisionarg"]},{"@type":"Person","@id":"https:\/\/www.nuevavisionopticas.com.ar\/blog-de-optica\/#\/schema\/person\/2d6fbd00282cbc8fdd54058894af4341","name":"admin_optica","image":{"@type":"ImageObject","inLanguage":"es","@id":"https:\/\/secure.gravatar.com\/avatar\/e33974a79b80e7fe593e5cf53cb2160fcb165380bed6475ed9144c295430f76c?s=96&d=mm&r=g","url":"https:\/\/secure.gravatar.com\/avatar\/e33974a79b80e7fe593e5cf53cb2160fcb165380bed6475ed9144c295430f76c?s=96&d=mm&r=g","contentUrl":"https:\/\/secure.gravatar.com\/avatar\/e33974a79b80e7fe593e5cf53cb2160fcb165380bed6475ed9144c295430f76c?s=96&d=mm&r=g","caption":"admin_optica"}}]}},"_links":{"self":[{"href":"https:\/\/www.nuevavisionopticas.com.ar\/blog-de-optica\/wp-json\/wp\/v2\/posts\/1401","targetHints":{"allow":["GET"]}}],"collection":[{"href":"https:\/\/www.nuevavisionopticas.com.ar\/blog-de-optica\/wp-json\/wp\/v2\/posts"}],"about":[{"href":"https:\/\/www.nuevavisionopticas.com.ar\/blog-de-optica\/wp-json\/wp\/v2\/types\/post"}],"author":[{"embeddable":true,"href":"https:\/\/www.nuevavisionopticas.com.ar\/blog-de-optica\/wp-json\/wp\/v2\/users\/1"}],"replies":[{"embeddable":true,"href":"https:\/\/www.nuevavisionopticas.com.ar\/blog-de-optica\/wp-json\/wp\/v2\/comments?post=1401"}],"version-history":[{"count":0,"href":"https:\/\/www.nuevavisionopticas.com.ar\/blog-de-optica\/wp-json\/wp\/v2\/posts\/1401\/revisions"}],"wp:attachment":[{"href":"https:\/\/www.nuevavisionopticas.com.ar\/blog-de-optica\/wp-json\/wp\/v2\/media?parent=1401"}],"wp:term":[{"taxonomy":"category","embeddable":true,"href":"https:\/\/www.nuevavisionopticas.com.ar\/blog-de-optica\/wp-json\/wp\/v2\/categories?post=1401"},{"taxonomy":"post_tag","embeddable":true,"href":"https:\/\/www.nuevavisionopticas.com.ar\/blog-de-optica\/wp-json\/wp\/v2\/tags?post=1401"}],"curies":[{"name":"wp","href":"https:\/\/api.w.org\/{rel}","templated":true}]}}