{"id":1496,"date":"2017-06-19T21:00:03","date_gmt":"2017-06-19T21:00:03","guid":{"rendered":"http:\/\/www.nuevavisionopticas.com.ar\/blog-de-optica\/?p=1496"},"modified":"2017-06-19T21:00:03","modified_gmt":"2017-06-19T21:00:03","slug":"ricky-sarkany-distincion-en-recetados","status":"publish","type":"post","link":"https:\/\/www.nuevavisionopticas.com.ar\/blog-de-optica\/2017\/06\/ricky-sarkany-distincion-en-recetados\/","title":{"rendered":"Ricky Sarkany: distinci\u00f3n en recetados"},"content":{"rendered":"<p style=\"text-align: justify;\"><img decoding=\"async\" src=\"data:image\/svg+xml,%3Csvg%20xmlns='http:\/\/www.w3.org\/2000\/svg'%20viewBox='0%200%20300%20212'%3E%3C\/svg%3E\" class=\"zeen-lazy-load-base zeen-lazy-load alignleft size-medium wp-image-1500\" data-lazy-src=\"http:\/\/www.nuevavisionopticas.com.ar\/blog-de-optica\/wp-content\/uploads\/2017\/06\/Sin-t\u00edtulo-300x212.jpg\" alt=\"\" width=\"300\" height=\"212\" \/><noscript><img decoding=\"async\" class=\"alignleft size-medium wp-image-1500\" src=\"http:\/\/www.nuevavisionopticas.com.ar\/blog-de-optica\/wp-content\/uploads\/2017\/06\/Sin-t\u00edtulo-300x212.jpg\" alt=\"\" width=\"300\" height=\"212\" \/><\/noscript>Con su estilo audaz y moderno, <strong>Ricky Sarkani<\/strong> vuelve a sorprender con su<strong> nueva colecci\u00f3n de gafas recetadas<\/strong>, con las \u00faltimas tendencias en moda \u00f3ptica, y marcando las propias tambi\u00e9n. El dise\u00f1o de sus anteojos est\u00e1 alineado con las colecciones de zapatos e indumentaria que llevan su nombre.<\/p>\n<p style=\"text-align: justify;\">Sus colecciones siempre est\u00e1n dirigidas a la mujer de m\u00e1s de 20 a\u00f1os, moderna e intr\u00e9pida, que considera a los anteojos no s\u00f3lo como una necesidad, sino como un accesorio que comunica la personalidad y da seguridad.<\/p>\n<p style=\"text-align: justify;\">Esta temporada, la colecci\u00f3n est\u00e1 marcada por una acentuada tendencia a los armazones de acetato (son m\u00e1s livianos y flexibles) de forma cuadrada, con variaci\u00f3n en cuanto a los colores y texturas.<!--more--><\/p>\n<p style=\"text-align: justify;\">Estos son algunos de los modelos que podes conseguir en <strong>\u00d3ptica Nueva Visi\u00f3n<\/strong>:<\/p>\n<p style=\"text-align: justify;\"><strong>Modelo Ricky Sarkani Elva<\/strong> (M. 502): modelo redondo, en un hermoso estilo entre Turtle y nacarado.<\/p>\n<p><img decoding=\"async\" src=\"data:image\/svg+xml,%3Csvg%20xmlns='http:\/\/www.w3.org\/2000\/svg'%20viewBox='0%200%20555%20278'%3E%3C\/svg%3E\" class=\"zeen-lazy-load-base zeen-lazy-load wp-image-1497 alignnone\" data-lazy-src=\"http:\/\/www.nuevavisionopticas.com.ar\/blog-de-optica\/wp-content\/uploads\/2017\/06\/elva.jpg\" alt=\"\" width=\"555\" height=\"278\" \/><noscript><img decoding=\"async\" class=\"wp-image-1497 alignnone\" src=\"http:\/\/www.nuevavisionopticas.com.ar\/blog-de-optica\/wp-content\/uploads\/2017\/06\/elva.jpg\" alt=\"\" width=\"555\" height=\"278\" \/><\/noscript><\/p>\n<p><strong>Modelo Ricky Sarkani Kallaste<\/strong> (M. 509): modelo rectangular, con un poco de Cat Eye en los extremos, y el detalle en el dise\u00f1o del borde inferior.<\/p>\n<p><img decoding=\"async\" src=\"data:image\/svg+xml,%3Csvg%20xmlns='http:\/\/www.w3.org\/2000\/svg'%20viewBox='0%200%20552%20250'%3E%3C\/svg%3E\" class=\"zeen-lazy-load-base zeen-lazy-load wp-image-1498 alignnone\" data-lazy-src=\"http:\/\/www.nuevavisionopticas.com.ar\/blog-de-optica\/wp-content\/uploads\/2017\/06\/kallaste.jpg\" alt=\"\" width=\"552\" height=\"250\" \/><noscript><img decoding=\"async\" class=\"wp-image-1498 alignnone\" src=\"http:\/\/www.nuevavisionopticas.com.ar\/blog-de-optica\/wp-content\/uploads\/2017\/06\/kallaste.jpg\" alt=\"\" width=\"552\" height=\"250\" \/><\/noscript><\/p>\n<p><strong>Modelo Ricky Sarkani Rapla<\/strong> (M. 503): Otro modelo rectangular, con degrad\u00e9 de colores, del marr\u00f3n al azul.<\/p>\n<p><img decoding=\"async\" src=\"data:image\/svg+xml,%3Csvg%20xmlns='http:\/\/www.w3.org\/2000\/svg'%20viewBox='0%200%20552%20239'%3E%3C\/svg%3E\" class=\"zeen-lazy-load-base zeen-lazy-load wp-image-1502 alignnone\" data-lazy-src=\"http:\/\/www.nuevavisionopticas.com.ar\/blog-de-optica\/wp-content\/uploads\/2017\/06\/Rapla-300x130.jpg\" alt=\"\" width=\"552\" height=\"239\" \/><noscript><img decoding=\"async\" class=\"wp-image-1502 alignnone\" src=\"http:\/\/www.nuevavisionopticas.com.ar\/blog-de-optica\/wp-content\/uploads\/2017\/06\/Rapla-300x130.jpg\" alt=\"\" width=\"552\" height=\"239\" \/><\/noscript><\/p>\n<p><strong>Modelo Ricky Sarkani Lorena<\/strong> (M. 472): modelo de estilo Cat Eye en rojo shocking, con detalles en blanco para suavizar.<\/p>\n<p><img decoding=\"async\" src=\"data:image\/svg+xml,%3Csvg%20xmlns='http:\/\/www.w3.org\/2000\/svg'%20viewBox='0%200%20554%20264'%3E%3C\/svg%3E\" class=\"zeen-lazy-load-base zeen-lazy-load alignleft  wp-image-1503\" data-lazy-src=\"http:\/\/www.nuevavisionopticas.com.ar\/blog-de-optica\/wp-content\/uploads\/2017\/06\/lorena-300x143.jpg\" alt=\"\" width=\"554\" height=\"264\" \/><noscript><img decoding=\"async\" class=\"alignleft  wp-image-1503\" src=\"http:\/\/www.nuevavisionopticas.com.ar\/blog-de-optica\/wp-content\/uploads\/2017\/06\/lorena-300x143.jpg\" alt=\"\" width=\"554\" height=\"264\" \/><\/noscript><\/p>\n<p>&nbsp;<\/p>\n","protected":false},"excerpt":{"rendered":"<p>Con su estilo audaz y moderno, Ricky Sarkani vuelve a sorprender con su nueva colecci\u00f3n de gafas recetadas, con las \u00faltimas tendencias en moda \u00f3ptica, y marcando las propias tambi\u00e9n. El dise\u00f1o de sus anteojos est\u00e1 alineado con las colecciones de zapatos e indumentaria que llevan su nombre. Sus colecciones siempre est\u00e1n dirigidas a la mujer de m\u00e1s de 20 a\u00f1os, moderna e intr\u00e9pida, que considera a los anteojos no s\u00f3lo como una necesidad, sino como un accesorio que comunica [&hellip;]<\/p>\n","protected":false},"author":1,"featured_media":0,"comment_status":"open","ping_status":"open","sticky":false,"template":"","format":"standard","meta":{"_monsterinsights_skip_tracking":false,"_monsterinsights_sitenote_active":false,"_monsterinsights_sitenote_note":"","_monsterinsights_sitenote_category":0,"footnotes":""},"categories":[10,11],"tags":[],"class_list":["post-1496","post","type-post","status-publish","format-standard","hentry","category-anteojos-recetados","category-coleccion"],"yoast_head":"<!-- This site is optimized with the Yoast SEO plugin v27.3 - https:\/\/yoast.com\/product\/yoast-seo-wordpress\/ -->\n<title>Ricky Sarkany: distinci\u00f3n en recetados &#8211; Blog de \u00f3ptica<\/title>\n<meta name=\"robots\" content=\"index, follow, max-snippet:-1, max-image-preview:large, max-video-preview:-1\" \/>\n<link rel=\"canonical\" href=\"https:\/\/www.nuevavisionopticas.com.ar\/blog-de-optica\/2017\/06\/ricky-sarkany-distincion-en-recetados\/\" \/>\n<meta property=\"og:locale\" content=\"es_ES\" \/>\n<meta property=\"og:type\" content=\"article\" \/>\n<meta property=\"og:title\" content=\"Ricky Sarkany: distinci\u00f3n en recetados &#8211; Blog de \u00f3ptica\" \/>\n<meta property=\"og:description\" content=\"Con su estilo audaz y moderno, Ricky Sarkani vuelve a sorprender con su nueva colecci\u00f3n de gafas recetadas, con las \u00faltimas tendencias en moda \u00f3ptica, y marcando las propias tambi\u00e9n. El dise\u00f1o de sus anteojos est\u00e1 alineado con las colecciones de zapatos e indumentaria que llevan su nombre. Sus colecciones siempre est\u00e1n dirigidas a la mujer de m\u00e1s de 20 a\u00f1os, moderna e intr\u00e9pida, que considera a los anteojos no s\u00f3lo como una necesidad, sino como un accesorio que comunica [&hellip;]\" \/>\n<meta property=\"og:url\" content=\"https:\/\/www.nuevavisionopticas.com.ar\/blog-de-optica\/2017\/06\/ricky-sarkany-distincion-en-recetados\/\" \/>\n<meta property=\"og:site_name\" content=\"Blog de \u00f3ptica\" \/>\n<meta property=\"article:publisher\" content=\"https:\/\/www.facebook.com\/nuevavisionarg\" \/>\n<meta property=\"article:published_time\" content=\"2017-06-19T21:00:03+00:00\" \/>\n<meta property=\"og:image\" content=\"http:\/\/www.nuevavisionopticas.com.ar\/blog-de-optica\/wp-content\/uploads\/2017\/06\/elva.jpg\" \/>\n<meta name=\"author\" content=\"admin_optica\" \/>\n<meta name=\"twitter:card\" content=\"summary_large_image\" \/>\n<meta name=\"twitter:label1\" content=\"Escrito por\" \/>\n\t<meta name=\"twitter:data1\" content=\"admin_optica\" \/>\n\t<meta name=\"twitter:label2\" content=\"Tiempo de lectura\" \/>\n\t<meta name=\"twitter:data2\" content=\"1 minuto\" \/>\n<script type=\"application\/ld+json\" class=\"yoast-schema-graph\">{\"@context\":\"https:\\\/\\\/schema.org\",\"@graph\":[{\"@type\":\"Article\",\"@id\":\"https:\\\/\\\/www.nuevavisionopticas.com.ar\\\/blog-de-optica\\\/2017\\\/06\\\/ricky-sarkany-distincion-en-recetados\\\/#article\",\"isPartOf\":{\"@id\":\"https:\\\/\\\/www.nuevavisionopticas.com.ar\\\/blog-de-optica\\\/2017\\\/06\\\/ricky-sarkany-distincion-en-recetados\\\/\"},\"author\":{\"name\":\"admin_optica\",\"@id\":\"https:\\\/\\\/www.nuevavisionopticas.com.ar\\\/blog-de-optica\\\/#\\\/schema\\\/person\\\/2d6fbd00282cbc8fdd54058894af4341\"},\"headline\":\"Ricky Sarkany: distinci\u00f3n en recetados\",\"datePublished\":\"2017-06-19T21:00:03+00:00\",\"mainEntityOfPage\":{\"@id\":\"https:\\\/\\\/www.nuevavisionopticas.com.ar\\\/blog-de-optica\\\/2017\\\/06\\\/ricky-sarkany-distincion-en-recetados\\\/\"},\"wordCount\":225,\"commentCount\":0,\"publisher\":{\"@id\":\"https:\\\/\\\/www.nuevavisionopticas.com.ar\\\/blog-de-optica\\\/#organization\"},\"image\":{\"@id\":\"https:\\\/\\\/www.nuevavisionopticas.com.ar\\\/blog-de-optica\\\/2017\\\/06\\\/ricky-sarkany-distincion-en-recetados\\\/#primaryimage\"},\"thumbnailUrl\":\"http:\\\/\\\/www.nuevavisionopticas.com.ar\\\/blog-de-optica\\\/wp-content\\\/uploads\\\/2017\\\/06\\\/elva.jpg\",\"articleSection\":[\"anteojos recetados\",\"coleccion\"],\"inLanguage\":\"es\",\"potentialAction\":[{\"@type\":\"CommentAction\",\"name\":\"Comment\",\"target\":[\"https:\\\/\\\/www.nuevavisionopticas.com.ar\\\/blog-de-optica\\\/2017\\\/06\\\/ricky-sarkany-distincion-en-recetados\\\/#respond\"]}]},{\"@type\":\"WebPage\",\"@id\":\"https:\\\/\\\/www.nuevavisionopticas.com.ar\\\/blog-de-optica\\\/2017\\\/06\\\/ricky-sarkany-distincion-en-recetados\\\/\",\"url\":\"https:\\\/\\\/www.nuevavisionopticas.com.ar\\\/blog-de-optica\\\/2017\\\/06\\\/ricky-sarkany-distincion-en-recetados\\\/\",\"name\":\"Ricky Sarkany: distinci\u00f3n en recetados &#8211; Blog de \u00f3ptica\",\"isPartOf\":{\"@id\":\"https:\\\/\\\/www.nuevavisionopticas.com.ar\\\/blog-de-optica\\\/#website\"},\"primaryImageOfPage\":{\"@id\":\"https:\\\/\\\/www.nuevavisionopticas.com.ar\\\/blog-de-optica\\\/2017\\\/06\\\/ricky-sarkany-distincion-en-recetados\\\/#primaryimage\"},\"image\":{\"@id\":\"https:\\\/\\\/www.nuevavisionopticas.com.ar\\\/blog-de-optica\\\/2017\\\/06\\\/ricky-sarkany-distincion-en-recetados\\\/#primaryimage\"},\"thumbnailUrl\":\"http:\\\/\\\/www.nuevavisionopticas.com.ar\\\/blog-de-optica\\\/wp-content\\\/uploads\\\/2017\\\/06\\\/elva.jpg\",\"datePublished\":\"2017-06-19T21:00:03+00:00\",\"breadcrumb\":{\"@id\":\"https:\\\/\\\/www.nuevavisionopticas.com.ar\\\/blog-de-optica\\\/2017\\\/06\\\/ricky-sarkany-distincion-en-recetados\\\/#breadcrumb\"},\"inLanguage\":\"es\",\"potentialAction\":[{\"@type\":\"ReadAction\",\"target\":[\"https:\\\/\\\/www.nuevavisionopticas.com.ar\\\/blog-de-optica\\\/2017\\\/06\\\/ricky-sarkany-distincion-en-recetados\\\/\"]}]},{\"@type\":\"ImageObject\",\"inLanguage\":\"es\",\"@id\":\"https:\\\/\\\/www.nuevavisionopticas.com.ar\\\/blog-de-optica\\\/2017\\\/06\\\/ricky-sarkany-distincion-en-recetados\\\/#primaryimage\",\"url\":\"\",\"contentUrl\":\"\"},{\"@type\":\"BreadcrumbList\",\"@id\":\"https:\\\/\\\/www.nuevavisionopticas.com.ar\\\/blog-de-optica\\\/2017\\\/06\\\/ricky-sarkany-distincion-en-recetados\\\/#breadcrumb\",\"itemListElement\":[{\"@type\":\"ListItem\",\"position\":1,\"name\":\"Portada\",\"item\":\"https:\\\/\\\/www.nuevavisionopticas.com.ar\\\/blog-de-optica\\\/\"},{\"@type\":\"ListItem\",\"position\":2,\"name\":\"Ricky Sarkany: distinci\u00f3n en recetados\"}]},{\"@type\":\"WebSite\",\"@id\":\"https:\\\/\\\/www.nuevavisionopticas.com.ar\\\/blog-de-optica\\\/#website\",\"url\":\"https:\\\/\\\/www.nuevavisionopticas.com.ar\\\/blog-de-optica\\\/\",\"name\":\"Blog de \u00f3ptica\",\"description\":\"Nueva Visi\u00f3n \u00d3pticas\",\"publisher\":{\"@id\":\"https:\\\/\\\/www.nuevavisionopticas.com.ar\\\/blog-de-optica\\\/#organization\"},\"potentialAction\":[{\"@type\":\"SearchAction\",\"target\":{\"@type\":\"EntryPoint\",\"urlTemplate\":\"https:\\\/\\\/www.nuevavisionopticas.com.ar\\\/blog-de-optica\\\/?s={search_term_string}\"},\"query-input\":{\"@type\":\"PropertyValueSpecification\",\"valueRequired\":true,\"valueName\":\"search_term_string\"}}],\"inLanguage\":\"es\"},{\"@type\":\"Organization\",\"@id\":\"https:\\\/\\\/www.nuevavisionopticas.com.ar\\\/blog-de-optica\\\/#organization\",\"name\":\"Nueva Visi\u00f3n \u00d3pticas\",\"url\":\"https:\\\/\\\/www.nuevavisionopticas.com.ar\\\/blog-de-optica\\\/\",\"logo\":{\"@type\":\"ImageObject\",\"inLanguage\":\"es\",\"@id\":\"https:\\\/\\\/www.nuevavisionopticas.com.ar\\\/blog-de-optica\\\/#\\\/schema\\\/logo\\\/image\\\/\",\"url\":\"https:\\\/\\\/www.nuevavisionopticas.com.ar\\\/blog-de-optica\\\/wp-content\\\/uploads\\\/2021\\\/07\\\/logo-blanco-nueva-vision.png\",\"contentUrl\":\"https:\\\/\\\/www.nuevavisionopticas.com.ar\\\/blog-de-optica\\\/wp-content\\\/uploads\\\/2021\\\/07\\\/logo-blanco-nueva-vision.png\",\"width\":181,\"height\":46,\"caption\":\"Nueva Visi\u00f3n \u00d3pticas\"},\"image\":{\"@id\":\"https:\\\/\\\/www.nuevavisionopticas.com.ar\\\/blog-de-optica\\\/#\\\/schema\\\/logo\\\/image\\\/\"},\"sameAs\":[\"https:\\\/\\\/www.facebook.com\\\/nuevavisionarg\",\"https:\\\/\\\/www.instagram.com\\\/nuevavisionarg\"]},{\"@type\":\"Person\",\"@id\":\"https:\\\/\\\/www.nuevavisionopticas.com.ar\\\/blog-de-optica\\\/#\\\/schema\\\/person\\\/2d6fbd00282cbc8fdd54058894af4341\",\"name\":\"admin_optica\",\"image\":{\"@type\":\"ImageObject\",\"inLanguage\":\"es\",\"@id\":\"https:\\\/\\\/secure.gravatar.com\\\/avatar\\\/e33974a79b80e7fe593e5cf53cb2160fcb165380bed6475ed9144c295430f76c?s=96&d=mm&r=g\",\"url\":\"https:\\\/\\\/secure.gravatar.com\\\/avatar\\\/e33974a79b80e7fe593e5cf53cb2160fcb165380bed6475ed9144c295430f76c?s=96&d=mm&r=g\",\"contentUrl\":\"https:\\\/\\\/secure.gravatar.com\\\/avatar\\\/e33974a79b80e7fe593e5cf53cb2160fcb165380bed6475ed9144c295430f76c?s=96&d=mm&r=g\",\"caption\":\"admin_optica\"}}]}<\/script>\n<!-- \/ Yoast SEO plugin. -->","yoast_head_json":{"title":"Ricky Sarkany: distinci\u00f3n en recetados &#8211; Blog de \u00f3ptica","robots":{"index":"index","follow":"follow","max-snippet":"max-snippet:-1","max-image-preview":"max-image-preview:large","max-video-preview":"max-video-preview:-1"},"canonical":"https:\/\/www.nuevavisionopticas.com.ar\/blog-de-optica\/2017\/06\/ricky-sarkany-distincion-en-recetados\/","og_locale":"es_ES","og_type":"article","og_title":"Ricky Sarkany: distinci\u00f3n en recetados &#8211; Blog de \u00f3ptica","og_description":"Con su estilo audaz y moderno, Ricky Sarkani vuelve a sorprender con su nueva colecci\u00f3n de gafas recetadas, con las \u00faltimas tendencias en moda \u00f3ptica, y marcando las propias tambi\u00e9n. El dise\u00f1o de sus anteojos est\u00e1 alineado con las colecciones de zapatos e indumentaria que llevan su nombre. Sus colecciones siempre est\u00e1n dirigidas a la mujer de m\u00e1s de 20 a\u00f1os, moderna e intr\u00e9pida, que considera a los anteojos no s\u00f3lo como una necesidad, sino como un accesorio que comunica [&hellip;]","og_url":"https:\/\/www.nuevavisionopticas.com.ar\/blog-de-optica\/2017\/06\/ricky-sarkany-distincion-en-recetados\/","og_site_name":"Blog de \u00f3ptica","article_publisher":"https:\/\/www.facebook.com\/nuevavisionarg","article_published_time":"2017-06-19T21:00:03+00:00","og_image":[{"url":"http:\/\/www.nuevavisionopticas.com.ar\/blog-de-optica\/wp-content\/uploads\/2017\/06\/elva.jpg","type":"","width":"","height":""}],"author":"admin_optica","twitter_card":"summary_large_image","twitter_misc":{"Escrito por":"admin_optica","Tiempo de lectura":"1 minuto"},"schema":{"@context":"https:\/\/schema.org","@graph":[{"@type":"Article","@id":"https:\/\/www.nuevavisionopticas.com.ar\/blog-de-optica\/2017\/06\/ricky-sarkany-distincion-en-recetados\/#article","isPartOf":{"@id":"https:\/\/www.nuevavisionopticas.com.ar\/blog-de-optica\/2017\/06\/ricky-sarkany-distincion-en-recetados\/"},"author":{"name":"admin_optica","@id":"https:\/\/www.nuevavisionopticas.com.ar\/blog-de-optica\/#\/schema\/person\/2d6fbd00282cbc8fdd54058894af4341"},"headline":"Ricky Sarkany: distinci\u00f3n en recetados","datePublished":"2017-06-19T21:00:03+00:00","mainEntityOfPage":{"@id":"https:\/\/www.nuevavisionopticas.com.ar\/blog-de-optica\/2017\/06\/ricky-sarkany-distincion-en-recetados\/"},"wordCount":225,"commentCount":0,"publisher":{"@id":"https:\/\/www.nuevavisionopticas.com.ar\/blog-de-optica\/#organization"},"image":{"@id":"https:\/\/www.nuevavisionopticas.com.ar\/blog-de-optica\/2017\/06\/ricky-sarkany-distincion-en-recetados\/#primaryimage"},"thumbnailUrl":"http:\/\/www.nuevavisionopticas.com.ar\/blog-de-optica\/wp-content\/uploads\/2017\/06\/elva.jpg","articleSection":["anteojos recetados","coleccion"],"inLanguage":"es","potentialAction":[{"@type":"CommentAction","name":"Comment","target":["https:\/\/www.nuevavisionopticas.com.ar\/blog-de-optica\/2017\/06\/ricky-sarkany-distincion-en-recetados\/#respond"]}]},{"@type":"WebPage","@id":"https:\/\/www.nuevavisionopticas.com.ar\/blog-de-optica\/2017\/06\/ricky-sarkany-distincion-en-recetados\/","url":"https:\/\/www.nuevavisionopticas.com.ar\/blog-de-optica\/2017\/06\/ricky-sarkany-distincion-en-recetados\/","name":"Ricky Sarkany: distinci\u00f3n en recetados &#8211; Blog de \u00f3ptica","isPartOf":{"@id":"https:\/\/www.nuevavisionopticas.com.ar\/blog-de-optica\/#website"},"primaryImageOfPage":{"@id":"https:\/\/www.nuevavisionopticas.com.ar\/blog-de-optica\/2017\/06\/ricky-sarkany-distincion-en-recetados\/#primaryimage"},"image":{"@id":"https:\/\/www.nuevavisionopticas.com.ar\/blog-de-optica\/2017\/06\/ricky-sarkany-distincion-en-recetados\/#primaryimage"},"thumbnailUrl":"http:\/\/www.nuevavisionopticas.com.ar\/blog-de-optica\/wp-content\/uploads\/2017\/06\/elva.jpg","datePublished":"2017-06-19T21:00:03+00:00","breadcrumb":{"@id":"https:\/\/www.nuevavisionopticas.com.ar\/blog-de-optica\/2017\/06\/ricky-sarkany-distincion-en-recetados\/#breadcrumb"},"inLanguage":"es","potentialAction":[{"@type":"ReadAction","target":["https:\/\/www.nuevavisionopticas.com.ar\/blog-de-optica\/2017\/06\/ricky-sarkany-distincion-en-recetados\/"]}]},{"@type":"ImageObject","inLanguage":"es","@id":"https:\/\/www.nuevavisionopticas.com.ar\/blog-de-optica\/2017\/06\/ricky-sarkany-distincion-en-recetados\/#primaryimage","url":"","contentUrl":""},{"@type":"BreadcrumbList","@id":"https:\/\/www.nuevavisionopticas.com.ar\/blog-de-optica\/2017\/06\/ricky-sarkany-distincion-en-recetados\/#breadcrumb","itemListElement":[{"@type":"ListItem","position":1,"name":"Portada","item":"https:\/\/www.nuevavisionopticas.com.ar\/blog-de-optica\/"},{"@type":"ListItem","position":2,"name":"Ricky Sarkany: distinci\u00f3n en recetados"}]},{"@type":"WebSite","@id":"https:\/\/www.nuevavisionopticas.com.ar\/blog-de-optica\/#website","url":"https:\/\/www.nuevavisionopticas.com.ar\/blog-de-optica\/","name":"Blog de \u00f3ptica","description":"Nueva Visi\u00f3n \u00d3pticas","publisher":{"@id":"https:\/\/www.nuevavisionopticas.com.ar\/blog-de-optica\/#organization"},"potentialAction":[{"@type":"SearchAction","target":{"@type":"EntryPoint","urlTemplate":"https:\/\/www.nuevavisionopticas.com.ar\/blog-de-optica\/?s={search_term_string}"},"query-input":{"@type":"PropertyValueSpecification","valueRequired":true,"valueName":"search_term_string"}}],"inLanguage":"es"},{"@type":"Organization","@id":"https:\/\/www.nuevavisionopticas.com.ar\/blog-de-optica\/#organization","name":"Nueva Visi\u00f3n \u00d3pticas","url":"https:\/\/www.nuevavisionopticas.com.ar\/blog-de-optica\/","logo":{"@type":"ImageObject","inLanguage":"es","@id":"https:\/\/www.nuevavisionopticas.com.ar\/blog-de-optica\/#\/schema\/logo\/image\/","url":"https:\/\/www.nuevavisionopticas.com.ar\/blog-de-optica\/wp-content\/uploads\/2021\/07\/logo-blanco-nueva-vision.png","contentUrl":"https:\/\/www.nuevavisionopticas.com.ar\/blog-de-optica\/wp-content\/uploads\/2021\/07\/logo-blanco-nueva-vision.png","width":181,"height":46,"caption":"Nueva Visi\u00f3n \u00d3pticas"},"image":{"@id":"https:\/\/www.nuevavisionopticas.com.ar\/blog-de-optica\/#\/schema\/logo\/image\/"},"sameAs":["https:\/\/www.facebook.com\/nuevavisionarg","https:\/\/www.instagram.com\/nuevavisionarg"]},{"@type":"Person","@id":"https:\/\/www.nuevavisionopticas.com.ar\/blog-de-optica\/#\/schema\/person\/2d6fbd00282cbc8fdd54058894af4341","name":"admin_optica","image":{"@type":"ImageObject","inLanguage":"es","@id":"https:\/\/secure.gravatar.com\/avatar\/e33974a79b80e7fe593e5cf53cb2160fcb165380bed6475ed9144c295430f76c?s=96&d=mm&r=g","url":"https:\/\/secure.gravatar.com\/avatar\/e33974a79b80e7fe593e5cf53cb2160fcb165380bed6475ed9144c295430f76c?s=96&d=mm&r=g","contentUrl":"https:\/\/secure.gravatar.com\/avatar\/e33974a79b80e7fe593e5cf53cb2160fcb165380bed6475ed9144c295430f76c?s=96&d=mm&r=g","caption":"admin_optica"}}]}},"_links":{"self":[{"href":"https:\/\/www.nuevavisionopticas.com.ar\/blog-de-optica\/wp-json\/wp\/v2\/posts\/1496","targetHints":{"allow":["GET"]}}],"collection":[{"href":"https:\/\/www.nuevavisionopticas.com.ar\/blog-de-optica\/wp-json\/wp\/v2\/posts"}],"about":[{"href":"https:\/\/www.nuevavisionopticas.com.ar\/blog-de-optica\/wp-json\/wp\/v2\/types\/post"}],"author":[{"embeddable":true,"href":"https:\/\/www.nuevavisionopticas.com.ar\/blog-de-optica\/wp-json\/wp\/v2\/users\/1"}],"replies":[{"embeddable":true,"href":"https:\/\/www.nuevavisionopticas.com.ar\/blog-de-optica\/wp-json\/wp\/v2\/comments?post=1496"}],"version-history":[{"count":0,"href":"https:\/\/www.nuevavisionopticas.com.ar\/blog-de-optica\/wp-json\/wp\/v2\/posts\/1496\/revisions"}],"wp:attachment":[{"href":"https:\/\/www.nuevavisionopticas.com.ar\/blog-de-optica\/wp-json\/wp\/v2\/media?parent=1496"}],"wp:term":[{"taxonomy":"category","embeddable":true,"href":"https:\/\/www.nuevavisionopticas.com.ar\/blog-de-optica\/wp-json\/wp\/v2\/categories?post=1496"},{"taxonomy":"post_tag","embeddable":true,"href":"https:\/\/www.nuevavisionopticas.com.ar\/blog-de-optica\/wp-json\/wp\/v2\/tags?post=1496"}],"curies":[{"name":"wp","href":"https:\/\/api.w.org\/{rel}","templated":true}]}}