{"id":2023,"date":"2019-03-21T20:57:14","date_gmt":"2019-03-21T23:57:14","guid":{"rendered":"http:\/\/www.nuevavisionopticas.com.ar\/blog-de-optica\/?p=2023"},"modified":"2021-07-05T14:38:28","modified_gmt":"2021-07-05T17:38:28","slug":"lightec-elegancia-ultraliviana","status":"publish","type":"post","link":"https:\/\/www.nuevavisionopticas.com.ar\/blog-de-optica\/2019\/03\/lightec-elegancia-ultraliviana\/","title":{"rendered":"Lightec: elegancia ultraliviana"},"content":{"rendered":"\n<p><strong>Lightec<\/strong> forma parte de la familia <a href=\"https:\/\/morel-france.com\/\">Morel<\/a> (creadora tambi\u00e9n de Koali, \u00d6ga, <a href=\"http:\/\/www.nuevavisionopticas.com.ar\/blog-de-optica\/2018\/09\/20\/lo-nuevo-de-marius-morel-1880\/\">Marius Morel 1880<\/a> y otras marcas), la prestigiosa marca francesa.<\/p>\n\n\n\n<figure class=\"wp-block-image\"><img decoding=\"async\" src=\"data:image\/svg+xml,%3Csvg%20xmlns='http:\/\/www.w3.org\/2000\/svg'%20viewBox='0%200%20370%20247'%3E%3C\/svg%3E\" data-lazy-src=\"http:\/\/www.nuevavisionopticas.com.ar\/blog-de-optica\/wp-content\/uploads\/2019\/03\/Facebook-MOREL-Lightec-30092L-30101L-1024x538.jpg\" alt=\"Anteojos Lightec\" class=\"zeen-lazy-load-base zeen-lazy-load wp-image-2024\"\/><noscript><img decoding=\"async\" width=\"1024\" height=\"538\" src=\"http:\/\/www.nuevavisionopticas.com.ar\/blog-de-optica\/wp-content\/uploads\/2019\/03\/Facebook-MOREL-Lightec-30092L-30101L-1024x538.jpg\" alt=\"Anteojos Lightec\" class=\"wp-image-2024\" srcset=\"https:\/\/www.nuevavisionopticas.com.ar\/blog-de-optica\/wp-content\/uploads\/2019\/03\/Facebook-MOREL-Lightec-30092L-30101L-1024x538.jpg 1024w, https:\/\/www.nuevavisionopticas.com.ar\/blog-de-optica\/wp-content\/uploads\/2019\/03\/Facebook-MOREL-Lightec-30092L-30101L-300x158.jpg 300w, https:\/\/www.nuevavisionopticas.com.ar\/blog-de-optica\/wp-content\/uploads\/2019\/03\/Facebook-MOREL-Lightec-30092L-30101L-768x403.jpg 768w, https:\/\/www.nuevavisionopticas.com.ar\/blog-de-optica\/wp-content\/uploads\/2019\/03\/Facebook-MOREL-Lightec-30092L-30101L.jpg 1200w\" sizes=\"(max-width: 1024px) 100vw, 1024px\" \/><\/noscript><\/figure>\n\n\n\n<p><strong>Lightec<\/strong> se caracteriza por utilizar materiales de tecnolog\u00eda de avanzada para crear <strong>anteojos<\/strong> <strong>ultralivianos<\/strong>, c\u00f3modos y muy <strong>resistentes<\/strong> que marcan tendencia en el mundo de la <strong>\u00f3ptica<\/strong>.<\/p>\n\n\n\n<!--more-->\n\n\n\n<p>Los <strong>armazones<\/strong> <strong>de<\/strong> <strong>receta <\/strong>de Lightec est\u00e1n hechos de acero inoxidable, poliuretano, TR90 inyectado o fibra de carbono, todos materiales considerablemente ligeros y <strong>muy resistentes<\/strong>. No son muchas las marcas que pueden jactarse de fabricar gafas tan, pero tan livianas como lo hace <strong>Morel<\/strong>.<\/p>\n\n\n\n<figure class=\"wp-block-image\"><img decoding=\"async\" src=\"data:image\/svg+xml,%3Csvg%20xmlns='http:\/\/www.w3.org\/2000\/svg'%20viewBox='0%200%20370%20247'%3E%3C\/svg%3E\" data-lazy-src=\"http:\/\/www.nuevavisionopticas.com.ar\/blog-de-optica\/wp-content\/uploads\/2019\/03\/30014L.jpg\" alt=\"\" class=\"zeen-lazy-load-base zeen-lazy-load wp-image-2030\"\/><noscript><img decoding=\"async\" width=\"1000\" height=\"500\" src=\"http:\/\/www.nuevavisionopticas.com.ar\/blog-de-optica\/wp-content\/uploads\/2019\/03\/30014L.jpg\" alt=\"\" class=\"wp-image-2030\" srcset=\"https:\/\/www.nuevavisionopticas.com.ar\/blog-de-optica\/wp-content\/uploads\/2019\/03\/30014L.jpg 1000w, https:\/\/www.nuevavisionopticas.com.ar\/blog-de-optica\/wp-content\/uploads\/2019\/03\/30014L-300x150.jpg 300w, https:\/\/www.nuevavisionopticas.com.ar\/blog-de-optica\/wp-content\/uploads\/2019\/03\/30014L-768x384.jpg 768w\" sizes=\"(max-width: 1000px) 100vw, 1000px\" \/><\/noscript><figcaption>Modelo 30014L &#8211; Lightec de receta<\/figcaption><\/figure>\n\n\n\n<figure class=\"wp-block-image\"><img decoding=\"async\" src=\"data:image\/svg+xml,%3Csvg%20xmlns='http:\/\/www.w3.org\/2000\/svg'%20viewBox='0%200%20370%20247'%3E%3C\/svg%3E\" data-lazy-src=\"http:\/\/www.nuevavisionopticas.com.ar\/blog-de-optica\/wp-content\/uploads\/2019\/03\/7748.jpg\" alt=\"\" class=\"zeen-lazy-load-base zeen-lazy-load wp-image-2025\"\/><noscript><img decoding=\"async\" width=\"1000\" height=\"500\" src=\"http:\/\/www.nuevavisionopticas.com.ar\/blog-de-optica\/wp-content\/uploads\/2019\/03\/7748.jpg\" alt=\"\" class=\"wp-image-2025\" srcset=\"https:\/\/www.nuevavisionopticas.com.ar\/blog-de-optica\/wp-content\/uploads\/2019\/03\/7748.jpg 1000w, https:\/\/www.nuevavisionopticas.com.ar\/blog-de-optica\/wp-content\/uploads\/2019\/03\/7748-300x150.jpg 300w, https:\/\/www.nuevavisionopticas.com.ar\/blog-de-optica\/wp-content\/uploads\/2019\/03\/7748-768x384.jpg 768w\" sizes=\"(max-width: 1000px) 100vw, 1000px\" \/><\/noscript><figcaption>Modelo 7748 &#8211; Lightec de receta<\/figcaption><\/figure>\n\n\n\n<figure class=\"wp-block-image\"><img decoding=\"async\" src=\"data:image\/svg+xml,%3Csvg%20xmlns='http:\/\/www.w3.org\/2000\/svg'%20viewBox='0%200%20370%20247'%3E%3C\/svg%3E\" data-lazy-src=\"http:\/\/www.nuevavisionopticas.com.ar\/blog-de-optica\/wp-content\/uploads\/2019\/03\/30016L.jpg\" alt=\"\" class=\"zeen-lazy-load-base zeen-lazy-load wp-image-2026\"\/><noscript><img decoding=\"async\" width=\"1000\" height=\"500\" src=\"http:\/\/www.nuevavisionopticas.com.ar\/blog-de-optica\/wp-content\/uploads\/2019\/03\/30016L.jpg\" alt=\"\" class=\"wp-image-2026\" srcset=\"https:\/\/www.nuevavisionopticas.com.ar\/blog-de-optica\/wp-content\/uploads\/2019\/03\/30016L.jpg 1000w, https:\/\/www.nuevavisionopticas.com.ar\/blog-de-optica\/wp-content\/uploads\/2019\/03\/30016L-300x150.jpg 300w, https:\/\/www.nuevavisionopticas.com.ar\/blog-de-optica\/wp-content\/uploads\/2019\/03\/30016L-768x384.jpg 768w\" sizes=\"(max-width: 1000px) 100vw, 1000px\" \/><\/noscript><figcaption>Modelo 30016L &#8211; Lightec de receta<\/figcaption><\/figure>\n\n\n\n<p>Los <strong>anteojos<\/strong> de Lightec no tienen tornillos. De verdad, \u00a1no tienen! Cuentan con bisagras flexibles exclusivas de la marca, sin tornillos ni muelle. Cuando decimos que Morel se esmera en fabricar <strong>anteojos<\/strong> usando la <strong>\u00faltima<\/strong> <strong>tecnolog\u00eda<\/strong>, lo decimos en serio. Como resultado, se obtienen <strong>anteojos<\/strong> que pesan solo algunos <strong>gramos<\/strong>, se adaptan con facilidad a cualquier tipo de rostro y pr\u00e1cticamente no se sienten.<\/p>\n\n\n\n<figure class=\"wp-block-image\"><img decoding=\"async\" src=\"data:image\/svg+xml,%3Csvg%20xmlns='http:\/\/www.w3.org\/2000\/svg'%20viewBox='0%200%20370%20247'%3E%3C\/svg%3E\" data-lazy-src=\"http:\/\/www.nuevavisionopticas.com.ar\/blog-de-optica\/wp-content\/uploads\/2019\/03\/30155L.jpg\" alt=\"\" class=\"zeen-lazy-load-base zeen-lazy-load wp-image-2027\"\/><noscript><img decoding=\"async\" width=\"1000\" height=\"500\" src=\"http:\/\/www.nuevavisionopticas.com.ar\/blog-de-optica\/wp-content\/uploads\/2019\/03\/30155L.jpg\" alt=\"\" class=\"wp-image-2027\" srcset=\"https:\/\/www.nuevavisionopticas.com.ar\/blog-de-optica\/wp-content\/uploads\/2019\/03\/30155L.jpg 1000w, https:\/\/www.nuevavisionopticas.com.ar\/blog-de-optica\/wp-content\/uploads\/2019\/03\/30155L-300x150.jpg 300w, https:\/\/www.nuevavisionopticas.com.ar\/blog-de-optica\/wp-content\/uploads\/2019\/03\/30155L-768x384.jpg 768w\" sizes=\"(max-width: 1000px) 100vw, 1000px\" \/><\/noscript><figcaption>Modelo 30155L &#8211; Lightec de receta<\/figcaption><\/figure>\n\n\n\n<p>A diferencia de otras marcas de Morel, <strong>Lightec<\/strong> ofrece monturas tanto para hombres como para mujeres.<\/p>\n\n\n\n<figure class=\"wp-block-image\"><img decoding=\"async\" src=\"data:image\/svg+xml,%3Csvg%20xmlns='http:\/\/www.w3.org\/2000\/svg'%20viewBox='0%200%20370%20247'%3E%3C\/svg%3E\" data-lazy-src=\"http:\/\/www.nuevavisionopticas.com.ar\/blog-de-optica\/wp-content\/uploads\/2019\/03\/Facebook-MOREL-Lightec-30077L-1024x538.jpg\" alt=\"\" class=\"zeen-lazy-load-base zeen-lazy-load wp-image-2028\"\/><noscript><img decoding=\"async\" width=\"1024\" height=\"538\" src=\"http:\/\/www.nuevavisionopticas.com.ar\/blog-de-optica\/wp-content\/uploads\/2019\/03\/Facebook-MOREL-Lightec-30077L-1024x538.jpg\" alt=\"\" class=\"wp-image-2028\" srcset=\"https:\/\/www.nuevavisionopticas.com.ar\/blog-de-optica\/wp-content\/uploads\/2019\/03\/Facebook-MOREL-Lightec-30077L-1024x538.jpg 1024w, https:\/\/www.nuevavisionopticas.com.ar\/blog-de-optica\/wp-content\/uploads\/2019\/03\/Facebook-MOREL-Lightec-30077L-300x158.jpg 300w, https:\/\/www.nuevavisionopticas.com.ar\/blog-de-optica\/wp-content\/uploads\/2019\/03\/Facebook-MOREL-Lightec-30077L-768x403.jpg 768w, https:\/\/www.nuevavisionopticas.com.ar\/blog-de-optica\/wp-content\/uploads\/2019\/03\/Facebook-MOREL-Lightec-30077L.jpg 1200w\" sizes=\"(max-width: 1024px) 100vw, 1024px\" \/><\/noscript><\/figure>\n\n\n\n<figure class=\"wp-block-image\"><img decoding=\"async\" src=\"data:image\/svg+xml,%3Csvg%20xmlns='http:\/\/www.w3.org\/2000\/svg'%20viewBox='0%200%20370%20247'%3E%3C\/svg%3E\" data-lazy-src=\"http:\/\/www.nuevavisionopticas.com.ar\/blog-de-optica\/wp-content\/uploads\/2019\/03\/Facebook-MOREL-Lightec-30103L-1024x538.jpg\" alt=\"\" class=\"zeen-lazy-load-base zeen-lazy-load wp-image-2029\"\/><noscript><img decoding=\"async\" width=\"1024\" height=\"538\" src=\"http:\/\/www.nuevavisionopticas.com.ar\/blog-de-optica\/wp-content\/uploads\/2019\/03\/Facebook-MOREL-Lightec-30103L-1024x538.jpg\" alt=\"\" class=\"wp-image-2029\" srcset=\"https:\/\/www.nuevavisionopticas.com.ar\/blog-de-optica\/wp-content\/uploads\/2019\/03\/Facebook-MOREL-Lightec-30103L-1024x538.jpg 1024w, https:\/\/www.nuevavisionopticas.com.ar\/blog-de-optica\/wp-content\/uploads\/2019\/03\/Facebook-MOREL-Lightec-30103L-300x158.jpg 300w, https:\/\/www.nuevavisionopticas.com.ar\/blog-de-optica\/wp-content\/uploads\/2019\/03\/Facebook-MOREL-Lightec-30103L-768x403.jpg 768w, https:\/\/www.nuevavisionopticas.com.ar\/blog-de-optica\/wp-content\/uploads\/2019\/03\/Facebook-MOREL-Lightec-30103L.jpg 1200w\" sizes=\"(max-width: 1024px) 100vw, 1024px\" \/><\/noscript><\/figure>\n\n\n\n<p>Dise\u00f1os minimalistas, finos y modernos. Ligereza, confort y resistencia.<\/p>\n\n\n\n<p>Conoc\u00e9 la <strong>nueva<\/strong> <strong>colecci\u00f3n<\/strong> <strong>2019<\/strong> de <strong>Lightec<\/strong> en <a href=\"https:\/\/nuevavisionopticas.com.ar\/ubicaciones-nueva-vision-opticas.html\"><strong>Nueva Visi\u00f3n&nbsp;\u00d3pticas:<\/strong><\/a> <a href=\"https:\/\/www.nuevavisionopticas.com.ar\/optica-san-isidro.html\">San Isidro<\/a>, <a href=\"https:\/\/www.nuevavisionopticas.com.ar\/optica-las-lomas-de-san-isidro.html\">Lomas de San Isidro<\/a>, <a href=\"https:\/\/www.nuevavisionopticas.com.ar\/optica-martinez.html\">Mart\u00ednez<\/a>, <a href=\"https:\/\/www.nuevavisionopticas.com.ar\/optica-la-lucila.html\">La Lucila<\/a>, <a href=\"https:\/\/www.nuevavisionopticas.com.ar\/optica-recoleta.html\">Recoleta<\/a>, <a href=\"https:\/\/www.nuevavisionopticas.com.ar\/optica-barrio-norte.html\">Barrio Norte<\/a> y <a href=\"https:\/\/www.nuevavisionopticas.com.ar\/optica-belgrano.html\">Belgrano<\/a>.  <\/p>\n","protected":false},"excerpt":{"rendered":"<p>Lightec forma parte de la familia Morel (creadora tambi\u00e9n de Koali, \u00d6ga, Marius Morel 1880 y otras marcas), la prestigiosa marca francesa. Lightec se caracteriza por utilizar materiales de tecnolog\u00eda de avanzada para crear anteojos ultralivianos, c\u00f3modos y muy resistentes que marcan tendencia en el mundo de la \u00f3ptica.<\/p>\n","protected":false},"author":1,"featured_media":2024,"comment_status":"open","ping_status":"open","sticky":false,"template":"","format":"standard","meta":{"_monsterinsights_skip_tracking":false,"_monsterinsights_sitenote_active":false,"_monsterinsights_sitenote_note":"","_monsterinsights_sitenote_category":0,"footnotes":""},"categories":[1],"tags":[],"class_list":["post-2023","post","type-post","status-publish","format-standard","has-post-thumbnail","hentry","category-sin-categoria"],"yoast_head":"<!-- This site is optimized with the Yoast SEO plugin v27.3 - https:\/\/yoast.com\/product\/yoast-seo-wordpress\/ -->\n<title>Lightec: elegancia ultraliviana &#8211; Blog de \u00f3ptica<\/title>\n<meta name=\"robots\" content=\"index, follow, max-snippet:-1, max-image-preview:large, max-video-preview:-1\" \/>\n<link rel=\"canonical\" href=\"https:\/\/www.nuevavisionopticas.com.ar\/blog-de-optica\/2019\/03\/lightec-elegancia-ultraliviana\/\" \/>\n<meta property=\"og:locale\" content=\"es_ES\" \/>\n<meta property=\"og:type\" content=\"article\" \/>\n<meta property=\"og:title\" content=\"Lightec: elegancia ultraliviana &#8211; Blog de \u00f3ptica\" \/>\n<meta property=\"og:description\" content=\"Lightec forma parte de la familia Morel (creadora tambi\u00e9n de Koali, \u00d6ga, Marius Morel 1880 y otras marcas), la prestigiosa marca francesa. Lightec se caracteriza por utilizar materiales de tecnolog\u00eda de avanzada para crear anteojos ultralivianos, c\u00f3modos y muy resistentes que marcan tendencia en el mundo de la \u00f3ptica.\" \/>\n<meta property=\"og:url\" content=\"https:\/\/www.nuevavisionopticas.com.ar\/blog-de-optica\/2019\/03\/lightec-elegancia-ultraliviana\/\" \/>\n<meta property=\"og:site_name\" content=\"Blog de \u00f3ptica\" \/>\n<meta property=\"article:publisher\" content=\"https:\/\/www.facebook.com\/nuevavisionarg\" \/>\n<meta property=\"article:published_time\" content=\"2019-03-21T23:57:14+00:00\" \/>\n<meta property=\"article:modified_time\" content=\"2021-07-05T17:38:28+00:00\" \/>\n<meta property=\"og:image\" content=\"https:\/\/www.nuevavisionopticas.com.ar\/blog-de-optica\/wp-content\/uploads\/2019\/03\/Facebook-MOREL-Lightec-30092L-30101L.jpg\" \/>\n\t<meta property=\"og:image:width\" content=\"1200\" \/>\n\t<meta property=\"og:image:height\" content=\"630\" \/>\n\t<meta property=\"og:image:type\" content=\"image\/jpeg\" \/>\n<meta name=\"author\" content=\"admin_optica\" \/>\n<meta name=\"twitter:card\" content=\"summary_large_image\" \/>\n<meta name=\"twitter:label1\" content=\"Escrito por\" \/>\n\t<meta name=\"twitter:data1\" content=\"admin_optica\" \/>\n\t<meta name=\"twitter:label2\" content=\"Tiempo de lectura\" \/>\n\t<meta name=\"twitter:data2\" content=\"1 minuto\" \/>\n<script type=\"application\/ld+json\" class=\"yoast-schema-graph\">{\"@context\":\"https:\\\/\\\/schema.org\",\"@graph\":[{\"@type\":\"Article\",\"@id\":\"https:\\\/\\\/www.nuevavisionopticas.com.ar\\\/blog-de-optica\\\/2019\\\/03\\\/lightec-elegancia-ultraliviana\\\/#article\",\"isPartOf\":{\"@id\":\"https:\\\/\\\/www.nuevavisionopticas.com.ar\\\/blog-de-optica\\\/2019\\\/03\\\/lightec-elegancia-ultraliviana\\\/\"},\"author\":{\"name\":\"admin_optica\",\"@id\":\"https:\\\/\\\/www.nuevavisionopticas.com.ar\\\/blog-de-optica\\\/#\\\/schema\\\/person\\\/2d6fbd00282cbc8fdd54058894af4341\"},\"headline\":\"Lightec: elegancia ultraliviana\",\"datePublished\":\"2019-03-21T23:57:14+00:00\",\"dateModified\":\"2021-07-05T17:38:28+00:00\",\"mainEntityOfPage\":{\"@id\":\"https:\\\/\\\/www.nuevavisionopticas.com.ar\\\/blog-de-optica\\\/2019\\\/03\\\/lightec-elegancia-ultraliviana\\\/\"},\"wordCount\":242,\"commentCount\":0,\"publisher\":{\"@id\":\"https:\\\/\\\/www.nuevavisionopticas.com.ar\\\/blog-de-optica\\\/#organization\"},\"image\":{\"@id\":\"https:\\\/\\\/www.nuevavisionopticas.com.ar\\\/blog-de-optica\\\/2019\\\/03\\\/lightec-elegancia-ultraliviana\\\/#primaryimage\"},\"thumbnailUrl\":\"https:\\\/\\\/www.nuevavisionopticas.com.ar\\\/blog-de-optica\\\/wp-content\\\/uploads\\\/2019\\\/03\\\/Facebook-MOREL-Lightec-30092L-30101L.jpg\",\"inLanguage\":\"es\",\"potentialAction\":[{\"@type\":\"CommentAction\",\"name\":\"Comment\",\"target\":[\"https:\\\/\\\/www.nuevavisionopticas.com.ar\\\/blog-de-optica\\\/2019\\\/03\\\/lightec-elegancia-ultraliviana\\\/#respond\"]}]},{\"@type\":\"WebPage\",\"@id\":\"https:\\\/\\\/www.nuevavisionopticas.com.ar\\\/blog-de-optica\\\/2019\\\/03\\\/lightec-elegancia-ultraliviana\\\/\",\"url\":\"https:\\\/\\\/www.nuevavisionopticas.com.ar\\\/blog-de-optica\\\/2019\\\/03\\\/lightec-elegancia-ultraliviana\\\/\",\"name\":\"Lightec: elegancia ultraliviana &#8211; Blog de \u00f3ptica\",\"isPartOf\":{\"@id\":\"https:\\\/\\\/www.nuevavisionopticas.com.ar\\\/blog-de-optica\\\/#website\"},\"primaryImageOfPage\":{\"@id\":\"https:\\\/\\\/www.nuevavisionopticas.com.ar\\\/blog-de-optica\\\/2019\\\/03\\\/lightec-elegancia-ultraliviana\\\/#primaryimage\"},\"image\":{\"@id\":\"https:\\\/\\\/www.nuevavisionopticas.com.ar\\\/blog-de-optica\\\/2019\\\/03\\\/lightec-elegancia-ultraliviana\\\/#primaryimage\"},\"thumbnailUrl\":\"https:\\\/\\\/www.nuevavisionopticas.com.ar\\\/blog-de-optica\\\/wp-content\\\/uploads\\\/2019\\\/03\\\/Facebook-MOREL-Lightec-30092L-30101L.jpg\",\"datePublished\":\"2019-03-21T23:57:14+00:00\",\"dateModified\":\"2021-07-05T17:38:28+00:00\",\"breadcrumb\":{\"@id\":\"https:\\\/\\\/www.nuevavisionopticas.com.ar\\\/blog-de-optica\\\/2019\\\/03\\\/lightec-elegancia-ultraliviana\\\/#breadcrumb\"},\"inLanguage\":\"es\",\"potentialAction\":[{\"@type\":\"ReadAction\",\"target\":[\"https:\\\/\\\/www.nuevavisionopticas.com.ar\\\/blog-de-optica\\\/2019\\\/03\\\/lightec-elegancia-ultraliviana\\\/\"]}]},{\"@type\":\"ImageObject\",\"inLanguage\":\"es\",\"@id\":\"https:\\\/\\\/www.nuevavisionopticas.com.ar\\\/blog-de-optica\\\/2019\\\/03\\\/lightec-elegancia-ultraliviana\\\/#primaryimage\",\"url\":\"https:\\\/\\\/www.nuevavisionopticas.com.ar\\\/blog-de-optica\\\/wp-content\\\/uploads\\\/2019\\\/03\\\/Facebook-MOREL-Lightec-30092L-30101L.jpg\",\"contentUrl\":\"https:\\\/\\\/www.nuevavisionopticas.com.ar\\\/blog-de-optica\\\/wp-content\\\/uploads\\\/2019\\\/03\\\/Facebook-MOREL-Lightec-30092L-30101L.jpg\",\"width\":1200,\"height\":630},{\"@type\":\"BreadcrumbList\",\"@id\":\"https:\\\/\\\/www.nuevavisionopticas.com.ar\\\/blog-de-optica\\\/2019\\\/03\\\/lightec-elegancia-ultraliviana\\\/#breadcrumb\",\"itemListElement\":[{\"@type\":\"ListItem\",\"position\":1,\"name\":\"Portada\",\"item\":\"https:\\\/\\\/www.nuevavisionopticas.com.ar\\\/blog-de-optica\\\/\"},{\"@type\":\"ListItem\",\"position\":2,\"name\":\"Lightec: elegancia ultraliviana\"}]},{\"@type\":\"WebSite\",\"@id\":\"https:\\\/\\\/www.nuevavisionopticas.com.ar\\\/blog-de-optica\\\/#website\",\"url\":\"https:\\\/\\\/www.nuevavisionopticas.com.ar\\\/blog-de-optica\\\/\",\"name\":\"Blog de \u00f3ptica\",\"description\":\"Nueva Visi\u00f3n \u00d3pticas\",\"publisher\":{\"@id\":\"https:\\\/\\\/www.nuevavisionopticas.com.ar\\\/blog-de-optica\\\/#organization\"},\"potentialAction\":[{\"@type\":\"SearchAction\",\"target\":{\"@type\":\"EntryPoint\",\"urlTemplate\":\"https:\\\/\\\/www.nuevavisionopticas.com.ar\\\/blog-de-optica\\\/?s={search_term_string}\"},\"query-input\":{\"@type\":\"PropertyValueSpecification\",\"valueRequired\":true,\"valueName\":\"search_term_string\"}}],\"inLanguage\":\"es\"},{\"@type\":\"Organization\",\"@id\":\"https:\\\/\\\/www.nuevavisionopticas.com.ar\\\/blog-de-optica\\\/#organization\",\"name\":\"Nueva Visi\u00f3n \u00d3pticas\",\"url\":\"https:\\\/\\\/www.nuevavisionopticas.com.ar\\\/blog-de-optica\\\/\",\"logo\":{\"@type\":\"ImageObject\",\"inLanguage\":\"es\",\"@id\":\"https:\\\/\\\/www.nuevavisionopticas.com.ar\\\/blog-de-optica\\\/#\\\/schema\\\/logo\\\/image\\\/\",\"url\":\"https:\\\/\\\/www.nuevavisionopticas.com.ar\\\/blog-de-optica\\\/wp-content\\\/uploads\\\/2021\\\/07\\\/logo-blanco-nueva-vision.png\",\"contentUrl\":\"https:\\\/\\\/www.nuevavisionopticas.com.ar\\\/blog-de-optica\\\/wp-content\\\/uploads\\\/2021\\\/07\\\/logo-blanco-nueva-vision.png\",\"width\":181,\"height\":46,\"caption\":\"Nueva Visi\u00f3n \u00d3pticas\"},\"image\":{\"@id\":\"https:\\\/\\\/www.nuevavisionopticas.com.ar\\\/blog-de-optica\\\/#\\\/schema\\\/logo\\\/image\\\/\"},\"sameAs\":[\"https:\\\/\\\/www.facebook.com\\\/nuevavisionarg\",\"https:\\\/\\\/www.instagram.com\\\/nuevavisionarg\"]},{\"@type\":\"Person\",\"@id\":\"https:\\\/\\\/www.nuevavisionopticas.com.ar\\\/blog-de-optica\\\/#\\\/schema\\\/person\\\/2d6fbd00282cbc8fdd54058894af4341\",\"name\":\"admin_optica\",\"image\":{\"@type\":\"ImageObject\",\"inLanguage\":\"es\",\"@id\":\"https:\\\/\\\/secure.gravatar.com\\\/avatar\\\/e33974a79b80e7fe593e5cf53cb2160fcb165380bed6475ed9144c295430f76c?s=96&d=mm&r=g\",\"url\":\"https:\\\/\\\/secure.gravatar.com\\\/avatar\\\/e33974a79b80e7fe593e5cf53cb2160fcb165380bed6475ed9144c295430f76c?s=96&d=mm&r=g\",\"contentUrl\":\"https:\\\/\\\/secure.gravatar.com\\\/avatar\\\/e33974a79b80e7fe593e5cf53cb2160fcb165380bed6475ed9144c295430f76c?s=96&d=mm&r=g\",\"caption\":\"admin_optica\"}}]}<\/script>\n<!-- \/ Yoast SEO plugin. -->","yoast_head_json":{"title":"Lightec: elegancia ultraliviana &#8211; Blog de \u00f3ptica","robots":{"index":"index","follow":"follow","max-snippet":"max-snippet:-1","max-image-preview":"max-image-preview:large","max-video-preview":"max-video-preview:-1"},"canonical":"https:\/\/www.nuevavisionopticas.com.ar\/blog-de-optica\/2019\/03\/lightec-elegancia-ultraliviana\/","og_locale":"es_ES","og_type":"article","og_title":"Lightec: elegancia ultraliviana &#8211; Blog de \u00f3ptica","og_description":"Lightec forma parte de la familia Morel (creadora tambi\u00e9n de Koali, \u00d6ga, Marius Morel 1880 y otras marcas), la prestigiosa marca francesa. Lightec se caracteriza por utilizar materiales de tecnolog\u00eda de avanzada para crear anteojos ultralivianos, c\u00f3modos y muy resistentes que marcan tendencia en el mundo de la \u00f3ptica.","og_url":"https:\/\/www.nuevavisionopticas.com.ar\/blog-de-optica\/2019\/03\/lightec-elegancia-ultraliviana\/","og_site_name":"Blog de \u00f3ptica","article_publisher":"https:\/\/www.facebook.com\/nuevavisionarg","article_published_time":"2019-03-21T23:57:14+00:00","article_modified_time":"2021-07-05T17:38:28+00:00","og_image":[{"width":1200,"height":630,"url":"https:\/\/www.nuevavisionopticas.com.ar\/blog-de-optica\/wp-content\/uploads\/2019\/03\/Facebook-MOREL-Lightec-30092L-30101L.jpg","type":"image\/jpeg"}],"author":"admin_optica","twitter_card":"summary_large_image","twitter_misc":{"Escrito por":"admin_optica","Tiempo de lectura":"1 minuto"},"schema":{"@context":"https:\/\/schema.org","@graph":[{"@type":"Article","@id":"https:\/\/www.nuevavisionopticas.com.ar\/blog-de-optica\/2019\/03\/lightec-elegancia-ultraliviana\/#article","isPartOf":{"@id":"https:\/\/www.nuevavisionopticas.com.ar\/blog-de-optica\/2019\/03\/lightec-elegancia-ultraliviana\/"},"author":{"name":"admin_optica","@id":"https:\/\/www.nuevavisionopticas.com.ar\/blog-de-optica\/#\/schema\/person\/2d6fbd00282cbc8fdd54058894af4341"},"headline":"Lightec: elegancia ultraliviana","datePublished":"2019-03-21T23:57:14+00:00","dateModified":"2021-07-05T17:38:28+00:00","mainEntityOfPage":{"@id":"https:\/\/www.nuevavisionopticas.com.ar\/blog-de-optica\/2019\/03\/lightec-elegancia-ultraliviana\/"},"wordCount":242,"commentCount":0,"publisher":{"@id":"https:\/\/www.nuevavisionopticas.com.ar\/blog-de-optica\/#organization"},"image":{"@id":"https:\/\/www.nuevavisionopticas.com.ar\/blog-de-optica\/2019\/03\/lightec-elegancia-ultraliviana\/#primaryimage"},"thumbnailUrl":"https:\/\/www.nuevavisionopticas.com.ar\/blog-de-optica\/wp-content\/uploads\/2019\/03\/Facebook-MOREL-Lightec-30092L-30101L.jpg","inLanguage":"es","potentialAction":[{"@type":"CommentAction","name":"Comment","target":["https:\/\/www.nuevavisionopticas.com.ar\/blog-de-optica\/2019\/03\/lightec-elegancia-ultraliviana\/#respond"]}]},{"@type":"WebPage","@id":"https:\/\/www.nuevavisionopticas.com.ar\/blog-de-optica\/2019\/03\/lightec-elegancia-ultraliviana\/","url":"https:\/\/www.nuevavisionopticas.com.ar\/blog-de-optica\/2019\/03\/lightec-elegancia-ultraliviana\/","name":"Lightec: elegancia ultraliviana &#8211; Blog de \u00f3ptica","isPartOf":{"@id":"https:\/\/www.nuevavisionopticas.com.ar\/blog-de-optica\/#website"},"primaryImageOfPage":{"@id":"https:\/\/www.nuevavisionopticas.com.ar\/blog-de-optica\/2019\/03\/lightec-elegancia-ultraliviana\/#primaryimage"},"image":{"@id":"https:\/\/www.nuevavisionopticas.com.ar\/blog-de-optica\/2019\/03\/lightec-elegancia-ultraliviana\/#primaryimage"},"thumbnailUrl":"https:\/\/www.nuevavisionopticas.com.ar\/blog-de-optica\/wp-content\/uploads\/2019\/03\/Facebook-MOREL-Lightec-30092L-30101L.jpg","datePublished":"2019-03-21T23:57:14+00:00","dateModified":"2021-07-05T17:38:28+00:00","breadcrumb":{"@id":"https:\/\/www.nuevavisionopticas.com.ar\/blog-de-optica\/2019\/03\/lightec-elegancia-ultraliviana\/#breadcrumb"},"inLanguage":"es","potentialAction":[{"@type":"ReadAction","target":["https:\/\/www.nuevavisionopticas.com.ar\/blog-de-optica\/2019\/03\/lightec-elegancia-ultraliviana\/"]}]},{"@type":"ImageObject","inLanguage":"es","@id":"https:\/\/www.nuevavisionopticas.com.ar\/blog-de-optica\/2019\/03\/lightec-elegancia-ultraliviana\/#primaryimage","url":"https:\/\/www.nuevavisionopticas.com.ar\/blog-de-optica\/wp-content\/uploads\/2019\/03\/Facebook-MOREL-Lightec-30092L-30101L.jpg","contentUrl":"https:\/\/www.nuevavisionopticas.com.ar\/blog-de-optica\/wp-content\/uploads\/2019\/03\/Facebook-MOREL-Lightec-30092L-30101L.jpg","width":1200,"height":630},{"@type":"BreadcrumbList","@id":"https:\/\/www.nuevavisionopticas.com.ar\/blog-de-optica\/2019\/03\/lightec-elegancia-ultraliviana\/#breadcrumb","itemListElement":[{"@type":"ListItem","position":1,"name":"Portada","item":"https:\/\/www.nuevavisionopticas.com.ar\/blog-de-optica\/"},{"@type":"ListItem","position":2,"name":"Lightec: elegancia ultraliviana"}]},{"@type":"WebSite","@id":"https:\/\/www.nuevavisionopticas.com.ar\/blog-de-optica\/#website","url":"https:\/\/www.nuevavisionopticas.com.ar\/blog-de-optica\/","name":"Blog de \u00f3ptica","description":"Nueva Visi\u00f3n \u00d3pticas","publisher":{"@id":"https:\/\/www.nuevavisionopticas.com.ar\/blog-de-optica\/#organization"},"potentialAction":[{"@type":"SearchAction","target":{"@type":"EntryPoint","urlTemplate":"https:\/\/www.nuevavisionopticas.com.ar\/blog-de-optica\/?s={search_term_string}"},"query-input":{"@type":"PropertyValueSpecification","valueRequired":true,"valueName":"search_term_string"}}],"inLanguage":"es"},{"@type":"Organization","@id":"https:\/\/www.nuevavisionopticas.com.ar\/blog-de-optica\/#organization","name":"Nueva Visi\u00f3n \u00d3pticas","url":"https:\/\/www.nuevavisionopticas.com.ar\/blog-de-optica\/","logo":{"@type":"ImageObject","inLanguage":"es","@id":"https:\/\/www.nuevavisionopticas.com.ar\/blog-de-optica\/#\/schema\/logo\/image\/","url":"https:\/\/www.nuevavisionopticas.com.ar\/blog-de-optica\/wp-content\/uploads\/2021\/07\/logo-blanco-nueva-vision.png","contentUrl":"https:\/\/www.nuevavisionopticas.com.ar\/blog-de-optica\/wp-content\/uploads\/2021\/07\/logo-blanco-nueva-vision.png","width":181,"height":46,"caption":"Nueva Visi\u00f3n \u00d3pticas"},"image":{"@id":"https:\/\/www.nuevavisionopticas.com.ar\/blog-de-optica\/#\/schema\/logo\/image\/"},"sameAs":["https:\/\/www.facebook.com\/nuevavisionarg","https:\/\/www.instagram.com\/nuevavisionarg"]},{"@type":"Person","@id":"https:\/\/www.nuevavisionopticas.com.ar\/blog-de-optica\/#\/schema\/person\/2d6fbd00282cbc8fdd54058894af4341","name":"admin_optica","image":{"@type":"ImageObject","inLanguage":"es","@id":"https:\/\/secure.gravatar.com\/avatar\/e33974a79b80e7fe593e5cf53cb2160fcb165380bed6475ed9144c295430f76c?s=96&d=mm&r=g","url":"https:\/\/secure.gravatar.com\/avatar\/e33974a79b80e7fe593e5cf53cb2160fcb165380bed6475ed9144c295430f76c?s=96&d=mm&r=g","contentUrl":"https:\/\/secure.gravatar.com\/avatar\/e33974a79b80e7fe593e5cf53cb2160fcb165380bed6475ed9144c295430f76c?s=96&d=mm&r=g","caption":"admin_optica"}}]}},"_links":{"self":[{"href":"https:\/\/www.nuevavisionopticas.com.ar\/blog-de-optica\/wp-json\/wp\/v2\/posts\/2023","targetHints":{"allow":["GET"]}}],"collection":[{"href":"https:\/\/www.nuevavisionopticas.com.ar\/blog-de-optica\/wp-json\/wp\/v2\/posts"}],"about":[{"href":"https:\/\/www.nuevavisionopticas.com.ar\/blog-de-optica\/wp-json\/wp\/v2\/types\/post"}],"author":[{"embeddable":true,"href":"https:\/\/www.nuevavisionopticas.com.ar\/blog-de-optica\/wp-json\/wp\/v2\/users\/1"}],"replies":[{"embeddable":true,"href":"https:\/\/www.nuevavisionopticas.com.ar\/blog-de-optica\/wp-json\/wp\/v2\/comments?post=2023"}],"version-history":[{"count":4,"href":"https:\/\/www.nuevavisionopticas.com.ar\/blog-de-optica\/wp-json\/wp\/v2\/posts\/2023\/revisions"}],"predecessor-version":[{"id":2514,"href":"https:\/\/www.nuevavisionopticas.com.ar\/blog-de-optica\/wp-json\/wp\/v2\/posts\/2023\/revisions\/2514"}],"wp:featuredmedia":[{"embeddable":true,"href":"https:\/\/www.nuevavisionopticas.com.ar\/blog-de-optica\/wp-json\/wp\/v2\/media\/2024"}],"wp:attachment":[{"href":"https:\/\/www.nuevavisionopticas.com.ar\/blog-de-optica\/wp-json\/wp\/v2\/media?parent=2023"}],"wp:term":[{"taxonomy":"category","embeddable":true,"href":"https:\/\/www.nuevavisionopticas.com.ar\/blog-de-optica\/wp-json\/wp\/v2\/categories?post=2023"},{"taxonomy":"post_tag","embeddable":true,"href":"https:\/\/www.nuevavisionopticas.com.ar\/blog-de-optica\/wp-json\/wp\/v2\/tags?post=2023"}],"curies":[{"name":"wp","href":"https:\/\/api.w.org\/{rel}","templated":true}]}}