{"id":2576,"date":"2021-06-24T14:12:22","date_gmt":"2021-06-24T17:12:22","guid":{"rendered":"https:\/\/www.nuevavisionopticas.com.ar\/blog-de-optica\/?p=2576"},"modified":"2021-07-05T13:44:38","modified_gmt":"2021-07-05T16:44:38","slug":"salud-visual-los-controles-que-hay-que-tener-en-cuenta-para-la-vuelta-a-clases","status":"publish","type":"post","link":"https:\/\/www.nuevavisionopticas.com.ar\/blog-de-optica\/2021\/06\/salud-visual-los-controles-que-hay-que-tener-en-cuenta-para-la-vuelta-a-clases\/","title":{"rendered":"Salud visual: los controles que hay que tener en cuenta para la vuelta a clases"},"content":{"rendered":"\n<figure class=\"wp-block-image size-large\"><img decoding=\"async\" src=\"data:image\/svg+xml,%3Csvg%20xmlns='http:\/\/www.w3.org\/2000\/svg'%20viewBox='0%200%20370%20247'%3E%3C\/svg%3E\" data-lazy-src=\"http:\/\/www.nuevavisionopticas.com.ar\/blog-de-optica\/wp-content\/uploads\/2019\/03\/adorable-blur-bookcase-261895-1024x678.jpg\" alt=\"\" class=\"zeen-lazy-load-base zeen-lazy-load wp-image-2019\"\/><noscript><img decoding=\"async\" width=\"1024\" height=\"678\" src=\"http:\/\/www.nuevavisionopticas.com.ar\/blog-de-optica\/wp-content\/uploads\/2019\/03\/adorable-blur-bookcase-261895-1024x678.jpg\" alt=\"\" class=\"wp-image-2019\" srcset=\"https:\/\/www.nuevavisionopticas.com.ar\/blog-de-optica\/wp-content\/uploads\/2019\/03\/adorable-blur-bookcase-261895-1024x678.jpg 1024w, https:\/\/www.nuevavisionopticas.com.ar\/blog-de-optica\/wp-content\/uploads\/2019\/03\/adorable-blur-bookcase-261895-300x199.jpg 300w, https:\/\/www.nuevavisionopticas.com.ar\/blog-de-optica\/wp-content\/uploads\/2019\/03\/adorable-blur-bookcase-261895-768x509.jpg 768w, https:\/\/www.nuevavisionopticas.com.ar\/blog-de-optica\/wp-content\/uploads\/2019\/03\/adorable-blur-bookcase-261895.jpg 1600w\" sizes=\"(max-width: 1024px) 100vw, 1024px\" \/><\/noscript><\/figure>\n\n\n\n<p><em>El 80 % de lo que los ni\u00f1os aprenden durante sus primeros a\u00f1os de vida es a trav\u00e9s de sus ojos.<\/em><\/p>\n\n\n\n<p>La <strong>vuelta al colegio<\/strong> es un buen momento para prestar atenci\u00f3n a los ojos de los <strong>m\u00e1s chicos<\/strong>, ya que generalmente se supone que un ni\u00f1o tiene problemas de aprendizaje o atenci\u00f3n, cuando en realidad el motivo puede ser alg\u00fan <strong>problema en su visi\u00f3n<\/strong>.<\/p>\n\n\n\n<p>Seg\u00fan inform\u00f3 el Colegio de <strong>\u00d3pticos <\/strong>de la provincia de Buenos Aires, el 80 % de lo que los ni\u00f1os aprenden durante sus primeros a\u00f1os de vida es a trav\u00e9s de sus ojos. La <strong>visi\u00f3n <\/strong>es el sentido que permite acumular conocimiento m\u00e1s f\u00e1cilmente. El control a tiempo de las alteraciones visuales puede ser el factor determinante para evitar un bajo rendimiento escolar.<\/p>\n\n\n\n<p>Son muchos los signos que pueden generar sospechas a los maestros: acercarse mucho al cuaderno a la hora de escribir o leer, errores al copiar palabras del pizarr\u00f3n, taparse un ojo para concentrarse al hacer los ejercicios en clase, saltarse palabras o renglones al leer o seguir la lectura con el dedo.<\/p>\n\n\n\n<!--more-->\n\n\n\n<p>Habitualmente, los <strong>controles visuales <\/strong>no se encuentran incluidos en la rutina antes del <strong>comienzo<\/strong> <strong>de clases<\/strong>, principalmente porque los chicos no suelen darse cuenta solos que no est\u00e1n viendo bien y no lo manifiestan. La inclusi\u00f3n de un control de la vista, entre los chequeos m\u00e9dicos previos al comienzo de clases, es muy importante.<\/p>\n\n\n\n<figure class=\"wp-block-image size-large\"><img decoding=\"async\" src=\"data:image\/svg+xml,%3Csvg%20xmlns='http:\/\/www.w3.org\/2000\/svg'%20viewBox='0%200%20370%20247'%3E%3C\/svg%3E\" data-lazy-src=\"https:\/\/www.nuevavisionopticas.com.ar\/blog-de-optica\/wp-content\/uploads\/2021\/06\/hulki-okan-tabak-gfF7f-hriJU-unsplash-1024x646.jpg\" alt=\"Salud visual: los controles que hay que tener en cuenta para la vuelta a clases \" class=\"zeen-lazy-load-base zeen-lazy-load wp-image-2577\"\/><noscript><img decoding=\"async\" width=\"1024\" height=\"646\" src=\"https:\/\/www.nuevavisionopticas.com.ar\/blog-de-optica\/wp-content\/uploads\/2021\/06\/hulki-okan-tabak-gfF7f-hriJU-unsplash-1024x646.jpg\" alt=\"Salud visual: los controles que hay que tener en cuenta para la vuelta a clases \" class=\"wp-image-2577\" srcset=\"https:\/\/www.nuevavisionopticas.com.ar\/blog-de-optica\/wp-content\/uploads\/2021\/06\/hulki-okan-tabak-gfF7f-hriJU-unsplash-1024x646.jpg 1024w, https:\/\/www.nuevavisionopticas.com.ar\/blog-de-optica\/wp-content\/uploads\/2021\/06\/hulki-okan-tabak-gfF7f-hriJU-unsplash-300x189.jpg 300w, https:\/\/www.nuevavisionopticas.com.ar\/blog-de-optica\/wp-content\/uploads\/2021\/06\/hulki-okan-tabak-gfF7f-hriJU-unsplash-768x484.jpg 768w, https:\/\/www.nuevavisionopticas.com.ar\/blog-de-optica\/wp-content\/uploads\/2021\/06\/hulki-okan-tabak-gfF7f-hriJU-unsplash-1536x968.jpg 1536w, https:\/\/www.nuevavisionopticas.com.ar\/blog-de-optica\/wp-content\/uploads\/2021\/06\/hulki-okan-tabak-gfF7f-hriJU-unsplash-2048x1291.jpg 2048w, https:\/\/www.nuevavisionopticas.com.ar\/blog-de-optica\/wp-content\/uploads\/2021\/06\/hulki-okan-tabak-gfF7f-hriJU-unsplash-scaled.jpg 1600w\" sizes=\"(max-width: 1024px) 100vw, 1024px\" \/><\/noscript><figcaption>Salud visual: los controles que hay que tener en cuenta para la vuelta a clases <\/figcaption><\/figure>\n\n\n\n<h2 class=\"wp-block-heading\"><strong>Recomendaciones<\/strong><\/h2>\n\n\n\n<p>Se recomiendan controles rutinarios en las siguientes edades:<\/p>\n\n\n\n<ul class=\"wp-block-list\"><li>Primeros meses de vida para descartar enfermedades cong\u00e9nitas y patolog\u00eda tumoral.<\/li><\/ul>\n\n\n\n<ul class=\"wp-block-list\"><li>De 1 a 3 a\u00f1os para consultas por estrabismo y ojo vago.<\/li><\/ul>\n\n\n\n<ul class=\"wp-block-list\"><li>A partir de los 4 a\u00f1os para detectar problemas de agudeza visual y defectos de refracci\u00f3n que de no ser detectados pueden llevar al peque\u00f1o al fracaso escolar.<\/li><\/ul>\n\n\n\n<figure class=\"wp-block-image size-large\"><img decoding=\"async\" src=\"data:image\/svg+xml,%3Csvg%20xmlns='http:\/\/www.w3.org\/2000\/svg'%20viewBox='0%200%20370%20247'%3E%3C\/svg%3E\" data-lazy-src=\"http:\/\/www.nuevavisionopticas.com.ar\/blog-de-optica\/wp-content\/uploads\/2021\/06\/pexels-andrea-piacquadio-3755707-1024x683.jpg\" alt=\"Salud visual a toda edad: correcciones \u00f3pticas y elecci\u00f3n de anteojos\" class=\"zeen-lazy-load-base zeen-lazy-load wp-image-2570\"\/><noscript><img decoding=\"async\" width=\"1024\" height=\"683\" src=\"http:\/\/www.nuevavisionopticas.com.ar\/blog-de-optica\/wp-content\/uploads\/2021\/06\/pexels-andrea-piacquadio-3755707-1024x683.jpg\" alt=\"Salud visual a toda edad: correcciones \u00f3pticas y elecci\u00f3n de anteojos\" class=\"wp-image-2570\" srcset=\"https:\/\/www.nuevavisionopticas.com.ar\/blog-de-optica\/wp-content\/uploads\/2021\/06\/pexels-andrea-piacquadio-3755707-1024x683.jpg 1024w, https:\/\/www.nuevavisionopticas.com.ar\/blog-de-optica\/wp-content\/uploads\/2021\/06\/pexels-andrea-piacquadio-3755707-300x200.jpg 300w, https:\/\/www.nuevavisionopticas.com.ar\/blog-de-optica\/wp-content\/uploads\/2021\/06\/pexels-andrea-piacquadio-3755707-768x512.jpg 768w, https:\/\/www.nuevavisionopticas.com.ar\/blog-de-optica\/wp-content\/uploads\/2021\/06\/pexels-andrea-piacquadio-3755707-1536x1024.jpg 1536w, https:\/\/www.nuevavisionopticas.com.ar\/blog-de-optica\/wp-content\/uploads\/2021\/06\/pexels-andrea-piacquadio-3755707-2048x1365.jpg 2048w, https:\/\/www.nuevavisionopticas.com.ar\/blog-de-optica\/wp-content\/uploads\/2021\/06\/pexels-andrea-piacquadio-3755707-scaled.jpg 1600w\" sizes=\"(max-width: 1024px) 100vw, 1024px\" \/><\/noscript><figcaption>Salud visual a toda edad: correcciones \u00f3pticas y elecci\u00f3n de anteojos <\/figcaption><\/figure>\n\n\n\n<h2 class=\"wp-block-heading\"><strong>En los ni\u00f1os de edad escolar hay que prestar atenci\u00f3n a los siguientes signos:<\/strong><\/h2>\n\n\n\n<ul class=\"wp-block-list\"><li>Poca habilidad para ver los objetos a distancia, como leer el pizarr\u00f3n.<\/li><\/ul>\n\n\n\n<ul class=\"wp-block-list\"><li>Cruza o entrecierra los ojos.<\/li><\/ul>\n\n\n\n<ul class=\"wp-block-list\"><li>Presenta dificultad para leer o hacer trabajos de cerca.<\/li><\/ul>\n\n\n\n<ul class=\"wp-block-list\"><li>Se sienta demasiado cerca de la televisi\u00f3n.<\/li><\/ul>\n\n\n\n<ul class=\"wp-block-list\"><li>Manifiesta dolores de cabeza luego de periodos de lectura.<\/li><\/ul>\n\n\n\n<ul class=\"wp-block-list\"><li>Pesta\u00f1ea m\u00e1s de lo normal.<\/li><\/ul>\n\n\n\n<ul class=\"wp-block-list\"><li>Se frota mucho los ojos.<\/li><\/ul>\n\n\n\n<ul class=\"wp-block-list\"><li>Cierra un ojo o se lo tapa para ver mejor.<\/li><\/ul>\n\n\n\n<ul class=\"wp-block-list\"><li>Presenta ojos enrojecidos o llorosos<\/li><\/ul>\n\n\n\n<ul class=\"wp-block-list\"><li>Tiene excesiva sensibilidad a la luz<\/li><\/ul>\n\n\n\n<ul class=\"wp-block-list\"><li>Tiene una mala percepci\u00f3n visual, por ejemplo, confunde la \u201ca\u201d con la \u201ce\u201d, la \u201cu\u201d y la \u201cn\u201d.<\/li><\/ul>\n\n\n\n<figure class=\"wp-block-image size-large\"><img decoding=\"async\" src=\"data:image\/svg+xml,%3Csvg%20xmlns='http:\/\/www.w3.org\/2000\/svg'%20viewBox='0%200%20370%20247'%3E%3C\/svg%3E\" data-lazy-src=\"https:\/\/www.nuevavisionopticas.com.ar\/blog-de-optica\/wp-content\/uploads\/2021\/06\/adam-winger-6Yj_VFHjW6M-unsplash-1024x835.jpg\" alt=\"Salud visual: los controles que hay que tener en cuenta para la vuelta a clases \" class=\"zeen-lazy-load-base zeen-lazy-load wp-image-2578\"\/><noscript><img decoding=\"async\" width=\"1024\" height=\"835\" src=\"https:\/\/www.nuevavisionopticas.com.ar\/blog-de-optica\/wp-content\/uploads\/2021\/06\/adam-winger-6Yj_VFHjW6M-unsplash-1024x835.jpg\" alt=\"Salud visual: los controles que hay que tener en cuenta para la vuelta a clases \" class=\"wp-image-2578\" srcset=\"https:\/\/www.nuevavisionopticas.com.ar\/blog-de-optica\/wp-content\/uploads\/2021\/06\/adam-winger-6Yj_VFHjW6M-unsplash-1024x835.jpg 1024w, https:\/\/www.nuevavisionopticas.com.ar\/blog-de-optica\/wp-content\/uploads\/2021\/06\/adam-winger-6Yj_VFHjW6M-unsplash-300x245.jpg 300w, https:\/\/www.nuevavisionopticas.com.ar\/blog-de-optica\/wp-content\/uploads\/2021\/06\/adam-winger-6Yj_VFHjW6M-unsplash-768x627.jpg 768w, https:\/\/www.nuevavisionopticas.com.ar\/blog-de-optica\/wp-content\/uploads\/2021\/06\/adam-winger-6Yj_VFHjW6M-unsplash-1536x1253.jpg 1536w, https:\/\/www.nuevavisionopticas.com.ar\/blog-de-optica\/wp-content\/uploads\/2021\/06\/adam-winger-6Yj_VFHjW6M-unsplash-2048x1671.jpg 2048w, https:\/\/www.nuevavisionopticas.com.ar\/blog-de-optica\/wp-content\/uploads\/2021\/06\/adam-winger-6Yj_VFHjW6M-unsplash-scaled.jpg 1600w\" sizes=\"(max-width: 1024px) 100vw, 1024px\" \/><\/noscript><figcaption>Salud visual: los controles que hay que tener en cuenta para la vuelta a clases <\/figcaption><\/figure>\n\n\n\n<h2 class=\"wp-block-heading\"><strong>Si luego del control visual el ni\u00f1o necesita usar correcci\u00f3n, \u00bfqu\u00e9 es importante tener en cuenta?<\/strong><\/h2>\n\n\n\n<ul class=\"wp-block-list\"><li>Siempre adquir\u00ed el <strong>anteojos <\/strong>o <strong>lentes de contacto<\/strong>, seg\u00fan la indicaci\u00f3n, en una <strong>\u00f3ptica habilitada<\/strong>, atendida por el <strong>\u00d3ptico<\/strong>-Contact\u00f3logo <strong>matriculado<\/strong>.<\/li><\/ul>\n\n\n\n<ul class=\"wp-block-list\"><li>El asesoramiento en cuanto a la forma, tama\u00f1o y material de la montura es muy importante, as\u00ed como la del material y tratamientos existentes de los <strong>cristales<\/strong>.<\/li><\/ul>\n\n\n\n<ul class=\"wp-block-list\"><li>Es importante que el ni\u00f1o participe en la elecci\u00f3n de su <strong>anteojo<\/strong>, ya que si se siente a gusto lo usar\u00e1 sin problemas.<\/li><\/ul>\n\n\n\n<ul class=\"wp-block-list\"><li>Una vez seleccionado el armaz\u00f3n, el profesional lo adaptar\u00e1 al rostro del peque\u00f1o para su perfecto centrado en la realizaci\u00f3n del trabajo.<\/li><\/ul>\n\n\n\n<ul class=\"wp-block-list\"><li>Debemos ense\u00f1arles a los m\u00e1s chicos cu\u00e1les son las mejores t\u00e9cnicas para <strong>limpiar sus anteojos<\/strong>, de manera que no se estropeen y siempre se encuentren higienizados; tener los <strong>anteojos <\/strong>y las <strong>lentes <\/strong>limpias ayudan a cuidar la <strong>salud visual <\/strong>y a no contraer enfermedades infecciosas como, por ejemplo, <strong>COVID-19<\/strong>.<\/li><\/ul>\n\n\n\n<ul class=\"wp-block-list\"><li>Al entregar el anteojo se sugerir\u00e1n t\u00e9cnicas de mantenimiento. Se recomendar\u00e1 la visita peri\u00f3dica para mantenimiento del mismo (ajuste de tornillos, cambio de plaquetas entre otros).<\/li><\/ul>\n\n\n\n<p>Fuente: <a rel=\"noreferrer noopener\" href=\"https:\/\/laverdadonline.com\/salud-visual-los-controles-que-hay-que-tener-en-cuenta-para-la-vuelta-a-clases\/\" target=\"_blank\">La Verdad Online<\/a><\/p>\n\n\n\n<p>Te esperamos en nuestras sucursales de <a href=\"https:\/\/nuevavisionopticas.com.ar\/ubicaciones-nueva-vision-opticas.html\"><strong>Nueva Visi\u00f3n&nbsp;\u00d3pticas<\/strong><\/a> en <a href=\"https:\/\/www.nuevavisionopticas.com.ar\/optica-san-isidro.html\">San Isidro<\/a>, <a href=\"https:\/\/www.nuevavisionopticas.com.ar\/optica-las-lomas-de-san-isidro.html\">Lomas de San Isidro<\/a>, <a href=\"https:\/\/www.nuevavisionopticas.com.ar\/optica-martinez.html\">Mart\u00ednez<\/a>, <a href=\"https:\/\/www.nuevavisionopticas.com.ar\/optica-la-lucila.html\">La Lucila<\/a>, <a href=\"https:\/\/www.nuevavisionopticas.com.ar\/optica-recoleta.html\">Recoleta<\/a>, <a href=\"https:\/\/www.nuevavisionopticas.com.ar\/optica-barrio-norte.html\">Barrio Norte<\/a> y <a href=\"https:\/\/www.nuevavisionopticas.com.ar\/optica-belgrano.html\">Belgrano<\/a> para ayudarte a vos y a tu hijo a elegir sus nuevos anteojos.<\/p>\n","protected":false},"excerpt":{"rendered":"<p>El 80 % de lo que los ni\u00f1os aprenden durante sus primeros a\u00f1os de vida es a trav\u00e9s de sus ojos. La vuelta al colegio es un buen momento para prestar atenci\u00f3n a los ojos de los m\u00e1s chicos, ya que generalmente se supone que un ni\u00f1o tiene problemas de aprendizaje o atenci\u00f3n, cuando en realidad el motivo puede ser alg\u00fan problema en su visi\u00f3n. Seg\u00fan inform\u00f3 el Colegio de \u00d3pticos de la provincia de Buenos Aires, el 80 % [&hellip;]<\/p>\n","protected":false},"author":1,"featured_media":2019,"comment_status":"open","ping_status":"open","sticky":false,"template":"","format":"standard","meta":{"_monsterinsights_skip_tracking":false,"_monsterinsights_sitenote_active":false,"_monsterinsights_sitenote_note":"","_monsterinsights_sitenote_category":0,"footnotes":""},"categories":[7,9,19],"tags":[],"class_list":["post-2576","post","type-post","status-publish","format-standard","has-post-thumbnail","hentry","category-anteojos-infantiles","category-anteojos-para-ninos","category-salud-visual"],"yoast_head":"<!-- This site is optimized with the Yoast SEO plugin v27.3 - https:\/\/yoast.com\/product\/yoast-seo-wordpress\/ -->\n<title>Salud visual: los controles que hay que tener en cuenta para la vuelta a clases &#8211; Blog de \u00f3ptica<\/title>\n<meta name=\"robots\" content=\"index, follow, max-snippet:-1, max-image-preview:large, max-video-preview:-1\" \/>\n<link rel=\"canonical\" href=\"https:\/\/www.nuevavisionopticas.com.ar\/blog-de-optica\/2021\/06\/salud-visual-los-controles-que-hay-que-tener-en-cuenta-para-la-vuelta-a-clases\/\" \/>\n<meta property=\"og:locale\" content=\"es_ES\" \/>\n<meta property=\"og:type\" content=\"article\" \/>\n<meta property=\"og:title\" content=\"Salud visual: los controles que hay que tener en cuenta para la vuelta a clases &#8211; Blog de \u00f3ptica\" \/>\n<meta property=\"og:description\" content=\"El 80 % de lo que los ni\u00f1os aprenden durante sus primeros a\u00f1os de vida es a trav\u00e9s de sus ojos. La vuelta al colegio es un buen momento para prestar atenci\u00f3n a los ojos de los m\u00e1s chicos, ya que generalmente se supone que un ni\u00f1o tiene problemas de aprendizaje o atenci\u00f3n, cuando en realidad el motivo puede ser alg\u00fan problema en su visi\u00f3n. Seg\u00fan inform\u00f3 el Colegio de \u00d3pticos de la provincia de Buenos Aires, el 80 % [&hellip;]\" \/>\n<meta property=\"og:url\" content=\"https:\/\/www.nuevavisionopticas.com.ar\/blog-de-optica\/2021\/06\/salud-visual-los-controles-que-hay-que-tener-en-cuenta-para-la-vuelta-a-clases\/\" \/>\n<meta property=\"og:site_name\" content=\"Blog de \u00f3ptica\" \/>\n<meta property=\"article:publisher\" content=\"https:\/\/www.facebook.com\/nuevavisionarg\" \/>\n<meta property=\"article:published_time\" content=\"2021-06-24T17:12:22+00:00\" \/>\n<meta property=\"article:modified_time\" content=\"2021-07-05T16:44:38+00:00\" \/>\n<meta property=\"og:image\" content=\"https:\/\/www.nuevavisionopticas.com.ar\/blog-de-optica\/wp-content\/uploads\/2019\/03\/adorable-blur-bookcase-261895.jpg\" \/>\n\t<meta property=\"og:image:width\" content=\"1600\" \/>\n\t<meta property=\"og:image:height\" content=\"1060\" \/>\n\t<meta property=\"og:image:type\" content=\"image\/jpeg\" \/>\n<meta name=\"author\" content=\"admin_optica\" \/>\n<meta name=\"twitter:card\" content=\"summary_large_image\" \/>\n<meta name=\"twitter:label1\" content=\"Escrito por\" \/>\n\t<meta name=\"twitter:data1\" content=\"admin_optica\" \/>\n\t<meta name=\"twitter:label2\" content=\"Tiempo de lectura\" \/>\n\t<meta name=\"twitter:data2\" content=\"4 minutos\" \/>\n<script type=\"application\/ld+json\" class=\"yoast-schema-graph\">{\"@context\":\"https:\\\/\\\/schema.org\",\"@graph\":[{\"@type\":\"Article\",\"@id\":\"https:\\\/\\\/www.nuevavisionopticas.com.ar\\\/blog-de-optica\\\/2021\\\/06\\\/salud-visual-los-controles-que-hay-que-tener-en-cuenta-para-la-vuelta-a-clases\\\/#article\",\"isPartOf\":{\"@id\":\"https:\\\/\\\/www.nuevavisionopticas.com.ar\\\/blog-de-optica\\\/2021\\\/06\\\/salud-visual-los-controles-que-hay-que-tener-en-cuenta-para-la-vuelta-a-clases\\\/\"},\"author\":{\"name\":\"admin_optica\",\"@id\":\"https:\\\/\\\/www.nuevavisionopticas.com.ar\\\/blog-de-optica\\\/#\\\/schema\\\/person\\\/2d6fbd00282cbc8fdd54058894af4341\"},\"headline\":\"Salud visual: los controles que hay que tener en cuenta para la vuelta a clases\",\"datePublished\":\"2021-06-24T17:12:22+00:00\",\"dateModified\":\"2021-07-05T16:44:38+00:00\",\"mainEntityOfPage\":{\"@id\":\"https:\\\/\\\/www.nuevavisionopticas.com.ar\\\/blog-de-optica\\\/2021\\\/06\\\/salud-visual-los-controles-que-hay-que-tener-en-cuenta-para-la-vuelta-a-clases\\\/\"},\"wordCount\":727,\"commentCount\":0,\"publisher\":{\"@id\":\"https:\\\/\\\/www.nuevavisionopticas.com.ar\\\/blog-de-optica\\\/#organization\"},\"image\":{\"@id\":\"https:\\\/\\\/www.nuevavisionopticas.com.ar\\\/blog-de-optica\\\/2021\\\/06\\\/salud-visual-los-controles-que-hay-que-tener-en-cuenta-para-la-vuelta-a-clases\\\/#primaryimage\"},\"thumbnailUrl\":\"https:\\\/\\\/www.nuevavisionopticas.com.ar\\\/blog-de-optica\\\/wp-content\\\/uploads\\\/2019\\\/03\\\/adorable-blur-bookcase-261895.jpg\",\"articleSection\":[\"anteojos infantiles\",\"Anteojos para Ni\u00f1os\",\"Salud Visual\"],\"inLanguage\":\"es\",\"potentialAction\":[{\"@type\":\"CommentAction\",\"name\":\"Comment\",\"target\":[\"https:\\\/\\\/www.nuevavisionopticas.com.ar\\\/blog-de-optica\\\/2021\\\/06\\\/salud-visual-los-controles-que-hay-que-tener-en-cuenta-para-la-vuelta-a-clases\\\/#respond\"]}]},{\"@type\":\"WebPage\",\"@id\":\"https:\\\/\\\/www.nuevavisionopticas.com.ar\\\/blog-de-optica\\\/2021\\\/06\\\/salud-visual-los-controles-que-hay-que-tener-en-cuenta-para-la-vuelta-a-clases\\\/\",\"url\":\"https:\\\/\\\/www.nuevavisionopticas.com.ar\\\/blog-de-optica\\\/2021\\\/06\\\/salud-visual-los-controles-que-hay-que-tener-en-cuenta-para-la-vuelta-a-clases\\\/\",\"name\":\"Salud visual: los controles que hay que tener en cuenta para la vuelta a clases &#8211; Blog de \u00f3ptica\",\"isPartOf\":{\"@id\":\"https:\\\/\\\/www.nuevavisionopticas.com.ar\\\/blog-de-optica\\\/#website\"},\"primaryImageOfPage\":{\"@id\":\"https:\\\/\\\/www.nuevavisionopticas.com.ar\\\/blog-de-optica\\\/2021\\\/06\\\/salud-visual-los-controles-que-hay-que-tener-en-cuenta-para-la-vuelta-a-clases\\\/#primaryimage\"},\"image\":{\"@id\":\"https:\\\/\\\/www.nuevavisionopticas.com.ar\\\/blog-de-optica\\\/2021\\\/06\\\/salud-visual-los-controles-que-hay-que-tener-en-cuenta-para-la-vuelta-a-clases\\\/#primaryimage\"},\"thumbnailUrl\":\"https:\\\/\\\/www.nuevavisionopticas.com.ar\\\/blog-de-optica\\\/wp-content\\\/uploads\\\/2019\\\/03\\\/adorable-blur-bookcase-261895.jpg\",\"datePublished\":\"2021-06-24T17:12:22+00:00\",\"dateModified\":\"2021-07-05T16:44:38+00:00\",\"breadcrumb\":{\"@id\":\"https:\\\/\\\/www.nuevavisionopticas.com.ar\\\/blog-de-optica\\\/2021\\\/06\\\/salud-visual-los-controles-que-hay-que-tener-en-cuenta-para-la-vuelta-a-clases\\\/#breadcrumb\"},\"inLanguage\":\"es\",\"potentialAction\":[{\"@type\":\"ReadAction\",\"target\":[\"https:\\\/\\\/www.nuevavisionopticas.com.ar\\\/blog-de-optica\\\/2021\\\/06\\\/salud-visual-los-controles-que-hay-que-tener-en-cuenta-para-la-vuelta-a-clases\\\/\"]}]},{\"@type\":\"ImageObject\",\"inLanguage\":\"es\",\"@id\":\"https:\\\/\\\/www.nuevavisionopticas.com.ar\\\/blog-de-optica\\\/2021\\\/06\\\/salud-visual-los-controles-que-hay-que-tener-en-cuenta-para-la-vuelta-a-clases\\\/#primaryimage\",\"url\":\"https:\\\/\\\/www.nuevavisionopticas.com.ar\\\/blog-de-optica\\\/wp-content\\\/uploads\\\/2019\\\/03\\\/adorable-blur-bookcase-261895.jpg\",\"contentUrl\":\"https:\\\/\\\/www.nuevavisionopticas.com.ar\\\/blog-de-optica\\\/wp-content\\\/uploads\\\/2019\\\/03\\\/adorable-blur-bookcase-261895.jpg\",\"width\":1600,\"height\":1060},{\"@type\":\"BreadcrumbList\",\"@id\":\"https:\\\/\\\/www.nuevavisionopticas.com.ar\\\/blog-de-optica\\\/2021\\\/06\\\/salud-visual-los-controles-que-hay-que-tener-en-cuenta-para-la-vuelta-a-clases\\\/#breadcrumb\",\"itemListElement\":[{\"@type\":\"ListItem\",\"position\":1,\"name\":\"Portada\",\"item\":\"https:\\\/\\\/www.nuevavisionopticas.com.ar\\\/blog-de-optica\\\/\"},{\"@type\":\"ListItem\",\"position\":2,\"name\":\"Salud visual: los controles que hay que tener en cuenta para la vuelta a clases\"}]},{\"@type\":\"WebSite\",\"@id\":\"https:\\\/\\\/www.nuevavisionopticas.com.ar\\\/blog-de-optica\\\/#website\",\"url\":\"https:\\\/\\\/www.nuevavisionopticas.com.ar\\\/blog-de-optica\\\/\",\"name\":\"Blog de \u00f3ptica\",\"description\":\"Nueva Visi\u00f3n \u00d3pticas\",\"publisher\":{\"@id\":\"https:\\\/\\\/www.nuevavisionopticas.com.ar\\\/blog-de-optica\\\/#organization\"},\"potentialAction\":[{\"@type\":\"SearchAction\",\"target\":{\"@type\":\"EntryPoint\",\"urlTemplate\":\"https:\\\/\\\/www.nuevavisionopticas.com.ar\\\/blog-de-optica\\\/?s={search_term_string}\"},\"query-input\":{\"@type\":\"PropertyValueSpecification\",\"valueRequired\":true,\"valueName\":\"search_term_string\"}}],\"inLanguage\":\"es\"},{\"@type\":\"Organization\",\"@id\":\"https:\\\/\\\/www.nuevavisionopticas.com.ar\\\/blog-de-optica\\\/#organization\",\"name\":\"Nueva Visi\u00f3n \u00d3pticas\",\"url\":\"https:\\\/\\\/www.nuevavisionopticas.com.ar\\\/blog-de-optica\\\/\",\"logo\":{\"@type\":\"ImageObject\",\"inLanguage\":\"es\",\"@id\":\"https:\\\/\\\/www.nuevavisionopticas.com.ar\\\/blog-de-optica\\\/#\\\/schema\\\/logo\\\/image\\\/\",\"url\":\"https:\\\/\\\/www.nuevavisionopticas.com.ar\\\/blog-de-optica\\\/wp-content\\\/uploads\\\/2021\\\/07\\\/logo-blanco-nueva-vision.png\",\"contentUrl\":\"https:\\\/\\\/www.nuevavisionopticas.com.ar\\\/blog-de-optica\\\/wp-content\\\/uploads\\\/2021\\\/07\\\/logo-blanco-nueva-vision.png\",\"width\":181,\"height\":46,\"caption\":\"Nueva Visi\u00f3n \u00d3pticas\"},\"image\":{\"@id\":\"https:\\\/\\\/www.nuevavisionopticas.com.ar\\\/blog-de-optica\\\/#\\\/schema\\\/logo\\\/image\\\/\"},\"sameAs\":[\"https:\\\/\\\/www.facebook.com\\\/nuevavisionarg\",\"https:\\\/\\\/www.instagram.com\\\/nuevavisionarg\"]},{\"@type\":\"Person\",\"@id\":\"https:\\\/\\\/www.nuevavisionopticas.com.ar\\\/blog-de-optica\\\/#\\\/schema\\\/person\\\/2d6fbd00282cbc8fdd54058894af4341\",\"name\":\"admin_optica\",\"image\":{\"@type\":\"ImageObject\",\"inLanguage\":\"es\",\"@id\":\"https:\\\/\\\/secure.gravatar.com\\\/avatar\\\/e33974a79b80e7fe593e5cf53cb2160fcb165380bed6475ed9144c295430f76c?s=96&d=mm&r=g\",\"url\":\"https:\\\/\\\/secure.gravatar.com\\\/avatar\\\/e33974a79b80e7fe593e5cf53cb2160fcb165380bed6475ed9144c295430f76c?s=96&d=mm&r=g\",\"contentUrl\":\"https:\\\/\\\/secure.gravatar.com\\\/avatar\\\/e33974a79b80e7fe593e5cf53cb2160fcb165380bed6475ed9144c295430f76c?s=96&d=mm&r=g\",\"caption\":\"admin_optica\"}}]}<\/script>\n<!-- \/ Yoast SEO plugin. -->","yoast_head_json":{"title":"Salud visual: los controles que hay que tener en cuenta para la vuelta a clases &#8211; Blog de \u00f3ptica","robots":{"index":"index","follow":"follow","max-snippet":"max-snippet:-1","max-image-preview":"max-image-preview:large","max-video-preview":"max-video-preview:-1"},"canonical":"https:\/\/www.nuevavisionopticas.com.ar\/blog-de-optica\/2021\/06\/salud-visual-los-controles-que-hay-que-tener-en-cuenta-para-la-vuelta-a-clases\/","og_locale":"es_ES","og_type":"article","og_title":"Salud visual: los controles que hay que tener en cuenta para la vuelta a clases &#8211; Blog de \u00f3ptica","og_description":"El 80 % de lo que los ni\u00f1os aprenden durante sus primeros a\u00f1os de vida es a trav\u00e9s de sus ojos. La vuelta al colegio es un buen momento para prestar atenci\u00f3n a los ojos de los m\u00e1s chicos, ya que generalmente se supone que un ni\u00f1o tiene problemas de aprendizaje o atenci\u00f3n, cuando en realidad el motivo puede ser alg\u00fan problema en su visi\u00f3n. Seg\u00fan inform\u00f3 el Colegio de \u00d3pticos de la provincia de Buenos Aires, el 80 % [&hellip;]","og_url":"https:\/\/www.nuevavisionopticas.com.ar\/blog-de-optica\/2021\/06\/salud-visual-los-controles-que-hay-que-tener-en-cuenta-para-la-vuelta-a-clases\/","og_site_name":"Blog de \u00f3ptica","article_publisher":"https:\/\/www.facebook.com\/nuevavisionarg","article_published_time":"2021-06-24T17:12:22+00:00","article_modified_time":"2021-07-05T16:44:38+00:00","og_image":[{"width":1600,"height":1060,"url":"https:\/\/www.nuevavisionopticas.com.ar\/blog-de-optica\/wp-content\/uploads\/2019\/03\/adorable-blur-bookcase-261895.jpg","type":"image\/jpeg"}],"author":"admin_optica","twitter_card":"summary_large_image","twitter_misc":{"Escrito por":"admin_optica","Tiempo de lectura":"4 minutos"},"schema":{"@context":"https:\/\/schema.org","@graph":[{"@type":"Article","@id":"https:\/\/www.nuevavisionopticas.com.ar\/blog-de-optica\/2021\/06\/salud-visual-los-controles-que-hay-que-tener-en-cuenta-para-la-vuelta-a-clases\/#article","isPartOf":{"@id":"https:\/\/www.nuevavisionopticas.com.ar\/blog-de-optica\/2021\/06\/salud-visual-los-controles-que-hay-que-tener-en-cuenta-para-la-vuelta-a-clases\/"},"author":{"name":"admin_optica","@id":"https:\/\/www.nuevavisionopticas.com.ar\/blog-de-optica\/#\/schema\/person\/2d6fbd00282cbc8fdd54058894af4341"},"headline":"Salud visual: los controles que hay que tener en cuenta para la vuelta a clases","datePublished":"2021-06-24T17:12:22+00:00","dateModified":"2021-07-05T16:44:38+00:00","mainEntityOfPage":{"@id":"https:\/\/www.nuevavisionopticas.com.ar\/blog-de-optica\/2021\/06\/salud-visual-los-controles-que-hay-que-tener-en-cuenta-para-la-vuelta-a-clases\/"},"wordCount":727,"commentCount":0,"publisher":{"@id":"https:\/\/www.nuevavisionopticas.com.ar\/blog-de-optica\/#organization"},"image":{"@id":"https:\/\/www.nuevavisionopticas.com.ar\/blog-de-optica\/2021\/06\/salud-visual-los-controles-que-hay-que-tener-en-cuenta-para-la-vuelta-a-clases\/#primaryimage"},"thumbnailUrl":"https:\/\/www.nuevavisionopticas.com.ar\/blog-de-optica\/wp-content\/uploads\/2019\/03\/adorable-blur-bookcase-261895.jpg","articleSection":["anteojos infantiles","Anteojos para Ni\u00f1os","Salud Visual"],"inLanguage":"es","potentialAction":[{"@type":"CommentAction","name":"Comment","target":["https:\/\/www.nuevavisionopticas.com.ar\/blog-de-optica\/2021\/06\/salud-visual-los-controles-que-hay-que-tener-en-cuenta-para-la-vuelta-a-clases\/#respond"]}]},{"@type":"WebPage","@id":"https:\/\/www.nuevavisionopticas.com.ar\/blog-de-optica\/2021\/06\/salud-visual-los-controles-que-hay-que-tener-en-cuenta-para-la-vuelta-a-clases\/","url":"https:\/\/www.nuevavisionopticas.com.ar\/blog-de-optica\/2021\/06\/salud-visual-los-controles-que-hay-que-tener-en-cuenta-para-la-vuelta-a-clases\/","name":"Salud visual: los controles que hay que tener en cuenta para la vuelta a clases &#8211; Blog de \u00f3ptica","isPartOf":{"@id":"https:\/\/www.nuevavisionopticas.com.ar\/blog-de-optica\/#website"},"primaryImageOfPage":{"@id":"https:\/\/www.nuevavisionopticas.com.ar\/blog-de-optica\/2021\/06\/salud-visual-los-controles-que-hay-que-tener-en-cuenta-para-la-vuelta-a-clases\/#primaryimage"},"image":{"@id":"https:\/\/www.nuevavisionopticas.com.ar\/blog-de-optica\/2021\/06\/salud-visual-los-controles-que-hay-que-tener-en-cuenta-para-la-vuelta-a-clases\/#primaryimage"},"thumbnailUrl":"https:\/\/www.nuevavisionopticas.com.ar\/blog-de-optica\/wp-content\/uploads\/2019\/03\/adorable-blur-bookcase-261895.jpg","datePublished":"2021-06-24T17:12:22+00:00","dateModified":"2021-07-05T16:44:38+00:00","breadcrumb":{"@id":"https:\/\/www.nuevavisionopticas.com.ar\/blog-de-optica\/2021\/06\/salud-visual-los-controles-que-hay-que-tener-en-cuenta-para-la-vuelta-a-clases\/#breadcrumb"},"inLanguage":"es","potentialAction":[{"@type":"ReadAction","target":["https:\/\/www.nuevavisionopticas.com.ar\/blog-de-optica\/2021\/06\/salud-visual-los-controles-que-hay-que-tener-en-cuenta-para-la-vuelta-a-clases\/"]}]},{"@type":"ImageObject","inLanguage":"es","@id":"https:\/\/www.nuevavisionopticas.com.ar\/blog-de-optica\/2021\/06\/salud-visual-los-controles-que-hay-que-tener-en-cuenta-para-la-vuelta-a-clases\/#primaryimage","url":"https:\/\/www.nuevavisionopticas.com.ar\/blog-de-optica\/wp-content\/uploads\/2019\/03\/adorable-blur-bookcase-261895.jpg","contentUrl":"https:\/\/www.nuevavisionopticas.com.ar\/blog-de-optica\/wp-content\/uploads\/2019\/03\/adorable-blur-bookcase-261895.jpg","width":1600,"height":1060},{"@type":"BreadcrumbList","@id":"https:\/\/www.nuevavisionopticas.com.ar\/blog-de-optica\/2021\/06\/salud-visual-los-controles-que-hay-que-tener-en-cuenta-para-la-vuelta-a-clases\/#breadcrumb","itemListElement":[{"@type":"ListItem","position":1,"name":"Portada","item":"https:\/\/www.nuevavisionopticas.com.ar\/blog-de-optica\/"},{"@type":"ListItem","position":2,"name":"Salud visual: los controles que hay que tener en cuenta para la vuelta a clases"}]},{"@type":"WebSite","@id":"https:\/\/www.nuevavisionopticas.com.ar\/blog-de-optica\/#website","url":"https:\/\/www.nuevavisionopticas.com.ar\/blog-de-optica\/","name":"Blog de \u00f3ptica","description":"Nueva Visi\u00f3n \u00d3pticas","publisher":{"@id":"https:\/\/www.nuevavisionopticas.com.ar\/blog-de-optica\/#organization"},"potentialAction":[{"@type":"SearchAction","target":{"@type":"EntryPoint","urlTemplate":"https:\/\/www.nuevavisionopticas.com.ar\/blog-de-optica\/?s={search_term_string}"},"query-input":{"@type":"PropertyValueSpecification","valueRequired":true,"valueName":"search_term_string"}}],"inLanguage":"es"},{"@type":"Organization","@id":"https:\/\/www.nuevavisionopticas.com.ar\/blog-de-optica\/#organization","name":"Nueva Visi\u00f3n \u00d3pticas","url":"https:\/\/www.nuevavisionopticas.com.ar\/blog-de-optica\/","logo":{"@type":"ImageObject","inLanguage":"es","@id":"https:\/\/www.nuevavisionopticas.com.ar\/blog-de-optica\/#\/schema\/logo\/image\/","url":"https:\/\/www.nuevavisionopticas.com.ar\/blog-de-optica\/wp-content\/uploads\/2021\/07\/logo-blanco-nueva-vision.png","contentUrl":"https:\/\/www.nuevavisionopticas.com.ar\/blog-de-optica\/wp-content\/uploads\/2021\/07\/logo-blanco-nueva-vision.png","width":181,"height":46,"caption":"Nueva Visi\u00f3n \u00d3pticas"},"image":{"@id":"https:\/\/www.nuevavisionopticas.com.ar\/blog-de-optica\/#\/schema\/logo\/image\/"},"sameAs":["https:\/\/www.facebook.com\/nuevavisionarg","https:\/\/www.instagram.com\/nuevavisionarg"]},{"@type":"Person","@id":"https:\/\/www.nuevavisionopticas.com.ar\/blog-de-optica\/#\/schema\/person\/2d6fbd00282cbc8fdd54058894af4341","name":"admin_optica","image":{"@type":"ImageObject","inLanguage":"es","@id":"https:\/\/secure.gravatar.com\/avatar\/e33974a79b80e7fe593e5cf53cb2160fcb165380bed6475ed9144c295430f76c?s=96&d=mm&r=g","url":"https:\/\/secure.gravatar.com\/avatar\/e33974a79b80e7fe593e5cf53cb2160fcb165380bed6475ed9144c295430f76c?s=96&d=mm&r=g","contentUrl":"https:\/\/secure.gravatar.com\/avatar\/e33974a79b80e7fe593e5cf53cb2160fcb165380bed6475ed9144c295430f76c?s=96&d=mm&r=g","caption":"admin_optica"}}]}},"_links":{"self":[{"href":"https:\/\/www.nuevavisionopticas.com.ar\/blog-de-optica\/wp-json\/wp\/v2\/posts\/2576","targetHints":{"allow":["GET"]}}],"collection":[{"href":"https:\/\/www.nuevavisionopticas.com.ar\/blog-de-optica\/wp-json\/wp\/v2\/posts"}],"about":[{"href":"https:\/\/www.nuevavisionopticas.com.ar\/blog-de-optica\/wp-json\/wp\/v2\/types\/post"}],"author":[{"embeddable":true,"href":"https:\/\/www.nuevavisionopticas.com.ar\/blog-de-optica\/wp-json\/wp\/v2\/users\/1"}],"replies":[{"embeddable":true,"href":"https:\/\/www.nuevavisionopticas.com.ar\/blog-de-optica\/wp-json\/wp\/v2\/comments?post=2576"}],"version-history":[{"count":4,"href":"https:\/\/www.nuevavisionopticas.com.ar\/blog-de-optica\/wp-json\/wp\/v2\/posts\/2576\/revisions"}],"predecessor-version":[{"id":2593,"href":"https:\/\/www.nuevavisionopticas.com.ar\/blog-de-optica\/wp-json\/wp\/v2\/posts\/2576\/revisions\/2593"}],"wp:featuredmedia":[{"embeddable":true,"href":"https:\/\/www.nuevavisionopticas.com.ar\/blog-de-optica\/wp-json\/wp\/v2\/media\/2019"}],"wp:attachment":[{"href":"https:\/\/www.nuevavisionopticas.com.ar\/blog-de-optica\/wp-json\/wp\/v2\/media?parent=2576"}],"wp:term":[{"taxonomy":"category","embeddable":true,"href":"https:\/\/www.nuevavisionopticas.com.ar\/blog-de-optica\/wp-json\/wp\/v2\/categories?post=2576"},{"taxonomy":"post_tag","embeddable":true,"href":"https:\/\/www.nuevavisionopticas.com.ar\/blog-de-optica\/wp-json\/wp\/v2\/tags?post=2576"}],"curies":[{"name":"wp","href":"https:\/\/api.w.org\/{rel}","templated":true}]}}