{"id":2761,"date":"2021-10-08T11:54:27","date_gmt":"2021-10-08T14:54:27","guid":{"rendered":"https:\/\/www.nuevavisionopticas.com.ar\/blog-de-optica\/?p=2761"},"modified":"2021-10-08T11:54:30","modified_gmt":"2021-10-08T14:54:30","slug":"optica-nueva-vision-san-isidro","status":"publish","type":"post","link":"https:\/\/www.nuevavisionopticas.com.ar\/blog-de-optica\/2021\/10\/optica-nueva-vision-san-isidro\/","title":{"rendered":"\u00d3ptica Nueva Visi\u00f3n San Isidro"},"content":{"rendered":"\n<figure class=\"wp-block-image size-large\"><img decoding=\"async\" src=\"data:image\/svg+xml,%3Csvg%20xmlns='http:\/\/www.w3.org\/2000\/svg'%20viewBox='0%200%20370%20247'%3E%3C\/svg%3E\" data-lazy-src=\"https:\/\/www.nuevavisionopticas.com.ar\/blog-de-optica\/wp-content\/uploads\/2021\/10\/san-isidro-optica.jpg\" alt=\"\u00d3ptica Nueva Visi\u00f3n San Isidro\" class=\"zeen-lazy-load-base zeen-lazy-load wp-image-2762\"\/><noscript><img decoding=\"async\" width=\"920\" height=\"292\" src=\"https:\/\/www.nuevavisionopticas.com.ar\/blog-de-optica\/wp-content\/uploads\/2021\/10\/san-isidro-optica.jpg\" alt=\"\u00d3ptica Nueva Visi\u00f3n San Isidro\" class=\"wp-image-2762\" srcset=\"https:\/\/www.nuevavisionopticas.com.ar\/blog-de-optica\/wp-content\/uploads\/2021\/10\/san-isidro-optica.jpg 920w, https:\/\/www.nuevavisionopticas.com.ar\/blog-de-optica\/wp-content\/uploads\/2021\/10\/san-isidro-optica-300x95.jpg 300w, https:\/\/www.nuevavisionopticas.com.ar\/blog-de-optica\/wp-content\/uploads\/2021\/10\/san-isidro-optica-770x244.jpg 770w, https:\/\/www.nuevavisionopticas.com.ar\/blog-de-optica\/wp-content\/uploads\/2021\/10\/san-isidro-optica-274x87.jpg 274w, https:\/\/www.nuevavisionopticas.com.ar\/blog-de-optica\/wp-content\/uploads\/2021\/10\/san-isidro-optica-751x238.jpg 751w, https:\/\/www.nuevavisionopticas.com.ar\/blog-de-optica\/wp-content\/uploads\/2021\/10\/san-isidro-optica-390x124.jpg 390w\" sizes=\"(max-width: 920px) 100vw, 920px\" \/><\/noscript><figcaption>\u00d3ptica Nueva Visi\u00f3n San Isidro<\/figcaption><\/figure>\n\n\n\n<p>Nuestra \u00f3ptica de San Isidro cuenta con grandes espacios para su comodidad, laboratorio completo y una destacada variedad de modelos de anteojos. Conozca nuestra casa central en Chacabuco 284.<\/p>\n\n\n\n<p>En la planta baja de nuestra \u00f3ptica de San Isidro encontrar\u00e1 modernas instalaciones, importante exhibici\u00f3n de\u00a0<strong>anteojos<\/strong>\u00a0y el mejor asesoramiento para ayudarle a resolver su necesidad con la alternativa que mejor se adapte a ella.<\/p>\n\n\n\n<figure class=\"wp-block-gallery alignwide columns-2 is-cropped wp-block-gallery-1 is-layout-flex wp-block-gallery-is-layout-flex\"><ul class=\"blocks-gallery-grid\"><li class=\"blocks-gallery-item\"><figure><img decoding=\"async\" src=\"data:image\/svg+xml,%3Csvg%20xmlns='http:\/\/www.w3.org\/2000\/svg'%20viewBox='0%200%20370%20247'%3E%3C\/svg%3E\" data-lazy-src=\"http:\/\/www.nuevavisionopticas.com.ar\/blog-de-optica\/wp-content\/uploads\/2021\/10\/optica-san-isidro_ay-not-dead.jpg\" alt=\"\u00d3ptica Nueva Visi\u00f3n San Isidro\" data-id=\"2763\" data-full-url=\"http:\/\/www.nuevavisionopticas.com.ar\/blog-de-optica\/wp-content\/uploads\/2021\/10\/optica-san-isidro_ay-not-dead.jpg\" data-link=\"https:\/\/www.nuevavisionopticas.com.ar\/blog-de-optica\/?attachment_id=2763\" class=\"zeen-lazy-load-base zeen-lazy-load wp-image-2763\"\/><noscript><img decoding=\"async\" width=\"511\" height=\"341\" src=\"http:\/\/www.nuevavisionopticas.com.ar\/blog-de-optica\/wp-content\/uploads\/2021\/10\/optica-san-isidro_ay-not-dead.jpg\" alt=\"\u00d3ptica Nueva Visi\u00f3n San Isidro\" data-id=\"2763\" data-full-url=\"http:\/\/www.nuevavisionopticas.com.ar\/blog-de-optica\/wp-content\/uploads\/2021\/10\/optica-san-isidro_ay-not-dead.jpg\" data-link=\"https:\/\/www.nuevavisionopticas.com.ar\/blog-de-optica\/?attachment_id=2763\" class=\"wp-image-2763\" srcset=\"https:\/\/www.nuevavisionopticas.com.ar\/blog-de-optica\/wp-content\/uploads\/2021\/10\/optica-san-isidro_ay-not-dead.jpg 511w, https:\/\/www.nuevavisionopticas.com.ar\/blog-de-optica\/wp-content\/uploads\/2021\/10\/optica-san-isidro_ay-not-dead-300x200.jpg 300w, https:\/\/www.nuevavisionopticas.com.ar\/blog-de-optica\/wp-content\/uploads\/2021\/10\/optica-san-isidro_ay-not-dead-360x240.jpg 360w, https:\/\/www.nuevavisionopticas.com.ar\/blog-de-optica\/wp-content\/uploads\/2021\/10\/optica-san-isidro_ay-not-dead-351x234.jpg 351w, https:\/\/www.nuevavisionopticas.com.ar\/blog-de-optica\/wp-content\/uploads\/2021\/10\/optica-san-isidro_ay-not-dead-274x183.jpg 274w, https:\/\/www.nuevavisionopticas.com.ar\/blog-de-optica\/wp-content\/uploads\/2021\/10\/optica-san-isidro_ay-not-dead-120x80.jpg 120w, https:\/\/www.nuevavisionopticas.com.ar\/blog-de-optica\/wp-content\/uploads\/2021\/10\/optica-san-isidro_ay-not-dead-240x160.jpg 240w, https:\/\/www.nuevavisionopticas.com.ar\/blog-de-optica\/wp-content\/uploads\/2021\/10\/optica-san-isidro_ay-not-dead-390x260.jpg 390w\" sizes=\"(max-width: 511px) 100vw, 511px\" \/><\/noscript><figcaption class=\"blocks-gallery-item__caption\">\u00d3ptica Nueva Visi\u00f3n San Isidro<\/figcaption><\/figure><\/li><li class=\"blocks-gallery-item\"><figure><img decoding=\"async\" src=\"data:image\/svg+xml,%3Csvg%20xmlns='http:\/\/www.w3.org\/2000\/svg'%20viewBox='0%200%20370%20247'%3E%3C\/svg%3E\" data-lazy-src=\"http:\/\/www.nuevavisionopticas.com.ar\/blog-de-optica\/wp-content\/uploads\/2021\/10\/optica-san-isidro_contactologia-1.jpg\" alt=\"\u00d3ptica Nueva Visi\u00f3n San Isidro\" data-id=\"2765\" data-full-url=\"http:\/\/www.nuevavisionopticas.com.ar\/blog-de-optica\/wp-content\/uploads\/2021\/10\/optica-san-isidro_contactologia-1.jpg\" data-link=\"https:\/\/www.nuevavisionopticas.com.ar\/blog-de-optica\/?attachment_id=2765\" class=\"zeen-lazy-load-base zeen-lazy-load wp-image-2765\"\/><noscript><img decoding=\"async\" width=\"511\" height=\"341\" src=\"http:\/\/www.nuevavisionopticas.com.ar\/blog-de-optica\/wp-content\/uploads\/2021\/10\/optica-san-isidro_contactologia-1.jpg\" alt=\"\u00d3ptica Nueva Visi\u00f3n San Isidro\" data-id=\"2765\" data-full-url=\"http:\/\/www.nuevavisionopticas.com.ar\/blog-de-optica\/wp-content\/uploads\/2021\/10\/optica-san-isidro_contactologia-1.jpg\" data-link=\"https:\/\/www.nuevavisionopticas.com.ar\/blog-de-optica\/?attachment_id=2765\" class=\"wp-image-2765\" srcset=\"https:\/\/www.nuevavisionopticas.com.ar\/blog-de-optica\/wp-content\/uploads\/2021\/10\/optica-san-isidro_contactologia-1.jpg 511w, https:\/\/www.nuevavisionopticas.com.ar\/blog-de-optica\/wp-content\/uploads\/2021\/10\/optica-san-isidro_contactologia-1-300x200.jpg 300w, https:\/\/www.nuevavisionopticas.com.ar\/blog-de-optica\/wp-content\/uploads\/2021\/10\/optica-san-isidro_contactologia-1-360x240.jpg 360w, https:\/\/www.nuevavisionopticas.com.ar\/blog-de-optica\/wp-content\/uploads\/2021\/10\/optica-san-isidro_contactologia-1-351x234.jpg 351w, https:\/\/www.nuevavisionopticas.com.ar\/blog-de-optica\/wp-content\/uploads\/2021\/10\/optica-san-isidro_contactologia-1-274x183.jpg 274w, https:\/\/www.nuevavisionopticas.com.ar\/blog-de-optica\/wp-content\/uploads\/2021\/10\/optica-san-isidro_contactologia-1-120x80.jpg 120w, https:\/\/www.nuevavisionopticas.com.ar\/blog-de-optica\/wp-content\/uploads\/2021\/10\/optica-san-isidro_contactologia-1-240x160.jpg 240w, https:\/\/www.nuevavisionopticas.com.ar\/blog-de-optica\/wp-content\/uploads\/2021\/10\/optica-san-isidro_contactologia-1-390x260.jpg 390w\" sizes=\"(max-width: 511px) 100vw, 511px\" \/><\/noscript><figcaption class=\"blocks-gallery-item__caption\">\u00d3ptica Nueva Visi\u00f3n San Isidro<\/figcaption><\/figure><\/li><\/ul><\/figure>\n\n\n\n<p>En nuestro gabinete de\u00a0<strong>contactolog\u00eda<\/strong>\u00a0podr\u00e1 recibir una detallada capacitaci\u00f3n sobre la manipulaci\u00f3n de\u00a0<strong>lentes de contacto<\/strong>\u00a0y probar cu\u00e1l resulta m\u00e1s acorde para disfrutar a pleno de la visi\u00f3n natural que le proporcionan.<\/p>\n\n\n\n<figure class=\"wp-block-gallery alignwide columns-2 is-cropped wp-block-gallery-2 is-layout-flex wp-block-gallery-is-layout-flex\"><ul class=\"blocks-gallery-grid\"><li class=\"blocks-gallery-item\"><figure><img decoding=\"async\" src=\"data:image\/svg+xml,%3Csvg%20xmlns='http:\/\/www.w3.org\/2000\/svg'%20viewBox='0%200%20370%20247'%3E%3C\/svg%3E\" data-lazy-src=\"http:\/\/www.nuevavisionopticas.com.ar\/blog-de-optica\/wp-content\/uploads\/2021\/10\/optica-san-isidro_ray-ban.jpg\" alt=\"\u00d3ptica Nueva Visi\u00f3n San Isidro\" data-id=\"2768\" data-full-url=\"http:\/\/www.nuevavisionopticas.com.ar\/blog-de-optica\/wp-content\/uploads\/2021\/10\/optica-san-isidro_ray-ban.jpg\" data-link=\"https:\/\/www.nuevavisionopticas.com.ar\/blog-de-optica\/?attachment_id=2768\" class=\"zeen-lazy-load-base zeen-lazy-load wp-image-2768\"\/><noscript><img decoding=\"async\" width=\"511\" height=\"341\" src=\"http:\/\/www.nuevavisionopticas.com.ar\/blog-de-optica\/wp-content\/uploads\/2021\/10\/optica-san-isidro_ray-ban.jpg\" alt=\"\u00d3ptica Nueva Visi\u00f3n San Isidro\" data-id=\"2768\" data-full-url=\"http:\/\/www.nuevavisionopticas.com.ar\/blog-de-optica\/wp-content\/uploads\/2021\/10\/optica-san-isidro_ray-ban.jpg\" data-link=\"https:\/\/www.nuevavisionopticas.com.ar\/blog-de-optica\/?attachment_id=2768\" class=\"wp-image-2768\" srcset=\"https:\/\/www.nuevavisionopticas.com.ar\/blog-de-optica\/wp-content\/uploads\/2021\/10\/optica-san-isidro_ray-ban.jpg 511w, https:\/\/www.nuevavisionopticas.com.ar\/blog-de-optica\/wp-content\/uploads\/2021\/10\/optica-san-isidro_ray-ban-300x200.jpg 300w, https:\/\/www.nuevavisionopticas.com.ar\/blog-de-optica\/wp-content\/uploads\/2021\/10\/optica-san-isidro_ray-ban-360x240.jpg 360w, https:\/\/www.nuevavisionopticas.com.ar\/blog-de-optica\/wp-content\/uploads\/2021\/10\/optica-san-isidro_ray-ban-500x334.jpg 500w, https:\/\/www.nuevavisionopticas.com.ar\/blog-de-optica\/wp-content\/uploads\/2021\/10\/optica-san-isidro_ray-ban-351x234.jpg 351w, https:\/\/www.nuevavisionopticas.com.ar\/blog-de-optica\/wp-content\/uploads\/2021\/10\/optica-san-isidro_ray-ban-274x183.jpg 274w, https:\/\/www.nuevavisionopticas.com.ar\/blog-de-optica\/wp-content\/uploads\/2021\/10\/optica-san-isidro_ray-ban-120x80.jpg 120w, https:\/\/www.nuevavisionopticas.com.ar\/blog-de-optica\/wp-content\/uploads\/2021\/10\/optica-san-isidro_ray-ban-240x160.jpg 240w, https:\/\/www.nuevavisionopticas.com.ar\/blog-de-optica\/wp-content\/uploads\/2021\/10\/optica-san-isidro_ray-ban-390x260.jpg 390w\" sizes=\"(max-width: 511px) 100vw, 511px\" \/><\/noscript><figcaption class=\"blocks-gallery-item__caption\">\u00d3ptica Nueva Visi\u00f3n San Isidro<\/figcaption><\/figure><\/li><li class=\"blocks-gallery-item\"><figure><img decoding=\"async\" src=\"data:image\/svg+xml,%3Csvg%20xmlns='http:\/\/www.w3.org\/2000\/svg'%20viewBox='0%200%20370%20247'%3E%3C\/svg%3E\" data-lazy-src=\"http:\/\/www.nuevavisionopticas.com.ar\/blog-de-optica\/wp-content\/uploads\/2021\/10\/optica-san-isidro_vulk-rusty-1.jpg\" alt=\"\u00d3ptica Nueva Visi\u00f3n San Isidro\" data-id=\"2767\" data-full-url=\"http:\/\/www.nuevavisionopticas.com.ar\/blog-de-optica\/wp-content\/uploads\/2021\/10\/optica-san-isidro_vulk-rusty-1.jpg\" data-link=\"https:\/\/www.nuevavisionopticas.com.ar\/blog-de-optica\/?attachment_id=2767\" class=\"zeen-lazy-load-base zeen-lazy-load wp-image-2767\"\/><noscript><img decoding=\"async\" width=\"511\" height=\"341\" src=\"http:\/\/www.nuevavisionopticas.com.ar\/blog-de-optica\/wp-content\/uploads\/2021\/10\/optica-san-isidro_vulk-rusty-1.jpg\" alt=\"\u00d3ptica Nueva Visi\u00f3n San Isidro\" data-id=\"2767\" data-full-url=\"http:\/\/www.nuevavisionopticas.com.ar\/blog-de-optica\/wp-content\/uploads\/2021\/10\/optica-san-isidro_vulk-rusty-1.jpg\" data-link=\"https:\/\/www.nuevavisionopticas.com.ar\/blog-de-optica\/?attachment_id=2767\" class=\"wp-image-2767\" srcset=\"https:\/\/www.nuevavisionopticas.com.ar\/blog-de-optica\/wp-content\/uploads\/2021\/10\/optica-san-isidro_vulk-rusty-1.jpg 511w, https:\/\/www.nuevavisionopticas.com.ar\/blog-de-optica\/wp-content\/uploads\/2021\/10\/optica-san-isidro_vulk-rusty-1-300x200.jpg 300w, https:\/\/www.nuevavisionopticas.com.ar\/blog-de-optica\/wp-content\/uploads\/2021\/10\/optica-san-isidro_vulk-rusty-1-360x240.jpg 360w, https:\/\/www.nuevavisionopticas.com.ar\/blog-de-optica\/wp-content\/uploads\/2021\/10\/optica-san-isidro_vulk-rusty-1-351x234.jpg 351w, https:\/\/www.nuevavisionopticas.com.ar\/blog-de-optica\/wp-content\/uploads\/2021\/10\/optica-san-isidro_vulk-rusty-1-274x183.jpg 274w, https:\/\/www.nuevavisionopticas.com.ar\/blog-de-optica\/wp-content\/uploads\/2021\/10\/optica-san-isidro_vulk-rusty-1-120x80.jpg 120w, https:\/\/www.nuevavisionopticas.com.ar\/blog-de-optica\/wp-content\/uploads\/2021\/10\/optica-san-isidro_vulk-rusty-1-240x160.jpg 240w, https:\/\/www.nuevavisionopticas.com.ar\/blog-de-optica\/wp-content\/uploads\/2021\/10\/optica-san-isidro_vulk-rusty-1-390x260.jpg 390w\" sizes=\"(max-width: 511px) 100vw, 511px\" \/><\/noscript><figcaption class=\"blocks-gallery-item__caption\">\u00d3ptica Nueva Visi\u00f3n San Isidro<\/figcaption><\/figure><\/li><\/ul><\/figure>\n\n\n\n<p>En el primer piso de la\u00a0<strong>\u00f3ptica de San Isidro de Nueva visi\u00f3n<\/strong>\u00a0encontrar\u00e1 un\u00a0<strong>espacio VIP<\/strong>\u00a0con c\u00f3modos sillones y una significativa exhibici\u00f3n de anteojos de las marcas de mayor renombre internacional.<\/p>\n\n\n\n<figure class=\"wp-block-gallery alignwide columns-2 is-cropped wp-block-gallery-3 is-layout-flex wp-block-gallery-is-layout-flex\"><ul class=\"blocks-gallery-grid\"><li class=\"blocks-gallery-item\"><figure><img decoding=\"async\" src=\"data:image\/svg+xml,%3Csvg%20xmlns='http:\/\/www.w3.org\/2000\/svg'%20viewBox='0%200%20370%20247'%3E%3C\/svg%3E\" data-lazy-src=\"http:\/\/www.nuevavisionopticas.com.ar\/blog-de-optica\/wp-content\/uploads\/2021\/10\/nueva-vision-infantiles-1.jpg\" alt=\"\u00d3ptica Nueva Visi\u00f3n San Isidro\" data-id=\"2771\" data-full-url=\"http:\/\/www.nuevavisionopticas.com.ar\/blog-de-optica\/wp-content\/uploads\/2021\/10\/nueva-vision-infantiles-1.jpg\" data-link=\"https:\/\/www.nuevavisionopticas.com.ar\/blog-de-optica\/?attachment_id=2771\" class=\"zeen-lazy-load-base zeen-lazy-load wp-image-2771\"\/><noscript><img decoding=\"async\" width=\"511\" height=\"341\" src=\"http:\/\/www.nuevavisionopticas.com.ar\/blog-de-optica\/wp-content\/uploads\/2021\/10\/nueva-vision-infantiles-1.jpg\" alt=\"\u00d3ptica Nueva Visi\u00f3n San Isidro\" data-id=\"2771\" data-full-url=\"http:\/\/www.nuevavisionopticas.com.ar\/blog-de-optica\/wp-content\/uploads\/2021\/10\/nueva-vision-infantiles-1.jpg\" data-link=\"https:\/\/www.nuevavisionopticas.com.ar\/blog-de-optica\/?attachment_id=2771\" class=\"wp-image-2771\" srcset=\"https:\/\/www.nuevavisionopticas.com.ar\/blog-de-optica\/wp-content\/uploads\/2021\/10\/nueva-vision-infantiles-1.jpg 511w, https:\/\/www.nuevavisionopticas.com.ar\/blog-de-optica\/wp-content\/uploads\/2021\/10\/nueva-vision-infantiles-1-300x200.jpg 300w, https:\/\/www.nuevavisionopticas.com.ar\/blog-de-optica\/wp-content\/uploads\/2021\/10\/nueva-vision-infantiles-1-360x240.jpg 360w, https:\/\/www.nuevavisionopticas.com.ar\/blog-de-optica\/wp-content\/uploads\/2021\/10\/nueva-vision-infantiles-1-500x334.jpg 500w, https:\/\/www.nuevavisionopticas.com.ar\/blog-de-optica\/wp-content\/uploads\/2021\/10\/nueva-vision-infantiles-1-351x234.jpg 351w, https:\/\/www.nuevavisionopticas.com.ar\/blog-de-optica\/wp-content\/uploads\/2021\/10\/nueva-vision-infantiles-1-274x183.jpg 274w, https:\/\/www.nuevavisionopticas.com.ar\/blog-de-optica\/wp-content\/uploads\/2021\/10\/nueva-vision-infantiles-1-120x80.jpg 120w, https:\/\/www.nuevavisionopticas.com.ar\/blog-de-optica\/wp-content\/uploads\/2021\/10\/nueva-vision-infantiles-1-240x160.jpg 240w, https:\/\/www.nuevavisionopticas.com.ar\/blog-de-optica\/wp-content\/uploads\/2021\/10\/nueva-vision-infantiles-1-390x260.jpg 390w\" sizes=\"(max-width: 511px) 100vw, 511px\" \/><\/noscript><figcaption class=\"blocks-gallery-item__caption\">\u00d3ptica Nueva Visi\u00f3n San Isidro<\/figcaption><\/figure><\/li><li class=\"blocks-gallery-item\"><figure><img decoding=\"async\" src=\"data:image\/svg+xml,%3Csvg%20xmlns='http:\/\/www.w3.org\/2000\/svg'%20viewBox='0%200%20370%20247'%3E%3C\/svg%3E\" data-lazy-src=\"http:\/\/www.nuevavisionopticas.com.ar\/blog-de-optica\/wp-content\/uploads\/2021\/10\/optica-san-isidro_ninos.jpg\" alt=\"\u00d3ptica Nueva Visi\u00f3n San Isidro\" data-id=\"2766\" data-full-url=\"http:\/\/www.nuevavisionopticas.com.ar\/blog-de-optica\/wp-content\/uploads\/2021\/10\/optica-san-isidro_ninos.jpg\" data-link=\"https:\/\/www.nuevavisionopticas.com.ar\/blog-de-optica\/?attachment_id=2766\" class=\"zeen-lazy-load-base zeen-lazy-load wp-image-2766\"\/><noscript><img decoding=\"async\" width=\"511\" height=\"341\" src=\"http:\/\/www.nuevavisionopticas.com.ar\/blog-de-optica\/wp-content\/uploads\/2021\/10\/optica-san-isidro_ninos.jpg\" alt=\"\u00d3ptica Nueva Visi\u00f3n San Isidro\" data-id=\"2766\" data-full-url=\"http:\/\/www.nuevavisionopticas.com.ar\/blog-de-optica\/wp-content\/uploads\/2021\/10\/optica-san-isidro_ninos.jpg\" data-link=\"https:\/\/www.nuevavisionopticas.com.ar\/blog-de-optica\/?attachment_id=2766\" class=\"wp-image-2766\" srcset=\"https:\/\/www.nuevavisionopticas.com.ar\/blog-de-optica\/wp-content\/uploads\/2021\/10\/optica-san-isidro_ninos.jpg 511w, https:\/\/www.nuevavisionopticas.com.ar\/blog-de-optica\/wp-content\/uploads\/2021\/10\/optica-san-isidro_ninos-300x200.jpg 300w, https:\/\/www.nuevavisionopticas.com.ar\/blog-de-optica\/wp-content\/uploads\/2021\/10\/optica-san-isidro_ninos-360x240.jpg 360w, https:\/\/www.nuevavisionopticas.com.ar\/blog-de-optica\/wp-content\/uploads\/2021\/10\/optica-san-isidro_ninos-351x234.jpg 351w, https:\/\/www.nuevavisionopticas.com.ar\/blog-de-optica\/wp-content\/uploads\/2021\/10\/optica-san-isidro_ninos-274x183.jpg 274w, https:\/\/www.nuevavisionopticas.com.ar\/blog-de-optica\/wp-content\/uploads\/2021\/10\/optica-san-isidro_ninos-120x80.jpg 120w, https:\/\/www.nuevavisionopticas.com.ar\/blog-de-optica\/wp-content\/uploads\/2021\/10\/optica-san-isidro_ninos-240x160.jpg 240w, https:\/\/www.nuevavisionopticas.com.ar\/blog-de-optica\/wp-content\/uploads\/2021\/10\/optica-san-isidro_ninos-390x260.jpg 390w\" sizes=\"(max-width: 511px) 100vw, 511px\" \/><\/noscript><figcaption class=\"blocks-gallery-item__caption\">\u00d3ptica Nueva Visi\u00f3n San Isidro<\/figcaption><\/figure><\/li><\/ul><\/figure>\n\n\n\n<p>Contamos tambi\u00e9n con un sector exclusivo de\u00a0<strong>anteojos para ni\u00f1os<\/strong>,\u00a0<a href=\"https:\/\/www.nuevavisionopticas.com.ar\/san-isidro-anteojos-infantiles.html\">con\u00f3zcalo aqu\u00ed.<\/a><\/p>\n","protected":false},"excerpt":{"rendered":"<p>Nuestra \u00f3ptica de San Isidro cuenta con grandes espacios para su comodidad, laboratorio completo y una destacada variedad de modelos de anteojos. Conozca nuestra casa central en Chacabuco 284. En la planta baja de nuestra \u00f3ptica de San Isidro encontrar\u00e1 modernas instalaciones, importante exhibici\u00f3n de\u00a0anteojos\u00a0y el mejor asesoramiento para ayudarle a resolver su necesidad con la alternativa que mejor se adapte a ella. En nuestro gabinete de\u00a0contactolog\u00eda\u00a0podr\u00e1 recibir una detallada capacitaci\u00f3n sobre la manipulaci\u00f3n de\u00a0lentes de contacto\u00a0y probar cu\u00e1l resulta [&hellip;]<\/p>\n","protected":false},"author":1,"featured_media":2762,"comment_status":"open","ping_status":"open","sticky":false,"template":"","format":"standard","meta":{"_monsterinsights_skip_tracking":false,"_monsterinsights_sitenote_active":false,"_monsterinsights_sitenote_note":"","_monsterinsights_sitenote_category":0,"footnotes":""},"categories":[55],"tags":[],"class_list":["post-2761","post","type-post","status-publish","format-standard","has-post-thumbnail","hentry","category-sucursales"],"yoast_head":"<!-- This site is optimized with the Yoast SEO plugin v27.3 - https:\/\/yoast.com\/product\/yoast-seo-wordpress\/ -->\n<title>\u00d3ptica Nueva Visi\u00f3n San Isidro &#8211; Blog de \u00f3ptica<\/title>\n<meta name=\"robots\" content=\"index, follow, max-snippet:-1, max-image-preview:large, max-video-preview:-1\" \/>\n<link rel=\"canonical\" href=\"https:\/\/www.nuevavisionopticas.com.ar\/blog-de-optica\/2021\/10\/optica-nueva-vision-san-isidro\/\" \/>\n<meta property=\"og:locale\" content=\"es_ES\" \/>\n<meta property=\"og:type\" content=\"article\" \/>\n<meta property=\"og:title\" content=\"\u00d3ptica Nueva Visi\u00f3n San Isidro &#8211; Blog de \u00f3ptica\" \/>\n<meta property=\"og:description\" content=\"Nuestra \u00f3ptica de San Isidro cuenta con grandes espacios para su comodidad, laboratorio completo y una destacada variedad de modelos de anteojos. Conozca nuestra casa central en Chacabuco 284. En la planta baja de nuestra \u00f3ptica de San Isidro encontrar\u00e1 modernas instalaciones, importante exhibici\u00f3n de\u00a0anteojos\u00a0y el mejor asesoramiento para ayudarle a resolver su necesidad con la alternativa que mejor se adapte a ella. En nuestro gabinete de\u00a0contactolog\u00eda\u00a0podr\u00e1 recibir una detallada capacitaci\u00f3n sobre la manipulaci\u00f3n de\u00a0lentes de contacto\u00a0y probar cu\u00e1l resulta [&hellip;]\" \/>\n<meta property=\"og:url\" content=\"https:\/\/www.nuevavisionopticas.com.ar\/blog-de-optica\/2021\/10\/optica-nueva-vision-san-isidro\/\" \/>\n<meta property=\"og:site_name\" content=\"Blog de \u00f3ptica\" \/>\n<meta property=\"article:publisher\" content=\"https:\/\/www.facebook.com\/nuevavisionarg\" \/>\n<meta property=\"article:published_time\" content=\"2021-10-08T14:54:27+00:00\" \/>\n<meta property=\"article:modified_time\" content=\"2021-10-08T14:54:30+00:00\" \/>\n<meta property=\"og:image\" content=\"https:\/\/www.nuevavisionopticas.com.ar\/blog-de-optica\/wp-content\/uploads\/2021\/10\/san-isidro-optica.jpg\" \/>\n\t<meta property=\"og:image:width\" content=\"920\" \/>\n\t<meta property=\"og:image:height\" content=\"292\" \/>\n\t<meta property=\"og:image:type\" content=\"image\/jpeg\" \/>\n<meta name=\"author\" content=\"admin_optica\" \/>\n<meta name=\"twitter:card\" content=\"summary_large_image\" \/>\n<meta name=\"twitter:label1\" content=\"Escrito por\" \/>\n\t<meta name=\"twitter:data1\" content=\"admin_optica\" \/>\n\t<meta name=\"twitter:label2\" content=\"Tiempo de lectura\" \/>\n\t<meta name=\"twitter:data2\" content=\"1 minuto\" \/>\n<script type=\"application\/ld+json\" class=\"yoast-schema-graph\">{\"@context\":\"https:\\\/\\\/schema.org\",\"@graph\":[{\"@type\":\"Article\",\"@id\":\"https:\\\/\\\/www.nuevavisionopticas.com.ar\\\/blog-de-optica\\\/2021\\\/10\\\/optica-nueva-vision-san-isidro\\\/#article\",\"isPartOf\":{\"@id\":\"https:\\\/\\\/www.nuevavisionopticas.com.ar\\\/blog-de-optica\\\/2021\\\/10\\\/optica-nueva-vision-san-isidro\\\/\"},\"author\":{\"name\":\"admin_optica\",\"@id\":\"https:\\\/\\\/www.nuevavisionopticas.com.ar\\\/blog-de-optica\\\/#\\\/schema\\\/person\\\/2d6fbd00282cbc8fdd54058894af4341\"},\"headline\":\"\u00d3ptica Nueva Visi\u00f3n San Isidro\",\"datePublished\":\"2021-10-08T14:54:27+00:00\",\"dateModified\":\"2021-10-08T14:54:30+00:00\",\"mainEntityOfPage\":{\"@id\":\"https:\\\/\\\/www.nuevavisionopticas.com.ar\\\/blog-de-optica\\\/2021\\\/10\\\/optica-nueva-vision-san-isidro\\\/\"},\"wordCount\":204,\"commentCount\":0,\"publisher\":{\"@id\":\"https:\\\/\\\/www.nuevavisionopticas.com.ar\\\/blog-de-optica\\\/#organization\"},\"image\":{\"@id\":\"https:\\\/\\\/www.nuevavisionopticas.com.ar\\\/blog-de-optica\\\/2021\\\/10\\\/optica-nueva-vision-san-isidro\\\/#primaryimage\"},\"thumbnailUrl\":\"https:\\\/\\\/www.nuevavisionopticas.com.ar\\\/blog-de-optica\\\/wp-content\\\/uploads\\\/2021\\\/10\\\/san-isidro-optica.jpg\",\"articleSection\":[\"Sucursales\"],\"inLanguage\":\"es\",\"potentialAction\":[{\"@type\":\"CommentAction\",\"name\":\"Comment\",\"target\":[\"https:\\\/\\\/www.nuevavisionopticas.com.ar\\\/blog-de-optica\\\/2021\\\/10\\\/optica-nueva-vision-san-isidro\\\/#respond\"]}]},{\"@type\":\"WebPage\",\"@id\":\"https:\\\/\\\/www.nuevavisionopticas.com.ar\\\/blog-de-optica\\\/2021\\\/10\\\/optica-nueva-vision-san-isidro\\\/\",\"url\":\"https:\\\/\\\/www.nuevavisionopticas.com.ar\\\/blog-de-optica\\\/2021\\\/10\\\/optica-nueva-vision-san-isidro\\\/\",\"name\":\"\u00d3ptica Nueva Visi\u00f3n San Isidro &#8211; Blog de \u00f3ptica\",\"isPartOf\":{\"@id\":\"https:\\\/\\\/www.nuevavisionopticas.com.ar\\\/blog-de-optica\\\/#website\"},\"primaryImageOfPage\":{\"@id\":\"https:\\\/\\\/www.nuevavisionopticas.com.ar\\\/blog-de-optica\\\/2021\\\/10\\\/optica-nueva-vision-san-isidro\\\/#primaryimage\"},\"image\":{\"@id\":\"https:\\\/\\\/www.nuevavisionopticas.com.ar\\\/blog-de-optica\\\/2021\\\/10\\\/optica-nueva-vision-san-isidro\\\/#primaryimage\"},\"thumbnailUrl\":\"https:\\\/\\\/www.nuevavisionopticas.com.ar\\\/blog-de-optica\\\/wp-content\\\/uploads\\\/2021\\\/10\\\/san-isidro-optica.jpg\",\"datePublished\":\"2021-10-08T14:54:27+00:00\",\"dateModified\":\"2021-10-08T14:54:30+00:00\",\"breadcrumb\":{\"@id\":\"https:\\\/\\\/www.nuevavisionopticas.com.ar\\\/blog-de-optica\\\/2021\\\/10\\\/optica-nueva-vision-san-isidro\\\/#breadcrumb\"},\"inLanguage\":\"es\",\"potentialAction\":[{\"@type\":\"ReadAction\",\"target\":[\"https:\\\/\\\/www.nuevavisionopticas.com.ar\\\/blog-de-optica\\\/2021\\\/10\\\/optica-nueva-vision-san-isidro\\\/\"]}]},{\"@type\":\"ImageObject\",\"inLanguage\":\"es\",\"@id\":\"https:\\\/\\\/www.nuevavisionopticas.com.ar\\\/blog-de-optica\\\/2021\\\/10\\\/optica-nueva-vision-san-isidro\\\/#primaryimage\",\"url\":\"https:\\\/\\\/www.nuevavisionopticas.com.ar\\\/blog-de-optica\\\/wp-content\\\/uploads\\\/2021\\\/10\\\/san-isidro-optica.jpg\",\"contentUrl\":\"https:\\\/\\\/www.nuevavisionopticas.com.ar\\\/blog-de-optica\\\/wp-content\\\/uploads\\\/2021\\\/10\\\/san-isidro-optica.jpg\",\"width\":920,\"height\":292,\"caption\":\"\u00d3ptica Nueva Visi\u00f3n San Isidro\"},{\"@type\":\"BreadcrumbList\",\"@id\":\"https:\\\/\\\/www.nuevavisionopticas.com.ar\\\/blog-de-optica\\\/2021\\\/10\\\/optica-nueva-vision-san-isidro\\\/#breadcrumb\",\"itemListElement\":[{\"@type\":\"ListItem\",\"position\":1,\"name\":\"Portada\",\"item\":\"https:\\\/\\\/www.nuevavisionopticas.com.ar\\\/blog-de-optica\\\/\"},{\"@type\":\"ListItem\",\"position\":2,\"name\":\"\u00d3ptica Nueva Visi\u00f3n San Isidro\"}]},{\"@type\":\"WebSite\",\"@id\":\"https:\\\/\\\/www.nuevavisionopticas.com.ar\\\/blog-de-optica\\\/#website\",\"url\":\"https:\\\/\\\/www.nuevavisionopticas.com.ar\\\/blog-de-optica\\\/\",\"name\":\"Blog de \u00f3ptica\",\"description\":\"Nueva Visi\u00f3n \u00d3pticas\",\"publisher\":{\"@id\":\"https:\\\/\\\/www.nuevavisionopticas.com.ar\\\/blog-de-optica\\\/#organization\"},\"potentialAction\":[{\"@type\":\"SearchAction\",\"target\":{\"@type\":\"EntryPoint\",\"urlTemplate\":\"https:\\\/\\\/www.nuevavisionopticas.com.ar\\\/blog-de-optica\\\/?s={search_term_string}\"},\"query-input\":{\"@type\":\"PropertyValueSpecification\",\"valueRequired\":true,\"valueName\":\"search_term_string\"}}],\"inLanguage\":\"es\"},{\"@type\":\"Organization\",\"@id\":\"https:\\\/\\\/www.nuevavisionopticas.com.ar\\\/blog-de-optica\\\/#organization\",\"name\":\"Nueva Visi\u00f3n \u00d3pticas\",\"url\":\"https:\\\/\\\/www.nuevavisionopticas.com.ar\\\/blog-de-optica\\\/\",\"logo\":{\"@type\":\"ImageObject\",\"inLanguage\":\"es\",\"@id\":\"https:\\\/\\\/www.nuevavisionopticas.com.ar\\\/blog-de-optica\\\/#\\\/schema\\\/logo\\\/image\\\/\",\"url\":\"https:\\\/\\\/www.nuevavisionopticas.com.ar\\\/blog-de-optica\\\/wp-content\\\/uploads\\\/2021\\\/07\\\/logo-blanco-nueva-vision.png\",\"contentUrl\":\"https:\\\/\\\/www.nuevavisionopticas.com.ar\\\/blog-de-optica\\\/wp-content\\\/uploads\\\/2021\\\/07\\\/logo-blanco-nueva-vision.png\",\"width\":181,\"height\":46,\"caption\":\"Nueva Visi\u00f3n \u00d3pticas\"},\"image\":{\"@id\":\"https:\\\/\\\/www.nuevavisionopticas.com.ar\\\/blog-de-optica\\\/#\\\/schema\\\/logo\\\/image\\\/\"},\"sameAs\":[\"https:\\\/\\\/www.facebook.com\\\/nuevavisionarg\",\"https:\\\/\\\/www.instagram.com\\\/nuevavisionarg\"]},{\"@type\":\"Person\",\"@id\":\"https:\\\/\\\/www.nuevavisionopticas.com.ar\\\/blog-de-optica\\\/#\\\/schema\\\/person\\\/2d6fbd00282cbc8fdd54058894af4341\",\"name\":\"admin_optica\",\"image\":{\"@type\":\"ImageObject\",\"inLanguage\":\"es\",\"@id\":\"https:\\\/\\\/secure.gravatar.com\\\/avatar\\\/e33974a79b80e7fe593e5cf53cb2160fcb165380bed6475ed9144c295430f76c?s=96&d=mm&r=g\",\"url\":\"https:\\\/\\\/secure.gravatar.com\\\/avatar\\\/e33974a79b80e7fe593e5cf53cb2160fcb165380bed6475ed9144c295430f76c?s=96&d=mm&r=g\",\"contentUrl\":\"https:\\\/\\\/secure.gravatar.com\\\/avatar\\\/e33974a79b80e7fe593e5cf53cb2160fcb165380bed6475ed9144c295430f76c?s=96&d=mm&r=g\",\"caption\":\"admin_optica\"}}]}<\/script>\n<!-- \/ Yoast SEO plugin. -->","yoast_head_json":{"title":"\u00d3ptica Nueva Visi\u00f3n San Isidro &#8211; Blog de \u00f3ptica","robots":{"index":"index","follow":"follow","max-snippet":"max-snippet:-1","max-image-preview":"max-image-preview:large","max-video-preview":"max-video-preview:-1"},"canonical":"https:\/\/www.nuevavisionopticas.com.ar\/blog-de-optica\/2021\/10\/optica-nueva-vision-san-isidro\/","og_locale":"es_ES","og_type":"article","og_title":"\u00d3ptica Nueva Visi\u00f3n San Isidro &#8211; Blog de \u00f3ptica","og_description":"Nuestra \u00f3ptica de San Isidro cuenta con grandes espacios para su comodidad, laboratorio completo y una destacada variedad de modelos de anteojos. Conozca nuestra casa central en Chacabuco 284. En la planta baja de nuestra \u00f3ptica de San Isidro encontrar\u00e1 modernas instalaciones, importante exhibici\u00f3n de\u00a0anteojos\u00a0y el mejor asesoramiento para ayudarle a resolver su necesidad con la alternativa que mejor se adapte a ella. En nuestro gabinete de\u00a0contactolog\u00eda\u00a0podr\u00e1 recibir una detallada capacitaci\u00f3n sobre la manipulaci\u00f3n de\u00a0lentes de contacto\u00a0y probar cu\u00e1l resulta [&hellip;]","og_url":"https:\/\/www.nuevavisionopticas.com.ar\/blog-de-optica\/2021\/10\/optica-nueva-vision-san-isidro\/","og_site_name":"Blog de \u00f3ptica","article_publisher":"https:\/\/www.facebook.com\/nuevavisionarg","article_published_time":"2021-10-08T14:54:27+00:00","article_modified_time":"2021-10-08T14:54:30+00:00","og_image":[{"width":920,"height":292,"url":"https:\/\/www.nuevavisionopticas.com.ar\/blog-de-optica\/wp-content\/uploads\/2021\/10\/san-isidro-optica.jpg","type":"image\/jpeg"}],"author":"admin_optica","twitter_card":"summary_large_image","twitter_misc":{"Escrito por":"admin_optica","Tiempo de lectura":"1 minuto"},"schema":{"@context":"https:\/\/schema.org","@graph":[{"@type":"Article","@id":"https:\/\/www.nuevavisionopticas.com.ar\/blog-de-optica\/2021\/10\/optica-nueva-vision-san-isidro\/#article","isPartOf":{"@id":"https:\/\/www.nuevavisionopticas.com.ar\/blog-de-optica\/2021\/10\/optica-nueva-vision-san-isidro\/"},"author":{"name":"admin_optica","@id":"https:\/\/www.nuevavisionopticas.com.ar\/blog-de-optica\/#\/schema\/person\/2d6fbd00282cbc8fdd54058894af4341"},"headline":"\u00d3ptica Nueva Visi\u00f3n San Isidro","datePublished":"2021-10-08T14:54:27+00:00","dateModified":"2021-10-08T14:54:30+00:00","mainEntityOfPage":{"@id":"https:\/\/www.nuevavisionopticas.com.ar\/blog-de-optica\/2021\/10\/optica-nueva-vision-san-isidro\/"},"wordCount":204,"commentCount":0,"publisher":{"@id":"https:\/\/www.nuevavisionopticas.com.ar\/blog-de-optica\/#organization"},"image":{"@id":"https:\/\/www.nuevavisionopticas.com.ar\/blog-de-optica\/2021\/10\/optica-nueva-vision-san-isidro\/#primaryimage"},"thumbnailUrl":"https:\/\/www.nuevavisionopticas.com.ar\/blog-de-optica\/wp-content\/uploads\/2021\/10\/san-isidro-optica.jpg","articleSection":["Sucursales"],"inLanguage":"es","potentialAction":[{"@type":"CommentAction","name":"Comment","target":["https:\/\/www.nuevavisionopticas.com.ar\/blog-de-optica\/2021\/10\/optica-nueva-vision-san-isidro\/#respond"]}]},{"@type":"WebPage","@id":"https:\/\/www.nuevavisionopticas.com.ar\/blog-de-optica\/2021\/10\/optica-nueva-vision-san-isidro\/","url":"https:\/\/www.nuevavisionopticas.com.ar\/blog-de-optica\/2021\/10\/optica-nueva-vision-san-isidro\/","name":"\u00d3ptica Nueva Visi\u00f3n San Isidro &#8211; Blog de \u00f3ptica","isPartOf":{"@id":"https:\/\/www.nuevavisionopticas.com.ar\/blog-de-optica\/#website"},"primaryImageOfPage":{"@id":"https:\/\/www.nuevavisionopticas.com.ar\/blog-de-optica\/2021\/10\/optica-nueva-vision-san-isidro\/#primaryimage"},"image":{"@id":"https:\/\/www.nuevavisionopticas.com.ar\/blog-de-optica\/2021\/10\/optica-nueva-vision-san-isidro\/#primaryimage"},"thumbnailUrl":"https:\/\/www.nuevavisionopticas.com.ar\/blog-de-optica\/wp-content\/uploads\/2021\/10\/san-isidro-optica.jpg","datePublished":"2021-10-08T14:54:27+00:00","dateModified":"2021-10-08T14:54:30+00:00","breadcrumb":{"@id":"https:\/\/www.nuevavisionopticas.com.ar\/blog-de-optica\/2021\/10\/optica-nueva-vision-san-isidro\/#breadcrumb"},"inLanguage":"es","potentialAction":[{"@type":"ReadAction","target":["https:\/\/www.nuevavisionopticas.com.ar\/blog-de-optica\/2021\/10\/optica-nueva-vision-san-isidro\/"]}]},{"@type":"ImageObject","inLanguage":"es","@id":"https:\/\/www.nuevavisionopticas.com.ar\/blog-de-optica\/2021\/10\/optica-nueva-vision-san-isidro\/#primaryimage","url":"https:\/\/www.nuevavisionopticas.com.ar\/blog-de-optica\/wp-content\/uploads\/2021\/10\/san-isidro-optica.jpg","contentUrl":"https:\/\/www.nuevavisionopticas.com.ar\/blog-de-optica\/wp-content\/uploads\/2021\/10\/san-isidro-optica.jpg","width":920,"height":292,"caption":"\u00d3ptica Nueva Visi\u00f3n San Isidro"},{"@type":"BreadcrumbList","@id":"https:\/\/www.nuevavisionopticas.com.ar\/blog-de-optica\/2021\/10\/optica-nueva-vision-san-isidro\/#breadcrumb","itemListElement":[{"@type":"ListItem","position":1,"name":"Portada","item":"https:\/\/www.nuevavisionopticas.com.ar\/blog-de-optica\/"},{"@type":"ListItem","position":2,"name":"\u00d3ptica Nueva Visi\u00f3n San Isidro"}]},{"@type":"WebSite","@id":"https:\/\/www.nuevavisionopticas.com.ar\/blog-de-optica\/#website","url":"https:\/\/www.nuevavisionopticas.com.ar\/blog-de-optica\/","name":"Blog de \u00f3ptica","description":"Nueva Visi\u00f3n \u00d3pticas","publisher":{"@id":"https:\/\/www.nuevavisionopticas.com.ar\/blog-de-optica\/#organization"},"potentialAction":[{"@type":"SearchAction","target":{"@type":"EntryPoint","urlTemplate":"https:\/\/www.nuevavisionopticas.com.ar\/blog-de-optica\/?s={search_term_string}"},"query-input":{"@type":"PropertyValueSpecification","valueRequired":true,"valueName":"search_term_string"}}],"inLanguage":"es"},{"@type":"Organization","@id":"https:\/\/www.nuevavisionopticas.com.ar\/blog-de-optica\/#organization","name":"Nueva Visi\u00f3n \u00d3pticas","url":"https:\/\/www.nuevavisionopticas.com.ar\/blog-de-optica\/","logo":{"@type":"ImageObject","inLanguage":"es","@id":"https:\/\/www.nuevavisionopticas.com.ar\/blog-de-optica\/#\/schema\/logo\/image\/","url":"https:\/\/www.nuevavisionopticas.com.ar\/blog-de-optica\/wp-content\/uploads\/2021\/07\/logo-blanco-nueva-vision.png","contentUrl":"https:\/\/www.nuevavisionopticas.com.ar\/blog-de-optica\/wp-content\/uploads\/2021\/07\/logo-blanco-nueva-vision.png","width":181,"height":46,"caption":"Nueva Visi\u00f3n \u00d3pticas"},"image":{"@id":"https:\/\/www.nuevavisionopticas.com.ar\/blog-de-optica\/#\/schema\/logo\/image\/"},"sameAs":["https:\/\/www.facebook.com\/nuevavisionarg","https:\/\/www.instagram.com\/nuevavisionarg"]},{"@type":"Person","@id":"https:\/\/www.nuevavisionopticas.com.ar\/blog-de-optica\/#\/schema\/person\/2d6fbd00282cbc8fdd54058894af4341","name":"admin_optica","image":{"@type":"ImageObject","inLanguage":"es","@id":"https:\/\/secure.gravatar.com\/avatar\/e33974a79b80e7fe593e5cf53cb2160fcb165380bed6475ed9144c295430f76c?s=96&d=mm&r=g","url":"https:\/\/secure.gravatar.com\/avatar\/e33974a79b80e7fe593e5cf53cb2160fcb165380bed6475ed9144c295430f76c?s=96&d=mm&r=g","contentUrl":"https:\/\/secure.gravatar.com\/avatar\/e33974a79b80e7fe593e5cf53cb2160fcb165380bed6475ed9144c295430f76c?s=96&d=mm&r=g","caption":"admin_optica"}}]}},"_links":{"self":[{"href":"https:\/\/www.nuevavisionopticas.com.ar\/blog-de-optica\/wp-json\/wp\/v2\/posts\/2761","targetHints":{"allow":["GET"]}}],"collection":[{"href":"https:\/\/www.nuevavisionopticas.com.ar\/blog-de-optica\/wp-json\/wp\/v2\/posts"}],"about":[{"href":"https:\/\/www.nuevavisionopticas.com.ar\/blog-de-optica\/wp-json\/wp\/v2\/types\/post"}],"author":[{"embeddable":true,"href":"https:\/\/www.nuevavisionopticas.com.ar\/blog-de-optica\/wp-json\/wp\/v2\/users\/1"}],"replies":[{"embeddable":true,"href":"https:\/\/www.nuevavisionopticas.com.ar\/blog-de-optica\/wp-json\/wp\/v2\/comments?post=2761"}],"version-history":[{"count":1,"href":"https:\/\/www.nuevavisionopticas.com.ar\/blog-de-optica\/wp-json\/wp\/v2\/posts\/2761\/revisions"}],"predecessor-version":[{"id":2772,"href":"https:\/\/www.nuevavisionopticas.com.ar\/blog-de-optica\/wp-json\/wp\/v2\/posts\/2761\/revisions\/2772"}],"wp:featuredmedia":[{"embeddable":true,"href":"https:\/\/www.nuevavisionopticas.com.ar\/blog-de-optica\/wp-json\/wp\/v2\/media\/2762"}],"wp:attachment":[{"href":"https:\/\/www.nuevavisionopticas.com.ar\/blog-de-optica\/wp-json\/wp\/v2\/media?parent=2761"}],"wp:term":[{"taxonomy":"category","embeddable":true,"href":"https:\/\/www.nuevavisionopticas.com.ar\/blog-de-optica\/wp-json\/wp\/v2\/categories?post=2761"},{"taxonomy":"post_tag","embeddable":true,"href":"https:\/\/www.nuevavisionopticas.com.ar\/blog-de-optica\/wp-json\/wp\/v2\/tags?post=2761"}],"curies":[{"name":"wp","href":"https:\/\/api.w.org\/{rel}","templated":true}]}}