{"id":3013,"date":"2022-10-30T13:58:31","date_gmt":"2022-10-30T16:58:31","guid":{"rendered":"https:\/\/www.nuevavisionopticas.com.ar\/blog-de-optica\/?p=3013"},"modified":"2022-11-30T10:38:56","modified_gmt":"2022-11-30T13:38:56","slug":"verano-2023-ay-not-dead","status":"publish","type":"post","link":"https:\/\/www.nuevavisionopticas.com.ar\/blog-de-optica\/2022\/10\/verano-2023-ay-not-dead\/","title":{"rendered":"Verano 2023 + AY Not Dead"},"content":{"rendered":"\n<figure class=\"wp-block-image size-large\"><img decoding=\"async\" src=\"data:image\/svg+xml,%3Csvg%20xmlns='http:\/\/www.w3.org\/2000\/svg'%20viewBox='0%200%20370%20247'%3E%3C\/svg%3E\" data-lazy-src=\"https:\/\/www.nuevavisionopticas.com.ar\/blog-de-optica\/wp-content\/uploads\/2022\/10\/22_10_03-AYND-LKBK6379--683x1024.jpg\" alt=\"Anteojos de sol AY Not dead - Primavera verano 2023\" class=\"zeen-lazy-load-base zeen-lazy-load wp-image-3026\"\/><noscript><img decoding=\"async\" width=\"683\" height=\"1024\" src=\"https:\/\/www.nuevavisionopticas.com.ar\/blog-de-optica\/wp-content\/uploads\/2022\/10\/22_10_03-AYND-LKBK6379--683x1024.jpg\" alt=\"Anteojos de sol AY Not dead - Primavera verano 2023\" class=\"wp-image-3026\" srcset=\"https:\/\/www.nuevavisionopticas.com.ar\/blog-de-optica\/wp-content\/uploads\/2022\/10\/22_10_03-AYND-LKBK6379--683x1024.jpg 683w, https:\/\/www.nuevavisionopticas.com.ar\/blog-de-optica\/wp-content\/uploads\/2022\/10\/22_10_03-AYND-LKBK6379--200x300.jpg 200w, https:\/\/www.nuevavisionopticas.com.ar\/blog-de-optica\/wp-content\/uploads\/2022\/10\/22_10_03-AYND-LKBK6379--770x1155.jpg 770w, https:\/\/www.nuevavisionopticas.com.ar\/blog-de-optica\/wp-content\/uploads\/2022\/10\/22_10_03-AYND-LKBK6379--1024x1536.jpg 1024w, https:\/\/www.nuevavisionopticas.com.ar\/blog-de-optica\/wp-content\/uploads\/2022\/10\/22_10_03-AYND-LKBK6379--274x411.jpg 274w, https:\/\/www.nuevavisionopticas.com.ar\/blog-de-optica\/wp-content\/uploads\/2022\/10\/22_10_03-AYND-LKBK6379--751x1127.jpg 751w, https:\/\/www.nuevavisionopticas.com.ar\/blog-de-optica\/wp-content\/uploads\/2022\/10\/22_10_03-AYND-LKBK6379--390x585.jpg 390w, https:\/\/www.nuevavisionopticas.com.ar\/blog-de-optica\/wp-content\/uploads\/2022\/10\/22_10_03-AYND-LKBK6379-.jpg 1067w\" sizes=\"(max-width: 683px) 100vw, 683px\" \/><\/noscript><figcaption>Anteojos de sol AY Not dead &#8211; Primavera verano 2023<\/figcaption><\/figure>\n\n\n\n<p>\u00bfEs posible crear una colecci\u00f3n de anteojos mejor que la anterior a\u00f1o tras a\u00f1o? <a rel=\"noreferrer noopener\" href=\"https:\/\/vale4.com\/\" target=\"_blank\">Vale Cuatro<\/a> y <a rel=\"noreferrer noopener\" href=\"https:\/\/www.nuevavisionopticas.com.ar\/blog-de-optica\/2020\/07\/ay-not-dead-y-su-estilo-inagotable\/\" target=\"_blank\"><strong>AY Not Dead<\/strong><\/a> no dejan ning\u00fan tipo de dudas frente a esta pregunta, la respuesta es un s\u00ed rotundo. Llegan a <strong>Nueva Visi\u00f3n \u00d3pticas<\/strong> los novedosos anteojos cancheros y modernos, con un toque retro, de una de nuestras marcas favoritas.<\/p>\n\n\n\n<p>Compartimos a continuaci\u00f3n algunos de los nuevos <strong>anteojos de sol<\/strong> que trae AYND para esta temporada, <strong>anteojos para hombre<\/strong> y <strong>anteojos para mujer<\/strong>:<\/p>\n\n\n\n<figure class=\"wp-block-image size-large\"><img decoding=\"async\" src=\"data:image\/svg+xml,%3Csvg%20xmlns='http:\/\/www.w3.org\/2000\/svg'%20viewBox='0%200%20370%20247'%3E%3C\/svg%3E\" data-lazy-src=\"https:\/\/www.nuevavisionopticas.com.ar\/blog-de-optica\/wp-content\/uploads\/2022\/10\/COURTNEY-2-AY220-100-06-1024x683.jpg\" alt=\"Anteojos de sol Courtney 2 de AY Not Dead\" class=\"zeen-lazy-load-base zeen-lazy-load wp-image-3014\"\/><noscript><img decoding=\"async\" width=\"1024\" height=\"683\" src=\"https:\/\/www.nuevavisionopticas.com.ar\/blog-de-optica\/wp-content\/uploads\/2022\/10\/COURTNEY-2-AY220-100-06-1024x683.jpg\" alt=\"Anteojos de sol Courtney 2 de AY Not Dead\" class=\"wp-image-3014\" srcset=\"https:\/\/www.nuevavisionopticas.com.ar\/blog-de-optica\/wp-content\/uploads\/2022\/10\/COURTNEY-2-AY220-100-06-1024x683.jpg 1024w, https:\/\/www.nuevavisionopticas.com.ar\/blog-de-optica\/wp-content\/uploads\/2022\/10\/COURTNEY-2-AY220-100-06-300x200.jpg 300w, https:\/\/www.nuevavisionopticas.com.ar\/blog-de-optica\/wp-content\/uploads\/2022\/10\/COURTNEY-2-AY220-100-06-770x513.jpg 770w, https:\/\/www.nuevavisionopticas.com.ar\/blog-de-optica\/wp-content\/uploads\/2022\/10\/COURTNEY-2-AY220-100-06-1536x1024.jpg 1536w, https:\/\/www.nuevavisionopticas.com.ar\/blog-de-optica\/wp-content\/uploads\/2022\/10\/COURTNEY-2-AY220-100-06-360x240.jpg 360w, https:\/\/www.nuevavisionopticas.com.ar\/blog-de-optica\/wp-content\/uploads\/2022\/10\/COURTNEY-2-AY220-100-06-1155x770.jpg 1155w, https:\/\/www.nuevavisionopticas.com.ar\/blog-de-optica\/wp-content\/uploads\/2022\/10\/COURTNEY-2-AY220-100-06-351x234.jpg 351w, https:\/\/www.nuevavisionopticas.com.ar\/blog-de-optica\/wp-content\/uploads\/2022\/10\/COURTNEY-2-AY220-100-06-751x501.jpg 751w, https:\/\/www.nuevavisionopticas.com.ar\/blog-de-optica\/wp-content\/uploads\/2022\/10\/COURTNEY-2-AY220-100-06-1136x757.jpg 1136w, https:\/\/www.nuevavisionopticas.com.ar\/blog-de-optica\/wp-content\/uploads\/2022\/10\/COURTNEY-2-AY220-100-06-274x183.jpg 274w, https:\/\/www.nuevavisionopticas.com.ar\/blog-de-optica\/wp-content\/uploads\/2022\/10\/COURTNEY-2-AY220-100-06-1381x921.jpg 1381w, https:\/\/www.nuevavisionopticas.com.ar\/blog-de-optica\/wp-content\/uploads\/2022\/10\/COURTNEY-2-AY220-100-06-120x80.jpg 120w, https:\/\/www.nuevavisionopticas.com.ar\/blog-de-optica\/wp-content\/uploads\/2022\/10\/COURTNEY-2-AY220-100-06-240x160.jpg 240w, https:\/\/www.nuevavisionopticas.com.ar\/blog-de-optica\/wp-content\/uploads\/2022\/10\/COURTNEY-2-AY220-100-06-390x260.jpg 390w, https:\/\/www.nuevavisionopticas.com.ar\/blog-de-optica\/wp-content\/uploads\/2022\/10\/COURTNEY-2-AY220-100-06.jpg 1600w\" sizes=\"(max-width: 1024px) 100vw, 1024px\" \/><\/noscript><figcaption>Anteojos de sol Courtney 2 de AY Not Dead<\/figcaption><\/figure>\n\n\n\n<figure class=\"wp-block-image size-large\"><img decoding=\"async\" src=\"data:image\/svg+xml,%3Csvg%20xmlns='http:\/\/www.w3.org\/2000\/svg'%20viewBox='0%200%20370%20247'%3E%3C\/svg%3E\" data-lazy-src=\"https:\/\/www.nuevavisionopticas.com.ar\/blog-de-optica\/wp-content\/uploads\/2022\/10\/COURTNEY-2-AY220-100-59-1024x683.jpg\" alt=\"Anteojos de sol Courtney 2 de AY Not Dead\" class=\"zeen-lazy-load-base zeen-lazy-load wp-image-3015\"\/><noscript><img decoding=\"async\" width=\"1024\" height=\"683\" src=\"https:\/\/www.nuevavisionopticas.com.ar\/blog-de-optica\/wp-content\/uploads\/2022\/10\/COURTNEY-2-AY220-100-59-1024x683.jpg\" alt=\"Anteojos de sol Courtney 2 de AY Not Dead\" class=\"wp-image-3015\" srcset=\"https:\/\/www.nuevavisionopticas.com.ar\/blog-de-optica\/wp-content\/uploads\/2022\/10\/COURTNEY-2-AY220-100-59-1024x683.jpg 1024w, https:\/\/www.nuevavisionopticas.com.ar\/blog-de-optica\/wp-content\/uploads\/2022\/10\/COURTNEY-2-AY220-100-59-300x200.jpg 300w, https:\/\/www.nuevavisionopticas.com.ar\/blog-de-optica\/wp-content\/uploads\/2022\/10\/COURTNEY-2-AY220-100-59-770x513.jpg 770w, https:\/\/www.nuevavisionopticas.com.ar\/blog-de-optica\/wp-content\/uploads\/2022\/10\/COURTNEY-2-AY220-100-59-1536x1024.jpg 1536w, https:\/\/www.nuevavisionopticas.com.ar\/blog-de-optica\/wp-content\/uploads\/2022\/10\/COURTNEY-2-AY220-100-59-360x240.jpg 360w, https:\/\/www.nuevavisionopticas.com.ar\/blog-de-optica\/wp-content\/uploads\/2022\/10\/COURTNEY-2-AY220-100-59-1155x770.jpg 1155w, https:\/\/www.nuevavisionopticas.com.ar\/blog-de-optica\/wp-content\/uploads\/2022\/10\/COURTNEY-2-AY220-100-59-351x234.jpg 351w, https:\/\/www.nuevavisionopticas.com.ar\/blog-de-optica\/wp-content\/uploads\/2022\/10\/COURTNEY-2-AY220-100-59-751x501.jpg 751w, https:\/\/www.nuevavisionopticas.com.ar\/blog-de-optica\/wp-content\/uploads\/2022\/10\/COURTNEY-2-AY220-100-59-1136x757.jpg 1136w, https:\/\/www.nuevavisionopticas.com.ar\/blog-de-optica\/wp-content\/uploads\/2022\/10\/COURTNEY-2-AY220-100-59-274x183.jpg 274w, https:\/\/www.nuevavisionopticas.com.ar\/blog-de-optica\/wp-content\/uploads\/2022\/10\/COURTNEY-2-AY220-100-59-1381x921.jpg 1381w, https:\/\/www.nuevavisionopticas.com.ar\/blog-de-optica\/wp-content\/uploads\/2022\/10\/COURTNEY-2-AY220-100-59-120x80.jpg 120w, https:\/\/www.nuevavisionopticas.com.ar\/blog-de-optica\/wp-content\/uploads\/2022\/10\/COURTNEY-2-AY220-100-59-240x160.jpg 240w, https:\/\/www.nuevavisionopticas.com.ar\/blog-de-optica\/wp-content\/uploads\/2022\/10\/COURTNEY-2-AY220-100-59-390x260.jpg 390w, https:\/\/www.nuevavisionopticas.com.ar\/blog-de-optica\/wp-content\/uploads\/2022\/10\/COURTNEY-2-AY220-100-59.jpg 1600w\" sizes=\"(max-width: 1024px) 100vw, 1024px\" \/><\/noscript><figcaption>Anteojos de sol Courtney 2 de AY Not Dead<\/figcaption><\/figure>\n\n\n\n<figure class=\"wp-block-image size-large\"><img decoding=\"async\" src=\"data:image\/svg+xml,%3Csvg%20xmlns='http:\/\/www.w3.org\/2000\/svg'%20viewBox='0%200%20370%20247'%3E%3C\/svg%3E\" data-lazy-src=\"https:\/\/www.nuevavisionopticas.com.ar\/blog-de-optica\/wp-content\/uploads\/2022\/10\/COURTNEY-2-AY220-200-53-1024x683.jpg\" alt=\"Anteojos de sol Courtney 2 de AY Not Dead\" class=\"zeen-lazy-load-base zeen-lazy-load wp-image-3016\"\/><noscript><img decoding=\"async\" width=\"1024\" height=\"683\" src=\"https:\/\/www.nuevavisionopticas.com.ar\/blog-de-optica\/wp-content\/uploads\/2022\/10\/COURTNEY-2-AY220-200-53-1024x683.jpg\" alt=\"Anteojos de sol Courtney 2 de AY Not Dead\" class=\"wp-image-3016\" srcset=\"https:\/\/www.nuevavisionopticas.com.ar\/blog-de-optica\/wp-content\/uploads\/2022\/10\/COURTNEY-2-AY220-200-53-1024x683.jpg 1024w, https:\/\/www.nuevavisionopticas.com.ar\/blog-de-optica\/wp-content\/uploads\/2022\/10\/COURTNEY-2-AY220-200-53-300x200.jpg 300w, https:\/\/www.nuevavisionopticas.com.ar\/blog-de-optica\/wp-content\/uploads\/2022\/10\/COURTNEY-2-AY220-200-53-770x513.jpg 770w, https:\/\/www.nuevavisionopticas.com.ar\/blog-de-optica\/wp-content\/uploads\/2022\/10\/COURTNEY-2-AY220-200-53-1536x1024.jpg 1536w, https:\/\/www.nuevavisionopticas.com.ar\/blog-de-optica\/wp-content\/uploads\/2022\/10\/COURTNEY-2-AY220-200-53-360x240.jpg 360w, https:\/\/www.nuevavisionopticas.com.ar\/blog-de-optica\/wp-content\/uploads\/2022\/10\/COURTNEY-2-AY220-200-53-1155x770.jpg 1155w, https:\/\/www.nuevavisionopticas.com.ar\/blog-de-optica\/wp-content\/uploads\/2022\/10\/COURTNEY-2-AY220-200-53-351x234.jpg 351w, https:\/\/www.nuevavisionopticas.com.ar\/blog-de-optica\/wp-content\/uploads\/2022\/10\/COURTNEY-2-AY220-200-53-751x501.jpg 751w, https:\/\/www.nuevavisionopticas.com.ar\/blog-de-optica\/wp-content\/uploads\/2022\/10\/COURTNEY-2-AY220-200-53-1136x757.jpg 1136w, https:\/\/www.nuevavisionopticas.com.ar\/blog-de-optica\/wp-content\/uploads\/2022\/10\/COURTNEY-2-AY220-200-53-274x183.jpg 274w, https:\/\/www.nuevavisionopticas.com.ar\/blog-de-optica\/wp-content\/uploads\/2022\/10\/COURTNEY-2-AY220-200-53-1381x921.jpg 1381w, https:\/\/www.nuevavisionopticas.com.ar\/blog-de-optica\/wp-content\/uploads\/2022\/10\/COURTNEY-2-AY220-200-53-120x80.jpg 120w, https:\/\/www.nuevavisionopticas.com.ar\/blog-de-optica\/wp-content\/uploads\/2022\/10\/COURTNEY-2-AY220-200-53-240x160.jpg 240w, https:\/\/www.nuevavisionopticas.com.ar\/blog-de-optica\/wp-content\/uploads\/2022\/10\/COURTNEY-2-AY220-200-53-390x260.jpg 390w, https:\/\/www.nuevavisionopticas.com.ar\/blog-de-optica\/wp-content\/uploads\/2022\/10\/COURTNEY-2-AY220-200-53.jpg 1600w\" sizes=\"(max-width: 1024px) 100vw, 1024px\" \/><\/noscript><figcaption>Anteojos de sol Courtney 2 de AY Not Dead<\/figcaption><\/figure>\n\n\n\n<p>Anteojos <strong>Courtney 2<\/strong> de <strong>AY Not Dead<\/strong>: cristales polarizados, frente y patillas de acetato, bisagras met\u00e1licas.<\/p>\n\n\n\n<figure class=\"wp-block-image size-large\"><img decoding=\"async\" src=\"data:image\/svg+xml,%3Csvg%20xmlns='http:\/\/www.w3.org\/2000\/svg'%20viewBox='0%200%20370%20247'%3E%3C\/svg%3E\" data-lazy-src=\"https:\/\/www.nuevavisionopticas.com.ar\/blog-de-optica\/wp-content\/uploads\/2022\/10\/ZOEY-2-AY22-100-06-1024x683.jpg\" alt=\"Anteojos de sol Zoey 2 de AY Not Dead\" class=\"zeen-lazy-load-base zeen-lazy-load wp-image-3017\"\/><noscript><img decoding=\"async\" width=\"1024\" height=\"683\" src=\"https:\/\/www.nuevavisionopticas.com.ar\/blog-de-optica\/wp-content\/uploads\/2022\/10\/ZOEY-2-AY22-100-06-1024x683.jpg\" alt=\"Anteojos de sol Zoey 2 de AY Not Dead\" class=\"wp-image-3017\" srcset=\"https:\/\/www.nuevavisionopticas.com.ar\/blog-de-optica\/wp-content\/uploads\/2022\/10\/ZOEY-2-AY22-100-06-1024x683.jpg 1024w, https:\/\/www.nuevavisionopticas.com.ar\/blog-de-optica\/wp-content\/uploads\/2022\/10\/ZOEY-2-AY22-100-06-300x200.jpg 300w, https:\/\/www.nuevavisionopticas.com.ar\/blog-de-optica\/wp-content\/uploads\/2022\/10\/ZOEY-2-AY22-100-06-770x513.jpg 770w, https:\/\/www.nuevavisionopticas.com.ar\/blog-de-optica\/wp-content\/uploads\/2022\/10\/ZOEY-2-AY22-100-06-1536x1024.jpg 1536w, https:\/\/www.nuevavisionopticas.com.ar\/blog-de-optica\/wp-content\/uploads\/2022\/10\/ZOEY-2-AY22-100-06-360x240.jpg 360w, https:\/\/www.nuevavisionopticas.com.ar\/blog-de-optica\/wp-content\/uploads\/2022\/10\/ZOEY-2-AY22-100-06-1155x770.jpg 1155w, https:\/\/www.nuevavisionopticas.com.ar\/blog-de-optica\/wp-content\/uploads\/2022\/10\/ZOEY-2-AY22-100-06-351x234.jpg 351w, https:\/\/www.nuevavisionopticas.com.ar\/blog-de-optica\/wp-content\/uploads\/2022\/10\/ZOEY-2-AY22-100-06-751x501.jpg 751w, https:\/\/www.nuevavisionopticas.com.ar\/blog-de-optica\/wp-content\/uploads\/2022\/10\/ZOEY-2-AY22-100-06-1136x757.jpg 1136w, https:\/\/www.nuevavisionopticas.com.ar\/blog-de-optica\/wp-content\/uploads\/2022\/10\/ZOEY-2-AY22-100-06-274x183.jpg 274w, https:\/\/www.nuevavisionopticas.com.ar\/blog-de-optica\/wp-content\/uploads\/2022\/10\/ZOEY-2-AY22-100-06-1381x921.jpg 1381w, https:\/\/www.nuevavisionopticas.com.ar\/blog-de-optica\/wp-content\/uploads\/2022\/10\/ZOEY-2-AY22-100-06-120x80.jpg 120w, https:\/\/www.nuevavisionopticas.com.ar\/blog-de-optica\/wp-content\/uploads\/2022\/10\/ZOEY-2-AY22-100-06-240x160.jpg 240w, https:\/\/www.nuevavisionopticas.com.ar\/blog-de-optica\/wp-content\/uploads\/2022\/10\/ZOEY-2-AY22-100-06-390x260.jpg 390w, https:\/\/www.nuevavisionopticas.com.ar\/blog-de-optica\/wp-content\/uploads\/2022\/10\/ZOEY-2-AY22-100-06.jpg 1600w\" sizes=\"(max-width: 1024px) 100vw, 1024px\" \/><\/noscript><figcaption>Anteojos de sol Zoey 2 de AY Not Dead<\/figcaption><\/figure>\n\n\n\n<figure class=\"wp-block-image size-large\"><img decoding=\"async\" src=\"data:image\/svg+xml,%3Csvg%20xmlns='http:\/\/www.w3.org\/2000\/svg'%20viewBox='0%200%20370%20247'%3E%3C\/svg%3E\" data-lazy-src=\"https:\/\/www.nuevavisionopticas.com.ar\/blog-de-optica\/wp-content\/uploads\/2022\/10\/ZOEY-2-AY22-316-48-1024x683.jpg\" alt=\"Anteojos de sol Zoey 2 de AY Not Dead\" class=\"zeen-lazy-load-base zeen-lazy-load wp-image-3018\"\/><noscript><img decoding=\"async\" width=\"1024\" height=\"683\" src=\"https:\/\/www.nuevavisionopticas.com.ar\/blog-de-optica\/wp-content\/uploads\/2022\/10\/ZOEY-2-AY22-316-48-1024x683.jpg\" alt=\"Anteojos de sol Zoey 2 de AY Not Dead\" class=\"wp-image-3018\" srcset=\"https:\/\/www.nuevavisionopticas.com.ar\/blog-de-optica\/wp-content\/uploads\/2022\/10\/ZOEY-2-AY22-316-48-1024x683.jpg 1024w, https:\/\/www.nuevavisionopticas.com.ar\/blog-de-optica\/wp-content\/uploads\/2022\/10\/ZOEY-2-AY22-316-48-300x200.jpg 300w, https:\/\/www.nuevavisionopticas.com.ar\/blog-de-optica\/wp-content\/uploads\/2022\/10\/ZOEY-2-AY22-316-48-770x513.jpg 770w, https:\/\/www.nuevavisionopticas.com.ar\/blog-de-optica\/wp-content\/uploads\/2022\/10\/ZOEY-2-AY22-316-48-1536x1024.jpg 1536w, https:\/\/www.nuevavisionopticas.com.ar\/blog-de-optica\/wp-content\/uploads\/2022\/10\/ZOEY-2-AY22-316-48-360x240.jpg 360w, https:\/\/www.nuevavisionopticas.com.ar\/blog-de-optica\/wp-content\/uploads\/2022\/10\/ZOEY-2-AY22-316-48-1155x770.jpg 1155w, https:\/\/www.nuevavisionopticas.com.ar\/blog-de-optica\/wp-content\/uploads\/2022\/10\/ZOEY-2-AY22-316-48-351x234.jpg 351w, https:\/\/www.nuevavisionopticas.com.ar\/blog-de-optica\/wp-content\/uploads\/2022\/10\/ZOEY-2-AY22-316-48-751x501.jpg 751w, https:\/\/www.nuevavisionopticas.com.ar\/blog-de-optica\/wp-content\/uploads\/2022\/10\/ZOEY-2-AY22-316-48-1136x757.jpg 1136w, https:\/\/www.nuevavisionopticas.com.ar\/blog-de-optica\/wp-content\/uploads\/2022\/10\/ZOEY-2-AY22-316-48-274x183.jpg 274w, https:\/\/www.nuevavisionopticas.com.ar\/blog-de-optica\/wp-content\/uploads\/2022\/10\/ZOEY-2-AY22-316-48-1381x921.jpg 1381w, https:\/\/www.nuevavisionopticas.com.ar\/blog-de-optica\/wp-content\/uploads\/2022\/10\/ZOEY-2-AY22-316-48-120x80.jpg 120w, https:\/\/www.nuevavisionopticas.com.ar\/blog-de-optica\/wp-content\/uploads\/2022\/10\/ZOEY-2-AY22-316-48-240x160.jpg 240w, https:\/\/www.nuevavisionopticas.com.ar\/blog-de-optica\/wp-content\/uploads\/2022\/10\/ZOEY-2-AY22-316-48-390x260.jpg 390w, https:\/\/www.nuevavisionopticas.com.ar\/blog-de-optica\/wp-content\/uploads\/2022\/10\/ZOEY-2-AY22-316-48.jpg 1600w\" sizes=\"(max-width: 1024px) 100vw, 1024px\" \/><\/noscript><figcaption>Anteojos de sol Zoey 2 de AY Not Dead<\/figcaption><\/figure>\n\n\n\n<figure class=\"wp-block-image size-large\"><img decoding=\"async\" src=\"data:image\/svg+xml,%3Csvg%20xmlns='http:\/\/www.w3.org\/2000\/svg'%20viewBox='0%200%20370%20247'%3E%3C\/svg%3E\" data-lazy-src=\"https:\/\/www.nuevavisionopticas.com.ar\/blog-de-optica\/wp-content\/uploads\/2022\/10\/ZOEY-2-AY221-202-17-1024x683.jpg\" alt=\"Anteojos de sol Zoey 2 de AY Not Dead\" class=\"zeen-lazy-load-base zeen-lazy-load wp-image-3019\"\/><noscript><img decoding=\"async\" width=\"1024\" height=\"683\" src=\"https:\/\/www.nuevavisionopticas.com.ar\/blog-de-optica\/wp-content\/uploads\/2022\/10\/ZOEY-2-AY221-202-17-1024x683.jpg\" alt=\"Anteojos de sol Zoey 2 de AY Not Dead\" class=\"wp-image-3019\" srcset=\"https:\/\/www.nuevavisionopticas.com.ar\/blog-de-optica\/wp-content\/uploads\/2022\/10\/ZOEY-2-AY221-202-17-1024x683.jpg 1024w, https:\/\/www.nuevavisionopticas.com.ar\/blog-de-optica\/wp-content\/uploads\/2022\/10\/ZOEY-2-AY221-202-17-300x200.jpg 300w, https:\/\/www.nuevavisionopticas.com.ar\/blog-de-optica\/wp-content\/uploads\/2022\/10\/ZOEY-2-AY221-202-17-770x513.jpg 770w, https:\/\/www.nuevavisionopticas.com.ar\/blog-de-optica\/wp-content\/uploads\/2022\/10\/ZOEY-2-AY221-202-17-1536x1024.jpg 1536w, https:\/\/www.nuevavisionopticas.com.ar\/blog-de-optica\/wp-content\/uploads\/2022\/10\/ZOEY-2-AY221-202-17-360x240.jpg 360w, https:\/\/www.nuevavisionopticas.com.ar\/blog-de-optica\/wp-content\/uploads\/2022\/10\/ZOEY-2-AY221-202-17-1155x770.jpg 1155w, https:\/\/www.nuevavisionopticas.com.ar\/blog-de-optica\/wp-content\/uploads\/2022\/10\/ZOEY-2-AY221-202-17-351x234.jpg 351w, https:\/\/www.nuevavisionopticas.com.ar\/blog-de-optica\/wp-content\/uploads\/2022\/10\/ZOEY-2-AY221-202-17-751x501.jpg 751w, https:\/\/www.nuevavisionopticas.com.ar\/blog-de-optica\/wp-content\/uploads\/2022\/10\/ZOEY-2-AY221-202-17-1136x757.jpg 1136w, https:\/\/www.nuevavisionopticas.com.ar\/blog-de-optica\/wp-content\/uploads\/2022\/10\/ZOEY-2-AY221-202-17-274x183.jpg 274w, https:\/\/www.nuevavisionopticas.com.ar\/blog-de-optica\/wp-content\/uploads\/2022\/10\/ZOEY-2-AY221-202-17-1381x921.jpg 1381w, https:\/\/www.nuevavisionopticas.com.ar\/blog-de-optica\/wp-content\/uploads\/2022\/10\/ZOEY-2-AY221-202-17-120x80.jpg 120w, https:\/\/www.nuevavisionopticas.com.ar\/blog-de-optica\/wp-content\/uploads\/2022\/10\/ZOEY-2-AY221-202-17-240x160.jpg 240w, https:\/\/www.nuevavisionopticas.com.ar\/blog-de-optica\/wp-content\/uploads\/2022\/10\/ZOEY-2-AY221-202-17-390x260.jpg 390w, https:\/\/www.nuevavisionopticas.com.ar\/blog-de-optica\/wp-content\/uploads\/2022\/10\/ZOEY-2-AY221-202-17.jpg 1600w\" sizes=\"(max-width: 1024px) 100vw, 1024px\" \/><\/noscript><figcaption>Anteojos de sol Zoey 2 de AY Not Dead<\/figcaption><\/figure>\n\n\n\n<p>Anteojos <strong>Zoey 2<\/strong> de <strong>AY Not Dead<\/strong>: cristales polarizados, frente y patillas de acetato, bisagras met\u00e1licas.<\/p>\n\n\n\n<figure class=\"wp-block-image size-large\"><img decoding=\"async\" src=\"data:image\/svg+xml,%3Csvg%20xmlns='http:\/\/www.w3.org\/2000\/svg'%20viewBox='0%200%20370%20247'%3E%3C\/svg%3E\" data-lazy-src=\"https:\/\/www.nuevavisionopticas.com.ar\/blog-de-optica\/wp-content\/uploads\/2022\/10\/JOY-2-AY223-100-08-1024x683.jpg\" alt=\"Anteojos de sol Joy 2 de AY Not Dead\" class=\"zeen-lazy-load-base zeen-lazy-load wp-image-3020\"\/><noscript><img decoding=\"async\" width=\"1024\" height=\"683\" src=\"https:\/\/www.nuevavisionopticas.com.ar\/blog-de-optica\/wp-content\/uploads\/2022\/10\/JOY-2-AY223-100-08-1024x683.jpg\" alt=\"Anteojos de sol Joy 2 de AY Not Dead\" class=\"wp-image-3020\" srcset=\"https:\/\/www.nuevavisionopticas.com.ar\/blog-de-optica\/wp-content\/uploads\/2022\/10\/JOY-2-AY223-100-08-1024x683.jpg 1024w, https:\/\/www.nuevavisionopticas.com.ar\/blog-de-optica\/wp-content\/uploads\/2022\/10\/JOY-2-AY223-100-08-300x200.jpg 300w, https:\/\/www.nuevavisionopticas.com.ar\/blog-de-optica\/wp-content\/uploads\/2022\/10\/JOY-2-AY223-100-08-770x513.jpg 770w, https:\/\/www.nuevavisionopticas.com.ar\/blog-de-optica\/wp-content\/uploads\/2022\/10\/JOY-2-AY223-100-08-1536x1024.jpg 1536w, https:\/\/www.nuevavisionopticas.com.ar\/blog-de-optica\/wp-content\/uploads\/2022\/10\/JOY-2-AY223-100-08-360x240.jpg 360w, https:\/\/www.nuevavisionopticas.com.ar\/blog-de-optica\/wp-content\/uploads\/2022\/10\/JOY-2-AY223-100-08-1155x770.jpg 1155w, https:\/\/www.nuevavisionopticas.com.ar\/blog-de-optica\/wp-content\/uploads\/2022\/10\/JOY-2-AY223-100-08-351x234.jpg 351w, https:\/\/www.nuevavisionopticas.com.ar\/blog-de-optica\/wp-content\/uploads\/2022\/10\/JOY-2-AY223-100-08-751x501.jpg 751w, https:\/\/www.nuevavisionopticas.com.ar\/blog-de-optica\/wp-content\/uploads\/2022\/10\/JOY-2-AY223-100-08-1136x757.jpg 1136w, https:\/\/www.nuevavisionopticas.com.ar\/blog-de-optica\/wp-content\/uploads\/2022\/10\/JOY-2-AY223-100-08-274x183.jpg 274w, https:\/\/www.nuevavisionopticas.com.ar\/blog-de-optica\/wp-content\/uploads\/2022\/10\/JOY-2-AY223-100-08-1381x921.jpg 1381w, https:\/\/www.nuevavisionopticas.com.ar\/blog-de-optica\/wp-content\/uploads\/2022\/10\/JOY-2-AY223-100-08-120x80.jpg 120w, https:\/\/www.nuevavisionopticas.com.ar\/blog-de-optica\/wp-content\/uploads\/2022\/10\/JOY-2-AY223-100-08-240x160.jpg 240w, https:\/\/www.nuevavisionopticas.com.ar\/blog-de-optica\/wp-content\/uploads\/2022\/10\/JOY-2-AY223-100-08-390x260.jpg 390w, https:\/\/www.nuevavisionopticas.com.ar\/blog-de-optica\/wp-content\/uploads\/2022\/10\/JOY-2-AY223-100-08.jpg 1600w\" sizes=\"(max-width: 1024px) 100vw, 1024px\" \/><\/noscript><figcaption>Anteojos de sol Joy 2 de AY Not Dead<\/figcaption><\/figure>\n\n\n\n<figure class=\"wp-block-image size-large\"><img decoding=\"async\" src=\"data:image\/svg+xml,%3Csvg%20xmlns='http:\/\/www.w3.org\/2000\/svg'%20viewBox='0%200%20370%20247'%3E%3C\/svg%3E\" data-lazy-src=\"https:\/\/www.nuevavisionopticas.com.ar\/blog-de-optica\/wp-content\/uploads\/2022\/10\/JOY-2-AY223-100-63-1024x683.jpg\" alt=\"Anteojos de sol Joy 2 de AY Not Dead\" class=\"zeen-lazy-load-base zeen-lazy-load wp-image-3021\"\/><noscript><img decoding=\"async\" width=\"1024\" height=\"683\" src=\"https:\/\/www.nuevavisionopticas.com.ar\/blog-de-optica\/wp-content\/uploads\/2022\/10\/JOY-2-AY223-100-63-1024x683.jpg\" alt=\"Anteojos de sol Joy 2 de AY Not Dead\" class=\"wp-image-3021\" srcset=\"https:\/\/www.nuevavisionopticas.com.ar\/blog-de-optica\/wp-content\/uploads\/2022\/10\/JOY-2-AY223-100-63-1024x683.jpg 1024w, https:\/\/www.nuevavisionopticas.com.ar\/blog-de-optica\/wp-content\/uploads\/2022\/10\/JOY-2-AY223-100-63-300x200.jpg 300w, https:\/\/www.nuevavisionopticas.com.ar\/blog-de-optica\/wp-content\/uploads\/2022\/10\/JOY-2-AY223-100-63-770x513.jpg 770w, https:\/\/www.nuevavisionopticas.com.ar\/blog-de-optica\/wp-content\/uploads\/2022\/10\/JOY-2-AY223-100-63-1536x1024.jpg 1536w, https:\/\/www.nuevavisionopticas.com.ar\/blog-de-optica\/wp-content\/uploads\/2022\/10\/JOY-2-AY223-100-63-360x240.jpg 360w, https:\/\/www.nuevavisionopticas.com.ar\/blog-de-optica\/wp-content\/uploads\/2022\/10\/JOY-2-AY223-100-63-1155x770.jpg 1155w, https:\/\/www.nuevavisionopticas.com.ar\/blog-de-optica\/wp-content\/uploads\/2022\/10\/JOY-2-AY223-100-63-351x234.jpg 351w, https:\/\/www.nuevavisionopticas.com.ar\/blog-de-optica\/wp-content\/uploads\/2022\/10\/JOY-2-AY223-100-63-751x501.jpg 751w, https:\/\/www.nuevavisionopticas.com.ar\/blog-de-optica\/wp-content\/uploads\/2022\/10\/JOY-2-AY223-100-63-1136x757.jpg 1136w, https:\/\/www.nuevavisionopticas.com.ar\/blog-de-optica\/wp-content\/uploads\/2022\/10\/JOY-2-AY223-100-63-274x183.jpg 274w, https:\/\/www.nuevavisionopticas.com.ar\/blog-de-optica\/wp-content\/uploads\/2022\/10\/JOY-2-AY223-100-63-1381x921.jpg 1381w, https:\/\/www.nuevavisionopticas.com.ar\/blog-de-optica\/wp-content\/uploads\/2022\/10\/JOY-2-AY223-100-63-120x80.jpg 120w, https:\/\/www.nuevavisionopticas.com.ar\/blog-de-optica\/wp-content\/uploads\/2022\/10\/JOY-2-AY223-100-63-240x160.jpg 240w, https:\/\/www.nuevavisionopticas.com.ar\/blog-de-optica\/wp-content\/uploads\/2022\/10\/JOY-2-AY223-100-63-390x260.jpg 390w, https:\/\/www.nuevavisionopticas.com.ar\/blog-de-optica\/wp-content\/uploads\/2022\/10\/JOY-2-AY223-100-63.jpg 1600w\" sizes=\"(max-width: 1024px) 100vw, 1024px\" \/><\/noscript><figcaption>Anteojos de sol Joy 2 de AY Not Dead<\/figcaption><\/figure>\n\n\n\n<figure class=\"wp-block-image size-large\"><img decoding=\"async\" src=\"data:image\/svg+xml,%3Csvg%20xmlns='http:\/\/www.w3.org\/2000\/svg'%20viewBox='0%200%20370%20247'%3E%3C\/svg%3E\" data-lazy-src=\"https:\/\/www.nuevavisionopticas.com.ar\/blog-de-optica\/wp-content\/uploads\/2022\/10\/JOY-2-AY223-200-22-1024x683.jpg\" alt=\"Anteojos de sol Joy 2 de AY Not Dead\" class=\"zeen-lazy-load-base zeen-lazy-load wp-image-3022\"\/><noscript><img decoding=\"async\" width=\"1024\" height=\"683\" src=\"https:\/\/www.nuevavisionopticas.com.ar\/blog-de-optica\/wp-content\/uploads\/2022\/10\/JOY-2-AY223-200-22-1024x683.jpg\" alt=\"Anteojos de sol Joy 2 de AY Not Dead\" class=\"wp-image-3022\" srcset=\"https:\/\/www.nuevavisionopticas.com.ar\/blog-de-optica\/wp-content\/uploads\/2022\/10\/JOY-2-AY223-200-22-1024x683.jpg 1024w, https:\/\/www.nuevavisionopticas.com.ar\/blog-de-optica\/wp-content\/uploads\/2022\/10\/JOY-2-AY223-200-22-300x200.jpg 300w, https:\/\/www.nuevavisionopticas.com.ar\/blog-de-optica\/wp-content\/uploads\/2022\/10\/JOY-2-AY223-200-22-770x513.jpg 770w, https:\/\/www.nuevavisionopticas.com.ar\/blog-de-optica\/wp-content\/uploads\/2022\/10\/JOY-2-AY223-200-22-1536x1024.jpg 1536w, https:\/\/www.nuevavisionopticas.com.ar\/blog-de-optica\/wp-content\/uploads\/2022\/10\/JOY-2-AY223-200-22-360x240.jpg 360w, https:\/\/www.nuevavisionopticas.com.ar\/blog-de-optica\/wp-content\/uploads\/2022\/10\/JOY-2-AY223-200-22-1155x770.jpg 1155w, https:\/\/www.nuevavisionopticas.com.ar\/blog-de-optica\/wp-content\/uploads\/2022\/10\/JOY-2-AY223-200-22-351x234.jpg 351w, https:\/\/www.nuevavisionopticas.com.ar\/blog-de-optica\/wp-content\/uploads\/2022\/10\/JOY-2-AY223-200-22-751x501.jpg 751w, https:\/\/www.nuevavisionopticas.com.ar\/blog-de-optica\/wp-content\/uploads\/2022\/10\/JOY-2-AY223-200-22-1136x757.jpg 1136w, https:\/\/www.nuevavisionopticas.com.ar\/blog-de-optica\/wp-content\/uploads\/2022\/10\/JOY-2-AY223-200-22-274x183.jpg 274w, https:\/\/www.nuevavisionopticas.com.ar\/blog-de-optica\/wp-content\/uploads\/2022\/10\/JOY-2-AY223-200-22-1381x921.jpg 1381w, https:\/\/www.nuevavisionopticas.com.ar\/blog-de-optica\/wp-content\/uploads\/2022\/10\/JOY-2-AY223-200-22-120x80.jpg 120w, https:\/\/www.nuevavisionopticas.com.ar\/blog-de-optica\/wp-content\/uploads\/2022\/10\/JOY-2-AY223-200-22-240x160.jpg 240w, https:\/\/www.nuevavisionopticas.com.ar\/blog-de-optica\/wp-content\/uploads\/2022\/10\/JOY-2-AY223-200-22-390x260.jpg 390w, https:\/\/www.nuevavisionopticas.com.ar\/blog-de-optica\/wp-content\/uploads\/2022\/10\/JOY-2-AY223-200-22.jpg 1600w\" sizes=\"(max-width: 1024px) 100vw, 1024px\" \/><\/noscript><figcaption>Anteojos de sol Joy 2 de AY Not Dead<\/figcaption><\/figure>\n\n\n\n<p>Anteojos <strong>Joy 2<\/strong> de <strong>AY Not Dead<\/strong>: cristales polarizados, frente y patillas de acetato, bisagras met\u00e1licas.<\/p>\n\n\n\n<figure class=\"wp-block-image size-large\"><img decoding=\"async\" src=\"data:image\/svg+xml,%3Csvg%20xmlns='http:\/\/www.w3.org\/2000\/svg'%20viewBox='0%200%20370%20247'%3E%3C\/svg%3E\" data-lazy-src=\"https:\/\/www.nuevavisionopticas.com.ar\/blog-de-optica\/wp-content\/uploads\/2022\/10\/KIM-2-AY222-701-56-1024x683.jpg\" alt=\"Anteojos de sol Kim 2 de AY Not Dead\" class=\"zeen-lazy-load-base zeen-lazy-load wp-image-3023\"\/><noscript><img decoding=\"async\" width=\"1024\" height=\"683\" src=\"https:\/\/www.nuevavisionopticas.com.ar\/blog-de-optica\/wp-content\/uploads\/2022\/10\/KIM-2-AY222-701-56-1024x683.jpg\" alt=\"Anteojos de sol Kim 2 de AY Not Dead\" class=\"wp-image-3023\" srcset=\"https:\/\/www.nuevavisionopticas.com.ar\/blog-de-optica\/wp-content\/uploads\/2022\/10\/KIM-2-AY222-701-56-1024x683.jpg 1024w, https:\/\/www.nuevavisionopticas.com.ar\/blog-de-optica\/wp-content\/uploads\/2022\/10\/KIM-2-AY222-701-56-300x200.jpg 300w, https:\/\/www.nuevavisionopticas.com.ar\/blog-de-optica\/wp-content\/uploads\/2022\/10\/KIM-2-AY222-701-56-770x513.jpg 770w, https:\/\/www.nuevavisionopticas.com.ar\/blog-de-optica\/wp-content\/uploads\/2022\/10\/KIM-2-AY222-701-56-1536x1024.jpg 1536w, https:\/\/www.nuevavisionopticas.com.ar\/blog-de-optica\/wp-content\/uploads\/2022\/10\/KIM-2-AY222-701-56-360x240.jpg 360w, https:\/\/www.nuevavisionopticas.com.ar\/blog-de-optica\/wp-content\/uploads\/2022\/10\/KIM-2-AY222-701-56-1155x770.jpg 1155w, https:\/\/www.nuevavisionopticas.com.ar\/blog-de-optica\/wp-content\/uploads\/2022\/10\/KIM-2-AY222-701-56-351x234.jpg 351w, https:\/\/www.nuevavisionopticas.com.ar\/blog-de-optica\/wp-content\/uploads\/2022\/10\/KIM-2-AY222-701-56-751x501.jpg 751w, https:\/\/www.nuevavisionopticas.com.ar\/blog-de-optica\/wp-content\/uploads\/2022\/10\/KIM-2-AY222-701-56-1136x757.jpg 1136w, https:\/\/www.nuevavisionopticas.com.ar\/blog-de-optica\/wp-content\/uploads\/2022\/10\/KIM-2-AY222-701-56-274x183.jpg 274w, https:\/\/www.nuevavisionopticas.com.ar\/blog-de-optica\/wp-content\/uploads\/2022\/10\/KIM-2-AY222-701-56-1381x921.jpg 1381w, https:\/\/www.nuevavisionopticas.com.ar\/blog-de-optica\/wp-content\/uploads\/2022\/10\/KIM-2-AY222-701-56-120x80.jpg 120w, https:\/\/www.nuevavisionopticas.com.ar\/blog-de-optica\/wp-content\/uploads\/2022\/10\/KIM-2-AY222-701-56-240x160.jpg 240w, https:\/\/www.nuevavisionopticas.com.ar\/blog-de-optica\/wp-content\/uploads\/2022\/10\/KIM-2-AY222-701-56-390x260.jpg 390w, https:\/\/www.nuevavisionopticas.com.ar\/blog-de-optica\/wp-content\/uploads\/2022\/10\/KIM-2-AY222-701-56.jpg 1600w\" sizes=\"(max-width: 1024px) 100vw, 1024px\" \/><\/noscript><figcaption>Anteojos de sol Kim 2 de AY Not Dead<\/figcaption><\/figure>\n\n\n\n<figure class=\"wp-block-image size-large\"><img decoding=\"async\" src=\"data:image\/svg+xml,%3Csvg%20xmlns='http:\/\/www.w3.org\/2000\/svg'%20viewBox='0%200%20370%20247'%3E%3C\/svg%3E\" data-lazy-src=\"https:\/\/www.nuevavisionopticas.com.ar\/blog-de-optica\/wp-content\/uploads\/2022\/10\/KIM-2-AY222-208-17-1024x683.jpg\" alt=\"Anteojos de sol Kim 2 de AY Not Dead\" class=\"zeen-lazy-load-base zeen-lazy-load wp-image-3024\"\/><noscript><img decoding=\"async\" width=\"1024\" height=\"683\" src=\"https:\/\/www.nuevavisionopticas.com.ar\/blog-de-optica\/wp-content\/uploads\/2022\/10\/KIM-2-AY222-208-17-1024x683.jpg\" alt=\"Anteojos de sol Kim 2 de AY Not Dead\" class=\"wp-image-3024\" srcset=\"https:\/\/www.nuevavisionopticas.com.ar\/blog-de-optica\/wp-content\/uploads\/2022\/10\/KIM-2-AY222-208-17-1024x683.jpg 1024w, https:\/\/www.nuevavisionopticas.com.ar\/blog-de-optica\/wp-content\/uploads\/2022\/10\/KIM-2-AY222-208-17-300x200.jpg 300w, https:\/\/www.nuevavisionopticas.com.ar\/blog-de-optica\/wp-content\/uploads\/2022\/10\/KIM-2-AY222-208-17-770x513.jpg 770w, https:\/\/www.nuevavisionopticas.com.ar\/blog-de-optica\/wp-content\/uploads\/2022\/10\/KIM-2-AY222-208-17-1536x1024.jpg 1536w, https:\/\/www.nuevavisionopticas.com.ar\/blog-de-optica\/wp-content\/uploads\/2022\/10\/KIM-2-AY222-208-17-360x240.jpg 360w, https:\/\/www.nuevavisionopticas.com.ar\/blog-de-optica\/wp-content\/uploads\/2022\/10\/KIM-2-AY222-208-17-1155x770.jpg 1155w, https:\/\/www.nuevavisionopticas.com.ar\/blog-de-optica\/wp-content\/uploads\/2022\/10\/KIM-2-AY222-208-17-351x234.jpg 351w, https:\/\/www.nuevavisionopticas.com.ar\/blog-de-optica\/wp-content\/uploads\/2022\/10\/KIM-2-AY222-208-17-751x501.jpg 751w, https:\/\/www.nuevavisionopticas.com.ar\/blog-de-optica\/wp-content\/uploads\/2022\/10\/KIM-2-AY222-208-17-1136x757.jpg 1136w, https:\/\/www.nuevavisionopticas.com.ar\/blog-de-optica\/wp-content\/uploads\/2022\/10\/KIM-2-AY222-208-17-274x183.jpg 274w, https:\/\/www.nuevavisionopticas.com.ar\/blog-de-optica\/wp-content\/uploads\/2022\/10\/KIM-2-AY222-208-17-1381x921.jpg 1381w, https:\/\/www.nuevavisionopticas.com.ar\/blog-de-optica\/wp-content\/uploads\/2022\/10\/KIM-2-AY222-208-17-120x80.jpg 120w, https:\/\/www.nuevavisionopticas.com.ar\/blog-de-optica\/wp-content\/uploads\/2022\/10\/KIM-2-AY222-208-17-240x160.jpg 240w, https:\/\/www.nuevavisionopticas.com.ar\/blog-de-optica\/wp-content\/uploads\/2022\/10\/KIM-2-AY222-208-17-390x260.jpg 390w, https:\/\/www.nuevavisionopticas.com.ar\/blog-de-optica\/wp-content\/uploads\/2022\/10\/KIM-2-AY222-208-17.jpg 1600w\" sizes=\"(max-width: 1024px) 100vw, 1024px\" \/><\/noscript><figcaption>Anteojos de sol Kim 2 de AY Not Dead<\/figcaption><\/figure>\n\n\n\n<figure class=\"wp-block-image size-large\"><img decoding=\"async\" src=\"data:image\/svg+xml,%3Csvg%20xmlns='http:\/\/www.w3.org\/2000\/svg'%20viewBox='0%200%20370%20247'%3E%3C\/svg%3E\" data-lazy-src=\"https:\/\/www.nuevavisionopticas.com.ar\/blog-de-optica\/wp-content\/uploads\/2022\/10\/KIM-2-AY222-100-63-1024x683.jpg\" alt=\"Anteojos de sol Kim 2 de AY Not Dead\" class=\"zeen-lazy-load-base zeen-lazy-load wp-image-3025\"\/><noscript><img decoding=\"async\" width=\"1024\" height=\"683\" src=\"https:\/\/www.nuevavisionopticas.com.ar\/blog-de-optica\/wp-content\/uploads\/2022\/10\/KIM-2-AY222-100-63-1024x683.jpg\" alt=\"Anteojos de sol Kim 2 de AY Not Dead\" class=\"wp-image-3025\" srcset=\"https:\/\/www.nuevavisionopticas.com.ar\/blog-de-optica\/wp-content\/uploads\/2022\/10\/KIM-2-AY222-100-63-1024x683.jpg 1024w, https:\/\/www.nuevavisionopticas.com.ar\/blog-de-optica\/wp-content\/uploads\/2022\/10\/KIM-2-AY222-100-63-300x200.jpg 300w, https:\/\/www.nuevavisionopticas.com.ar\/blog-de-optica\/wp-content\/uploads\/2022\/10\/KIM-2-AY222-100-63-770x513.jpg 770w, https:\/\/www.nuevavisionopticas.com.ar\/blog-de-optica\/wp-content\/uploads\/2022\/10\/KIM-2-AY222-100-63-1536x1024.jpg 1536w, https:\/\/www.nuevavisionopticas.com.ar\/blog-de-optica\/wp-content\/uploads\/2022\/10\/KIM-2-AY222-100-63-360x240.jpg 360w, https:\/\/www.nuevavisionopticas.com.ar\/blog-de-optica\/wp-content\/uploads\/2022\/10\/KIM-2-AY222-100-63-1155x770.jpg 1155w, https:\/\/www.nuevavisionopticas.com.ar\/blog-de-optica\/wp-content\/uploads\/2022\/10\/KIM-2-AY222-100-63-351x234.jpg 351w, https:\/\/www.nuevavisionopticas.com.ar\/blog-de-optica\/wp-content\/uploads\/2022\/10\/KIM-2-AY222-100-63-751x501.jpg 751w, https:\/\/www.nuevavisionopticas.com.ar\/blog-de-optica\/wp-content\/uploads\/2022\/10\/KIM-2-AY222-100-63-1136x757.jpg 1136w, https:\/\/www.nuevavisionopticas.com.ar\/blog-de-optica\/wp-content\/uploads\/2022\/10\/KIM-2-AY222-100-63-274x183.jpg 274w, https:\/\/www.nuevavisionopticas.com.ar\/blog-de-optica\/wp-content\/uploads\/2022\/10\/KIM-2-AY222-100-63-1381x921.jpg 1381w, https:\/\/www.nuevavisionopticas.com.ar\/blog-de-optica\/wp-content\/uploads\/2022\/10\/KIM-2-AY222-100-63-120x80.jpg 120w, https:\/\/www.nuevavisionopticas.com.ar\/blog-de-optica\/wp-content\/uploads\/2022\/10\/KIM-2-AY222-100-63-240x160.jpg 240w, https:\/\/www.nuevavisionopticas.com.ar\/blog-de-optica\/wp-content\/uploads\/2022\/10\/KIM-2-AY222-100-63-390x260.jpg 390w, https:\/\/www.nuevavisionopticas.com.ar\/blog-de-optica\/wp-content\/uploads\/2022\/10\/KIM-2-AY222-100-63.jpg 1600w\" sizes=\"(max-width: 1024px) 100vw, 1024px\" \/><\/noscript><figcaption>Anteojos de sol Kim 2 de AY Not Dead<\/figcaption><\/figure>\n\n\n\n<p>Anteojos <strong>Kim 2<\/strong> de <strong>AY Not Dead<\/strong>: cristales polarizados, frente y patillas de acetato, bisagras met\u00e1licas.<\/p>\n\n\n\n<figure class=\"wp-block-image size-large\"><img decoding=\"async\" src=\"data:image\/svg+xml,%3Csvg%20xmlns='http:\/\/www.w3.org\/2000\/svg'%20viewBox='0%200%20370%20247'%3E%3C\/svg%3E\" data-lazy-src=\"https:\/\/www.nuevavisionopticas.com.ar\/blog-de-optica\/wp-content\/uploads\/2022\/10\/B.-DYLAN-AY209-200-22-1024x683.jpg\" alt=\"Anteojos de sol B. Dylan de AY Not Dead\" class=\"zeen-lazy-load-base zeen-lazy-load wp-image-3027\"\/><noscript><img decoding=\"async\" width=\"1024\" height=\"683\" src=\"https:\/\/www.nuevavisionopticas.com.ar\/blog-de-optica\/wp-content\/uploads\/2022\/10\/B.-DYLAN-AY209-200-22-1024x683.jpg\" alt=\"Anteojos de sol B. Dylan de AY Not Dead\" class=\"wp-image-3027\" srcset=\"https:\/\/www.nuevavisionopticas.com.ar\/blog-de-optica\/wp-content\/uploads\/2022\/10\/B.-DYLAN-AY209-200-22-1024x683.jpg 1024w, https:\/\/www.nuevavisionopticas.com.ar\/blog-de-optica\/wp-content\/uploads\/2022\/10\/B.-DYLAN-AY209-200-22-300x200.jpg 300w, https:\/\/www.nuevavisionopticas.com.ar\/blog-de-optica\/wp-content\/uploads\/2022\/10\/B.-DYLAN-AY209-200-22-770x513.jpg 770w, https:\/\/www.nuevavisionopticas.com.ar\/blog-de-optica\/wp-content\/uploads\/2022\/10\/B.-DYLAN-AY209-200-22-1536x1024.jpg 1536w, https:\/\/www.nuevavisionopticas.com.ar\/blog-de-optica\/wp-content\/uploads\/2022\/10\/B.-DYLAN-AY209-200-22-360x240.jpg 360w, https:\/\/www.nuevavisionopticas.com.ar\/blog-de-optica\/wp-content\/uploads\/2022\/10\/B.-DYLAN-AY209-200-22-1155x770.jpg 1155w, https:\/\/www.nuevavisionopticas.com.ar\/blog-de-optica\/wp-content\/uploads\/2022\/10\/B.-DYLAN-AY209-200-22-351x234.jpg 351w, https:\/\/www.nuevavisionopticas.com.ar\/blog-de-optica\/wp-content\/uploads\/2022\/10\/B.-DYLAN-AY209-200-22-751x501.jpg 751w, https:\/\/www.nuevavisionopticas.com.ar\/blog-de-optica\/wp-content\/uploads\/2022\/10\/B.-DYLAN-AY209-200-22-1136x757.jpg 1136w, https:\/\/www.nuevavisionopticas.com.ar\/blog-de-optica\/wp-content\/uploads\/2022\/10\/B.-DYLAN-AY209-200-22-274x183.jpg 274w, https:\/\/www.nuevavisionopticas.com.ar\/blog-de-optica\/wp-content\/uploads\/2022\/10\/B.-DYLAN-AY209-200-22-1381x921.jpg 1381w, https:\/\/www.nuevavisionopticas.com.ar\/blog-de-optica\/wp-content\/uploads\/2022\/10\/B.-DYLAN-AY209-200-22-120x80.jpg 120w, https:\/\/www.nuevavisionopticas.com.ar\/blog-de-optica\/wp-content\/uploads\/2022\/10\/B.-DYLAN-AY209-200-22-240x160.jpg 240w, https:\/\/www.nuevavisionopticas.com.ar\/blog-de-optica\/wp-content\/uploads\/2022\/10\/B.-DYLAN-AY209-200-22-390x260.jpg 390w, https:\/\/www.nuevavisionopticas.com.ar\/blog-de-optica\/wp-content\/uploads\/2022\/10\/B.-DYLAN-AY209-200-22.jpg 1600w\" sizes=\"(max-width: 1024px) 100vw, 1024px\" \/><\/noscript><figcaption>Anteojos de sol B. Dylan de AY Not Dead<\/figcaption><\/figure>\n\n\n\n<figure class=\"wp-block-image size-large\"><img decoding=\"async\" src=\"data:image\/svg+xml,%3Csvg%20xmlns='http:\/\/www.w3.org\/2000\/svg'%20viewBox='0%200%20370%20247'%3E%3C\/svg%3E\" data-lazy-src=\"https:\/\/www.nuevavisionopticas.com.ar\/blog-de-optica\/wp-content\/uploads\/2022\/10\/B.-DYLAN-AY209-561-06-1024x683.jpg\" alt=\"Anteojos de sol B. Dylan de AY Not Dead\" class=\"zeen-lazy-load-base zeen-lazy-load wp-image-3028\"\/><noscript><img decoding=\"async\" width=\"1024\" height=\"683\" src=\"https:\/\/www.nuevavisionopticas.com.ar\/blog-de-optica\/wp-content\/uploads\/2022\/10\/B.-DYLAN-AY209-561-06-1024x683.jpg\" alt=\"Anteojos de sol B. Dylan de AY Not Dead\" class=\"wp-image-3028\" srcset=\"https:\/\/www.nuevavisionopticas.com.ar\/blog-de-optica\/wp-content\/uploads\/2022\/10\/B.-DYLAN-AY209-561-06-1024x683.jpg 1024w, https:\/\/www.nuevavisionopticas.com.ar\/blog-de-optica\/wp-content\/uploads\/2022\/10\/B.-DYLAN-AY209-561-06-300x200.jpg 300w, https:\/\/www.nuevavisionopticas.com.ar\/blog-de-optica\/wp-content\/uploads\/2022\/10\/B.-DYLAN-AY209-561-06-770x513.jpg 770w, https:\/\/www.nuevavisionopticas.com.ar\/blog-de-optica\/wp-content\/uploads\/2022\/10\/B.-DYLAN-AY209-561-06-1536x1024.jpg 1536w, https:\/\/www.nuevavisionopticas.com.ar\/blog-de-optica\/wp-content\/uploads\/2022\/10\/B.-DYLAN-AY209-561-06-360x240.jpg 360w, https:\/\/www.nuevavisionopticas.com.ar\/blog-de-optica\/wp-content\/uploads\/2022\/10\/B.-DYLAN-AY209-561-06-1155x770.jpg 1155w, https:\/\/www.nuevavisionopticas.com.ar\/blog-de-optica\/wp-content\/uploads\/2022\/10\/B.-DYLAN-AY209-561-06-351x234.jpg 351w, https:\/\/www.nuevavisionopticas.com.ar\/blog-de-optica\/wp-content\/uploads\/2022\/10\/B.-DYLAN-AY209-561-06-751x501.jpg 751w, https:\/\/www.nuevavisionopticas.com.ar\/blog-de-optica\/wp-content\/uploads\/2022\/10\/B.-DYLAN-AY209-561-06-1136x757.jpg 1136w, https:\/\/www.nuevavisionopticas.com.ar\/blog-de-optica\/wp-content\/uploads\/2022\/10\/B.-DYLAN-AY209-561-06-274x183.jpg 274w, https:\/\/www.nuevavisionopticas.com.ar\/blog-de-optica\/wp-content\/uploads\/2022\/10\/B.-DYLAN-AY209-561-06-1381x921.jpg 1381w, https:\/\/www.nuevavisionopticas.com.ar\/blog-de-optica\/wp-content\/uploads\/2022\/10\/B.-DYLAN-AY209-561-06-120x80.jpg 120w, https:\/\/www.nuevavisionopticas.com.ar\/blog-de-optica\/wp-content\/uploads\/2022\/10\/B.-DYLAN-AY209-561-06-240x160.jpg 240w, https:\/\/www.nuevavisionopticas.com.ar\/blog-de-optica\/wp-content\/uploads\/2022\/10\/B.-DYLAN-AY209-561-06-390x260.jpg 390w, https:\/\/www.nuevavisionopticas.com.ar\/blog-de-optica\/wp-content\/uploads\/2022\/10\/B.-DYLAN-AY209-561-06.jpg 1600w\" sizes=\"(max-width: 1024px) 100vw, 1024px\" \/><\/noscript><figcaption>Anteojos de sol B. Dylan de AY Not Dead<\/figcaption><\/figure>\n\n\n\n<p>Anteojos <strong>B. Dylan<\/strong> de <strong>AY Not Dead<\/strong>: cristales polarizados, frente y patillas de acetato, bisagras met\u00e1licas.<\/p>\n\n\n\n<figure class=\"wp-block-image size-large\"><img decoding=\"async\" src=\"data:image\/svg+xml,%3Csvg%20xmlns='http:\/\/www.w3.org\/2000\/svg'%20viewBox='0%200%20370%20247'%3E%3C\/svg%3E\" data-lazy-src=\"https:\/\/www.nuevavisionopticas.com.ar\/blog-de-optica\/wp-content\/uploads\/2022\/10\/BURROUGHS-AY218-100-22-1024x683.jpg\" alt=\"Anteojos de sol Burroughs de AY Not Dead\" class=\"zeen-lazy-load-base zeen-lazy-load wp-image-3029\"\/><noscript><img decoding=\"async\" width=\"1024\" height=\"683\" src=\"https:\/\/www.nuevavisionopticas.com.ar\/blog-de-optica\/wp-content\/uploads\/2022\/10\/BURROUGHS-AY218-100-22-1024x683.jpg\" alt=\"Anteojos de sol Burroughs de AY Not Dead\" class=\"wp-image-3029\" srcset=\"https:\/\/www.nuevavisionopticas.com.ar\/blog-de-optica\/wp-content\/uploads\/2022\/10\/BURROUGHS-AY218-100-22-1024x683.jpg 1024w, https:\/\/www.nuevavisionopticas.com.ar\/blog-de-optica\/wp-content\/uploads\/2022\/10\/BURROUGHS-AY218-100-22-300x200.jpg 300w, https:\/\/www.nuevavisionopticas.com.ar\/blog-de-optica\/wp-content\/uploads\/2022\/10\/BURROUGHS-AY218-100-22-770x513.jpg 770w, https:\/\/www.nuevavisionopticas.com.ar\/blog-de-optica\/wp-content\/uploads\/2022\/10\/BURROUGHS-AY218-100-22-1536x1024.jpg 1536w, https:\/\/www.nuevavisionopticas.com.ar\/blog-de-optica\/wp-content\/uploads\/2022\/10\/BURROUGHS-AY218-100-22-360x240.jpg 360w, https:\/\/www.nuevavisionopticas.com.ar\/blog-de-optica\/wp-content\/uploads\/2022\/10\/BURROUGHS-AY218-100-22-1155x770.jpg 1155w, https:\/\/www.nuevavisionopticas.com.ar\/blog-de-optica\/wp-content\/uploads\/2022\/10\/BURROUGHS-AY218-100-22-351x234.jpg 351w, https:\/\/www.nuevavisionopticas.com.ar\/blog-de-optica\/wp-content\/uploads\/2022\/10\/BURROUGHS-AY218-100-22-751x501.jpg 751w, https:\/\/www.nuevavisionopticas.com.ar\/blog-de-optica\/wp-content\/uploads\/2022\/10\/BURROUGHS-AY218-100-22-1136x757.jpg 1136w, https:\/\/www.nuevavisionopticas.com.ar\/blog-de-optica\/wp-content\/uploads\/2022\/10\/BURROUGHS-AY218-100-22-274x183.jpg 274w, https:\/\/www.nuevavisionopticas.com.ar\/blog-de-optica\/wp-content\/uploads\/2022\/10\/BURROUGHS-AY218-100-22-1381x921.jpg 1381w, https:\/\/www.nuevavisionopticas.com.ar\/blog-de-optica\/wp-content\/uploads\/2022\/10\/BURROUGHS-AY218-100-22-120x80.jpg 120w, https:\/\/www.nuevavisionopticas.com.ar\/blog-de-optica\/wp-content\/uploads\/2022\/10\/BURROUGHS-AY218-100-22-240x160.jpg 240w, https:\/\/www.nuevavisionopticas.com.ar\/blog-de-optica\/wp-content\/uploads\/2022\/10\/BURROUGHS-AY218-100-22-390x260.jpg 390w, https:\/\/www.nuevavisionopticas.com.ar\/blog-de-optica\/wp-content\/uploads\/2022\/10\/BURROUGHS-AY218-100-22.jpg 1600w\" sizes=\"(max-width: 1024px) 100vw, 1024px\" \/><\/noscript><figcaption>Anteojos de sol Burroughs de AY Not Dead<\/figcaption><\/figure>\n\n\n\n<figure class=\"wp-block-image size-large\"><img decoding=\"async\" src=\"data:image\/svg+xml,%3Csvg%20xmlns='http:\/\/www.w3.org\/2000\/svg'%20viewBox='0%200%20370%20247'%3E%3C\/svg%3E\" data-lazy-src=\"https:\/\/www.nuevavisionopticas.com.ar\/blog-de-optica\/wp-content\/uploads\/2022\/10\/BURROUGHS-AY218-304-06-1024x683.jpg\" alt=\"Anteojos de sol Burroughs de AY Not Dead\" class=\"zeen-lazy-load-base zeen-lazy-load wp-image-3030\"\/><noscript><img decoding=\"async\" width=\"1024\" height=\"683\" src=\"https:\/\/www.nuevavisionopticas.com.ar\/blog-de-optica\/wp-content\/uploads\/2022\/10\/BURROUGHS-AY218-304-06-1024x683.jpg\" alt=\"Anteojos de sol Burroughs de AY Not Dead\" class=\"wp-image-3030\" srcset=\"https:\/\/www.nuevavisionopticas.com.ar\/blog-de-optica\/wp-content\/uploads\/2022\/10\/BURROUGHS-AY218-304-06-1024x683.jpg 1024w, https:\/\/www.nuevavisionopticas.com.ar\/blog-de-optica\/wp-content\/uploads\/2022\/10\/BURROUGHS-AY218-304-06-300x200.jpg 300w, https:\/\/www.nuevavisionopticas.com.ar\/blog-de-optica\/wp-content\/uploads\/2022\/10\/BURROUGHS-AY218-304-06-770x513.jpg 770w, https:\/\/www.nuevavisionopticas.com.ar\/blog-de-optica\/wp-content\/uploads\/2022\/10\/BURROUGHS-AY218-304-06-1536x1024.jpg 1536w, https:\/\/www.nuevavisionopticas.com.ar\/blog-de-optica\/wp-content\/uploads\/2022\/10\/BURROUGHS-AY218-304-06-360x240.jpg 360w, https:\/\/www.nuevavisionopticas.com.ar\/blog-de-optica\/wp-content\/uploads\/2022\/10\/BURROUGHS-AY218-304-06-1155x770.jpg 1155w, https:\/\/www.nuevavisionopticas.com.ar\/blog-de-optica\/wp-content\/uploads\/2022\/10\/BURROUGHS-AY218-304-06-351x234.jpg 351w, https:\/\/www.nuevavisionopticas.com.ar\/blog-de-optica\/wp-content\/uploads\/2022\/10\/BURROUGHS-AY218-304-06-751x501.jpg 751w, https:\/\/www.nuevavisionopticas.com.ar\/blog-de-optica\/wp-content\/uploads\/2022\/10\/BURROUGHS-AY218-304-06-1136x757.jpg 1136w, https:\/\/www.nuevavisionopticas.com.ar\/blog-de-optica\/wp-content\/uploads\/2022\/10\/BURROUGHS-AY218-304-06-274x183.jpg 274w, https:\/\/www.nuevavisionopticas.com.ar\/blog-de-optica\/wp-content\/uploads\/2022\/10\/BURROUGHS-AY218-304-06-1381x921.jpg 1381w, https:\/\/www.nuevavisionopticas.com.ar\/blog-de-optica\/wp-content\/uploads\/2022\/10\/BURROUGHS-AY218-304-06-120x80.jpg 120w, https:\/\/www.nuevavisionopticas.com.ar\/blog-de-optica\/wp-content\/uploads\/2022\/10\/BURROUGHS-AY218-304-06-240x160.jpg 240w, https:\/\/www.nuevavisionopticas.com.ar\/blog-de-optica\/wp-content\/uploads\/2022\/10\/BURROUGHS-AY218-304-06-390x260.jpg 390w, https:\/\/www.nuevavisionopticas.com.ar\/blog-de-optica\/wp-content\/uploads\/2022\/10\/BURROUGHS-AY218-304-06.jpg 1600w\" sizes=\"(max-width: 1024px) 100vw, 1024px\" \/><\/noscript><figcaption>Anteojos de sol Burroughs de AY Not Dead<\/figcaption><\/figure>\n\n\n\n<figure class=\"wp-block-image size-large\"><img decoding=\"async\" src=\"data:image\/svg+xml,%3Csvg%20xmlns='http:\/\/www.w3.org\/2000\/svg'%20viewBox='0%200%20370%20247'%3E%3C\/svg%3E\" data-lazy-src=\"https:\/\/www.nuevavisionopticas.com.ar\/blog-de-optica\/wp-content\/uploads\/2022\/10\/BURROUGHS-AY218-310-60-1024x683.jpg\" alt=\"Anteojos de sol Burroughs de AY Not Dead\" class=\"zeen-lazy-load-base zeen-lazy-load wp-image-3031\"\/><noscript><img decoding=\"async\" width=\"1024\" height=\"683\" src=\"https:\/\/www.nuevavisionopticas.com.ar\/blog-de-optica\/wp-content\/uploads\/2022\/10\/BURROUGHS-AY218-310-60-1024x683.jpg\" alt=\"Anteojos de sol Burroughs de AY Not Dead\" class=\"wp-image-3031\" srcset=\"https:\/\/www.nuevavisionopticas.com.ar\/blog-de-optica\/wp-content\/uploads\/2022\/10\/BURROUGHS-AY218-310-60-1024x683.jpg 1024w, https:\/\/www.nuevavisionopticas.com.ar\/blog-de-optica\/wp-content\/uploads\/2022\/10\/BURROUGHS-AY218-310-60-300x200.jpg 300w, https:\/\/www.nuevavisionopticas.com.ar\/blog-de-optica\/wp-content\/uploads\/2022\/10\/BURROUGHS-AY218-310-60-770x513.jpg 770w, https:\/\/www.nuevavisionopticas.com.ar\/blog-de-optica\/wp-content\/uploads\/2022\/10\/BURROUGHS-AY218-310-60-1536x1024.jpg 1536w, https:\/\/www.nuevavisionopticas.com.ar\/blog-de-optica\/wp-content\/uploads\/2022\/10\/BURROUGHS-AY218-310-60-360x240.jpg 360w, https:\/\/www.nuevavisionopticas.com.ar\/blog-de-optica\/wp-content\/uploads\/2022\/10\/BURROUGHS-AY218-310-60-1155x770.jpg 1155w, https:\/\/www.nuevavisionopticas.com.ar\/blog-de-optica\/wp-content\/uploads\/2022\/10\/BURROUGHS-AY218-310-60-351x234.jpg 351w, https:\/\/www.nuevavisionopticas.com.ar\/blog-de-optica\/wp-content\/uploads\/2022\/10\/BURROUGHS-AY218-310-60-751x501.jpg 751w, https:\/\/www.nuevavisionopticas.com.ar\/blog-de-optica\/wp-content\/uploads\/2022\/10\/BURROUGHS-AY218-310-60-1136x757.jpg 1136w, https:\/\/www.nuevavisionopticas.com.ar\/blog-de-optica\/wp-content\/uploads\/2022\/10\/BURROUGHS-AY218-310-60-274x183.jpg 274w, https:\/\/www.nuevavisionopticas.com.ar\/blog-de-optica\/wp-content\/uploads\/2022\/10\/BURROUGHS-AY218-310-60-1381x921.jpg 1381w, https:\/\/www.nuevavisionopticas.com.ar\/blog-de-optica\/wp-content\/uploads\/2022\/10\/BURROUGHS-AY218-310-60-120x80.jpg 120w, https:\/\/www.nuevavisionopticas.com.ar\/blog-de-optica\/wp-content\/uploads\/2022\/10\/BURROUGHS-AY218-310-60-240x160.jpg 240w, https:\/\/www.nuevavisionopticas.com.ar\/blog-de-optica\/wp-content\/uploads\/2022\/10\/BURROUGHS-AY218-310-60-390x260.jpg 390w, https:\/\/www.nuevavisionopticas.com.ar\/blog-de-optica\/wp-content\/uploads\/2022\/10\/BURROUGHS-AY218-310-60.jpg 1600w\" sizes=\"(max-width: 1024px) 100vw, 1024px\" \/><\/noscript><figcaption>Anteojos de sol Burroughs de AY Not Dead<\/figcaption><\/figure>\n\n\n\n<p>Te esperamos en <strong>Nueva Visi\u00f3n \u00d3pticas<\/strong> para asesorarte y ayudarte a elegir el anteojo de sol ideal de <strong>AY Not Dead<\/strong> para vos. Nuestras <strong>\u00f3pticas <\/strong>est\u00e1n ubicadas en <a href=\"https:\/\/www.nuevavisionopticas.com.ar\/optica-san-isidro.html\">San Isidro<\/a>, <a href=\"https:\/\/www.nuevavisionopticas.com.ar\/optica-las-lomas-de-san-isidro.html\">Lomas de San Isidro<\/a>, <a href=\"https:\/\/www.nuevavisionopticas.com.ar\/optica-martinez.html\">Mart\u00ednez<\/a>, <a href=\"https:\/\/www.nuevavisionopticas.com.ar\/optica-la-lucila.html\">La Lucila<\/a>, <a href=\"https:\/\/www.nuevavisionopticas.com.ar\/optica-recoleta.html\">Recoleta<\/a>, <a href=\"https:\/\/www.nuevavisionopticas.com.ar\/optica-barrio-norte.html\">Barrio Norte<\/a> y <a href=\"https:\/\/www.nuevavisionopticas.com.ar\/optica-belgrano.html\">Belgrano<\/a>, en zona norte de la provincia de Buenos Aires y en Capital Federal.<\/p>\n","protected":false},"excerpt":{"rendered":"<p>\u00bfEs posible crear una colecci\u00f3n de anteojos mejor que la anterior a\u00f1o tras a\u00f1o? Vale Cuatro y AY Not Dead no dejan ning\u00fan tipo de dudas frente a esta pregunta, la respuesta es un s\u00ed rotundo. Llegan a Nueva Visi\u00f3n \u00d3pticas los novedosos anteojos cancheros y modernos, con un toque retro, de una de nuestras marcas favoritas. Compartimos a continuaci\u00f3n algunos de los nuevos anteojos de sol que trae AYND para esta temporada, anteojos para hombre y anteojos para mujer: [&hellip;]<\/p>\n","protected":false},"author":1,"featured_media":3026,"comment_status":"open","ping_status":"open","sticky":false,"template":"","format":"standard","meta":{"_monsterinsights_skip_tracking":false,"_monsterinsights_sitenote_active":false,"_monsterinsights_sitenote_note":"","_monsterinsights_sitenote_category":0,"footnotes":""},"categories":[4,15,16],"tags":[],"class_list":["post-3013","post","type-post","status-publish","format-standard","has-post-thumbnail","hentry","category-anteojos-de-sol","category-marcas","category-moda"],"yoast_head":"<!-- This site is optimized with the Yoast SEO plugin v27.3 - https:\/\/yoast.com\/product\/yoast-seo-wordpress\/ -->\n<title>Verano 2023 + AY Not Dead &#8211; Blog de \u00f3ptica<\/title>\n<meta name=\"robots\" content=\"index, follow, max-snippet:-1, max-image-preview:large, max-video-preview:-1\" \/>\n<link rel=\"canonical\" href=\"https:\/\/www.nuevavisionopticas.com.ar\/blog-de-optica\/2022\/10\/verano-2023-ay-not-dead\/\" \/>\n<meta property=\"og:locale\" content=\"es_ES\" \/>\n<meta property=\"og:type\" content=\"article\" \/>\n<meta property=\"og:title\" content=\"Verano 2023 + AY Not Dead &#8211; Blog de \u00f3ptica\" \/>\n<meta property=\"og:description\" content=\"\u00bfEs posible crear una colecci\u00f3n de anteojos mejor que la anterior a\u00f1o tras a\u00f1o? Vale Cuatro y AY Not Dead no dejan ning\u00fan tipo de dudas frente a esta pregunta, la respuesta es un s\u00ed rotundo. Llegan a Nueva Visi\u00f3n \u00d3pticas los novedosos anteojos cancheros y modernos, con un toque retro, de una de nuestras marcas favoritas. Compartimos a continuaci\u00f3n algunos de los nuevos anteojos de sol que trae AYND para esta temporada, anteojos para hombre y anteojos para mujer: [&hellip;]\" \/>\n<meta property=\"og:url\" content=\"https:\/\/www.nuevavisionopticas.com.ar\/blog-de-optica\/2022\/10\/verano-2023-ay-not-dead\/\" \/>\n<meta property=\"og:site_name\" content=\"Blog de \u00f3ptica\" \/>\n<meta property=\"article:publisher\" content=\"https:\/\/www.facebook.com\/nuevavisionarg\" \/>\n<meta property=\"article:published_time\" content=\"2022-10-30T16:58:31+00:00\" \/>\n<meta property=\"article:modified_time\" content=\"2022-11-30T13:38:56+00:00\" \/>\n<meta property=\"og:image\" content=\"https:\/\/www.nuevavisionopticas.com.ar\/blog-de-optica\/wp-content\/uploads\/2022\/10\/22_10_03-AYND-LKBK6379-.jpg\" \/>\n\t<meta property=\"og:image:width\" content=\"1067\" \/>\n\t<meta property=\"og:image:height\" content=\"1600\" \/>\n\t<meta property=\"og:image:type\" content=\"image\/jpeg\" \/>\n<meta name=\"author\" content=\"admin_optica\" \/>\n<meta name=\"twitter:card\" content=\"summary_large_image\" \/>\n<meta name=\"twitter:label1\" content=\"Escrito por\" \/>\n\t<meta name=\"twitter:data1\" content=\"admin_optica\" \/>\n\t<meta name=\"twitter:label2\" content=\"Tiempo de lectura\" \/>\n\t<meta name=\"twitter:data2\" content=\"2 minutos\" \/>\n<script type=\"application\/ld+json\" class=\"yoast-schema-graph\">{\"@context\":\"https:\\\/\\\/schema.org\",\"@graph\":[{\"@type\":\"Article\",\"@id\":\"https:\\\/\\\/www.nuevavisionopticas.com.ar\\\/blog-de-optica\\\/2022\\\/10\\\/verano-2023-ay-not-dead\\\/#article\",\"isPartOf\":{\"@id\":\"https:\\\/\\\/www.nuevavisionopticas.com.ar\\\/blog-de-optica\\\/2022\\\/10\\\/verano-2023-ay-not-dead\\\/\"},\"author\":{\"name\":\"admin_optica\",\"@id\":\"http:\\\/\\\/www.nuevavisionopticas.com.ar\\\/blog-de-optica\\\/#\\\/schema\\\/person\\\/2d6fbd00282cbc8fdd54058894af4341\"},\"headline\":\"Verano 2023 + AY Not Dead\",\"datePublished\":\"2022-10-30T16:58:31+00:00\",\"dateModified\":\"2022-11-30T13:38:56+00:00\",\"mainEntityOfPage\":{\"@id\":\"https:\\\/\\\/www.nuevavisionopticas.com.ar\\\/blog-de-optica\\\/2022\\\/10\\\/verano-2023-ay-not-dead\\\/\"},\"wordCount\":376,\"commentCount\":0,\"publisher\":{\"@id\":\"http:\\\/\\\/www.nuevavisionopticas.com.ar\\\/blog-de-optica\\\/#organization\"},\"image\":{\"@id\":\"https:\\\/\\\/www.nuevavisionopticas.com.ar\\\/blog-de-optica\\\/2022\\\/10\\\/verano-2023-ay-not-dead\\\/#primaryimage\"},\"thumbnailUrl\":\"https:\\\/\\\/www.nuevavisionopticas.com.ar\\\/blog-de-optica\\\/wp-content\\\/uploads\\\/2022\\\/10\\\/22_10_03-AYND-LKBK6379-.jpg\",\"articleSection\":[\"Anteojos de Sol\",\"marcas\",\"moda\"],\"inLanguage\":\"es\",\"potentialAction\":[{\"@type\":\"CommentAction\",\"name\":\"Comment\",\"target\":[\"https:\\\/\\\/www.nuevavisionopticas.com.ar\\\/blog-de-optica\\\/2022\\\/10\\\/verano-2023-ay-not-dead\\\/#respond\"]}]},{\"@type\":\"WebPage\",\"@id\":\"https:\\\/\\\/www.nuevavisionopticas.com.ar\\\/blog-de-optica\\\/2022\\\/10\\\/verano-2023-ay-not-dead\\\/\",\"url\":\"https:\\\/\\\/www.nuevavisionopticas.com.ar\\\/blog-de-optica\\\/2022\\\/10\\\/verano-2023-ay-not-dead\\\/\",\"name\":\"Verano 2023 + AY Not Dead &#8211; Blog de \u00f3ptica\",\"isPartOf\":{\"@id\":\"http:\\\/\\\/www.nuevavisionopticas.com.ar\\\/blog-de-optica\\\/#website\"},\"primaryImageOfPage\":{\"@id\":\"https:\\\/\\\/www.nuevavisionopticas.com.ar\\\/blog-de-optica\\\/2022\\\/10\\\/verano-2023-ay-not-dead\\\/#primaryimage\"},\"image\":{\"@id\":\"https:\\\/\\\/www.nuevavisionopticas.com.ar\\\/blog-de-optica\\\/2022\\\/10\\\/verano-2023-ay-not-dead\\\/#primaryimage\"},\"thumbnailUrl\":\"https:\\\/\\\/www.nuevavisionopticas.com.ar\\\/blog-de-optica\\\/wp-content\\\/uploads\\\/2022\\\/10\\\/22_10_03-AYND-LKBK6379-.jpg\",\"datePublished\":\"2022-10-30T16:58:31+00:00\",\"dateModified\":\"2022-11-30T13:38:56+00:00\",\"breadcrumb\":{\"@id\":\"https:\\\/\\\/www.nuevavisionopticas.com.ar\\\/blog-de-optica\\\/2022\\\/10\\\/verano-2023-ay-not-dead\\\/#breadcrumb\"},\"inLanguage\":\"es\",\"potentialAction\":[{\"@type\":\"ReadAction\",\"target\":[\"https:\\\/\\\/www.nuevavisionopticas.com.ar\\\/blog-de-optica\\\/2022\\\/10\\\/verano-2023-ay-not-dead\\\/\"]}]},{\"@type\":\"ImageObject\",\"inLanguage\":\"es\",\"@id\":\"https:\\\/\\\/www.nuevavisionopticas.com.ar\\\/blog-de-optica\\\/2022\\\/10\\\/verano-2023-ay-not-dead\\\/#primaryimage\",\"url\":\"https:\\\/\\\/www.nuevavisionopticas.com.ar\\\/blog-de-optica\\\/wp-content\\\/uploads\\\/2022\\\/10\\\/22_10_03-AYND-LKBK6379-.jpg\",\"contentUrl\":\"https:\\\/\\\/www.nuevavisionopticas.com.ar\\\/blog-de-optica\\\/wp-content\\\/uploads\\\/2022\\\/10\\\/22_10_03-AYND-LKBK6379-.jpg\",\"width\":1067,\"height\":1600,\"caption\":\"Anteojos de sol AY Not dead - Primavera verano 2023\"},{\"@type\":\"BreadcrumbList\",\"@id\":\"https:\\\/\\\/www.nuevavisionopticas.com.ar\\\/blog-de-optica\\\/2022\\\/10\\\/verano-2023-ay-not-dead\\\/#breadcrumb\",\"itemListElement\":[{\"@type\":\"ListItem\",\"position\":1,\"name\":\"Portada\",\"item\":\"http:\\\/\\\/www.nuevavisionopticas.com.ar\\\/blog-de-optica\\\/\"},{\"@type\":\"ListItem\",\"position\":2,\"name\":\"Verano 2023 + AY Not Dead\"}]},{\"@type\":\"WebSite\",\"@id\":\"http:\\\/\\\/www.nuevavisionopticas.com.ar\\\/blog-de-optica\\\/#website\",\"url\":\"http:\\\/\\\/www.nuevavisionopticas.com.ar\\\/blog-de-optica\\\/\",\"name\":\"Blog de \u00f3ptica\",\"description\":\"Nueva Visi\u00f3n \u00d3pticas\",\"publisher\":{\"@id\":\"http:\\\/\\\/www.nuevavisionopticas.com.ar\\\/blog-de-optica\\\/#organization\"},\"potentialAction\":[{\"@type\":\"SearchAction\",\"target\":{\"@type\":\"EntryPoint\",\"urlTemplate\":\"http:\\\/\\\/www.nuevavisionopticas.com.ar\\\/blog-de-optica\\\/?s={search_term_string}\"},\"query-input\":{\"@type\":\"PropertyValueSpecification\",\"valueRequired\":true,\"valueName\":\"search_term_string\"}}],\"inLanguage\":\"es\"},{\"@type\":\"Organization\",\"@id\":\"http:\\\/\\\/www.nuevavisionopticas.com.ar\\\/blog-de-optica\\\/#organization\",\"name\":\"Nueva Visi\u00f3n \u00d3pticas\",\"url\":\"http:\\\/\\\/www.nuevavisionopticas.com.ar\\\/blog-de-optica\\\/\",\"logo\":{\"@type\":\"ImageObject\",\"inLanguage\":\"es\",\"@id\":\"http:\\\/\\\/www.nuevavisionopticas.com.ar\\\/blog-de-optica\\\/#\\\/schema\\\/logo\\\/image\\\/\",\"url\":\"https:\\\/\\\/www.nuevavisionopticas.com.ar\\\/blog-de-optica\\\/wp-content\\\/uploads\\\/2021\\\/07\\\/logo-blanco-nueva-vision.png\",\"contentUrl\":\"https:\\\/\\\/www.nuevavisionopticas.com.ar\\\/blog-de-optica\\\/wp-content\\\/uploads\\\/2021\\\/07\\\/logo-blanco-nueva-vision.png\",\"width\":181,\"height\":46,\"caption\":\"Nueva Visi\u00f3n \u00d3pticas\"},\"image\":{\"@id\":\"http:\\\/\\\/www.nuevavisionopticas.com.ar\\\/blog-de-optica\\\/#\\\/schema\\\/logo\\\/image\\\/\"},\"sameAs\":[\"https:\\\/\\\/www.facebook.com\\\/nuevavisionarg\",\"https:\\\/\\\/www.instagram.com\\\/nuevavisionarg\"]},{\"@type\":\"Person\",\"@id\":\"http:\\\/\\\/www.nuevavisionopticas.com.ar\\\/blog-de-optica\\\/#\\\/schema\\\/person\\\/2d6fbd00282cbc8fdd54058894af4341\",\"name\":\"admin_optica\",\"image\":{\"@type\":\"ImageObject\",\"inLanguage\":\"es\",\"@id\":\"https:\\\/\\\/secure.gravatar.com\\\/avatar\\\/e33974a79b80e7fe593e5cf53cb2160fcb165380bed6475ed9144c295430f76c?s=96&d=mm&r=g\",\"url\":\"https:\\\/\\\/secure.gravatar.com\\\/avatar\\\/e33974a79b80e7fe593e5cf53cb2160fcb165380bed6475ed9144c295430f76c?s=96&d=mm&r=g\",\"contentUrl\":\"https:\\\/\\\/secure.gravatar.com\\\/avatar\\\/e33974a79b80e7fe593e5cf53cb2160fcb165380bed6475ed9144c295430f76c?s=96&d=mm&r=g\",\"caption\":\"admin_optica\"}}]}<\/script>\n<!-- \/ Yoast SEO plugin. -->","yoast_head_json":{"title":"Verano 2023 + AY Not Dead &#8211; Blog de \u00f3ptica","robots":{"index":"index","follow":"follow","max-snippet":"max-snippet:-1","max-image-preview":"max-image-preview:large","max-video-preview":"max-video-preview:-1"},"canonical":"https:\/\/www.nuevavisionopticas.com.ar\/blog-de-optica\/2022\/10\/verano-2023-ay-not-dead\/","og_locale":"es_ES","og_type":"article","og_title":"Verano 2023 + AY Not Dead &#8211; Blog de \u00f3ptica","og_description":"\u00bfEs posible crear una colecci\u00f3n de anteojos mejor que la anterior a\u00f1o tras a\u00f1o? Vale Cuatro y AY Not Dead no dejan ning\u00fan tipo de dudas frente a esta pregunta, la respuesta es un s\u00ed rotundo. Llegan a Nueva Visi\u00f3n \u00d3pticas los novedosos anteojos cancheros y modernos, con un toque retro, de una de nuestras marcas favoritas. Compartimos a continuaci\u00f3n algunos de los nuevos anteojos de sol que trae AYND para esta temporada, anteojos para hombre y anteojos para mujer: [&hellip;]","og_url":"https:\/\/www.nuevavisionopticas.com.ar\/blog-de-optica\/2022\/10\/verano-2023-ay-not-dead\/","og_site_name":"Blog de \u00f3ptica","article_publisher":"https:\/\/www.facebook.com\/nuevavisionarg","article_published_time":"2022-10-30T16:58:31+00:00","article_modified_time":"2022-11-30T13:38:56+00:00","og_image":[{"width":1067,"height":1600,"url":"https:\/\/www.nuevavisionopticas.com.ar\/blog-de-optica\/wp-content\/uploads\/2022\/10\/22_10_03-AYND-LKBK6379-.jpg","type":"image\/jpeg"}],"author":"admin_optica","twitter_card":"summary_large_image","twitter_misc":{"Escrito por":"admin_optica","Tiempo de lectura":"2 minutos"},"schema":{"@context":"https:\/\/schema.org","@graph":[{"@type":"Article","@id":"https:\/\/www.nuevavisionopticas.com.ar\/blog-de-optica\/2022\/10\/verano-2023-ay-not-dead\/#article","isPartOf":{"@id":"https:\/\/www.nuevavisionopticas.com.ar\/blog-de-optica\/2022\/10\/verano-2023-ay-not-dead\/"},"author":{"name":"admin_optica","@id":"http:\/\/www.nuevavisionopticas.com.ar\/blog-de-optica\/#\/schema\/person\/2d6fbd00282cbc8fdd54058894af4341"},"headline":"Verano 2023 + AY Not Dead","datePublished":"2022-10-30T16:58:31+00:00","dateModified":"2022-11-30T13:38:56+00:00","mainEntityOfPage":{"@id":"https:\/\/www.nuevavisionopticas.com.ar\/blog-de-optica\/2022\/10\/verano-2023-ay-not-dead\/"},"wordCount":376,"commentCount":0,"publisher":{"@id":"http:\/\/www.nuevavisionopticas.com.ar\/blog-de-optica\/#organization"},"image":{"@id":"https:\/\/www.nuevavisionopticas.com.ar\/blog-de-optica\/2022\/10\/verano-2023-ay-not-dead\/#primaryimage"},"thumbnailUrl":"https:\/\/www.nuevavisionopticas.com.ar\/blog-de-optica\/wp-content\/uploads\/2022\/10\/22_10_03-AYND-LKBK6379-.jpg","articleSection":["Anteojos de Sol","marcas","moda"],"inLanguage":"es","potentialAction":[{"@type":"CommentAction","name":"Comment","target":["https:\/\/www.nuevavisionopticas.com.ar\/blog-de-optica\/2022\/10\/verano-2023-ay-not-dead\/#respond"]}]},{"@type":"WebPage","@id":"https:\/\/www.nuevavisionopticas.com.ar\/blog-de-optica\/2022\/10\/verano-2023-ay-not-dead\/","url":"https:\/\/www.nuevavisionopticas.com.ar\/blog-de-optica\/2022\/10\/verano-2023-ay-not-dead\/","name":"Verano 2023 + AY Not Dead &#8211; Blog de \u00f3ptica","isPartOf":{"@id":"http:\/\/www.nuevavisionopticas.com.ar\/blog-de-optica\/#website"},"primaryImageOfPage":{"@id":"https:\/\/www.nuevavisionopticas.com.ar\/blog-de-optica\/2022\/10\/verano-2023-ay-not-dead\/#primaryimage"},"image":{"@id":"https:\/\/www.nuevavisionopticas.com.ar\/blog-de-optica\/2022\/10\/verano-2023-ay-not-dead\/#primaryimage"},"thumbnailUrl":"https:\/\/www.nuevavisionopticas.com.ar\/blog-de-optica\/wp-content\/uploads\/2022\/10\/22_10_03-AYND-LKBK6379-.jpg","datePublished":"2022-10-30T16:58:31+00:00","dateModified":"2022-11-30T13:38:56+00:00","breadcrumb":{"@id":"https:\/\/www.nuevavisionopticas.com.ar\/blog-de-optica\/2022\/10\/verano-2023-ay-not-dead\/#breadcrumb"},"inLanguage":"es","potentialAction":[{"@type":"ReadAction","target":["https:\/\/www.nuevavisionopticas.com.ar\/blog-de-optica\/2022\/10\/verano-2023-ay-not-dead\/"]}]},{"@type":"ImageObject","inLanguage":"es","@id":"https:\/\/www.nuevavisionopticas.com.ar\/blog-de-optica\/2022\/10\/verano-2023-ay-not-dead\/#primaryimage","url":"https:\/\/www.nuevavisionopticas.com.ar\/blog-de-optica\/wp-content\/uploads\/2022\/10\/22_10_03-AYND-LKBK6379-.jpg","contentUrl":"https:\/\/www.nuevavisionopticas.com.ar\/blog-de-optica\/wp-content\/uploads\/2022\/10\/22_10_03-AYND-LKBK6379-.jpg","width":1067,"height":1600,"caption":"Anteojos de sol AY Not dead - Primavera verano 2023"},{"@type":"BreadcrumbList","@id":"https:\/\/www.nuevavisionopticas.com.ar\/blog-de-optica\/2022\/10\/verano-2023-ay-not-dead\/#breadcrumb","itemListElement":[{"@type":"ListItem","position":1,"name":"Portada","item":"http:\/\/www.nuevavisionopticas.com.ar\/blog-de-optica\/"},{"@type":"ListItem","position":2,"name":"Verano 2023 + AY Not Dead"}]},{"@type":"WebSite","@id":"http:\/\/www.nuevavisionopticas.com.ar\/blog-de-optica\/#website","url":"http:\/\/www.nuevavisionopticas.com.ar\/blog-de-optica\/","name":"Blog de \u00f3ptica","description":"Nueva Visi\u00f3n \u00d3pticas","publisher":{"@id":"http:\/\/www.nuevavisionopticas.com.ar\/blog-de-optica\/#organization"},"potentialAction":[{"@type":"SearchAction","target":{"@type":"EntryPoint","urlTemplate":"http:\/\/www.nuevavisionopticas.com.ar\/blog-de-optica\/?s={search_term_string}"},"query-input":{"@type":"PropertyValueSpecification","valueRequired":true,"valueName":"search_term_string"}}],"inLanguage":"es"},{"@type":"Organization","@id":"http:\/\/www.nuevavisionopticas.com.ar\/blog-de-optica\/#organization","name":"Nueva Visi\u00f3n \u00d3pticas","url":"http:\/\/www.nuevavisionopticas.com.ar\/blog-de-optica\/","logo":{"@type":"ImageObject","inLanguage":"es","@id":"http:\/\/www.nuevavisionopticas.com.ar\/blog-de-optica\/#\/schema\/logo\/image\/","url":"https:\/\/www.nuevavisionopticas.com.ar\/blog-de-optica\/wp-content\/uploads\/2021\/07\/logo-blanco-nueva-vision.png","contentUrl":"https:\/\/www.nuevavisionopticas.com.ar\/blog-de-optica\/wp-content\/uploads\/2021\/07\/logo-blanco-nueva-vision.png","width":181,"height":46,"caption":"Nueva Visi\u00f3n \u00d3pticas"},"image":{"@id":"http:\/\/www.nuevavisionopticas.com.ar\/blog-de-optica\/#\/schema\/logo\/image\/"},"sameAs":["https:\/\/www.facebook.com\/nuevavisionarg","https:\/\/www.instagram.com\/nuevavisionarg"]},{"@type":"Person","@id":"http:\/\/www.nuevavisionopticas.com.ar\/blog-de-optica\/#\/schema\/person\/2d6fbd00282cbc8fdd54058894af4341","name":"admin_optica","image":{"@type":"ImageObject","inLanguage":"es","@id":"https:\/\/secure.gravatar.com\/avatar\/e33974a79b80e7fe593e5cf53cb2160fcb165380bed6475ed9144c295430f76c?s=96&d=mm&r=g","url":"https:\/\/secure.gravatar.com\/avatar\/e33974a79b80e7fe593e5cf53cb2160fcb165380bed6475ed9144c295430f76c?s=96&d=mm&r=g","contentUrl":"https:\/\/secure.gravatar.com\/avatar\/e33974a79b80e7fe593e5cf53cb2160fcb165380bed6475ed9144c295430f76c?s=96&d=mm&r=g","caption":"admin_optica"}}]}},"_links":{"self":[{"href":"https:\/\/www.nuevavisionopticas.com.ar\/blog-de-optica\/wp-json\/wp\/v2\/posts\/3013","targetHints":{"allow":["GET"]}}],"collection":[{"href":"https:\/\/www.nuevavisionopticas.com.ar\/blog-de-optica\/wp-json\/wp\/v2\/posts"}],"about":[{"href":"https:\/\/www.nuevavisionopticas.com.ar\/blog-de-optica\/wp-json\/wp\/v2\/types\/post"}],"author":[{"embeddable":true,"href":"https:\/\/www.nuevavisionopticas.com.ar\/blog-de-optica\/wp-json\/wp\/v2\/users\/1"}],"replies":[{"embeddable":true,"href":"https:\/\/www.nuevavisionopticas.com.ar\/blog-de-optica\/wp-json\/wp\/v2\/comments?post=3013"}],"version-history":[{"count":2,"href":"https:\/\/www.nuevavisionopticas.com.ar\/blog-de-optica\/wp-json\/wp\/v2\/posts\/3013\/revisions"}],"predecessor-version":[{"id":3053,"href":"https:\/\/www.nuevavisionopticas.com.ar\/blog-de-optica\/wp-json\/wp\/v2\/posts\/3013\/revisions\/3053"}],"wp:featuredmedia":[{"embeddable":true,"href":"https:\/\/www.nuevavisionopticas.com.ar\/blog-de-optica\/wp-json\/wp\/v2\/media\/3026"}],"wp:attachment":[{"href":"https:\/\/www.nuevavisionopticas.com.ar\/blog-de-optica\/wp-json\/wp\/v2\/media?parent=3013"}],"wp:term":[{"taxonomy":"category","embeddable":true,"href":"https:\/\/www.nuevavisionopticas.com.ar\/blog-de-optica\/wp-json\/wp\/v2\/categories?post=3013"},{"taxonomy":"post_tag","embeddable":true,"href":"https:\/\/www.nuevavisionopticas.com.ar\/blog-de-optica\/wp-json\/wp\/v2\/tags?post=3013"}],"curies":[{"name":"wp","href":"https:\/\/api.w.org\/{rel}","templated":true}]}}