{"id":3552,"date":"2024-08-13T10:08:26","date_gmt":"2024-08-13T13:08:26","guid":{"rendered":"https:\/\/www.nuevavisionopticas.com.ar\/blog-de-optica\/?p=3552"},"modified":"2024-08-13T10:16:46","modified_gmt":"2024-08-13T13:16:46","slug":"paula-cahen-danvers-y-su-nueva-linea-de-acetato-ecologico","status":"publish","type":"post","link":"https:\/\/www.nuevavisionopticas.com.ar\/blog-de-optica\/2024\/08\/paula-cahen-danvers-y-su-nueva-linea-de-acetato-ecologico\/","title":{"rendered":"Paula Cahen D&#8217;Anvers y su nueva l\u00ednea de acetato ecol\u00f3gico"},"content":{"rendered":"\n<figure class=\"wp-block-image size-large\"><img decoding=\"async\" src=\"data:image\/svg+xml,%3Csvg%20xmlns='http:\/\/www.w3.org\/2000\/svg'%20viewBox='0%200%20370%20247'%3E%3C\/svg%3E\" data-lazy-src=\"https:\/\/www.nuevavisionopticas.com.ar\/blog-de-optica\/wp-content\/uploads\/2024\/08\/PAULA_Mesa-de-trabajo-1-scaled-2-1024x363.jpg\" alt=\"Paula Cahen D'Anvers y su nueva l\u00ednea de acetato ecol\u00f3gico\" class=\"zeen-lazy-load-base zeen-lazy-load wp-image-3573\"\/><noscript><img decoding=\"async\" width=\"1024\" height=\"363\" src=\"https:\/\/www.nuevavisionopticas.com.ar\/blog-de-optica\/wp-content\/uploads\/2024\/08\/PAULA_Mesa-de-trabajo-1-scaled-2-1024x363.jpg\" alt=\"Paula Cahen D'Anvers y su nueva l\u00ednea de acetato ecol\u00f3gico\" class=\"wp-image-3573\" srcset=\"https:\/\/www.nuevavisionopticas.com.ar\/blog-de-optica\/wp-content\/uploads\/2024\/08\/PAULA_Mesa-de-trabajo-1-scaled-2-1024x363.jpg 1024w, https:\/\/www.nuevavisionopticas.com.ar\/blog-de-optica\/wp-content\/uploads\/2024\/08\/PAULA_Mesa-de-trabajo-1-scaled-2-300x106.jpg 300w, https:\/\/www.nuevavisionopticas.com.ar\/blog-de-optica\/wp-content\/uploads\/2024\/08\/PAULA_Mesa-de-trabajo-1-scaled-2-770x273.jpg 770w, https:\/\/www.nuevavisionopticas.com.ar\/blog-de-optica\/wp-content\/uploads\/2024\/08\/PAULA_Mesa-de-trabajo-1-scaled-2-1536x544.jpg 1536w, https:\/\/www.nuevavisionopticas.com.ar\/blog-de-optica\/wp-content\/uploads\/2024\/08\/PAULA_Mesa-de-trabajo-1-scaled-2-274x97.jpg 274w, https:\/\/www.nuevavisionopticas.com.ar\/blog-de-optica\/wp-content\/uploads\/2024\/08\/PAULA_Mesa-de-trabajo-1-scaled-2-751x266.jpg 751w, https:\/\/www.nuevavisionopticas.com.ar\/blog-de-optica\/wp-content\/uploads\/2024\/08\/PAULA_Mesa-de-trabajo-1-scaled-2-1381x489.jpg 1381w, https:\/\/www.nuevavisionopticas.com.ar\/blog-de-optica\/wp-content\/uploads\/2024\/08\/PAULA_Mesa-de-trabajo-1-scaled-2-390x138.jpg 390w, https:\/\/www.nuevavisionopticas.com.ar\/blog-de-optica\/wp-content\/uploads\/2024\/08\/PAULA_Mesa-de-trabajo-1-scaled-2.jpg 1600w\" sizes=\"(max-width: 1024px) 100vw, 1024px\" \/><\/noscript><figcaption class=\"wp-element-caption\">Paula Cahen D&#8217;Anvers y su nueva l\u00ednea de acetato ecol\u00f3gico<\/figcaption><\/figure>\n\n\n\n<h2 class=\"wp-block-heading\">Una respuesta a la contaminaci\u00f3n<\/h2>\n\n\n\n<p>En a\u00f1os recientes se desarrollaron <strong>materiales<\/strong> <strong>biodegradables<\/strong> y <strong>eco-amigables<\/strong> como respuesta al<br>problema de la <strong>contaminaci\u00f3n<\/strong> causada por el pl\u00e1stico, tambi\u00e9n llamada \u201c<strong>contaminaci\u00f3n<\/strong> <strong>blanca<\/strong>\u201d.<br>Estas piezas son creadas con l\u00e1minas de acetato de celulosa <strong>eco friendly<\/strong>. Se trata de un material<br><strong>biodegradable<\/strong>, libre de BPA y con plastificantes de <strong>origen<\/strong> <strong>vegetal<\/strong> que reemplazan los tradicionales.<\/p>\n\n\n\n<h2 class=\"wp-block-heading\">Caracter\u00edsticas del acetato ecol\u00f3gico<\/h2>\n\n\n\n<ul class=\"wp-block-list\">\n<li>amigable con el medio ambiente<\/li>\n\n\n\n<li>seguro<\/li>\n\n\n\n<li>sustentable<\/li>\n\n\n\n<li>natural<\/li>\n\n\n\n<li>a base de plantas<\/li>\n\n\n\n<li>biodegradable<\/li>\n\n\n\n<li>m\u00e1s del 50% de base biol\u00f3gica<\/li>\n\n\n\n<li>libre de BPA y ftalatos<\/li>\n\n\n\n<li>reduce la emisi\u00f3n de gases de efecto invernadero<\/li>\n\n\n\n<li>reciclable<\/li>\n<\/ul>\n\n\n\n<h2 class=\"wp-block-heading\">Lagos &#8211; anteojo de receta de Paula Cahen D&#8217;Anvers<\/h2>\n\n\n\n<p><strong>Cl\u00e1sico<\/strong> y <strong>moderno<\/strong> a la vez. <strong>Lagos<\/strong>, nuevo modelo de la l\u00ednea de acetato ecol\u00f3gico de <strong>Paula Cahen D&#8217;Anvers<\/strong> es un <strong>anteojo<\/strong> con ojos <strong>cuadrados<\/strong>, de lineas <strong>elegantes<\/strong>, muy rectas en cejas y redondeadas en ojos. Son de calce mediano. Tiene patillas de doble espesor de acetato con flex reparable, alma ajustable y logo met\u00e1lico externo.<\/p>\n\n\n\n<figure class=\"wp-block-gallery has-nested-images columns-default is-cropped wp-block-gallery-1 is-layout-flex wp-block-gallery-is-layout-flex\">\n<figure class=\"wp-block-image size-large\"><img decoding=\"async\" src=\"data:image\/svg+xml,%3Csvg%20xmlns='http:\/\/www.w3.org\/2000\/svg'%20viewBox='0%200%20370%20247'%3E%3C\/svg%3E\" data-id=\"3555\" data-lazy-src=\"https:\/\/www.nuevavisionopticas.com.ar\/blog-de-optica\/wp-content\/uploads\/2024\/08\/LAGOS-2-1024x1024.jpg\" alt=\"Lagos - anteojo de receta de Paula Cahen D'Anvers\" class=\"zeen-lazy-load-base zeen-lazy-load wp-image-3555\"\/><noscript><img decoding=\"async\" width=\"1024\" height=\"1024\" data-id=\"3555\" src=\"https:\/\/www.nuevavisionopticas.com.ar\/blog-de-optica\/wp-content\/uploads\/2024\/08\/LAGOS-2-1024x1024.jpg\" alt=\"Lagos - anteojo de receta de Paula Cahen D'Anvers\" class=\"wp-image-3555\" srcset=\"https:\/\/www.nuevavisionopticas.com.ar\/blog-de-optica\/wp-content\/uploads\/2024\/08\/LAGOS-2-1024x1024.jpg 1024w, https:\/\/www.nuevavisionopticas.com.ar\/blog-de-optica\/wp-content\/uploads\/2024\/08\/LAGOS-2-300x300.jpg 300w, https:\/\/www.nuevavisionopticas.com.ar\/blog-de-optica\/wp-content\/uploads\/2024\/08\/LAGOS-2-100x100.jpg 100w, https:\/\/www.nuevavisionopticas.com.ar\/blog-de-optica\/wp-content\/uploads\/2024\/08\/LAGOS-2-770x770.jpg 770w, https:\/\/www.nuevavisionopticas.com.ar\/blog-de-optica\/wp-content\/uploads\/2024\/08\/LAGOS-2-1536x1536.jpg 1536w, https:\/\/www.nuevavisionopticas.com.ar\/blog-de-optica\/wp-content\/uploads\/2024\/08\/LAGOS-2-274x274.jpg 274w, https:\/\/www.nuevavisionopticas.com.ar\/blog-de-optica\/wp-content\/uploads\/2024\/08\/LAGOS-2-371x371.jpg 371w, https:\/\/www.nuevavisionopticas.com.ar\/blog-de-optica\/wp-content\/uploads\/2024\/08\/LAGOS-2-566x566.jpg 566w, https:\/\/www.nuevavisionopticas.com.ar\/blog-de-optica\/wp-content\/uploads\/2024\/08\/LAGOS-2-881x881.jpg 881w, https:\/\/www.nuevavisionopticas.com.ar\/blog-de-optica\/wp-content\/uploads\/2024\/08\/LAGOS-2-751x751.jpg 751w, https:\/\/www.nuevavisionopticas.com.ar\/blog-de-optica\/wp-content\/uploads\/2024\/08\/LAGOS-2-1381x1381.jpg 1381w, https:\/\/www.nuevavisionopticas.com.ar\/blog-de-optica\/wp-content\/uploads\/2024\/08\/LAGOS-2-390x390.jpg 390w, https:\/\/www.nuevavisionopticas.com.ar\/blog-de-optica\/wp-content\/uploads\/2024\/08\/LAGOS-2.jpg 1600w\" sizes=\"(max-width: 1024px) 100vw, 1024px\" \/><\/noscript><figcaption class=\"wp-element-caption\">Lagos &#8211; anteojo de receta de Paula Cahen D&#8217;Anvers<\/figcaption><\/figure>\n\n\n\n<figure class=\"wp-block-image size-large\"><img decoding=\"async\" src=\"data:image\/svg+xml,%3Csvg%20xmlns='http:\/\/www.w3.org\/2000\/svg'%20viewBox='0%200%20370%20247'%3E%3C\/svg%3E\" data-id=\"3554\" data-lazy-src=\"https:\/\/www.nuevavisionopticas.com.ar\/blog-de-optica\/wp-content\/uploads\/2024\/08\/LAGOS-3-1024x1024.jpg\" alt=\"Lagos - anteojo de receta de Paula Cahen D'Anvers\" class=\"zeen-lazy-load-base zeen-lazy-load wp-image-3554\"\/><noscript><img decoding=\"async\" width=\"1024\" height=\"1024\" data-id=\"3554\" src=\"https:\/\/www.nuevavisionopticas.com.ar\/blog-de-optica\/wp-content\/uploads\/2024\/08\/LAGOS-3-1024x1024.jpg\" alt=\"Lagos - anteojo de receta de Paula Cahen D'Anvers\" class=\"wp-image-3554\" srcset=\"https:\/\/www.nuevavisionopticas.com.ar\/blog-de-optica\/wp-content\/uploads\/2024\/08\/LAGOS-3-1024x1024.jpg 1024w, https:\/\/www.nuevavisionopticas.com.ar\/blog-de-optica\/wp-content\/uploads\/2024\/08\/LAGOS-3-300x300.jpg 300w, https:\/\/www.nuevavisionopticas.com.ar\/blog-de-optica\/wp-content\/uploads\/2024\/08\/LAGOS-3-100x100.jpg 100w, https:\/\/www.nuevavisionopticas.com.ar\/blog-de-optica\/wp-content\/uploads\/2024\/08\/LAGOS-3-770x770.jpg 770w, https:\/\/www.nuevavisionopticas.com.ar\/blog-de-optica\/wp-content\/uploads\/2024\/08\/LAGOS-3-1536x1536.jpg 1536w, https:\/\/www.nuevavisionopticas.com.ar\/blog-de-optica\/wp-content\/uploads\/2024\/08\/LAGOS-3-274x274.jpg 274w, https:\/\/www.nuevavisionopticas.com.ar\/blog-de-optica\/wp-content\/uploads\/2024\/08\/LAGOS-3-371x371.jpg 371w, https:\/\/www.nuevavisionopticas.com.ar\/blog-de-optica\/wp-content\/uploads\/2024\/08\/LAGOS-3-566x566.jpg 566w, https:\/\/www.nuevavisionopticas.com.ar\/blog-de-optica\/wp-content\/uploads\/2024\/08\/LAGOS-3-881x881.jpg 881w, https:\/\/www.nuevavisionopticas.com.ar\/blog-de-optica\/wp-content\/uploads\/2024\/08\/LAGOS-3-751x751.jpg 751w, https:\/\/www.nuevavisionopticas.com.ar\/blog-de-optica\/wp-content\/uploads\/2024\/08\/LAGOS-3-1381x1381.jpg 1381w, https:\/\/www.nuevavisionopticas.com.ar\/blog-de-optica\/wp-content\/uploads\/2024\/08\/LAGOS-3-390x390.jpg 390w, https:\/\/www.nuevavisionopticas.com.ar\/blog-de-optica\/wp-content\/uploads\/2024\/08\/LAGOS-3.jpg 1600w\" sizes=\"(max-width: 1024px) 100vw, 1024px\" \/><\/noscript><figcaption class=\"wp-element-caption\">Lagos &#8211; anteojo de receta de Paula Cahen D&#8217;Anvers<\/figcaption><\/figure>\n\n\n\n<figure class=\"wp-block-image size-large\"><img decoding=\"async\" src=\"data:image\/svg+xml,%3Csvg%20xmlns='http:\/\/www.w3.org\/2000\/svg'%20viewBox='0%200%20370%20247'%3E%3C\/svg%3E\" data-id=\"3553\" data-lazy-src=\"https:\/\/www.nuevavisionopticas.com.ar\/blog-de-optica\/wp-content\/uploads\/2024\/08\/LAGOS-4-1024x1024.jpg\" alt=\"Lagos - anteojo de receta de Paula Cahen D'Anvers\" class=\"zeen-lazy-load-base zeen-lazy-load wp-image-3553\"\/><noscript><img decoding=\"async\" width=\"1024\" height=\"1024\" data-id=\"3553\" src=\"https:\/\/www.nuevavisionopticas.com.ar\/blog-de-optica\/wp-content\/uploads\/2024\/08\/LAGOS-4-1024x1024.jpg\" alt=\"Lagos - anteojo de receta de Paula Cahen D'Anvers\" class=\"wp-image-3553\" srcset=\"https:\/\/www.nuevavisionopticas.com.ar\/blog-de-optica\/wp-content\/uploads\/2024\/08\/LAGOS-4-1024x1024.jpg 1024w, https:\/\/www.nuevavisionopticas.com.ar\/blog-de-optica\/wp-content\/uploads\/2024\/08\/LAGOS-4-300x300.jpg 300w, https:\/\/www.nuevavisionopticas.com.ar\/blog-de-optica\/wp-content\/uploads\/2024\/08\/LAGOS-4-100x100.jpg 100w, https:\/\/www.nuevavisionopticas.com.ar\/blog-de-optica\/wp-content\/uploads\/2024\/08\/LAGOS-4-770x770.jpg 770w, https:\/\/www.nuevavisionopticas.com.ar\/blog-de-optica\/wp-content\/uploads\/2024\/08\/LAGOS-4-1536x1536.jpg 1536w, https:\/\/www.nuevavisionopticas.com.ar\/blog-de-optica\/wp-content\/uploads\/2024\/08\/LAGOS-4-274x274.jpg 274w, https:\/\/www.nuevavisionopticas.com.ar\/blog-de-optica\/wp-content\/uploads\/2024\/08\/LAGOS-4-371x371.jpg 371w, https:\/\/www.nuevavisionopticas.com.ar\/blog-de-optica\/wp-content\/uploads\/2024\/08\/LAGOS-4-566x566.jpg 566w, https:\/\/www.nuevavisionopticas.com.ar\/blog-de-optica\/wp-content\/uploads\/2024\/08\/LAGOS-4-881x881.jpg 881w, https:\/\/www.nuevavisionopticas.com.ar\/blog-de-optica\/wp-content\/uploads\/2024\/08\/LAGOS-4-751x751.jpg 751w, https:\/\/www.nuevavisionopticas.com.ar\/blog-de-optica\/wp-content\/uploads\/2024\/08\/LAGOS-4-1381x1381.jpg 1381w, https:\/\/www.nuevavisionopticas.com.ar\/blog-de-optica\/wp-content\/uploads\/2024\/08\/LAGOS-4-390x390.jpg 390w, https:\/\/www.nuevavisionopticas.com.ar\/blog-de-optica\/wp-content\/uploads\/2024\/08\/LAGOS-4.jpg 1600w\" sizes=\"(max-width: 1024px) 100vw, 1024px\" \/><\/noscript><figcaption class=\"wp-element-caption\">Lagos &#8211; anteojo de receta de Paula Cahen D&#8217;Anvers<\/figcaption><\/figure>\n<\/figure>\n\n\n\n<h2 class=\"wp-block-heading\">Sagres &#8211; anteojo de receta de Paula Cahen D&#8217;Anvers<\/h2>\n\n\n\n<p>Fabricado en <strong>acetato<\/strong> <strong>ecol\u00f3gico<\/strong>, con ojos ovalados y detalles facetados, <strong>Sagres<\/strong> es una gran opci\u00f3n para quien busca algo <strong>cl\u00e1sico<\/strong> pero <strong>distinguido<\/strong>. De calce mediano y peque\u00f1o. Tiene patillas de doble espesor de acetato con flex reparable, alma ajustable y logo met\u00e1lico externo.<\/p>\n\n\n\n<figure class=\"wp-block-gallery has-nested-images columns-default is-cropped wp-block-gallery-2 is-layout-flex wp-block-gallery-is-layout-flex\">\n<figure class=\"wp-block-image size-large\"><img decoding=\"async\" src=\"data:image\/svg+xml,%3Csvg%20xmlns='http:\/\/www.w3.org\/2000\/svg'%20viewBox='0%200%20370%20247'%3E%3C\/svg%3E\" data-id=\"3557\" data-lazy-src=\"https:\/\/www.nuevavisionopticas.com.ar\/blog-de-optica\/wp-content\/uploads\/2024\/08\/SAGRES-2-1024x1024.jpg\" alt=\"Sagres - anteojo de receta de Paula Cahen D'Anvers\" class=\"zeen-lazy-load-base zeen-lazy-load wp-image-3557\"\/><noscript><img decoding=\"async\" width=\"1024\" height=\"1024\" data-id=\"3557\" src=\"https:\/\/www.nuevavisionopticas.com.ar\/blog-de-optica\/wp-content\/uploads\/2024\/08\/SAGRES-2-1024x1024.jpg\" alt=\"Sagres - anteojo de receta de Paula Cahen D'Anvers\" class=\"wp-image-3557\" srcset=\"https:\/\/www.nuevavisionopticas.com.ar\/blog-de-optica\/wp-content\/uploads\/2024\/08\/SAGRES-2-1024x1024.jpg 1024w, https:\/\/www.nuevavisionopticas.com.ar\/blog-de-optica\/wp-content\/uploads\/2024\/08\/SAGRES-2-300x300.jpg 300w, https:\/\/www.nuevavisionopticas.com.ar\/blog-de-optica\/wp-content\/uploads\/2024\/08\/SAGRES-2-100x100.jpg 100w, https:\/\/www.nuevavisionopticas.com.ar\/blog-de-optica\/wp-content\/uploads\/2024\/08\/SAGRES-2-770x770.jpg 770w, https:\/\/www.nuevavisionopticas.com.ar\/blog-de-optica\/wp-content\/uploads\/2024\/08\/SAGRES-2-1536x1536.jpg 1536w, https:\/\/www.nuevavisionopticas.com.ar\/blog-de-optica\/wp-content\/uploads\/2024\/08\/SAGRES-2-274x274.jpg 274w, https:\/\/www.nuevavisionopticas.com.ar\/blog-de-optica\/wp-content\/uploads\/2024\/08\/SAGRES-2-371x371.jpg 371w, https:\/\/www.nuevavisionopticas.com.ar\/blog-de-optica\/wp-content\/uploads\/2024\/08\/SAGRES-2-566x566.jpg 566w, https:\/\/www.nuevavisionopticas.com.ar\/blog-de-optica\/wp-content\/uploads\/2024\/08\/SAGRES-2-881x881.jpg 881w, https:\/\/www.nuevavisionopticas.com.ar\/blog-de-optica\/wp-content\/uploads\/2024\/08\/SAGRES-2-751x751.jpg 751w, https:\/\/www.nuevavisionopticas.com.ar\/blog-de-optica\/wp-content\/uploads\/2024\/08\/SAGRES-2-1381x1381.jpg 1381w, https:\/\/www.nuevavisionopticas.com.ar\/blog-de-optica\/wp-content\/uploads\/2024\/08\/SAGRES-2-390x390.jpg 390w, https:\/\/www.nuevavisionopticas.com.ar\/blog-de-optica\/wp-content\/uploads\/2024\/08\/SAGRES-2.jpg 1600w\" sizes=\"(max-width: 1024px) 100vw, 1024px\" \/><\/noscript><figcaption class=\"wp-element-caption\">Sagres &#8211; anteojo de receta de Paula Cahen D&#8217;Anvers<\/figcaption><\/figure>\n\n\n\n<figure class=\"wp-block-image size-large\"><img decoding=\"async\" src=\"data:image\/svg+xml,%3Csvg%20xmlns='http:\/\/www.w3.org\/2000\/svg'%20viewBox='0%200%20370%20247'%3E%3C\/svg%3E\" data-id=\"3556\" data-lazy-src=\"https:\/\/www.nuevavisionopticas.com.ar\/blog-de-optica\/wp-content\/uploads\/2024\/08\/SAGRES-3-1024x1024.jpg\" alt=\"Sagres - anteojo de receta de Paula Cahen D'Anvers\" class=\"zeen-lazy-load-base zeen-lazy-load wp-image-3556\"\/><noscript><img decoding=\"async\" width=\"1024\" height=\"1024\" data-id=\"3556\" src=\"https:\/\/www.nuevavisionopticas.com.ar\/blog-de-optica\/wp-content\/uploads\/2024\/08\/SAGRES-3-1024x1024.jpg\" alt=\"Sagres - anteojo de receta de Paula Cahen D'Anvers\" class=\"wp-image-3556\" srcset=\"https:\/\/www.nuevavisionopticas.com.ar\/blog-de-optica\/wp-content\/uploads\/2024\/08\/SAGRES-3-1024x1024.jpg 1024w, https:\/\/www.nuevavisionopticas.com.ar\/blog-de-optica\/wp-content\/uploads\/2024\/08\/SAGRES-3-300x300.jpg 300w, https:\/\/www.nuevavisionopticas.com.ar\/blog-de-optica\/wp-content\/uploads\/2024\/08\/SAGRES-3-100x100.jpg 100w, https:\/\/www.nuevavisionopticas.com.ar\/blog-de-optica\/wp-content\/uploads\/2024\/08\/SAGRES-3-770x770.jpg 770w, https:\/\/www.nuevavisionopticas.com.ar\/blog-de-optica\/wp-content\/uploads\/2024\/08\/SAGRES-3-1536x1536.jpg 1536w, https:\/\/www.nuevavisionopticas.com.ar\/blog-de-optica\/wp-content\/uploads\/2024\/08\/SAGRES-3-274x274.jpg 274w, https:\/\/www.nuevavisionopticas.com.ar\/blog-de-optica\/wp-content\/uploads\/2024\/08\/SAGRES-3-371x371.jpg 371w, https:\/\/www.nuevavisionopticas.com.ar\/blog-de-optica\/wp-content\/uploads\/2024\/08\/SAGRES-3-566x566.jpg 566w, https:\/\/www.nuevavisionopticas.com.ar\/blog-de-optica\/wp-content\/uploads\/2024\/08\/SAGRES-3-881x881.jpg 881w, https:\/\/www.nuevavisionopticas.com.ar\/blog-de-optica\/wp-content\/uploads\/2024\/08\/SAGRES-3-751x751.jpg 751w, https:\/\/www.nuevavisionopticas.com.ar\/blog-de-optica\/wp-content\/uploads\/2024\/08\/SAGRES-3-1381x1381.jpg 1381w, https:\/\/www.nuevavisionopticas.com.ar\/blog-de-optica\/wp-content\/uploads\/2024\/08\/SAGRES-3-390x390.jpg 390w, https:\/\/www.nuevavisionopticas.com.ar\/blog-de-optica\/wp-content\/uploads\/2024\/08\/SAGRES-3.jpg 1600w\" sizes=\"(max-width: 1024px) 100vw, 1024px\" \/><\/noscript><figcaption class=\"wp-element-caption\">Sagres &#8211; anteojo de receta de Paula Cahen D&#8217;Anvers<\/figcaption><\/figure>\n\n\n\n<figure class=\"wp-block-image size-large\"><img decoding=\"async\" src=\"data:image\/svg+xml,%3Csvg%20xmlns='http:\/\/www.w3.org\/2000\/svg'%20viewBox='0%200%20370%20247'%3E%3C\/svg%3E\" data-id=\"3558\" data-lazy-src=\"https:\/\/www.nuevavisionopticas.com.ar\/blog-de-optica\/wp-content\/uploads\/2024\/08\/SAGRES-4-1024x1024.jpg\" alt=\"Sagres - anteojo de receta de Paula Cahen D'Anvers\" class=\"zeen-lazy-load-base zeen-lazy-load wp-image-3558\"\/><noscript><img decoding=\"async\" width=\"1024\" height=\"1024\" data-id=\"3558\" src=\"https:\/\/www.nuevavisionopticas.com.ar\/blog-de-optica\/wp-content\/uploads\/2024\/08\/SAGRES-4-1024x1024.jpg\" alt=\"Sagres - anteojo de receta de Paula Cahen D'Anvers\" class=\"wp-image-3558\" srcset=\"https:\/\/www.nuevavisionopticas.com.ar\/blog-de-optica\/wp-content\/uploads\/2024\/08\/SAGRES-4-1024x1024.jpg 1024w, https:\/\/www.nuevavisionopticas.com.ar\/blog-de-optica\/wp-content\/uploads\/2024\/08\/SAGRES-4-300x300.jpg 300w, https:\/\/www.nuevavisionopticas.com.ar\/blog-de-optica\/wp-content\/uploads\/2024\/08\/SAGRES-4-100x100.jpg 100w, https:\/\/www.nuevavisionopticas.com.ar\/blog-de-optica\/wp-content\/uploads\/2024\/08\/SAGRES-4-770x770.jpg 770w, https:\/\/www.nuevavisionopticas.com.ar\/blog-de-optica\/wp-content\/uploads\/2024\/08\/SAGRES-4-1536x1536.jpg 1536w, https:\/\/www.nuevavisionopticas.com.ar\/blog-de-optica\/wp-content\/uploads\/2024\/08\/SAGRES-4-274x274.jpg 274w, https:\/\/www.nuevavisionopticas.com.ar\/blog-de-optica\/wp-content\/uploads\/2024\/08\/SAGRES-4-371x371.jpg 371w, https:\/\/www.nuevavisionopticas.com.ar\/blog-de-optica\/wp-content\/uploads\/2024\/08\/SAGRES-4-566x566.jpg 566w, https:\/\/www.nuevavisionopticas.com.ar\/blog-de-optica\/wp-content\/uploads\/2024\/08\/SAGRES-4-881x881.jpg 881w, https:\/\/www.nuevavisionopticas.com.ar\/blog-de-optica\/wp-content\/uploads\/2024\/08\/SAGRES-4-751x751.jpg 751w, https:\/\/www.nuevavisionopticas.com.ar\/blog-de-optica\/wp-content\/uploads\/2024\/08\/SAGRES-4-1381x1381.jpg 1381w, https:\/\/www.nuevavisionopticas.com.ar\/blog-de-optica\/wp-content\/uploads\/2024\/08\/SAGRES-4-390x390.jpg 390w, https:\/\/www.nuevavisionopticas.com.ar\/blog-de-optica\/wp-content\/uploads\/2024\/08\/SAGRES-4.jpg 1600w\" sizes=\"(max-width: 1024px) 100vw, 1024px\" \/><\/noscript><figcaption class=\"wp-element-caption\">Sagres &#8211; anteojo de receta de Paula Cahen D&#8217;Anvers<\/figcaption><\/figure>\n<\/figure>\n\n\n\n<h2 class=\"wp-block-heading\">Lisboa &#8211; anteojo de receta de Paula Cahen D&#8217;Anvers<\/h2>\n\n\n\n<p>A la hora de elegir un modelo de acetato, <strong>Lisboa<\/strong> nuevo modelo de <strong>Paula Cahen D&#8217;Anvers<\/strong>, es una gran opci\u00f3n en el horizonte. Fabricado en acetato ecol\u00f3gico. <strong>Moderno<\/strong>, <strong>elegante<\/strong> y <strong>distinguido<\/strong>, con ojos muy estilizados de l\u00edneas blandas y cejas con rebajes en el material. Son de calce mediano. Sus patillas son de doble espesor de acetato con flex reparable, logo met\u00e1lico externo.<\/p>\n\n\n\n<figure class=\"wp-block-gallery has-nested-images columns-default is-cropped wp-block-gallery-3 is-layout-flex wp-block-gallery-is-layout-flex\">\n<figure class=\"wp-block-image size-large\"><img decoding=\"async\" src=\"data:image\/svg+xml,%3Csvg%20xmlns='http:\/\/www.w3.org\/2000\/svg'%20viewBox='0%200%20370%20247'%3E%3C\/svg%3E\" data-id=\"3559\" data-lazy-src=\"https:\/\/www.nuevavisionopticas.com.ar\/blog-de-optica\/wp-content\/uploads\/2024\/08\/LISBOA-2-1024x1024.jpg\" alt=\"Lisboa - anteojo de receta de Paula Cahen D'Anvers\" class=\"zeen-lazy-load-base zeen-lazy-load wp-image-3559\"\/><noscript><img decoding=\"async\" width=\"1024\" height=\"1024\" data-id=\"3559\" src=\"https:\/\/www.nuevavisionopticas.com.ar\/blog-de-optica\/wp-content\/uploads\/2024\/08\/LISBOA-2-1024x1024.jpg\" alt=\"Lisboa - anteojo de receta de Paula Cahen D'Anvers\" class=\"wp-image-3559\" srcset=\"https:\/\/www.nuevavisionopticas.com.ar\/blog-de-optica\/wp-content\/uploads\/2024\/08\/LISBOA-2-1024x1024.jpg 1024w, https:\/\/www.nuevavisionopticas.com.ar\/blog-de-optica\/wp-content\/uploads\/2024\/08\/LISBOA-2-300x300.jpg 300w, https:\/\/www.nuevavisionopticas.com.ar\/blog-de-optica\/wp-content\/uploads\/2024\/08\/LISBOA-2-100x100.jpg 100w, https:\/\/www.nuevavisionopticas.com.ar\/blog-de-optica\/wp-content\/uploads\/2024\/08\/LISBOA-2-770x770.jpg 770w, https:\/\/www.nuevavisionopticas.com.ar\/blog-de-optica\/wp-content\/uploads\/2024\/08\/LISBOA-2-1536x1536.jpg 1536w, https:\/\/www.nuevavisionopticas.com.ar\/blog-de-optica\/wp-content\/uploads\/2024\/08\/LISBOA-2-274x274.jpg 274w, https:\/\/www.nuevavisionopticas.com.ar\/blog-de-optica\/wp-content\/uploads\/2024\/08\/LISBOA-2-371x371.jpg 371w, https:\/\/www.nuevavisionopticas.com.ar\/blog-de-optica\/wp-content\/uploads\/2024\/08\/LISBOA-2-566x566.jpg 566w, https:\/\/www.nuevavisionopticas.com.ar\/blog-de-optica\/wp-content\/uploads\/2024\/08\/LISBOA-2-881x881.jpg 881w, https:\/\/www.nuevavisionopticas.com.ar\/blog-de-optica\/wp-content\/uploads\/2024\/08\/LISBOA-2-751x751.jpg 751w, https:\/\/www.nuevavisionopticas.com.ar\/blog-de-optica\/wp-content\/uploads\/2024\/08\/LISBOA-2-1381x1381.jpg 1381w, https:\/\/www.nuevavisionopticas.com.ar\/blog-de-optica\/wp-content\/uploads\/2024\/08\/LISBOA-2-390x390.jpg 390w, https:\/\/www.nuevavisionopticas.com.ar\/blog-de-optica\/wp-content\/uploads\/2024\/08\/LISBOA-2.jpg 1600w\" sizes=\"(max-width: 1024px) 100vw, 1024px\" \/><\/noscript><figcaption class=\"wp-element-caption\">Lisboa &#8211; anteojo de receta de Paula Cahen D&#8217;Anvers<\/figcaption><\/figure>\n\n\n\n<figure class=\"wp-block-image size-large\"><img decoding=\"async\" src=\"data:image\/svg+xml,%3Csvg%20xmlns='http:\/\/www.w3.org\/2000\/svg'%20viewBox='0%200%20370%20247'%3E%3C\/svg%3E\" data-id=\"3561\" data-lazy-src=\"https:\/\/www.nuevavisionopticas.com.ar\/blog-de-optica\/wp-content\/uploads\/2024\/08\/LISBOA-3-1024x1024.jpg\" alt=\"Lisboa - anteojo de receta de Paula Cahen D'Anvers\" class=\"zeen-lazy-load-base zeen-lazy-load wp-image-3561\"\/><noscript><img decoding=\"async\" width=\"1024\" height=\"1024\" data-id=\"3561\" src=\"https:\/\/www.nuevavisionopticas.com.ar\/blog-de-optica\/wp-content\/uploads\/2024\/08\/LISBOA-3-1024x1024.jpg\" alt=\"Lisboa - anteojo de receta de Paula Cahen D'Anvers\" class=\"wp-image-3561\" srcset=\"https:\/\/www.nuevavisionopticas.com.ar\/blog-de-optica\/wp-content\/uploads\/2024\/08\/LISBOA-3-1024x1024.jpg 1024w, https:\/\/www.nuevavisionopticas.com.ar\/blog-de-optica\/wp-content\/uploads\/2024\/08\/LISBOA-3-300x300.jpg 300w, https:\/\/www.nuevavisionopticas.com.ar\/blog-de-optica\/wp-content\/uploads\/2024\/08\/LISBOA-3-100x100.jpg 100w, https:\/\/www.nuevavisionopticas.com.ar\/blog-de-optica\/wp-content\/uploads\/2024\/08\/LISBOA-3-770x770.jpg 770w, https:\/\/www.nuevavisionopticas.com.ar\/blog-de-optica\/wp-content\/uploads\/2024\/08\/LISBOA-3-1536x1536.jpg 1536w, https:\/\/www.nuevavisionopticas.com.ar\/blog-de-optica\/wp-content\/uploads\/2024\/08\/LISBOA-3-274x274.jpg 274w, https:\/\/www.nuevavisionopticas.com.ar\/blog-de-optica\/wp-content\/uploads\/2024\/08\/LISBOA-3-371x371.jpg 371w, https:\/\/www.nuevavisionopticas.com.ar\/blog-de-optica\/wp-content\/uploads\/2024\/08\/LISBOA-3-566x566.jpg 566w, https:\/\/www.nuevavisionopticas.com.ar\/blog-de-optica\/wp-content\/uploads\/2024\/08\/LISBOA-3-881x881.jpg 881w, https:\/\/www.nuevavisionopticas.com.ar\/blog-de-optica\/wp-content\/uploads\/2024\/08\/LISBOA-3-751x751.jpg 751w, https:\/\/www.nuevavisionopticas.com.ar\/blog-de-optica\/wp-content\/uploads\/2024\/08\/LISBOA-3-1381x1381.jpg 1381w, https:\/\/www.nuevavisionopticas.com.ar\/blog-de-optica\/wp-content\/uploads\/2024\/08\/LISBOA-3-390x390.jpg 390w, https:\/\/www.nuevavisionopticas.com.ar\/blog-de-optica\/wp-content\/uploads\/2024\/08\/LISBOA-3.jpg 1600w\" sizes=\"(max-width: 1024px) 100vw, 1024px\" \/><\/noscript><figcaption class=\"wp-element-caption\">Lisboa &#8211; anteojo de receta de Paula Cahen D&#8217;Anvers<\/figcaption><\/figure>\n\n\n\n<figure class=\"wp-block-image size-large\"><img decoding=\"async\" src=\"data:image\/svg+xml,%3Csvg%20xmlns='http:\/\/www.w3.org\/2000\/svg'%20viewBox='0%200%20370%20247'%3E%3C\/svg%3E\" data-id=\"3560\" data-lazy-src=\"https:\/\/www.nuevavisionopticas.com.ar\/blog-de-optica\/wp-content\/uploads\/2024\/08\/LISBOA-4-1024x1024.jpg\" alt=\"Lisboa - anteojo de receta de Paula Cahen D'Anvers\" class=\"zeen-lazy-load-base zeen-lazy-load wp-image-3560\"\/><noscript><img decoding=\"async\" width=\"1024\" height=\"1024\" data-id=\"3560\" src=\"https:\/\/www.nuevavisionopticas.com.ar\/blog-de-optica\/wp-content\/uploads\/2024\/08\/LISBOA-4-1024x1024.jpg\" alt=\"Lisboa - anteojo de receta de Paula Cahen D'Anvers\" class=\"wp-image-3560\" srcset=\"https:\/\/www.nuevavisionopticas.com.ar\/blog-de-optica\/wp-content\/uploads\/2024\/08\/LISBOA-4-1024x1024.jpg 1024w, https:\/\/www.nuevavisionopticas.com.ar\/blog-de-optica\/wp-content\/uploads\/2024\/08\/LISBOA-4-300x300.jpg 300w, https:\/\/www.nuevavisionopticas.com.ar\/blog-de-optica\/wp-content\/uploads\/2024\/08\/LISBOA-4-100x100.jpg 100w, https:\/\/www.nuevavisionopticas.com.ar\/blog-de-optica\/wp-content\/uploads\/2024\/08\/LISBOA-4-770x770.jpg 770w, https:\/\/www.nuevavisionopticas.com.ar\/blog-de-optica\/wp-content\/uploads\/2024\/08\/LISBOA-4-1536x1536.jpg 1536w, https:\/\/www.nuevavisionopticas.com.ar\/blog-de-optica\/wp-content\/uploads\/2024\/08\/LISBOA-4-274x274.jpg 274w, https:\/\/www.nuevavisionopticas.com.ar\/blog-de-optica\/wp-content\/uploads\/2024\/08\/LISBOA-4-371x371.jpg 371w, https:\/\/www.nuevavisionopticas.com.ar\/blog-de-optica\/wp-content\/uploads\/2024\/08\/LISBOA-4-566x566.jpg 566w, https:\/\/www.nuevavisionopticas.com.ar\/blog-de-optica\/wp-content\/uploads\/2024\/08\/LISBOA-4-881x881.jpg 881w, https:\/\/www.nuevavisionopticas.com.ar\/blog-de-optica\/wp-content\/uploads\/2024\/08\/LISBOA-4-751x751.jpg 751w, https:\/\/www.nuevavisionopticas.com.ar\/blog-de-optica\/wp-content\/uploads\/2024\/08\/LISBOA-4-1381x1381.jpg 1381w, https:\/\/www.nuevavisionopticas.com.ar\/blog-de-optica\/wp-content\/uploads\/2024\/08\/LISBOA-4-390x390.jpg 390w, https:\/\/www.nuevavisionopticas.com.ar\/blog-de-optica\/wp-content\/uploads\/2024\/08\/LISBOA-4.jpg 1600w\" sizes=\"(max-width: 1024px) 100vw, 1024px\" \/><\/noscript><figcaption class=\"wp-element-caption\">Lisboa &#8211; anteojo de receta de Paula Cahen D&#8217;Anvers<\/figcaption><\/figure>\n<\/figure>\n\n\n\n<h2 class=\"wp-block-heading\">Porto &#8211; anteojo de receta de Paula Cahen D&#8217;Anvers<\/h2>\n\n\n\n<p><strong>Porto<\/strong> nuevo integrante de la linea de acetato <strong>ecol\u00f3gico<\/strong> de <strong>Paula Cahen D&#8217;Anvers<\/strong>, es un modelo de ojo cuadrado, <strong>elegante<\/strong> y con facetados. De calce mediano. Tiene patillas de doble espesor de acetato con flex reparable, alma ajustable y logo met\u00e1lico externo.<\/p>\n\n\n\n<figure class=\"wp-block-gallery has-nested-images columns-default is-cropped wp-block-gallery-4 is-layout-flex wp-block-gallery-is-layout-flex\">\n<figure class=\"wp-block-image size-large\"><img decoding=\"async\" src=\"data:image\/svg+xml,%3Csvg%20xmlns='http:\/\/www.w3.org\/2000\/svg'%20viewBox='0%200%20370%20247'%3E%3C\/svg%3E\" data-id=\"3562\" data-lazy-src=\"https:\/\/www.nuevavisionopticas.com.ar\/blog-de-optica\/wp-content\/uploads\/2024\/08\/PORTO-2-1024x1024.jpg\" alt=\"Porto - anteojo de receta de Paula Cahen D'Anvers\" class=\"zeen-lazy-load-base zeen-lazy-load wp-image-3562\"\/><noscript><img decoding=\"async\" width=\"1024\" height=\"1024\" data-id=\"3562\" src=\"https:\/\/www.nuevavisionopticas.com.ar\/blog-de-optica\/wp-content\/uploads\/2024\/08\/PORTO-2-1024x1024.jpg\" alt=\"Porto - anteojo de receta de Paula Cahen D'Anvers\" class=\"wp-image-3562\" srcset=\"https:\/\/www.nuevavisionopticas.com.ar\/blog-de-optica\/wp-content\/uploads\/2024\/08\/PORTO-2-1024x1024.jpg 1024w, https:\/\/www.nuevavisionopticas.com.ar\/blog-de-optica\/wp-content\/uploads\/2024\/08\/PORTO-2-300x300.jpg 300w, https:\/\/www.nuevavisionopticas.com.ar\/blog-de-optica\/wp-content\/uploads\/2024\/08\/PORTO-2-100x100.jpg 100w, https:\/\/www.nuevavisionopticas.com.ar\/blog-de-optica\/wp-content\/uploads\/2024\/08\/PORTO-2-770x770.jpg 770w, https:\/\/www.nuevavisionopticas.com.ar\/blog-de-optica\/wp-content\/uploads\/2024\/08\/PORTO-2-1536x1536.jpg 1536w, https:\/\/www.nuevavisionopticas.com.ar\/blog-de-optica\/wp-content\/uploads\/2024\/08\/PORTO-2-274x274.jpg 274w, https:\/\/www.nuevavisionopticas.com.ar\/blog-de-optica\/wp-content\/uploads\/2024\/08\/PORTO-2-371x371.jpg 371w, https:\/\/www.nuevavisionopticas.com.ar\/blog-de-optica\/wp-content\/uploads\/2024\/08\/PORTO-2-566x566.jpg 566w, https:\/\/www.nuevavisionopticas.com.ar\/blog-de-optica\/wp-content\/uploads\/2024\/08\/PORTO-2-881x881.jpg 881w, https:\/\/www.nuevavisionopticas.com.ar\/blog-de-optica\/wp-content\/uploads\/2024\/08\/PORTO-2-751x751.jpg 751w, https:\/\/www.nuevavisionopticas.com.ar\/blog-de-optica\/wp-content\/uploads\/2024\/08\/PORTO-2-1381x1381.jpg 1381w, https:\/\/www.nuevavisionopticas.com.ar\/blog-de-optica\/wp-content\/uploads\/2024\/08\/PORTO-2-390x390.jpg 390w, https:\/\/www.nuevavisionopticas.com.ar\/blog-de-optica\/wp-content\/uploads\/2024\/08\/PORTO-2.jpg 1600w\" sizes=\"(max-width: 1024px) 100vw, 1024px\" \/><\/noscript><figcaption class=\"wp-element-caption\">Porto &#8211; anteojo de receta de Paula Cahen D&#8217;Anvers<\/figcaption><\/figure>\n\n\n\n<figure class=\"wp-block-image size-large\"><img decoding=\"async\" src=\"data:image\/svg+xml,%3Csvg%20xmlns='http:\/\/www.w3.org\/2000\/svg'%20viewBox='0%200%20370%20247'%3E%3C\/svg%3E\" data-id=\"3564\" data-lazy-src=\"https:\/\/www.nuevavisionopticas.com.ar\/blog-de-optica\/wp-content\/uploads\/2024\/08\/PORTO-3-1024x1024.jpg\" alt=\"Porto - anteojo de receta de Paula Cahen D'Anvers\" class=\"zeen-lazy-load-base zeen-lazy-load wp-image-3564\"\/><noscript><img decoding=\"async\" width=\"1024\" height=\"1024\" data-id=\"3564\" src=\"https:\/\/www.nuevavisionopticas.com.ar\/blog-de-optica\/wp-content\/uploads\/2024\/08\/PORTO-3-1024x1024.jpg\" alt=\"Porto - anteojo de receta de Paula Cahen D'Anvers\" class=\"wp-image-3564\" srcset=\"https:\/\/www.nuevavisionopticas.com.ar\/blog-de-optica\/wp-content\/uploads\/2024\/08\/PORTO-3-1024x1024.jpg 1024w, https:\/\/www.nuevavisionopticas.com.ar\/blog-de-optica\/wp-content\/uploads\/2024\/08\/PORTO-3-300x300.jpg 300w, https:\/\/www.nuevavisionopticas.com.ar\/blog-de-optica\/wp-content\/uploads\/2024\/08\/PORTO-3-100x100.jpg 100w, https:\/\/www.nuevavisionopticas.com.ar\/blog-de-optica\/wp-content\/uploads\/2024\/08\/PORTO-3-770x770.jpg 770w, https:\/\/www.nuevavisionopticas.com.ar\/blog-de-optica\/wp-content\/uploads\/2024\/08\/PORTO-3-1536x1536.jpg 1536w, https:\/\/www.nuevavisionopticas.com.ar\/blog-de-optica\/wp-content\/uploads\/2024\/08\/PORTO-3-274x274.jpg 274w, https:\/\/www.nuevavisionopticas.com.ar\/blog-de-optica\/wp-content\/uploads\/2024\/08\/PORTO-3-371x371.jpg 371w, https:\/\/www.nuevavisionopticas.com.ar\/blog-de-optica\/wp-content\/uploads\/2024\/08\/PORTO-3-566x566.jpg 566w, https:\/\/www.nuevavisionopticas.com.ar\/blog-de-optica\/wp-content\/uploads\/2024\/08\/PORTO-3-881x881.jpg 881w, https:\/\/www.nuevavisionopticas.com.ar\/blog-de-optica\/wp-content\/uploads\/2024\/08\/PORTO-3-751x751.jpg 751w, https:\/\/www.nuevavisionopticas.com.ar\/blog-de-optica\/wp-content\/uploads\/2024\/08\/PORTO-3-1381x1381.jpg 1381w, https:\/\/www.nuevavisionopticas.com.ar\/blog-de-optica\/wp-content\/uploads\/2024\/08\/PORTO-3-390x390.jpg 390w, https:\/\/www.nuevavisionopticas.com.ar\/blog-de-optica\/wp-content\/uploads\/2024\/08\/PORTO-3.jpg 1600w\" sizes=\"(max-width: 1024px) 100vw, 1024px\" \/><\/noscript><figcaption class=\"wp-element-caption\">Porto &#8211; anteojo de receta de Paula Cahen D&#8217;Anvers<\/figcaption><\/figure>\n\n\n\n<figure class=\"wp-block-image size-large\"><img decoding=\"async\" src=\"data:image\/svg+xml,%3Csvg%20xmlns='http:\/\/www.w3.org\/2000\/svg'%20viewBox='0%200%20370%20247'%3E%3C\/svg%3E\" data-id=\"3563\" data-lazy-src=\"https:\/\/www.nuevavisionopticas.com.ar\/blog-de-optica\/wp-content\/uploads\/2024\/08\/PORTO-5-1024x1024.jpg\" alt=\"Porto - anteojo de receta de Paula Cahen D'Anvers\" class=\"zeen-lazy-load-base zeen-lazy-load wp-image-3563\"\/><noscript><img decoding=\"async\" width=\"1024\" height=\"1024\" data-id=\"3563\" src=\"https:\/\/www.nuevavisionopticas.com.ar\/blog-de-optica\/wp-content\/uploads\/2024\/08\/PORTO-5-1024x1024.jpg\" alt=\"Porto - anteojo de receta de Paula Cahen D'Anvers\" class=\"wp-image-3563\" srcset=\"https:\/\/www.nuevavisionopticas.com.ar\/blog-de-optica\/wp-content\/uploads\/2024\/08\/PORTO-5-1024x1024.jpg 1024w, https:\/\/www.nuevavisionopticas.com.ar\/blog-de-optica\/wp-content\/uploads\/2024\/08\/PORTO-5-300x300.jpg 300w, https:\/\/www.nuevavisionopticas.com.ar\/blog-de-optica\/wp-content\/uploads\/2024\/08\/PORTO-5-100x100.jpg 100w, https:\/\/www.nuevavisionopticas.com.ar\/blog-de-optica\/wp-content\/uploads\/2024\/08\/PORTO-5-770x770.jpg 770w, https:\/\/www.nuevavisionopticas.com.ar\/blog-de-optica\/wp-content\/uploads\/2024\/08\/PORTO-5-1536x1536.jpg 1536w, https:\/\/www.nuevavisionopticas.com.ar\/blog-de-optica\/wp-content\/uploads\/2024\/08\/PORTO-5-274x274.jpg 274w, https:\/\/www.nuevavisionopticas.com.ar\/blog-de-optica\/wp-content\/uploads\/2024\/08\/PORTO-5-371x371.jpg 371w, https:\/\/www.nuevavisionopticas.com.ar\/blog-de-optica\/wp-content\/uploads\/2024\/08\/PORTO-5-566x566.jpg 566w, https:\/\/www.nuevavisionopticas.com.ar\/blog-de-optica\/wp-content\/uploads\/2024\/08\/PORTO-5-881x881.jpg 881w, https:\/\/www.nuevavisionopticas.com.ar\/blog-de-optica\/wp-content\/uploads\/2024\/08\/PORTO-5-751x751.jpg 751w, https:\/\/www.nuevavisionopticas.com.ar\/blog-de-optica\/wp-content\/uploads\/2024\/08\/PORTO-5-1381x1381.jpg 1381w, https:\/\/www.nuevavisionopticas.com.ar\/blog-de-optica\/wp-content\/uploads\/2024\/08\/PORTO-5-390x390.jpg 390w, https:\/\/www.nuevavisionopticas.com.ar\/blog-de-optica\/wp-content\/uploads\/2024\/08\/PORTO-5.jpg 1600w\" sizes=\"(max-width: 1024px) 100vw, 1024px\" \/><\/noscript><figcaption class=\"wp-element-caption\">Porto &#8211; anteojo de receta de Paula Cahen D&#8217;Anvers<\/figcaption><\/figure>\n<\/figure>\n\n\n\n<h2 class=\"wp-block-heading\">Nazare &#8211; anteojo de receta de Paula Cahen D&#8217;Anvers<\/h2>\n\n\n\n<p>Dise\u00f1ado con el estilo elegante y moderno que caracteriza a la marca <strong>Nazare<\/strong> es un modelo de <strong>acetato<\/strong> <strong>ec\u00f3logico<\/strong>, de ojo tipo <strong>gato<\/strong>\/<strong>mariposa<\/strong>. Osado y <strong>vistoso<\/strong> gracias a algunas formas irregulares. De calce mediano. Tiene patillas de doble espesor de acetato con flex reparable, alma ajustable y logo met\u00e1lico externo.<\/p>\n\n\n\n<figure class=\"wp-block-gallery has-nested-images columns-default is-cropped wp-block-gallery-5 is-layout-flex wp-block-gallery-is-layout-flex\">\n<figure class=\"wp-block-image size-large\"><img decoding=\"async\" src=\"data:image\/svg+xml,%3Csvg%20xmlns='http:\/\/www.w3.org\/2000\/svg'%20viewBox='0%200%20370%20247'%3E%3C\/svg%3E\" data-id=\"3565\" data-lazy-src=\"https:\/\/www.nuevavisionopticas.com.ar\/blog-de-optica\/wp-content\/uploads\/2024\/08\/NAZARE-2-1024x1024.jpg\" alt=\"Nazare - anteojo de receta de Paula Cahen D'Anvers\" class=\"zeen-lazy-load-base zeen-lazy-load wp-image-3565\"\/><noscript><img decoding=\"async\" width=\"1024\" height=\"1024\" data-id=\"3565\" src=\"https:\/\/www.nuevavisionopticas.com.ar\/blog-de-optica\/wp-content\/uploads\/2024\/08\/NAZARE-2-1024x1024.jpg\" alt=\"Nazare - anteojo de receta de Paula Cahen D'Anvers\" class=\"wp-image-3565\" srcset=\"https:\/\/www.nuevavisionopticas.com.ar\/blog-de-optica\/wp-content\/uploads\/2024\/08\/NAZARE-2-1024x1024.jpg 1024w, https:\/\/www.nuevavisionopticas.com.ar\/blog-de-optica\/wp-content\/uploads\/2024\/08\/NAZARE-2-300x300.jpg 300w, https:\/\/www.nuevavisionopticas.com.ar\/blog-de-optica\/wp-content\/uploads\/2024\/08\/NAZARE-2-100x100.jpg 100w, https:\/\/www.nuevavisionopticas.com.ar\/blog-de-optica\/wp-content\/uploads\/2024\/08\/NAZARE-2-770x770.jpg 770w, https:\/\/www.nuevavisionopticas.com.ar\/blog-de-optica\/wp-content\/uploads\/2024\/08\/NAZARE-2-1536x1536.jpg 1536w, https:\/\/www.nuevavisionopticas.com.ar\/blog-de-optica\/wp-content\/uploads\/2024\/08\/NAZARE-2-274x274.jpg 274w, https:\/\/www.nuevavisionopticas.com.ar\/blog-de-optica\/wp-content\/uploads\/2024\/08\/NAZARE-2-371x371.jpg 371w, https:\/\/www.nuevavisionopticas.com.ar\/blog-de-optica\/wp-content\/uploads\/2024\/08\/NAZARE-2-566x566.jpg 566w, https:\/\/www.nuevavisionopticas.com.ar\/blog-de-optica\/wp-content\/uploads\/2024\/08\/NAZARE-2-881x881.jpg 881w, https:\/\/www.nuevavisionopticas.com.ar\/blog-de-optica\/wp-content\/uploads\/2024\/08\/NAZARE-2-751x751.jpg 751w, https:\/\/www.nuevavisionopticas.com.ar\/blog-de-optica\/wp-content\/uploads\/2024\/08\/NAZARE-2-1381x1381.jpg 1381w, https:\/\/www.nuevavisionopticas.com.ar\/blog-de-optica\/wp-content\/uploads\/2024\/08\/NAZARE-2-390x390.jpg 390w, https:\/\/www.nuevavisionopticas.com.ar\/blog-de-optica\/wp-content\/uploads\/2024\/08\/NAZARE-2.jpg 1600w\" sizes=\"(max-width: 1024px) 100vw, 1024px\" \/><\/noscript><figcaption class=\"wp-element-caption\">Nazare &#8211; anteojo de receta de Paula Cahen D&#8217;Anvers<\/figcaption><\/figure>\n\n\n\n<figure class=\"wp-block-image size-large\"><img decoding=\"async\" src=\"data:image\/svg+xml,%3Csvg%20xmlns='http:\/\/www.w3.org\/2000\/svg'%20viewBox='0%200%20370%20247'%3E%3C\/svg%3E\" data-id=\"3567\" data-lazy-src=\"https:\/\/www.nuevavisionopticas.com.ar\/blog-de-optica\/wp-content\/uploads\/2024\/08\/NAZARE-3-1024x1024.jpg\" alt=\"Nazare - anteojo de receta de Paula Cahen D'Anvers\" class=\"zeen-lazy-load-base zeen-lazy-load wp-image-3567\"\/><noscript><img decoding=\"async\" width=\"1024\" height=\"1024\" data-id=\"3567\" src=\"https:\/\/www.nuevavisionopticas.com.ar\/blog-de-optica\/wp-content\/uploads\/2024\/08\/NAZARE-3-1024x1024.jpg\" alt=\"Nazare - anteojo de receta de Paula Cahen D'Anvers\" class=\"wp-image-3567\" srcset=\"https:\/\/www.nuevavisionopticas.com.ar\/blog-de-optica\/wp-content\/uploads\/2024\/08\/NAZARE-3-1024x1024.jpg 1024w, https:\/\/www.nuevavisionopticas.com.ar\/blog-de-optica\/wp-content\/uploads\/2024\/08\/NAZARE-3-300x300.jpg 300w, https:\/\/www.nuevavisionopticas.com.ar\/blog-de-optica\/wp-content\/uploads\/2024\/08\/NAZARE-3-100x100.jpg 100w, https:\/\/www.nuevavisionopticas.com.ar\/blog-de-optica\/wp-content\/uploads\/2024\/08\/NAZARE-3-770x770.jpg 770w, https:\/\/www.nuevavisionopticas.com.ar\/blog-de-optica\/wp-content\/uploads\/2024\/08\/NAZARE-3-1536x1536.jpg 1536w, https:\/\/www.nuevavisionopticas.com.ar\/blog-de-optica\/wp-content\/uploads\/2024\/08\/NAZARE-3-274x274.jpg 274w, https:\/\/www.nuevavisionopticas.com.ar\/blog-de-optica\/wp-content\/uploads\/2024\/08\/NAZARE-3-371x371.jpg 371w, https:\/\/www.nuevavisionopticas.com.ar\/blog-de-optica\/wp-content\/uploads\/2024\/08\/NAZARE-3-566x566.jpg 566w, https:\/\/www.nuevavisionopticas.com.ar\/blog-de-optica\/wp-content\/uploads\/2024\/08\/NAZARE-3-881x881.jpg 881w, https:\/\/www.nuevavisionopticas.com.ar\/blog-de-optica\/wp-content\/uploads\/2024\/08\/NAZARE-3-751x751.jpg 751w, https:\/\/www.nuevavisionopticas.com.ar\/blog-de-optica\/wp-content\/uploads\/2024\/08\/NAZARE-3-1381x1381.jpg 1381w, https:\/\/www.nuevavisionopticas.com.ar\/blog-de-optica\/wp-content\/uploads\/2024\/08\/NAZARE-3-390x390.jpg 390w, https:\/\/www.nuevavisionopticas.com.ar\/blog-de-optica\/wp-content\/uploads\/2024\/08\/NAZARE-3.jpg 1600w\" sizes=\"(max-width: 1024px) 100vw, 1024px\" \/><\/noscript><figcaption class=\"wp-element-caption\">Nazare &#8211; anteojo de receta de Paula Cahen D&#8217;Anvers<\/figcaption><\/figure>\n\n\n\n<figure class=\"wp-block-image size-large\"><img decoding=\"async\" src=\"data:image\/svg+xml,%3Csvg%20xmlns='http:\/\/www.w3.org\/2000\/svg'%20viewBox='0%200%20370%20247'%3E%3C\/svg%3E\" data-id=\"3566\" data-lazy-src=\"https:\/\/www.nuevavisionopticas.com.ar\/blog-de-optica\/wp-content\/uploads\/2024\/08\/NAZARE-4-1024x1024.jpg\" alt=\"Nazare - anteojo de receta de Paula Cahen D'Anvers\" class=\"zeen-lazy-load-base zeen-lazy-load wp-image-3566\"\/><noscript><img decoding=\"async\" width=\"1024\" height=\"1024\" data-id=\"3566\" src=\"https:\/\/www.nuevavisionopticas.com.ar\/blog-de-optica\/wp-content\/uploads\/2024\/08\/NAZARE-4-1024x1024.jpg\" alt=\"Nazare - anteojo de receta de Paula Cahen D'Anvers\" class=\"wp-image-3566\" srcset=\"https:\/\/www.nuevavisionopticas.com.ar\/blog-de-optica\/wp-content\/uploads\/2024\/08\/NAZARE-4-1024x1024.jpg 1024w, https:\/\/www.nuevavisionopticas.com.ar\/blog-de-optica\/wp-content\/uploads\/2024\/08\/NAZARE-4-300x300.jpg 300w, https:\/\/www.nuevavisionopticas.com.ar\/blog-de-optica\/wp-content\/uploads\/2024\/08\/NAZARE-4-100x100.jpg 100w, https:\/\/www.nuevavisionopticas.com.ar\/blog-de-optica\/wp-content\/uploads\/2024\/08\/NAZARE-4-770x770.jpg 770w, https:\/\/www.nuevavisionopticas.com.ar\/blog-de-optica\/wp-content\/uploads\/2024\/08\/NAZARE-4-1536x1536.jpg 1536w, https:\/\/www.nuevavisionopticas.com.ar\/blog-de-optica\/wp-content\/uploads\/2024\/08\/NAZARE-4-274x274.jpg 274w, https:\/\/www.nuevavisionopticas.com.ar\/blog-de-optica\/wp-content\/uploads\/2024\/08\/NAZARE-4-371x371.jpg 371w, https:\/\/www.nuevavisionopticas.com.ar\/blog-de-optica\/wp-content\/uploads\/2024\/08\/NAZARE-4-566x566.jpg 566w, https:\/\/www.nuevavisionopticas.com.ar\/blog-de-optica\/wp-content\/uploads\/2024\/08\/NAZARE-4-881x881.jpg 881w, https:\/\/www.nuevavisionopticas.com.ar\/blog-de-optica\/wp-content\/uploads\/2024\/08\/NAZARE-4-751x751.jpg 751w, https:\/\/www.nuevavisionopticas.com.ar\/blog-de-optica\/wp-content\/uploads\/2024\/08\/NAZARE-4-1381x1381.jpg 1381w, https:\/\/www.nuevavisionopticas.com.ar\/blog-de-optica\/wp-content\/uploads\/2024\/08\/NAZARE-4-390x390.jpg 390w, https:\/\/www.nuevavisionopticas.com.ar\/blog-de-optica\/wp-content\/uploads\/2024\/08\/NAZARE-4.jpg 1600w\" sizes=\"(max-width: 1024px) 100vw, 1024px\" \/><\/noscript><figcaption class=\"wp-element-caption\">Nazare &#8211; anteojo de receta de Paula Cahen D&#8217;Anvers<\/figcaption><\/figure>\n<\/figure>\n\n\n\n<h2 class=\"wp-block-heading\">Sintra &#8211; anteojo de receta de Paula Cahen D&#8217;Anvers<\/h2>\n\n\n\n<p>Inspirados en la \u00faltimas tendencias, <strong>Sintra<\/strong> es un <strong>anteojo<\/strong> de acetato ecol\u00f3gico, de ojos <strong>rectangulares<\/strong>, de calce mediano. Tiene patillas de doble espesor de acetato con flex reparable, alma ajustable y logo met\u00e1lico externo.<\/p>\n\n\n\n<figure class=\"wp-block-gallery has-nested-images columns-default is-cropped wp-block-gallery-6 is-layout-flex wp-block-gallery-is-layout-flex\">\n<figure class=\"wp-block-image size-large\"><img decoding=\"async\" src=\"data:image\/svg+xml,%3Csvg%20xmlns='http:\/\/www.w3.org\/2000\/svg'%20viewBox='0%200%20370%20247'%3E%3C\/svg%3E\" data-id=\"3568\" data-lazy-src=\"https:\/\/www.nuevavisionopticas.com.ar\/blog-de-optica\/wp-content\/uploads\/2024\/08\/SINTRA-2-1024x1024.jpg\" alt=\"Sintra - anteojo de receta de Paula Cahen D'Anvers\" class=\"zeen-lazy-load-base zeen-lazy-load wp-image-3568\"\/><noscript><img decoding=\"async\" width=\"1024\" height=\"1024\" data-id=\"3568\" src=\"https:\/\/www.nuevavisionopticas.com.ar\/blog-de-optica\/wp-content\/uploads\/2024\/08\/SINTRA-2-1024x1024.jpg\" alt=\"Sintra - anteojo de receta de Paula Cahen D'Anvers\" class=\"wp-image-3568\" srcset=\"https:\/\/www.nuevavisionopticas.com.ar\/blog-de-optica\/wp-content\/uploads\/2024\/08\/SINTRA-2-1024x1024.jpg 1024w, https:\/\/www.nuevavisionopticas.com.ar\/blog-de-optica\/wp-content\/uploads\/2024\/08\/SINTRA-2-300x300.jpg 300w, https:\/\/www.nuevavisionopticas.com.ar\/blog-de-optica\/wp-content\/uploads\/2024\/08\/SINTRA-2-100x100.jpg 100w, https:\/\/www.nuevavisionopticas.com.ar\/blog-de-optica\/wp-content\/uploads\/2024\/08\/SINTRA-2-770x770.jpg 770w, https:\/\/www.nuevavisionopticas.com.ar\/blog-de-optica\/wp-content\/uploads\/2024\/08\/SINTRA-2-1536x1536.jpg 1536w, https:\/\/www.nuevavisionopticas.com.ar\/blog-de-optica\/wp-content\/uploads\/2024\/08\/SINTRA-2-274x274.jpg 274w, https:\/\/www.nuevavisionopticas.com.ar\/blog-de-optica\/wp-content\/uploads\/2024\/08\/SINTRA-2-371x371.jpg 371w, https:\/\/www.nuevavisionopticas.com.ar\/blog-de-optica\/wp-content\/uploads\/2024\/08\/SINTRA-2-566x566.jpg 566w, https:\/\/www.nuevavisionopticas.com.ar\/blog-de-optica\/wp-content\/uploads\/2024\/08\/SINTRA-2-881x881.jpg 881w, https:\/\/www.nuevavisionopticas.com.ar\/blog-de-optica\/wp-content\/uploads\/2024\/08\/SINTRA-2-751x751.jpg 751w, https:\/\/www.nuevavisionopticas.com.ar\/blog-de-optica\/wp-content\/uploads\/2024\/08\/SINTRA-2-1381x1381.jpg 1381w, https:\/\/www.nuevavisionopticas.com.ar\/blog-de-optica\/wp-content\/uploads\/2024\/08\/SINTRA-2-390x390.jpg 390w, https:\/\/www.nuevavisionopticas.com.ar\/blog-de-optica\/wp-content\/uploads\/2024\/08\/SINTRA-2.jpg 1600w\" sizes=\"(max-width: 1024px) 100vw, 1024px\" \/><\/noscript><figcaption class=\"wp-element-caption\">Sintra &#8211; anteojo de receta de Paula Cahen D&#8217;Anvers<\/figcaption><\/figure>\n\n\n\n<figure class=\"wp-block-image size-large\"><img decoding=\"async\" src=\"data:image\/svg+xml,%3Csvg%20xmlns='http:\/\/www.w3.org\/2000\/svg'%20viewBox='0%200%20370%20247'%3E%3C\/svg%3E\" data-id=\"3570\" data-lazy-src=\"https:\/\/www.nuevavisionopticas.com.ar\/blog-de-optica\/wp-content\/uploads\/2024\/08\/SINTRA-3-1024x1024.jpg\" alt=\"Sintra - anteojo de receta de Paula Cahen D'Anvers\" class=\"zeen-lazy-load-base zeen-lazy-load wp-image-3570\"\/><noscript><img decoding=\"async\" width=\"1024\" height=\"1024\" data-id=\"3570\" src=\"https:\/\/www.nuevavisionopticas.com.ar\/blog-de-optica\/wp-content\/uploads\/2024\/08\/SINTRA-3-1024x1024.jpg\" alt=\"Sintra - anteojo de receta de Paula Cahen D'Anvers\" class=\"wp-image-3570\" srcset=\"https:\/\/www.nuevavisionopticas.com.ar\/blog-de-optica\/wp-content\/uploads\/2024\/08\/SINTRA-3-1024x1024.jpg 1024w, https:\/\/www.nuevavisionopticas.com.ar\/blog-de-optica\/wp-content\/uploads\/2024\/08\/SINTRA-3-300x300.jpg 300w, https:\/\/www.nuevavisionopticas.com.ar\/blog-de-optica\/wp-content\/uploads\/2024\/08\/SINTRA-3-100x100.jpg 100w, https:\/\/www.nuevavisionopticas.com.ar\/blog-de-optica\/wp-content\/uploads\/2024\/08\/SINTRA-3-770x770.jpg 770w, https:\/\/www.nuevavisionopticas.com.ar\/blog-de-optica\/wp-content\/uploads\/2024\/08\/SINTRA-3-1536x1536.jpg 1536w, https:\/\/www.nuevavisionopticas.com.ar\/blog-de-optica\/wp-content\/uploads\/2024\/08\/SINTRA-3-274x274.jpg 274w, https:\/\/www.nuevavisionopticas.com.ar\/blog-de-optica\/wp-content\/uploads\/2024\/08\/SINTRA-3-371x371.jpg 371w, https:\/\/www.nuevavisionopticas.com.ar\/blog-de-optica\/wp-content\/uploads\/2024\/08\/SINTRA-3-566x566.jpg 566w, https:\/\/www.nuevavisionopticas.com.ar\/blog-de-optica\/wp-content\/uploads\/2024\/08\/SINTRA-3-881x881.jpg 881w, https:\/\/www.nuevavisionopticas.com.ar\/blog-de-optica\/wp-content\/uploads\/2024\/08\/SINTRA-3-751x751.jpg 751w, https:\/\/www.nuevavisionopticas.com.ar\/blog-de-optica\/wp-content\/uploads\/2024\/08\/SINTRA-3-1381x1381.jpg 1381w, https:\/\/www.nuevavisionopticas.com.ar\/blog-de-optica\/wp-content\/uploads\/2024\/08\/SINTRA-3-390x390.jpg 390w, https:\/\/www.nuevavisionopticas.com.ar\/blog-de-optica\/wp-content\/uploads\/2024\/08\/SINTRA-3.jpg 1600w\" sizes=\"(max-width: 1024px) 100vw, 1024px\" \/><\/noscript><figcaption class=\"wp-element-caption\">Sintra &#8211; anteojo de receta de Paula Cahen D&#8217;Anvers<\/figcaption><\/figure>\n\n\n\n<figure class=\"wp-block-image size-large\"><img decoding=\"async\" src=\"data:image\/svg+xml,%3Csvg%20xmlns='http:\/\/www.w3.org\/2000\/svg'%20viewBox='0%200%20370%20247'%3E%3C\/svg%3E\" data-id=\"3569\" data-lazy-src=\"https:\/\/www.nuevavisionopticas.com.ar\/blog-de-optica\/wp-content\/uploads\/2024\/08\/SINTRA-4-1024x1024.jpg\" alt=\"Sintra - anteojo de receta de Paula Cahen D'Anvers\" class=\"zeen-lazy-load-base zeen-lazy-load wp-image-3569\"\/><noscript><img decoding=\"async\" width=\"1024\" height=\"1024\" data-id=\"3569\" src=\"https:\/\/www.nuevavisionopticas.com.ar\/blog-de-optica\/wp-content\/uploads\/2024\/08\/SINTRA-4-1024x1024.jpg\" alt=\"Sintra - anteojo de receta de Paula Cahen D'Anvers\" class=\"wp-image-3569\" srcset=\"https:\/\/www.nuevavisionopticas.com.ar\/blog-de-optica\/wp-content\/uploads\/2024\/08\/SINTRA-4-1024x1024.jpg 1024w, https:\/\/www.nuevavisionopticas.com.ar\/blog-de-optica\/wp-content\/uploads\/2024\/08\/SINTRA-4-300x300.jpg 300w, https:\/\/www.nuevavisionopticas.com.ar\/blog-de-optica\/wp-content\/uploads\/2024\/08\/SINTRA-4-100x100.jpg 100w, https:\/\/www.nuevavisionopticas.com.ar\/blog-de-optica\/wp-content\/uploads\/2024\/08\/SINTRA-4-770x770.jpg 770w, https:\/\/www.nuevavisionopticas.com.ar\/blog-de-optica\/wp-content\/uploads\/2024\/08\/SINTRA-4-1536x1536.jpg 1536w, https:\/\/www.nuevavisionopticas.com.ar\/blog-de-optica\/wp-content\/uploads\/2024\/08\/SINTRA-4-274x274.jpg 274w, https:\/\/www.nuevavisionopticas.com.ar\/blog-de-optica\/wp-content\/uploads\/2024\/08\/SINTRA-4-371x371.jpg 371w, https:\/\/www.nuevavisionopticas.com.ar\/blog-de-optica\/wp-content\/uploads\/2024\/08\/SINTRA-4-566x566.jpg 566w, https:\/\/www.nuevavisionopticas.com.ar\/blog-de-optica\/wp-content\/uploads\/2024\/08\/SINTRA-4-881x881.jpg 881w, https:\/\/www.nuevavisionopticas.com.ar\/blog-de-optica\/wp-content\/uploads\/2024\/08\/SINTRA-4-751x751.jpg 751w, https:\/\/www.nuevavisionopticas.com.ar\/blog-de-optica\/wp-content\/uploads\/2024\/08\/SINTRA-4-1381x1381.jpg 1381w, https:\/\/www.nuevavisionopticas.com.ar\/blog-de-optica\/wp-content\/uploads\/2024\/08\/SINTRA-4-390x390.jpg 390w, https:\/\/www.nuevavisionopticas.com.ar\/blog-de-optica\/wp-content\/uploads\/2024\/08\/SINTRA-4.jpg 1600w\" sizes=\"(max-width: 1024px) 100vw, 1024px\" \/><\/noscript><figcaption class=\"wp-element-caption\">Sintra &#8211; anteojo de receta de Paula Cahen D&#8217;Anvers<\/figcaption><\/figure>\n<\/figure>\n\n\n\n<p>Nuestras <strong>\u00f3pticas<\/strong> est\u00e1n ubicadas en <a href=\"https:\/\/www.nuevavisionopticas.com.ar\/optica-san-isidro.html\">San Isidro<\/a>, <a href=\"https:\/\/www.nuevavisionopticas.com.ar\/optica-las-lomas-de-san-isidro.html\">Lomas de San Isidro<\/a>, <a href=\"https:\/\/www.nuevavisionopticas.com.ar\/optica-martinez.html\">Mart\u00ednez<\/a>, <a href=\"https:\/\/www.nuevavisionopticas.com.ar\/optica-la-lucila.html\">La Lucila<\/a>, <a href=\"https:\/\/www.nuevavisionopticas.com.ar\/optica-recoleta.html\">Recoleta<\/a>, <a href=\"https:\/\/www.nuevavisionopticas.com.ar\/optica-barrio-norte.html\">Barrio Norte<\/a> y <a href=\"https:\/\/www.nuevavisionopticas.com.ar\/optica-belgrano.html\">Belgrano<\/a>, en <strong>zona norte<\/strong> de la <strong>provincia<\/strong> <strong>de<\/strong> <strong>Buenos<\/strong> <strong>Aires<\/strong> y en <strong>Capital Federal<\/strong>. \u00a1Ven\u00ed a visitarnos!<\/p>\n","protected":false},"excerpt":{"rendered":"<p>Una respuesta a la contaminaci\u00f3n En a\u00f1os recientes se desarrollaron materiales biodegradables y eco-amigables como respuesta alproblema de la contaminaci\u00f3n causada por el pl\u00e1stico, tambi\u00e9n llamada \u201ccontaminaci\u00f3n blanca\u201d.Estas piezas son creadas con l\u00e1minas de acetato de celulosa eco friendly. Se trata de un materialbiodegradable, libre de BPA y con plastificantes de origen vegetal que reemplazan los tradicionales. Caracter\u00edsticas del acetato ecol\u00f3gico Lagos &#8211; anteojo de receta de Paula Cahen D&#8217;Anvers Cl\u00e1sico y moderno a la vez. Lagos, nuevo modelo de [&hellip;]<\/p>\n","protected":false},"author":1,"featured_media":3573,"comment_status":"closed","ping_status":"open","sticky":false,"template":"","format":"standard","meta":{"_monsterinsights_skip_tracking":false,"_monsterinsights_sitenote_active":false,"_monsterinsights_sitenote_note":"","_monsterinsights_sitenote_category":0,"footnotes":""},"categories":[10,15,16],"tags":[29],"class_list":["post-3552","post","type-post","status-publish","format-standard","has-post-thumbnail","hentry","category-anteojos-recetados","category-marcas","category-moda","tag-anteojos-recetados"],"yoast_head":"<!-- This site is optimized with the Yoast SEO plugin v27.3 - https:\/\/yoast.com\/product\/yoast-seo-wordpress\/ -->\n<title>Paula Cahen D&#039;Anvers y su nueva l\u00ednea de acetato ecol\u00f3gico &#8211; Blog de \u00f3ptica<\/title>\n<meta name=\"robots\" content=\"index, follow, max-snippet:-1, max-image-preview:large, max-video-preview:-1\" \/>\n<link rel=\"canonical\" href=\"https:\/\/www.nuevavisionopticas.com.ar\/blog-de-optica\/2024\/08\/paula-cahen-danvers-y-su-nueva-linea-de-acetato-ecologico\/\" \/>\n<meta property=\"og:locale\" content=\"es_ES\" \/>\n<meta property=\"og:type\" content=\"article\" \/>\n<meta property=\"og:title\" content=\"Paula Cahen D&#039;Anvers y su nueva l\u00ednea de acetato ecol\u00f3gico &#8211; Blog de \u00f3ptica\" \/>\n<meta property=\"og:description\" content=\"Una respuesta a la contaminaci\u00f3n En a\u00f1os recientes se desarrollaron materiales biodegradables y eco-amigables como respuesta alproblema de la contaminaci\u00f3n causada por el pl\u00e1stico, tambi\u00e9n llamada \u201ccontaminaci\u00f3n blanca\u201d.Estas piezas son creadas con l\u00e1minas de acetato de celulosa eco friendly. Se trata de un materialbiodegradable, libre de BPA y con plastificantes de origen vegetal que reemplazan los tradicionales. Caracter\u00edsticas del acetato ecol\u00f3gico Lagos &#8211; anteojo de receta de Paula Cahen D&#8217;Anvers Cl\u00e1sico y moderno a la vez. Lagos, nuevo modelo de [&hellip;]\" \/>\n<meta property=\"og:url\" content=\"https:\/\/www.nuevavisionopticas.com.ar\/blog-de-optica\/2024\/08\/paula-cahen-danvers-y-su-nueva-linea-de-acetato-ecologico\/\" \/>\n<meta property=\"og:site_name\" content=\"Blog de \u00f3ptica\" \/>\n<meta property=\"article:publisher\" content=\"https:\/\/www.facebook.com\/nuevavisionarg\" \/>\n<meta property=\"article:published_time\" content=\"2024-08-13T13:08:26+00:00\" \/>\n<meta property=\"article:modified_time\" content=\"2024-08-13T13:16:46+00:00\" \/>\n<meta property=\"og:image\" content=\"https:\/\/www.nuevavisionopticas.com.ar\/blog-de-optica\/wp-content\/uploads\/2024\/08\/PAULA_Mesa-de-trabajo-1-scaled-2.jpg\" \/>\n\t<meta property=\"og:image:width\" content=\"1600\" \/>\n\t<meta property=\"og:image:height\" content=\"567\" \/>\n\t<meta property=\"og:image:type\" content=\"image\/jpeg\" \/>\n<meta name=\"author\" content=\"admin_optica\" \/>\n<meta name=\"twitter:card\" content=\"summary_large_image\" \/>\n<meta name=\"twitter:label1\" content=\"Escrito por\" \/>\n\t<meta name=\"twitter:data1\" content=\"admin_optica\" \/>\n\t<meta name=\"twitter:label2\" content=\"Tiempo de lectura\" \/>\n\t<meta name=\"twitter:data2\" content=\"7 minutos\" \/>\n<script type=\"application\/ld+json\" class=\"yoast-schema-graph\">{\"@context\":\"https:\\\/\\\/schema.org\",\"@graph\":[{\"@type\":\"Article\",\"@id\":\"https:\\\/\\\/www.nuevavisionopticas.com.ar\\\/blog-de-optica\\\/2024\\\/08\\\/paula-cahen-danvers-y-su-nueva-linea-de-acetato-ecologico\\\/#article\",\"isPartOf\":{\"@id\":\"https:\\\/\\\/www.nuevavisionopticas.com.ar\\\/blog-de-optica\\\/2024\\\/08\\\/paula-cahen-danvers-y-su-nueva-linea-de-acetato-ecologico\\\/\"},\"author\":{\"name\":\"admin_optica\",\"@id\":\"http:\\\/\\\/www.nuevavisionopticas.com.ar\\\/blog-de-optica\\\/#\\\/schema\\\/person\\\/2d6fbd00282cbc8fdd54058894af4341\"},\"headline\":\"Paula Cahen D&#8217;Anvers y su nueva l\u00ednea de acetato ecol\u00f3gico\",\"datePublished\":\"2024-08-13T13:08:26+00:00\",\"dateModified\":\"2024-08-13T13:16:46+00:00\",\"mainEntityOfPage\":{\"@id\":\"https:\\\/\\\/www.nuevavisionopticas.com.ar\\\/blog-de-optica\\\/2024\\\/08\\\/paula-cahen-danvers-y-su-nueva-linea-de-acetato-ecologico\\\/\"},\"wordCount\":722,\"publisher\":{\"@id\":\"http:\\\/\\\/www.nuevavisionopticas.com.ar\\\/blog-de-optica\\\/#organization\"},\"image\":{\"@id\":\"https:\\\/\\\/www.nuevavisionopticas.com.ar\\\/blog-de-optica\\\/2024\\\/08\\\/paula-cahen-danvers-y-su-nueva-linea-de-acetato-ecologico\\\/#primaryimage\"},\"thumbnailUrl\":\"https:\\\/\\\/www.nuevavisionopticas.com.ar\\\/blog-de-optica\\\/wp-content\\\/uploads\\\/2024\\\/08\\\/PAULA_Mesa-de-trabajo-1-scaled-2.jpg\",\"keywords\":[\"anteojos recetados\"],\"articleSection\":[\"anteojos recetados\",\"marcas\",\"moda\"],\"inLanguage\":\"es\"},{\"@type\":\"WebPage\",\"@id\":\"https:\\\/\\\/www.nuevavisionopticas.com.ar\\\/blog-de-optica\\\/2024\\\/08\\\/paula-cahen-danvers-y-su-nueva-linea-de-acetato-ecologico\\\/\",\"url\":\"https:\\\/\\\/www.nuevavisionopticas.com.ar\\\/blog-de-optica\\\/2024\\\/08\\\/paula-cahen-danvers-y-su-nueva-linea-de-acetato-ecologico\\\/\",\"name\":\"Paula Cahen D'Anvers y su nueva l\u00ednea de acetato ecol\u00f3gico &#8211; Blog de \u00f3ptica\",\"isPartOf\":{\"@id\":\"http:\\\/\\\/www.nuevavisionopticas.com.ar\\\/blog-de-optica\\\/#website\"},\"primaryImageOfPage\":{\"@id\":\"https:\\\/\\\/www.nuevavisionopticas.com.ar\\\/blog-de-optica\\\/2024\\\/08\\\/paula-cahen-danvers-y-su-nueva-linea-de-acetato-ecologico\\\/#primaryimage\"},\"image\":{\"@id\":\"https:\\\/\\\/www.nuevavisionopticas.com.ar\\\/blog-de-optica\\\/2024\\\/08\\\/paula-cahen-danvers-y-su-nueva-linea-de-acetato-ecologico\\\/#primaryimage\"},\"thumbnailUrl\":\"https:\\\/\\\/www.nuevavisionopticas.com.ar\\\/blog-de-optica\\\/wp-content\\\/uploads\\\/2024\\\/08\\\/PAULA_Mesa-de-trabajo-1-scaled-2.jpg\",\"datePublished\":\"2024-08-13T13:08:26+00:00\",\"dateModified\":\"2024-08-13T13:16:46+00:00\",\"breadcrumb\":{\"@id\":\"https:\\\/\\\/www.nuevavisionopticas.com.ar\\\/blog-de-optica\\\/2024\\\/08\\\/paula-cahen-danvers-y-su-nueva-linea-de-acetato-ecologico\\\/#breadcrumb\"},\"inLanguage\":\"es\",\"potentialAction\":[{\"@type\":\"ReadAction\",\"target\":[\"https:\\\/\\\/www.nuevavisionopticas.com.ar\\\/blog-de-optica\\\/2024\\\/08\\\/paula-cahen-danvers-y-su-nueva-linea-de-acetato-ecologico\\\/\"]}]},{\"@type\":\"ImageObject\",\"inLanguage\":\"es\",\"@id\":\"https:\\\/\\\/www.nuevavisionopticas.com.ar\\\/blog-de-optica\\\/2024\\\/08\\\/paula-cahen-danvers-y-su-nueva-linea-de-acetato-ecologico\\\/#primaryimage\",\"url\":\"https:\\\/\\\/www.nuevavisionopticas.com.ar\\\/blog-de-optica\\\/wp-content\\\/uploads\\\/2024\\\/08\\\/PAULA_Mesa-de-trabajo-1-scaled-2.jpg\",\"contentUrl\":\"https:\\\/\\\/www.nuevavisionopticas.com.ar\\\/blog-de-optica\\\/wp-content\\\/uploads\\\/2024\\\/08\\\/PAULA_Mesa-de-trabajo-1-scaled-2.jpg\",\"width\":1600,\"height\":567,\"caption\":\"Paula Cahen D'Anvers y su nueva l\u00ednea de acetato ecol\u00f3gico\"},{\"@type\":\"BreadcrumbList\",\"@id\":\"https:\\\/\\\/www.nuevavisionopticas.com.ar\\\/blog-de-optica\\\/2024\\\/08\\\/paula-cahen-danvers-y-su-nueva-linea-de-acetato-ecologico\\\/#breadcrumb\",\"itemListElement\":[{\"@type\":\"ListItem\",\"position\":1,\"name\":\"Portada\",\"item\":\"http:\\\/\\\/www.nuevavisionopticas.com.ar\\\/blog-de-optica\\\/\"},{\"@type\":\"ListItem\",\"position\":2,\"name\":\"Paula Cahen D&#8217;Anvers y su nueva l\u00ednea de acetato ecol\u00f3gico\"}]},{\"@type\":\"WebSite\",\"@id\":\"http:\\\/\\\/www.nuevavisionopticas.com.ar\\\/blog-de-optica\\\/#website\",\"url\":\"http:\\\/\\\/www.nuevavisionopticas.com.ar\\\/blog-de-optica\\\/\",\"name\":\"Blog de \u00f3ptica\",\"description\":\"Nueva Visi\u00f3n \u00d3pticas\",\"publisher\":{\"@id\":\"http:\\\/\\\/www.nuevavisionopticas.com.ar\\\/blog-de-optica\\\/#organization\"},\"potentialAction\":[{\"@type\":\"SearchAction\",\"target\":{\"@type\":\"EntryPoint\",\"urlTemplate\":\"http:\\\/\\\/www.nuevavisionopticas.com.ar\\\/blog-de-optica\\\/?s={search_term_string}\"},\"query-input\":{\"@type\":\"PropertyValueSpecification\",\"valueRequired\":true,\"valueName\":\"search_term_string\"}}],\"inLanguage\":\"es\"},{\"@type\":\"Organization\",\"@id\":\"http:\\\/\\\/www.nuevavisionopticas.com.ar\\\/blog-de-optica\\\/#organization\",\"name\":\"Nueva Visi\u00f3n \u00d3pticas\",\"url\":\"http:\\\/\\\/www.nuevavisionopticas.com.ar\\\/blog-de-optica\\\/\",\"logo\":{\"@type\":\"ImageObject\",\"inLanguage\":\"es\",\"@id\":\"http:\\\/\\\/www.nuevavisionopticas.com.ar\\\/blog-de-optica\\\/#\\\/schema\\\/logo\\\/image\\\/\",\"url\":\"https:\\\/\\\/www.nuevavisionopticas.com.ar\\\/blog-de-optica\\\/wp-content\\\/uploads\\\/2021\\\/07\\\/logo-blanco-nueva-vision.png\",\"contentUrl\":\"https:\\\/\\\/www.nuevavisionopticas.com.ar\\\/blog-de-optica\\\/wp-content\\\/uploads\\\/2021\\\/07\\\/logo-blanco-nueva-vision.png\",\"width\":181,\"height\":46,\"caption\":\"Nueva Visi\u00f3n \u00d3pticas\"},\"image\":{\"@id\":\"http:\\\/\\\/www.nuevavisionopticas.com.ar\\\/blog-de-optica\\\/#\\\/schema\\\/logo\\\/image\\\/\"},\"sameAs\":[\"https:\\\/\\\/www.facebook.com\\\/nuevavisionarg\",\"https:\\\/\\\/www.instagram.com\\\/nuevavisionarg\"]},{\"@type\":\"Person\",\"@id\":\"http:\\\/\\\/www.nuevavisionopticas.com.ar\\\/blog-de-optica\\\/#\\\/schema\\\/person\\\/2d6fbd00282cbc8fdd54058894af4341\",\"name\":\"admin_optica\",\"image\":{\"@type\":\"ImageObject\",\"inLanguage\":\"es\",\"@id\":\"https:\\\/\\\/secure.gravatar.com\\\/avatar\\\/e33974a79b80e7fe593e5cf53cb2160fcb165380bed6475ed9144c295430f76c?s=96&d=mm&r=g\",\"url\":\"https:\\\/\\\/secure.gravatar.com\\\/avatar\\\/e33974a79b80e7fe593e5cf53cb2160fcb165380bed6475ed9144c295430f76c?s=96&d=mm&r=g\",\"contentUrl\":\"https:\\\/\\\/secure.gravatar.com\\\/avatar\\\/e33974a79b80e7fe593e5cf53cb2160fcb165380bed6475ed9144c295430f76c?s=96&d=mm&r=g\",\"caption\":\"admin_optica\"}}]}<\/script>\n<!-- \/ Yoast SEO plugin. -->","yoast_head_json":{"title":"Paula Cahen D'Anvers y su nueva l\u00ednea de acetato ecol\u00f3gico &#8211; Blog de \u00f3ptica","robots":{"index":"index","follow":"follow","max-snippet":"max-snippet:-1","max-image-preview":"max-image-preview:large","max-video-preview":"max-video-preview:-1"},"canonical":"https:\/\/www.nuevavisionopticas.com.ar\/blog-de-optica\/2024\/08\/paula-cahen-danvers-y-su-nueva-linea-de-acetato-ecologico\/","og_locale":"es_ES","og_type":"article","og_title":"Paula Cahen D'Anvers y su nueva l\u00ednea de acetato ecol\u00f3gico &#8211; Blog de \u00f3ptica","og_description":"Una respuesta a la contaminaci\u00f3n En a\u00f1os recientes se desarrollaron materiales biodegradables y eco-amigables como respuesta alproblema de la contaminaci\u00f3n causada por el pl\u00e1stico, tambi\u00e9n llamada \u201ccontaminaci\u00f3n blanca\u201d.Estas piezas son creadas con l\u00e1minas de acetato de celulosa eco friendly. Se trata de un materialbiodegradable, libre de BPA y con plastificantes de origen vegetal que reemplazan los tradicionales. Caracter\u00edsticas del acetato ecol\u00f3gico Lagos &#8211; anteojo de receta de Paula Cahen D&#8217;Anvers Cl\u00e1sico y moderno a la vez. Lagos, nuevo modelo de [&hellip;]","og_url":"https:\/\/www.nuevavisionopticas.com.ar\/blog-de-optica\/2024\/08\/paula-cahen-danvers-y-su-nueva-linea-de-acetato-ecologico\/","og_site_name":"Blog de \u00f3ptica","article_publisher":"https:\/\/www.facebook.com\/nuevavisionarg","article_published_time":"2024-08-13T13:08:26+00:00","article_modified_time":"2024-08-13T13:16:46+00:00","og_image":[{"width":1600,"height":567,"url":"https:\/\/www.nuevavisionopticas.com.ar\/blog-de-optica\/wp-content\/uploads\/2024\/08\/PAULA_Mesa-de-trabajo-1-scaled-2.jpg","type":"image\/jpeg"}],"author":"admin_optica","twitter_card":"summary_large_image","twitter_misc":{"Escrito por":"admin_optica","Tiempo de lectura":"7 minutos"},"schema":{"@context":"https:\/\/schema.org","@graph":[{"@type":"Article","@id":"https:\/\/www.nuevavisionopticas.com.ar\/blog-de-optica\/2024\/08\/paula-cahen-danvers-y-su-nueva-linea-de-acetato-ecologico\/#article","isPartOf":{"@id":"https:\/\/www.nuevavisionopticas.com.ar\/blog-de-optica\/2024\/08\/paula-cahen-danvers-y-su-nueva-linea-de-acetato-ecologico\/"},"author":{"name":"admin_optica","@id":"http:\/\/www.nuevavisionopticas.com.ar\/blog-de-optica\/#\/schema\/person\/2d6fbd00282cbc8fdd54058894af4341"},"headline":"Paula Cahen D&#8217;Anvers y su nueva l\u00ednea de acetato ecol\u00f3gico","datePublished":"2024-08-13T13:08:26+00:00","dateModified":"2024-08-13T13:16:46+00:00","mainEntityOfPage":{"@id":"https:\/\/www.nuevavisionopticas.com.ar\/blog-de-optica\/2024\/08\/paula-cahen-danvers-y-su-nueva-linea-de-acetato-ecologico\/"},"wordCount":722,"publisher":{"@id":"http:\/\/www.nuevavisionopticas.com.ar\/blog-de-optica\/#organization"},"image":{"@id":"https:\/\/www.nuevavisionopticas.com.ar\/blog-de-optica\/2024\/08\/paula-cahen-danvers-y-su-nueva-linea-de-acetato-ecologico\/#primaryimage"},"thumbnailUrl":"https:\/\/www.nuevavisionopticas.com.ar\/blog-de-optica\/wp-content\/uploads\/2024\/08\/PAULA_Mesa-de-trabajo-1-scaled-2.jpg","keywords":["anteojos recetados"],"articleSection":["anteojos recetados","marcas","moda"],"inLanguage":"es"},{"@type":"WebPage","@id":"https:\/\/www.nuevavisionopticas.com.ar\/blog-de-optica\/2024\/08\/paula-cahen-danvers-y-su-nueva-linea-de-acetato-ecologico\/","url":"https:\/\/www.nuevavisionopticas.com.ar\/blog-de-optica\/2024\/08\/paula-cahen-danvers-y-su-nueva-linea-de-acetato-ecologico\/","name":"Paula Cahen D'Anvers y su nueva l\u00ednea de acetato ecol\u00f3gico &#8211; Blog de \u00f3ptica","isPartOf":{"@id":"http:\/\/www.nuevavisionopticas.com.ar\/blog-de-optica\/#website"},"primaryImageOfPage":{"@id":"https:\/\/www.nuevavisionopticas.com.ar\/blog-de-optica\/2024\/08\/paula-cahen-danvers-y-su-nueva-linea-de-acetato-ecologico\/#primaryimage"},"image":{"@id":"https:\/\/www.nuevavisionopticas.com.ar\/blog-de-optica\/2024\/08\/paula-cahen-danvers-y-su-nueva-linea-de-acetato-ecologico\/#primaryimage"},"thumbnailUrl":"https:\/\/www.nuevavisionopticas.com.ar\/blog-de-optica\/wp-content\/uploads\/2024\/08\/PAULA_Mesa-de-trabajo-1-scaled-2.jpg","datePublished":"2024-08-13T13:08:26+00:00","dateModified":"2024-08-13T13:16:46+00:00","breadcrumb":{"@id":"https:\/\/www.nuevavisionopticas.com.ar\/blog-de-optica\/2024\/08\/paula-cahen-danvers-y-su-nueva-linea-de-acetato-ecologico\/#breadcrumb"},"inLanguage":"es","potentialAction":[{"@type":"ReadAction","target":["https:\/\/www.nuevavisionopticas.com.ar\/blog-de-optica\/2024\/08\/paula-cahen-danvers-y-su-nueva-linea-de-acetato-ecologico\/"]}]},{"@type":"ImageObject","inLanguage":"es","@id":"https:\/\/www.nuevavisionopticas.com.ar\/blog-de-optica\/2024\/08\/paula-cahen-danvers-y-su-nueva-linea-de-acetato-ecologico\/#primaryimage","url":"https:\/\/www.nuevavisionopticas.com.ar\/blog-de-optica\/wp-content\/uploads\/2024\/08\/PAULA_Mesa-de-trabajo-1-scaled-2.jpg","contentUrl":"https:\/\/www.nuevavisionopticas.com.ar\/blog-de-optica\/wp-content\/uploads\/2024\/08\/PAULA_Mesa-de-trabajo-1-scaled-2.jpg","width":1600,"height":567,"caption":"Paula Cahen D'Anvers y su nueva l\u00ednea de acetato ecol\u00f3gico"},{"@type":"BreadcrumbList","@id":"https:\/\/www.nuevavisionopticas.com.ar\/blog-de-optica\/2024\/08\/paula-cahen-danvers-y-su-nueva-linea-de-acetato-ecologico\/#breadcrumb","itemListElement":[{"@type":"ListItem","position":1,"name":"Portada","item":"http:\/\/www.nuevavisionopticas.com.ar\/blog-de-optica\/"},{"@type":"ListItem","position":2,"name":"Paula Cahen D&#8217;Anvers y su nueva l\u00ednea de acetato ecol\u00f3gico"}]},{"@type":"WebSite","@id":"http:\/\/www.nuevavisionopticas.com.ar\/blog-de-optica\/#website","url":"http:\/\/www.nuevavisionopticas.com.ar\/blog-de-optica\/","name":"Blog de \u00f3ptica","description":"Nueva Visi\u00f3n \u00d3pticas","publisher":{"@id":"http:\/\/www.nuevavisionopticas.com.ar\/blog-de-optica\/#organization"},"potentialAction":[{"@type":"SearchAction","target":{"@type":"EntryPoint","urlTemplate":"http:\/\/www.nuevavisionopticas.com.ar\/blog-de-optica\/?s={search_term_string}"},"query-input":{"@type":"PropertyValueSpecification","valueRequired":true,"valueName":"search_term_string"}}],"inLanguage":"es"},{"@type":"Organization","@id":"http:\/\/www.nuevavisionopticas.com.ar\/blog-de-optica\/#organization","name":"Nueva Visi\u00f3n \u00d3pticas","url":"http:\/\/www.nuevavisionopticas.com.ar\/blog-de-optica\/","logo":{"@type":"ImageObject","inLanguage":"es","@id":"http:\/\/www.nuevavisionopticas.com.ar\/blog-de-optica\/#\/schema\/logo\/image\/","url":"https:\/\/www.nuevavisionopticas.com.ar\/blog-de-optica\/wp-content\/uploads\/2021\/07\/logo-blanco-nueva-vision.png","contentUrl":"https:\/\/www.nuevavisionopticas.com.ar\/blog-de-optica\/wp-content\/uploads\/2021\/07\/logo-blanco-nueva-vision.png","width":181,"height":46,"caption":"Nueva Visi\u00f3n \u00d3pticas"},"image":{"@id":"http:\/\/www.nuevavisionopticas.com.ar\/blog-de-optica\/#\/schema\/logo\/image\/"},"sameAs":["https:\/\/www.facebook.com\/nuevavisionarg","https:\/\/www.instagram.com\/nuevavisionarg"]},{"@type":"Person","@id":"http:\/\/www.nuevavisionopticas.com.ar\/blog-de-optica\/#\/schema\/person\/2d6fbd00282cbc8fdd54058894af4341","name":"admin_optica","image":{"@type":"ImageObject","inLanguage":"es","@id":"https:\/\/secure.gravatar.com\/avatar\/e33974a79b80e7fe593e5cf53cb2160fcb165380bed6475ed9144c295430f76c?s=96&d=mm&r=g","url":"https:\/\/secure.gravatar.com\/avatar\/e33974a79b80e7fe593e5cf53cb2160fcb165380bed6475ed9144c295430f76c?s=96&d=mm&r=g","contentUrl":"https:\/\/secure.gravatar.com\/avatar\/e33974a79b80e7fe593e5cf53cb2160fcb165380bed6475ed9144c295430f76c?s=96&d=mm&r=g","caption":"admin_optica"}}]}},"_links":{"self":[{"href":"https:\/\/www.nuevavisionopticas.com.ar\/blog-de-optica\/wp-json\/wp\/v2\/posts\/3552","targetHints":{"allow":["GET"]}}],"collection":[{"href":"https:\/\/www.nuevavisionopticas.com.ar\/blog-de-optica\/wp-json\/wp\/v2\/posts"}],"about":[{"href":"https:\/\/www.nuevavisionopticas.com.ar\/blog-de-optica\/wp-json\/wp\/v2\/types\/post"}],"author":[{"embeddable":true,"href":"https:\/\/www.nuevavisionopticas.com.ar\/blog-de-optica\/wp-json\/wp\/v2\/users\/1"}],"replies":[{"embeddable":true,"href":"https:\/\/www.nuevavisionopticas.com.ar\/blog-de-optica\/wp-json\/wp\/v2\/comments?post=3552"}],"version-history":[{"count":2,"href":"https:\/\/www.nuevavisionopticas.com.ar\/blog-de-optica\/wp-json\/wp\/v2\/posts\/3552\/revisions"}],"predecessor-version":[{"id":3578,"href":"https:\/\/www.nuevavisionopticas.com.ar\/blog-de-optica\/wp-json\/wp\/v2\/posts\/3552\/revisions\/3578"}],"wp:featuredmedia":[{"embeddable":true,"href":"https:\/\/www.nuevavisionopticas.com.ar\/blog-de-optica\/wp-json\/wp\/v2\/media\/3573"}],"wp:attachment":[{"href":"https:\/\/www.nuevavisionopticas.com.ar\/blog-de-optica\/wp-json\/wp\/v2\/media?parent=3552"}],"wp:term":[{"taxonomy":"category","embeddable":true,"href":"https:\/\/www.nuevavisionopticas.com.ar\/blog-de-optica\/wp-json\/wp\/v2\/categories?post=3552"},{"taxonomy":"post_tag","embeddable":true,"href":"https:\/\/www.nuevavisionopticas.com.ar\/blog-de-optica\/wp-json\/wp\/v2\/tags?post=3552"}],"curies":[{"name":"wp","href":"https:\/\/api.w.org\/{rel}","templated":true}]}}