{"id":3582,"date":"2024-08-13T10:23:14","date_gmt":"2024-08-13T13:23:14","guid":{"rendered":"https:\/\/www.nuevavisionopticas.com.ar\/blog-de-optica\/?p=3582"},"modified":"2024-08-13T10:23:15","modified_gmt":"2024-08-13T13:23:15","slug":"que-es-la-maculopatia-la-enfermedad-que-tiene-mirtha-legrand-me-pusieron-inyecciones-en-los-dos-ojos","status":"publish","type":"post","link":"https:\/\/www.nuevavisionopticas.com.ar\/blog-de-optica\/2024\/08\/que-es-la-maculopatia-la-enfermedad-que-tiene-mirtha-legrand-me-pusieron-inyecciones-en-los-dos-ojos\/","title":{"rendered":"Qu\u00e9 es la maculopat\u00eda, la enfermedad que tiene Mirtha Legrand: \u201cMe pusieron inyecciones en los dos ojos\u201d"},"content":{"rendered":"\n<figure class=\"wp-block-image size-large\"><img decoding=\"async\" src=\"data:image\/svg+xml,%3Csvg%20xmlns='http:\/\/www.w3.org\/2000\/svg'%20viewBox='0%200%20370%20247'%3E%3C\/svg%3E\" data-lazy-src=\"https:\/\/www.nuevavisionopticas.com.ar\/blog-de-optica\/wp-content\/uploads\/2024\/08\/tao-yuan-KX6AJIn-Fd0-unsplash-1024x576.jpg\" alt=\"Qu\u00e9 es la maculopat\u00eda, la enfermedad que tiene Mirtha Legrand: \u201cMe pusieron inyecciones en los dos ojos\u201d\" class=\"zeen-lazy-load-base zeen-lazy-load wp-image-3583\"\/><noscript><img decoding=\"async\" width=\"1024\" height=\"576\" src=\"https:\/\/www.nuevavisionopticas.com.ar\/blog-de-optica\/wp-content\/uploads\/2024\/08\/tao-yuan-KX6AJIn-Fd0-unsplash-1024x576.jpg\" alt=\"Qu\u00e9 es la maculopat\u00eda, la enfermedad que tiene Mirtha Legrand: \u201cMe pusieron inyecciones en los dos ojos\u201d\" class=\"wp-image-3583\" srcset=\"https:\/\/www.nuevavisionopticas.com.ar\/blog-de-optica\/wp-content\/uploads\/2024\/08\/tao-yuan-KX6AJIn-Fd0-unsplash-1024x576.jpg 1024w, https:\/\/www.nuevavisionopticas.com.ar\/blog-de-optica\/wp-content\/uploads\/2024\/08\/tao-yuan-KX6AJIn-Fd0-unsplash-300x169.jpg 300w, https:\/\/www.nuevavisionopticas.com.ar\/blog-de-optica\/wp-content\/uploads\/2024\/08\/tao-yuan-KX6AJIn-Fd0-unsplash-770x433.jpg 770w, https:\/\/www.nuevavisionopticas.com.ar\/blog-de-optica\/wp-content\/uploads\/2024\/08\/tao-yuan-KX6AJIn-Fd0-unsplash-1536x864.jpg 1536w, https:\/\/www.nuevavisionopticas.com.ar\/blog-de-optica\/wp-content\/uploads\/2024\/08\/tao-yuan-KX6AJIn-Fd0-unsplash-274x154.jpg 274w, https:\/\/www.nuevavisionopticas.com.ar\/blog-de-optica\/wp-content\/uploads\/2024\/08\/tao-yuan-KX6AJIn-Fd0-unsplash-751x422.jpg 751w, https:\/\/www.nuevavisionopticas.com.ar\/blog-de-optica\/wp-content\/uploads\/2024\/08\/tao-yuan-KX6AJIn-Fd0-unsplash-1381x777.jpg 1381w, https:\/\/www.nuevavisionopticas.com.ar\/blog-de-optica\/wp-content\/uploads\/2024\/08\/tao-yuan-KX6AJIn-Fd0-unsplash-390x219.jpg 390w, https:\/\/www.nuevavisionopticas.com.ar\/blog-de-optica\/wp-content\/uploads\/2024\/08\/tao-yuan-KX6AJIn-Fd0-unsplash.jpg 1600w\" sizes=\"(max-width: 1024px) 100vw, 1024px\" \/><\/noscript><figcaption class=\"wp-element-caption\">Qu\u00e9 es la maculopat\u00eda, la enfermedad que tiene Mirtha Legrand: \u201cMe pusieron inyecciones en los dos ojos\u201d<\/figcaption><\/figure>\n\n\n\n<p>El s\u00e1bado pasado,<strong>Mirtha Legrand\u00a0<\/strong>comparti\u00f3 en su programa\u00a0que tiene maculopat\u00eda, al asumir que estaba teniendo dificultad para ver una pantalla.<\/p>\n\n\n\n<p>\u201c<strong>No se ve bien el monitor. Tengo buena vista, pero se ve regular<\/strong>\u201d, dijo la conductora.<\/p>\n\n\n\n<p>Y agreg\u00f3: \u201c<strong>Tengo maculopat\u00eda.<\/strong>\u00a0Cuando ten\u00e9s cierta edad&#8230; Me tratan los doctores Zaldivar.\u00a0<strong>Me pusieron una inyecci\u00f3n en cada ojo. En este (ojo izquierdo) tengo cinco inyecciones, y en el otro seis\u201d.<\/strong><\/p>\n\n\n\n<h2 class=\"wp-block-heading\">QU\u00c9 ES LA MACULOPAT\u00cdA, LA ENFERMEDAD QUE TIENE MIRTHA<\/h2>\n\n\n\n<p>Con la palabra maculopat\u00eda resonando en los medios,<strong>&nbsp;Carmen Barbieri invit\u00f3 al doctor Guillermo Capuya a Ma\u00f1an\u00edsima<\/strong>&nbsp;para que expliqu\u00e9 qu\u00e9 enfermedad tiene la diva.<\/p>\n\n\n\n<p>\u201c<strong>A partir de los 75 a\u00f1os, 1 de cada 3 puede tener un grado de maculopat\u00eda<\/strong>&#8230; Ac\u00e1 tenemos un ojo, la luz entra por aqu\u00ed y hay una cosa que se llama M\u00e1cula, que permite la visi\u00f3n n\u00edtida frontal\u201d, dijo el profesional de la salud.<\/p>\n\n\n\n<p>\u201c<strong>Con el paso del tiempo pueden acumularse en las maculas unas prote\u00ednas, son unos puntitos amarillos.&nbsp;<\/strong>Hay dos tipos de&nbsp;<strong>maculopat\u00eda, la seca<\/strong>, que es la m\u00e1s com\u00fan,<strong>&nbsp;y la h\u00fameda. Mirtha debe tener la humedad por eso se aplica las inyecciones<\/strong>\u201d, asegur\u00f3 Capuya.<\/p>\n\n\n\n<p>Y detall\u00f3: \u201cEn ese caso, crece debajo de la retina unos vasos sanguinos, que sangran y levanta la retina y generan una visi\u00f3n distorsionada.&nbsp;<strong>Afecta la visi\u00f3n central\u201d.<\/strong><\/p>\n\n\n\n<p>\u201cEsto significa, por ejemplo, que yo no puedo verle ac\u00e1 la cara a Lucas (Bertero), no puedo leer, no puedo cocinar y no puedo manejar.&nbsp;<strong>Puedo ver bien de los costados, pero la visi\u00f3n central la tengo perdida<\/strong>\u201d, ilustr\u00f3.<\/p>\n\n\n\n<p><strong>\u201cCon un diagn\u00f3stico temprano no se llega a la ceguer<\/strong>a\u201d, concluy\u00f3 Guillermo Capuya.<\/p>\n\n\n\n<p>Fuente: <a href=\"https:\/\/www.ciudad.com.ar\/espectaculos\/2024\/07\/18\/que-es-la-maculopatia-la-enfermedad-que-tiene-mirtha-legrand-me-pusieron-inyecciones-en-los-dos-ojos\/\">Ciudad Magazine<\/a><\/p>\n","protected":false},"excerpt":{"rendered":"<p>El s\u00e1bado pasado,Mirtha Legrand\u00a0comparti\u00f3 en su programa\u00a0que tiene maculopat\u00eda, al asumir que estaba teniendo dificultad para ver una pantalla. \u201cNo se ve bien el monitor. Tengo buena vista, pero se ve regular\u201d, dijo la conductora. Y agreg\u00f3: \u201cTengo maculopat\u00eda.\u00a0Cuando ten\u00e9s cierta edad&#8230; Me tratan los doctores Zaldivar.\u00a0Me pusieron una inyecci\u00f3n en cada ojo. En este (ojo izquierdo) tengo cinco inyecciones, y en el otro seis\u201d. QU\u00c9 ES LA MACULOPAT\u00cdA, LA ENFERMEDAD QUE TIENE MIRTHA Con la palabra maculopat\u00eda resonando en [&hellip;]<\/p>\n","protected":false},"author":1,"featured_media":3583,"comment_status":"open","ping_status":"open","sticky":false,"template":"","format":"standard","meta":{"_monsterinsights_skip_tracking":false,"_monsterinsights_sitenote_active":false,"_monsterinsights_sitenote_note":"","_monsterinsights_sitenote_category":0,"footnotes":""},"categories":[19],"tags":[59],"class_list":["post-3582","post","type-post","status-publish","format-standard","has-post-thumbnail","hentry","category-salud-visual","tag-salud-visual"],"yoast_head":"<!-- This site is optimized with the Yoast SEO plugin v27.3 - https:\/\/yoast.com\/product\/yoast-seo-wordpress\/ -->\n<title>Qu\u00e9 es la maculopat\u00eda, la enfermedad que tiene Mirtha Legrand: \u201cMe pusieron inyecciones en los dos ojos\u201d &#8211; Blog de \u00f3ptica<\/title>\n<meta name=\"robots\" content=\"index, follow, max-snippet:-1, max-image-preview:large, max-video-preview:-1\" \/>\n<link rel=\"canonical\" href=\"https:\/\/www.nuevavisionopticas.com.ar\/blog-de-optica\/2024\/08\/que-es-la-maculopatia-la-enfermedad-que-tiene-mirtha-legrand-me-pusieron-inyecciones-en-los-dos-ojos\/\" \/>\n<meta property=\"og:locale\" content=\"es_ES\" \/>\n<meta property=\"og:type\" content=\"article\" \/>\n<meta property=\"og:title\" content=\"Qu\u00e9 es la maculopat\u00eda, la enfermedad que tiene Mirtha Legrand: \u201cMe pusieron inyecciones en los dos ojos\u201d &#8211; Blog de \u00f3ptica\" \/>\n<meta property=\"og:description\" content=\"El s\u00e1bado pasado,Mirtha Legrand\u00a0comparti\u00f3 en su programa\u00a0que tiene maculopat\u00eda, al asumir que estaba teniendo dificultad para ver una pantalla. \u201cNo se ve bien el monitor. Tengo buena vista, pero se ve regular\u201d, dijo la conductora. Y agreg\u00f3: \u201cTengo maculopat\u00eda.\u00a0Cuando ten\u00e9s cierta edad&#8230; Me tratan los doctores Zaldivar.\u00a0Me pusieron una inyecci\u00f3n en cada ojo. En este (ojo izquierdo) tengo cinco inyecciones, y en el otro seis\u201d. QU\u00c9 ES LA MACULOPAT\u00cdA, LA ENFERMEDAD QUE TIENE MIRTHA Con la palabra maculopat\u00eda resonando en [&hellip;]\" \/>\n<meta property=\"og:url\" content=\"https:\/\/www.nuevavisionopticas.com.ar\/blog-de-optica\/2024\/08\/que-es-la-maculopatia-la-enfermedad-que-tiene-mirtha-legrand-me-pusieron-inyecciones-en-los-dos-ojos\/\" \/>\n<meta property=\"og:site_name\" content=\"Blog de \u00f3ptica\" \/>\n<meta property=\"article:publisher\" content=\"https:\/\/www.facebook.com\/nuevavisionarg\" \/>\n<meta property=\"article:published_time\" content=\"2024-08-13T13:23:14+00:00\" \/>\n<meta property=\"article:modified_time\" content=\"2024-08-13T13:23:15+00:00\" \/>\n<meta property=\"og:image\" content=\"https:\/\/www.nuevavisionopticas.com.ar\/blog-de-optica\/wp-content\/uploads\/2024\/08\/tao-yuan-KX6AJIn-Fd0-unsplash.jpg\" \/>\n\t<meta property=\"og:image:width\" content=\"1600\" \/>\n\t<meta property=\"og:image:height\" content=\"900\" \/>\n\t<meta property=\"og:image:type\" content=\"image\/jpeg\" \/>\n<meta name=\"author\" content=\"admin_optica\" \/>\n<meta name=\"twitter:card\" content=\"summary_large_image\" \/>\n<meta name=\"twitter:label1\" content=\"Escrito por\" \/>\n\t<meta name=\"twitter:data1\" content=\"admin_optica\" \/>\n\t<meta name=\"twitter:label2\" content=\"Tiempo de lectura\" \/>\n\t<meta name=\"twitter:data2\" content=\"2 minutos\" \/>\n<script type=\"application\/ld+json\" class=\"yoast-schema-graph\">{\"@context\":\"https:\\\/\\\/schema.org\",\"@graph\":[{\"@type\":\"Article\",\"@id\":\"https:\\\/\\\/www.nuevavisionopticas.com.ar\\\/blog-de-optica\\\/2024\\\/08\\\/que-es-la-maculopatia-la-enfermedad-que-tiene-mirtha-legrand-me-pusieron-inyecciones-en-los-dos-ojos\\\/#article\",\"isPartOf\":{\"@id\":\"https:\\\/\\\/www.nuevavisionopticas.com.ar\\\/blog-de-optica\\\/2024\\\/08\\\/que-es-la-maculopatia-la-enfermedad-que-tiene-mirtha-legrand-me-pusieron-inyecciones-en-los-dos-ojos\\\/\"},\"author\":{\"name\":\"admin_optica\",\"@id\":\"https:\\\/\\\/www.nuevavisionopticas.com.ar\\\/blog-de-optica\\\/#\\\/schema\\\/person\\\/2d6fbd00282cbc8fdd54058894af4341\"},\"headline\":\"Qu\u00e9 es la maculopat\u00eda, la enfermedad que tiene Mirtha Legrand: \u201cMe pusieron inyecciones en los dos ojos\u201d\",\"datePublished\":\"2024-08-13T13:23:14+00:00\",\"dateModified\":\"2024-08-13T13:23:15+00:00\",\"mainEntityOfPage\":{\"@id\":\"https:\\\/\\\/www.nuevavisionopticas.com.ar\\\/blog-de-optica\\\/2024\\\/08\\\/que-es-la-maculopatia-la-enfermedad-que-tiene-mirtha-legrand-me-pusieron-inyecciones-en-los-dos-ojos\\\/\"},\"wordCount\":339,\"commentCount\":0,\"publisher\":{\"@id\":\"https:\\\/\\\/www.nuevavisionopticas.com.ar\\\/blog-de-optica\\\/#organization\"},\"image\":{\"@id\":\"https:\\\/\\\/www.nuevavisionopticas.com.ar\\\/blog-de-optica\\\/2024\\\/08\\\/que-es-la-maculopatia-la-enfermedad-que-tiene-mirtha-legrand-me-pusieron-inyecciones-en-los-dos-ojos\\\/#primaryimage\"},\"thumbnailUrl\":\"https:\\\/\\\/www.nuevavisionopticas.com.ar\\\/blog-de-optica\\\/wp-content\\\/uploads\\\/2024\\\/08\\\/tao-yuan-KX6AJIn-Fd0-unsplash.jpg\",\"keywords\":[\"salud visual\"],\"articleSection\":[\"Salud Visual\"],\"inLanguage\":\"es\",\"potentialAction\":[{\"@type\":\"CommentAction\",\"name\":\"Comment\",\"target\":[\"https:\\\/\\\/www.nuevavisionopticas.com.ar\\\/blog-de-optica\\\/2024\\\/08\\\/que-es-la-maculopatia-la-enfermedad-que-tiene-mirtha-legrand-me-pusieron-inyecciones-en-los-dos-ojos\\\/#respond\"]}]},{\"@type\":\"WebPage\",\"@id\":\"https:\\\/\\\/www.nuevavisionopticas.com.ar\\\/blog-de-optica\\\/2024\\\/08\\\/que-es-la-maculopatia-la-enfermedad-que-tiene-mirtha-legrand-me-pusieron-inyecciones-en-los-dos-ojos\\\/\",\"url\":\"https:\\\/\\\/www.nuevavisionopticas.com.ar\\\/blog-de-optica\\\/2024\\\/08\\\/que-es-la-maculopatia-la-enfermedad-que-tiene-mirtha-legrand-me-pusieron-inyecciones-en-los-dos-ojos\\\/\",\"name\":\"Qu\u00e9 es la maculopat\u00eda, la enfermedad que tiene Mirtha Legrand: \u201cMe pusieron inyecciones en los dos ojos\u201d &#8211; Blog de \u00f3ptica\",\"isPartOf\":{\"@id\":\"https:\\\/\\\/www.nuevavisionopticas.com.ar\\\/blog-de-optica\\\/#website\"},\"primaryImageOfPage\":{\"@id\":\"https:\\\/\\\/www.nuevavisionopticas.com.ar\\\/blog-de-optica\\\/2024\\\/08\\\/que-es-la-maculopatia-la-enfermedad-que-tiene-mirtha-legrand-me-pusieron-inyecciones-en-los-dos-ojos\\\/#primaryimage\"},\"image\":{\"@id\":\"https:\\\/\\\/www.nuevavisionopticas.com.ar\\\/blog-de-optica\\\/2024\\\/08\\\/que-es-la-maculopatia-la-enfermedad-que-tiene-mirtha-legrand-me-pusieron-inyecciones-en-los-dos-ojos\\\/#primaryimage\"},\"thumbnailUrl\":\"https:\\\/\\\/www.nuevavisionopticas.com.ar\\\/blog-de-optica\\\/wp-content\\\/uploads\\\/2024\\\/08\\\/tao-yuan-KX6AJIn-Fd0-unsplash.jpg\",\"datePublished\":\"2024-08-13T13:23:14+00:00\",\"dateModified\":\"2024-08-13T13:23:15+00:00\",\"breadcrumb\":{\"@id\":\"https:\\\/\\\/www.nuevavisionopticas.com.ar\\\/blog-de-optica\\\/2024\\\/08\\\/que-es-la-maculopatia-la-enfermedad-que-tiene-mirtha-legrand-me-pusieron-inyecciones-en-los-dos-ojos\\\/#breadcrumb\"},\"inLanguage\":\"es\",\"potentialAction\":[{\"@type\":\"ReadAction\",\"target\":[\"https:\\\/\\\/www.nuevavisionopticas.com.ar\\\/blog-de-optica\\\/2024\\\/08\\\/que-es-la-maculopatia-la-enfermedad-que-tiene-mirtha-legrand-me-pusieron-inyecciones-en-los-dos-ojos\\\/\"]}]},{\"@type\":\"ImageObject\",\"inLanguage\":\"es\",\"@id\":\"https:\\\/\\\/www.nuevavisionopticas.com.ar\\\/blog-de-optica\\\/2024\\\/08\\\/que-es-la-maculopatia-la-enfermedad-que-tiene-mirtha-legrand-me-pusieron-inyecciones-en-los-dos-ojos\\\/#primaryimage\",\"url\":\"https:\\\/\\\/www.nuevavisionopticas.com.ar\\\/blog-de-optica\\\/wp-content\\\/uploads\\\/2024\\\/08\\\/tao-yuan-KX6AJIn-Fd0-unsplash.jpg\",\"contentUrl\":\"https:\\\/\\\/www.nuevavisionopticas.com.ar\\\/blog-de-optica\\\/wp-content\\\/uploads\\\/2024\\\/08\\\/tao-yuan-KX6AJIn-Fd0-unsplash.jpg\",\"width\":1600,\"height\":900,\"caption\":\"Qu\u00e9 es la maculopat\u00eda, la enfermedad que tiene Mirtha Legrand: \u201cMe pusieron inyecciones en los dos ojos\u201d\"},{\"@type\":\"BreadcrumbList\",\"@id\":\"https:\\\/\\\/www.nuevavisionopticas.com.ar\\\/blog-de-optica\\\/2024\\\/08\\\/que-es-la-maculopatia-la-enfermedad-que-tiene-mirtha-legrand-me-pusieron-inyecciones-en-los-dos-ojos\\\/#breadcrumb\",\"itemListElement\":[{\"@type\":\"ListItem\",\"position\":1,\"name\":\"Portada\",\"item\":\"https:\\\/\\\/www.nuevavisionopticas.com.ar\\\/blog-de-optica\\\/\"},{\"@type\":\"ListItem\",\"position\":2,\"name\":\"Qu\u00e9 es la maculopat\u00eda, la enfermedad que tiene Mirtha Legrand: \u201cMe pusieron inyecciones en los dos ojos\u201d\"}]},{\"@type\":\"WebSite\",\"@id\":\"https:\\\/\\\/www.nuevavisionopticas.com.ar\\\/blog-de-optica\\\/#website\",\"url\":\"https:\\\/\\\/www.nuevavisionopticas.com.ar\\\/blog-de-optica\\\/\",\"name\":\"Blog de \u00f3ptica\",\"description\":\"Nueva Visi\u00f3n \u00d3pticas\",\"publisher\":{\"@id\":\"https:\\\/\\\/www.nuevavisionopticas.com.ar\\\/blog-de-optica\\\/#organization\"},\"potentialAction\":[{\"@type\":\"SearchAction\",\"target\":{\"@type\":\"EntryPoint\",\"urlTemplate\":\"https:\\\/\\\/www.nuevavisionopticas.com.ar\\\/blog-de-optica\\\/?s={search_term_string}\"},\"query-input\":{\"@type\":\"PropertyValueSpecification\",\"valueRequired\":true,\"valueName\":\"search_term_string\"}}],\"inLanguage\":\"es\"},{\"@type\":\"Organization\",\"@id\":\"https:\\\/\\\/www.nuevavisionopticas.com.ar\\\/blog-de-optica\\\/#organization\",\"name\":\"Nueva Visi\u00f3n \u00d3pticas\",\"url\":\"https:\\\/\\\/www.nuevavisionopticas.com.ar\\\/blog-de-optica\\\/\",\"logo\":{\"@type\":\"ImageObject\",\"inLanguage\":\"es\",\"@id\":\"https:\\\/\\\/www.nuevavisionopticas.com.ar\\\/blog-de-optica\\\/#\\\/schema\\\/logo\\\/image\\\/\",\"url\":\"https:\\\/\\\/www.nuevavisionopticas.com.ar\\\/blog-de-optica\\\/wp-content\\\/uploads\\\/2021\\\/07\\\/logo-blanco-nueva-vision.png\",\"contentUrl\":\"https:\\\/\\\/www.nuevavisionopticas.com.ar\\\/blog-de-optica\\\/wp-content\\\/uploads\\\/2021\\\/07\\\/logo-blanco-nueva-vision.png\",\"width\":181,\"height\":46,\"caption\":\"Nueva Visi\u00f3n \u00d3pticas\"},\"image\":{\"@id\":\"https:\\\/\\\/www.nuevavisionopticas.com.ar\\\/blog-de-optica\\\/#\\\/schema\\\/logo\\\/image\\\/\"},\"sameAs\":[\"https:\\\/\\\/www.facebook.com\\\/nuevavisionarg\",\"https:\\\/\\\/www.instagram.com\\\/nuevavisionarg\"]},{\"@type\":\"Person\",\"@id\":\"https:\\\/\\\/www.nuevavisionopticas.com.ar\\\/blog-de-optica\\\/#\\\/schema\\\/person\\\/2d6fbd00282cbc8fdd54058894af4341\",\"name\":\"admin_optica\",\"image\":{\"@type\":\"ImageObject\",\"inLanguage\":\"es\",\"@id\":\"https:\\\/\\\/secure.gravatar.com\\\/avatar\\\/e33974a79b80e7fe593e5cf53cb2160fcb165380bed6475ed9144c295430f76c?s=96&d=mm&r=g\",\"url\":\"https:\\\/\\\/secure.gravatar.com\\\/avatar\\\/e33974a79b80e7fe593e5cf53cb2160fcb165380bed6475ed9144c295430f76c?s=96&d=mm&r=g\",\"contentUrl\":\"https:\\\/\\\/secure.gravatar.com\\\/avatar\\\/e33974a79b80e7fe593e5cf53cb2160fcb165380bed6475ed9144c295430f76c?s=96&d=mm&r=g\",\"caption\":\"admin_optica\"}}]}<\/script>\n<!-- \/ Yoast SEO plugin. -->","yoast_head_json":{"title":"Qu\u00e9 es la maculopat\u00eda, la enfermedad que tiene Mirtha Legrand: \u201cMe pusieron inyecciones en los dos ojos\u201d &#8211; Blog de \u00f3ptica","robots":{"index":"index","follow":"follow","max-snippet":"max-snippet:-1","max-image-preview":"max-image-preview:large","max-video-preview":"max-video-preview:-1"},"canonical":"https:\/\/www.nuevavisionopticas.com.ar\/blog-de-optica\/2024\/08\/que-es-la-maculopatia-la-enfermedad-que-tiene-mirtha-legrand-me-pusieron-inyecciones-en-los-dos-ojos\/","og_locale":"es_ES","og_type":"article","og_title":"Qu\u00e9 es la maculopat\u00eda, la enfermedad que tiene Mirtha Legrand: \u201cMe pusieron inyecciones en los dos ojos\u201d &#8211; Blog de \u00f3ptica","og_description":"El s\u00e1bado pasado,Mirtha Legrand\u00a0comparti\u00f3 en su programa\u00a0que tiene maculopat\u00eda, al asumir que estaba teniendo dificultad para ver una pantalla. \u201cNo se ve bien el monitor. Tengo buena vista, pero se ve regular\u201d, dijo la conductora. Y agreg\u00f3: \u201cTengo maculopat\u00eda.\u00a0Cuando ten\u00e9s cierta edad&#8230; Me tratan los doctores Zaldivar.\u00a0Me pusieron una inyecci\u00f3n en cada ojo. En este (ojo izquierdo) tengo cinco inyecciones, y en el otro seis\u201d. QU\u00c9 ES LA MACULOPAT\u00cdA, LA ENFERMEDAD QUE TIENE MIRTHA Con la palabra maculopat\u00eda resonando en [&hellip;]","og_url":"https:\/\/www.nuevavisionopticas.com.ar\/blog-de-optica\/2024\/08\/que-es-la-maculopatia-la-enfermedad-que-tiene-mirtha-legrand-me-pusieron-inyecciones-en-los-dos-ojos\/","og_site_name":"Blog de \u00f3ptica","article_publisher":"https:\/\/www.facebook.com\/nuevavisionarg","article_published_time":"2024-08-13T13:23:14+00:00","article_modified_time":"2024-08-13T13:23:15+00:00","og_image":[{"width":1600,"height":900,"url":"https:\/\/www.nuevavisionopticas.com.ar\/blog-de-optica\/wp-content\/uploads\/2024\/08\/tao-yuan-KX6AJIn-Fd0-unsplash.jpg","type":"image\/jpeg"}],"author":"admin_optica","twitter_card":"summary_large_image","twitter_misc":{"Escrito por":"admin_optica","Tiempo de lectura":"2 minutos"},"schema":{"@context":"https:\/\/schema.org","@graph":[{"@type":"Article","@id":"https:\/\/www.nuevavisionopticas.com.ar\/blog-de-optica\/2024\/08\/que-es-la-maculopatia-la-enfermedad-que-tiene-mirtha-legrand-me-pusieron-inyecciones-en-los-dos-ojos\/#article","isPartOf":{"@id":"https:\/\/www.nuevavisionopticas.com.ar\/blog-de-optica\/2024\/08\/que-es-la-maculopatia-la-enfermedad-que-tiene-mirtha-legrand-me-pusieron-inyecciones-en-los-dos-ojos\/"},"author":{"name":"admin_optica","@id":"https:\/\/www.nuevavisionopticas.com.ar\/blog-de-optica\/#\/schema\/person\/2d6fbd00282cbc8fdd54058894af4341"},"headline":"Qu\u00e9 es la maculopat\u00eda, la enfermedad que tiene Mirtha Legrand: \u201cMe pusieron inyecciones en los dos ojos\u201d","datePublished":"2024-08-13T13:23:14+00:00","dateModified":"2024-08-13T13:23:15+00:00","mainEntityOfPage":{"@id":"https:\/\/www.nuevavisionopticas.com.ar\/blog-de-optica\/2024\/08\/que-es-la-maculopatia-la-enfermedad-que-tiene-mirtha-legrand-me-pusieron-inyecciones-en-los-dos-ojos\/"},"wordCount":339,"commentCount":0,"publisher":{"@id":"https:\/\/www.nuevavisionopticas.com.ar\/blog-de-optica\/#organization"},"image":{"@id":"https:\/\/www.nuevavisionopticas.com.ar\/blog-de-optica\/2024\/08\/que-es-la-maculopatia-la-enfermedad-que-tiene-mirtha-legrand-me-pusieron-inyecciones-en-los-dos-ojos\/#primaryimage"},"thumbnailUrl":"https:\/\/www.nuevavisionopticas.com.ar\/blog-de-optica\/wp-content\/uploads\/2024\/08\/tao-yuan-KX6AJIn-Fd0-unsplash.jpg","keywords":["salud visual"],"articleSection":["Salud Visual"],"inLanguage":"es","potentialAction":[{"@type":"CommentAction","name":"Comment","target":["https:\/\/www.nuevavisionopticas.com.ar\/blog-de-optica\/2024\/08\/que-es-la-maculopatia-la-enfermedad-que-tiene-mirtha-legrand-me-pusieron-inyecciones-en-los-dos-ojos\/#respond"]}]},{"@type":"WebPage","@id":"https:\/\/www.nuevavisionopticas.com.ar\/blog-de-optica\/2024\/08\/que-es-la-maculopatia-la-enfermedad-que-tiene-mirtha-legrand-me-pusieron-inyecciones-en-los-dos-ojos\/","url":"https:\/\/www.nuevavisionopticas.com.ar\/blog-de-optica\/2024\/08\/que-es-la-maculopatia-la-enfermedad-que-tiene-mirtha-legrand-me-pusieron-inyecciones-en-los-dos-ojos\/","name":"Qu\u00e9 es la maculopat\u00eda, la enfermedad que tiene Mirtha Legrand: \u201cMe pusieron inyecciones en los dos ojos\u201d &#8211; Blog de \u00f3ptica","isPartOf":{"@id":"https:\/\/www.nuevavisionopticas.com.ar\/blog-de-optica\/#website"},"primaryImageOfPage":{"@id":"https:\/\/www.nuevavisionopticas.com.ar\/blog-de-optica\/2024\/08\/que-es-la-maculopatia-la-enfermedad-que-tiene-mirtha-legrand-me-pusieron-inyecciones-en-los-dos-ojos\/#primaryimage"},"image":{"@id":"https:\/\/www.nuevavisionopticas.com.ar\/blog-de-optica\/2024\/08\/que-es-la-maculopatia-la-enfermedad-que-tiene-mirtha-legrand-me-pusieron-inyecciones-en-los-dos-ojos\/#primaryimage"},"thumbnailUrl":"https:\/\/www.nuevavisionopticas.com.ar\/blog-de-optica\/wp-content\/uploads\/2024\/08\/tao-yuan-KX6AJIn-Fd0-unsplash.jpg","datePublished":"2024-08-13T13:23:14+00:00","dateModified":"2024-08-13T13:23:15+00:00","breadcrumb":{"@id":"https:\/\/www.nuevavisionopticas.com.ar\/blog-de-optica\/2024\/08\/que-es-la-maculopatia-la-enfermedad-que-tiene-mirtha-legrand-me-pusieron-inyecciones-en-los-dos-ojos\/#breadcrumb"},"inLanguage":"es","potentialAction":[{"@type":"ReadAction","target":["https:\/\/www.nuevavisionopticas.com.ar\/blog-de-optica\/2024\/08\/que-es-la-maculopatia-la-enfermedad-que-tiene-mirtha-legrand-me-pusieron-inyecciones-en-los-dos-ojos\/"]}]},{"@type":"ImageObject","inLanguage":"es","@id":"https:\/\/www.nuevavisionopticas.com.ar\/blog-de-optica\/2024\/08\/que-es-la-maculopatia-la-enfermedad-que-tiene-mirtha-legrand-me-pusieron-inyecciones-en-los-dos-ojos\/#primaryimage","url":"https:\/\/www.nuevavisionopticas.com.ar\/blog-de-optica\/wp-content\/uploads\/2024\/08\/tao-yuan-KX6AJIn-Fd0-unsplash.jpg","contentUrl":"https:\/\/www.nuevavisionopticas.com.ar\/blog-de-optica\/wp-content\/uploads\/2024\/08\/tao-yuan-KX6AJIn-Fd0-unsplash.jpg","width":1600,"height":900,"caption":"Qu\u00e9 es la maculopat\u00eda, la enfermedad que tiene Mirtha Legrand: \u201cMe pusieron inyecciones en los dos ojos\u201d"},{"@type":"BreadcrumbList","@id":"https:\/\/www.nuevavisionopticas.com.ar\/blog-de-optica\/2024\/08\/que-es-la-maculopatia-la-enfermedad-que-tiene-mirtha-legrand-me-pusieron-inyecciones-en-los-dos-ojos\/#breadcrumb","itemListElement":[{"@type":"ListItem","position":1,"name":"Portada","item":"https:\/\/www.nuevavisionopticas.com.ar\/blog-de-optica\/"},{"@type":"ListItem","position":2,"name":"Qu\u00e9 es la maculopat\u00eda, la enfermedad que tiene Mirtha Legrand: \u201cMe pusieron inyecciones en los dos ojos\u201d"}]},{"@type":"WebSite","@id":"https:\/\/www.nuevavisionopticas.com.ar\/blog-de-optica\/#website","url":"https:\/\/www.nuevavisionopticas.com.ar\/blog-de-optica\/","name":"Blog de \u00f3ptica","description":"Nueva Visi\u00f3n \u00d3pticas","publisher":{"@id":"https:\/\/www.nuevavisionopticas.com.ar\/blog-de-optica\/#organization"},"potentialAction":[{"@type":"SearchAction","target":{"@type":"EntryPoint","urlTemplate":"https:\/\/www.nuevavisionopticas.com.ar\/blog-de-optica\/?s={search_term_string}"},"query-input":{"@type":"PropertyValueSpecification","valueRequired":true,"valueName":"search_term_string"}}],"inLanguage":"es"},{"@type":"Organization","@id":"https:\/\/www.nuevavisionopticas.com.ar\/blog-de-optica\/#organization","name":"Nueva Visi\u00f3n \u00d3pticas","url":"https:\/\/www.nuevavisionopticas.com.ar\/blog-de-optica\/","logo":{"@type":"ImageObject","inLanguage":"es","@id":"https:\/\/www.nuevavisionopticas.com.ar\/blog-de-optica\/#\/schema\/logo\/image\/","url":"https:\/\/www.nuevavisionopticas.com.ar\/blog-de-optica\/wp-content\/uploads\/2021\/07\/logo-blanco-nueva-vision.png","contentUrl":"https:\/\/www.nuevavisionopticas.com.ar\/blog-de-optica\/wp-content\/uploads\/2021\/07\/logo-blanco-nueva-vision.png","width":181,"height":46,"caption":"Nueva Visi\u00f3n \u00d3pticas"},"image":{"@id":"https:\/\/www.nuevavisionopticas.com.ar\/blog-de-optica\/#\/schema\/logo\/image\/"},"sameAs":["https:\/\/www.facebook.com\/nuevavisionarg","https:\/\/www.instagram.com\/nuevavisionarg"]},{"@type":"Person","@id":"https:\/\/www.nuevavisionopticas.com.ar\/blog-de-optica\/#\/schema\/person\/2d6fbd00282cbc8fdd54058894af4341","name":"admin_optica","image":{"@type":"ImageObject","inLanguage":"es","@id":"https:\/\/secure.gravatar.com\/avatar\/e33974a79b80e7fe593e5cf53cb2160fcb165380bed6475ed9144c295430f76c?s=96&d=mm&r=g","url":"https:\/\/secure.gravatar.com\/avatar\/e33974a79b80e7fe593e5cf53cb2160fcb165380bed6475ed9144c295430f76c?s=96&d=mm&r=g","contentUrl":"https:\/\/secure.gravatar.com\/avatar\/e33974a79b80e7fe593e5cf53cb2160fcb165380bed6475ed9144c295430f76c?s=96&d=mm&r=g","caption":"admin_optica"}}]}},"_links":{"self":[{"href":"https:\/\/www.nuevavisionopticas.com.ar\/blog-de-optica\/wp-json\/wp\/v2\/posts\/3582","targetHints":{"allow":["GET"]}}],"collection":[{"href":"https:\/\/www.nuevavisionopticas.com.ar\/blog-de-optica\/wp-json\/wp\/v2\/posts"}],"about":[{"href":"https:\/\/www.nuevavisionopticas.com.ar\/blog-de-optica\/wp-json\/wp\/v2\/types\/post"}],"author":[{"embeddable":true,"href":"https:\/\/www.nuevavisionopticas.com.ar\/blog-de-optica\/wp-json\/wp\/v2\/users\/1"}],"replies":[{"embeddable":true,"href":"https:\/\/www.nuevavisionopticas.com.ar\/blog-de-optica\/wp-json\/wp\/v2\/comments?post=3582"}],"version-history":[{"count":2,"href":"https:\/\/www.nuevavisionopticas.com.ar\/blog-de-optica\/wp-json\/wp\/v2\/posts\/3582\/revisions"}],"predecessor-version":[{"id":3585,"href":"https:\/\/www.nuevavisionopticas.com.ar\/blog-de-optica\/wp-json\/wp\/v2\/posts\/3582\/revisions\/3585"}],"wp:featuredmedia":[{"embeddable":true,"href":"https:\/\/www.nuevavisionopticas.com.ar\/blog-de-optica\/wp-json\/wp\/v2\/media\/3583"}],"wp:attachment":[{"href":"https:\/\/www.nuevavisionopticas.com.ar\/blog-de-optica\/wp-json\/wp\/v2\/media?parent=3582"}],"wp:term":[{"taxonomy":"category","embeddable":true,"href":"https:\/\/www.nuevavisionopticas.com.ar\/blog-de-optica\/wp-json\/wp\/v2\/categories?post=3582"},{"taxonomy":"post_tag","embeddable":true,"href":"https:\/\/www.nuevavisionopticas.com.ar\/blog-de-optica\/wp-json\/wp\/v2\/tags?post=3582"}],"curies":[{"name":"wp","href":"https:\/\/api.w.org\/{rel}","templated":true}]}}