{"id":3587,"date":"2024-09-10T14:48:33","date_gmt":"2024-09-10T17:48:33","guid":{"rendered":"https:\/\/www.nuevavisionopticas.com.ar\/blog-de-optica\/?p=3587"},"modified":"2024-09-10T14:50:07","modified_gmt":"2024-09-10T17:50:07","slug":"tendencias-en-gafas-de-sol-2024-como-saber-cual-me-queda-mejor-y-las-mas-bonitas-de-la-temporada","status":"publish","type":"post","link":"https:\/\/www.nuevavisionopticas.com.ar\/blog-de-optica\/2024\/09\/tendencias-en-gafas-de-sol-2024-como-saber-cual-me-queda-mejor-y-las-mas-bonitas-de-la-temporada\/","title":{"rendered":"Tendencias en gafas de sol 2024: c\u00f3mo saber cu\u00e1l me queda mejor y las m\u00e1s bonitas de la temporada"},"content":{"rendered":"\n<figure class=\"wp-block-image size-large\"><img decoding=\"async\" src=\"data:image\/svg+xml,%3Csvg%20xmlns='http:\/\/www.w3.org\/2000\/svg'%20viewBox='0%200%20370%20247'%3E%3C\/svg%3E\" data-lazy-src=\"https:\/\/www.nuevavisionopticas.com.ar\/blog-de-optica\/wp-content\/uploads\/2024\/09\/sabri-tuzcu-kxR3hh0IRHU-unsplash-1024x683.jpg\" alt=\"Tendencias en gafas de sol 2024: c\u00f3mo saber cu\u00e1l me queda mejor y las m\u00e1s bonitas de la temporada\" class=\"zeen-lazy-load-base zeen-lazy-load wp-image-3588\"\/><noscript><img decoding=\"async\" width=\"1024\" height=\"683\" src=\"https:\/\/www.nuevavisionopticas.com.ar\/blog-de-optica\/wp-content\/uploads\/2024\/09\/sabri-tuzcu-kxR3hh0IRHU-unsplash-1024x683.jpg\" alt=\"Tendencias en gafas de sol 2024: c\u00f3mo saber cu\u00e1l me queda mejor y las m\u00e1s bonitas de la temporada\" class=\"wp-image-3588\" srcset=\"https:\/\/www.nuevavisionopticas.com.ar\/blog-de-optica\/wp-content\/uploads\/2024\/09\/sabri-tuzcu-kxR3hh0IRHU-unsplash-1024x683.jpg 1024w, https:\/\/www.nuevavisionopticas.com.ar\/blog-de-optica\/wp-content\/uploads\/2024\/09\/sabri-tuzcu-kxR3hh0IRHU-unsplash-300x200.jpg 300w, https:\/\/www.nuevavisionopticas.com.ar\/blog-de-optica\/wp-content\/uploads\/2024\/09\/sabri-tuzcu-kxR3hh0IRHU-unsplash-770x513.jpg 770w, https:\/\/www.nuevavisionopticas.com.ar\/blog-de-optica\/wp-content\/uploads\/2024\/09\/sabri-tuzcu-kxR3hh0IRHU-unsplash-1536x1024.jpg 1536w, https:\/\/www.nuevavisionopticas.com.ar\/blog-de-optica\/wp-content\/uploads\/2024\/09\/sabri-tuzcu-kxR3hh0IRHU-unsplash-360x240.jpg 360w, https:\/\/www.nuevavisionopticas.com.ar\/blog-de-optica\/wp-content\/uploads\/2024\/09\/sabri-tuzcu-kxR3hh0IRHU-unsplash-1155x770.jpg 1155w, https:\/\/www.nuevavisionopticas.com.ar\/blog-de-optica\/wp-content\/uploads\/2024\/09\/sabri-tuzcu-kxR3hh0IRHU-unsplash-351x234.jpg 351w, https:\/\/www.nuevavisionopticas.com.ar\/blog-de-optica\/wp-content\/uploads\/2024\/09\/sabri-tuzcu-kxR3hh0IRHU-unsplash-751x501.jpg 751w, https:\/\/www.nuevavisionopticas.com.ar\/blog-de-optica\/wp-content\/uploads\/2024\/09\/sabri-tuzcu-kxR3hh0IRHU-unsplash-1136x757.jpg 1136w, https:\/\/www.nuevavisionopticas.com.ar\/blog-de-optica\/wp-content\/uploads\/2024\/09\/sabri-tuzcu-kxR3hh0IRHU-unsplash-274x183.jpg 274w, https:\/\/www.nuevavisionopticas.com.ar\/blog-de-optica\/wp-content\/uploads\/2024\/09\/sabri-tuzcu-kxR3hh0IRHU-unsplash-1381x921.jpg 1381w, https:\/\/www.nuevavisionopticas.com.ar\/blog-de-optica\/wp-content\/uploads\/2024\/09\/sabri-tuzcu-kxR3hh0IRHU-unsplash-120x80.jpg 120w, https:\/\/www.nuevavisionopticas.com.ar\/blog-de-optica\/wp-content\/uploads\/2024\/09\/sabri-tuzcu-kxR3hh0IRHU-unsplash-240x160.jpg 240w, https:\/\/www.nuevavisionopticas.com.ar\/blog-de-optica\/wp-content\/uploads\/2024\/09\/sabri-tuzcu-kxR3hh0IRHU-unsplash-390x260.jpg 390w, https:\/\/www.nuevavisionopticas.com.ar\/blog-de-optica\/wp-content\/uploads\/2024\/09\/sabri-tuzcu-kxR3hh0IRHU-unsplash.jpg 1600w\" sizes=\"(max-width: 1024px) 100vw, 1024px\" \/><\/noscript><figcaption class=\"wp-element-caption\">Tendencias en gafas de sol 2024: c\u00f3mo saber cu\u00e1l me queda mejor y las m\u00e1s bonitas de la temporada<\/figcaption><\/figure>\n\n\n\n<p>Atenta a los consejos que deber\u00edas tener muy en cuenta si lo que buscas es verte favorecid\u00edsima con tus gafas de sol.<\/p>\n\n\n\n<p>Es uno de los complementos que arrasa en verano (y no es para menos), porque las&nbsp;<strong>gafas de sol<\/strong>&nbsp;nos dan un aire de misterio y un toque de glamour que resulta elegante y siempre favorecedor. Sin embargo, para que esto pase has de encontrar la&nbsp;<strong>forma<\/strong>&nbsp;que te favorezca. Y no, no todas lo hacen.<\/p>\n\n\n\n<p>Quiz\u00e1s no te lo hab\u00edas planteado, pero para que esto suceda tienes que tener\u00a0<strong>en cuenta varios factores<\/strong>, como la forma de tu rostro, el color de tu piel y cabello, y tu estilo. Hemos consultado a los expertos que m\u00e1s saben y estos son los consejos que nos han dado.<\/p>\n\n\n\n<h2 class=\"wp-block-heading\">C\u00f3mo elegir las gafas de sol<\/h2>\n\n\n\n<figure class=\"wp-block-image size-large\"><img decoding=\"async\" src=\"data:image\/svg+xml,%3Csvg%20xmlns='http:\/\/www.w3.org\/2000\/svg'%20viewBox='0%200%20370%20247'%3E%3C\/svg%3E\" data-lazy-src=\"https:\/\/www.nuevavisionopticas.com.ar\/blog-de-optica\/wp-content\/uploads\/2024\/09\/katarzyna-kos-x9WWtbFhbO8-unsplash-1024x680.jpg\" alt=\"Tendencias en gafas de sol 2024: c\u00f3mo saber cu\u00e1l me queda mejor y las m\u00e1s bonitas de la temporada\" class=\"zeen-lazy-load-base zeen-lazy-load wp-image-3589\"\/><noscript><img decoding=\"async\" width=\"1024\" height=\"680\" src=\"https:\/\/www.nuevavisionopticas.com.ar\/blog-de-optica\/wp-content\/uploads\/2024\/09\/katarzyna-kos-x9WWtbFhbO8-unsplash-1024x680.jpg\" alt=\"Tendencias en gafas de sol 2024: c\u00f3mo saber cu\u00e1l me queda mejor y las m\u00e1s bonitas de la temporada\" class=\"wp-image-3589\" srcset=\"https:\/\/www.nuevavisionopticas.com.ar\/blog-de-optica\/wp-content\/uploads\/2024\/09\/katarzyna-kos-x9WWtbFhbO8-unsplash-1024x680.jpg 1024w, https:\/\/www.nuevavisionopticas.com.ar\/blog-de-optica\/wp-content\/uploads\/2024\/09\/katarzyna-kos-x9WWtbFhbO8-unsplash-300x199.jpg 300w, https:\/\/www.nuevavisionopticas.com.ar\/blog-de-optica\/wp-content\/uploads\/2024\/09\/katarzyna-kos-x9WWtbFhbO8-unsplash-770x511.jpg 770w, https:\/\/www.nuevavisionopticas.com.ar\/blog-de-optica\/wp-content\/uploads\/2024\/09\/katarzyna-kos-x9WWtbFhbO8-unsplash-1536x1020.jpg 1536w, https:\/\/www.nuevavisionopticas.com.ar\/blog-de-optica\/wp-content\/uploads\/2024\/09\/katarzyna-kos-x9WWtbFhbO8-unsplash-360x240.jpg 360w, https:\/\/www.nuevavisionopticas.com.ar\/blog-de-optica\/wp-content\/uploads\/2024\/09\/katarzyna-kos-x9WWtbFhbO8-unsplash-351x234.jpg 351w, https:\/\/www.nuevavisionopticas.com.ar\/blog-de-optica\/wp-content\/uploads\/2024\/09\/katarzyna-kos-x9WWtbFhbO8-unsplash-751x499.jpg 751w, https:\/\/www.nuevavisionopticas.com.ar\/blog-de-optica\/wp-content\/uploads\/2024\/09\/katarzyna-kos-x9WWtbFhbO8-unsplash-274x182.jpg 274w, https:\/\/www.nuevavisionopticas.com.ar\/blog-de-optica\/wp-content\/uploads\/2024\/09\/katarzyna-kos-x9WWtbFhbO8-unsplash-1381x917.jpg 1381w, https:\/\/www.nuevavisionopticas.com.ar\/blog-de-optica\/wp-content\/uploads\/2024\/09\/katarzyna-kos-x9WWtbFhbO8-unsplash-120x80.jpg 120w, https:\/\/www.nuevavisionopticas.com.ar\/blog-de-optica\/wp-content\/uploads\/2024\/09\/katarzyna-kos-x9WWtbFhbO8-unsplash-240x160.jpg 240w, https:\/\/www.nuevavisionopticas.com.ar\/blog-de-optica\/wp-content\/uploads\/2024\/09\/katarzyna-kos-x9WWtbFhbO8-unsplash-390x259.jpg 390w, https:\/\/www.nuevavisionopticas.com.ar\/blog-de-optica\/wp-content\/uploads\/2024\/09\/katarzyna-kos-x9WWtbFhbO8-unsplash.jpg 1600w\" sizes=\"(max-width: 1024px) 100vw, 1024px\" \/><\/noscript><figcaption class=\"wp-element-caption\">Tendencias en gafas de sol 2024: c\u00f3mo saber cu\u00e1l me queda mejor y las m\u00e1s bonitas de la temporada<\/figcaption><\/figure>\n\n\n\n<h3 class=\"wp-block-heading\">Seg\u00fan la forma del rostro&nbsp;<\/h3>\n\n\n\n<ul class=\"wp-block-list\">\n<li><strong>Rostro ovalado.<\/strong>\u00a0La verdad es que esta forma de rostro puede usar casi cualquier estilo de gafas, aunque nuestro consejo es que busques monturas que sean tan anchas como la parte m\u00e1s ancha de tu cara.<\/li>\n\n\n\n<li><strong>Rostro redondo<\/strong>. En este caso, opta por monturas rectangulares o cuadradas que hagan que tu cara se vea m\u00e1s larga y delgada.<\/li>\n\n\n\n<li><strong>Rostro cuadrado<\/strong>. Es el caso contrario, as\u00ed que, busca gafas con monturas redondeadas u ovaladas que suavicen las l\u00edneas m\u00e1s fuertes o marcadas de tu rostro.<\/li>\n\n\n\n<li><strong>Rostro alargado.\u00a0<\/strong>Busca monturas grandes o de aviador que complementen bien tu forma de rostro. \u00bfLa raz\u00f3n? A\u00f1aden ancho y balance.<\/li>\n\n\n\n<li><strong>Rostro en forma de coraz\u00f3n<\/strong>. Busca monturas m\u00e1s anchas en la parte superior que en la inferior, como las gafas de aviador. El objetivo es balancear la frente que ser\u00e1 m\u00e1s ancha y una barbilla m\u00e1s estrecha.<\/li>\n\n\n\n<li><strong>Rostro en forma de diamante.<\/strong>\u00a0En este caso, las gafas ovaladas o sin montura pueden ser tu mejor aliado debido a tus p\u00f3mulos prominentes y a la frente y mand\u00edbula m\u00e1s estrechas.<\/li>\n<\/ul>\n\n\n\n<h3 class=\"wp-block-heading\">Seg\u00fan el tono de piel<\/h3>\n\n\n\n<figure class=\"wp-block-image size-large\"><img decoding=\"async\" src=\"data:image\/svg+xml,%3Csvg%20xmlns='http:\/\/www.w3.org\/2000\/svg'%20viewBox='0%200%20370%20247'%3E%3C\/svg%3E\" data-lazy-src=\"https:\/\/www.nuevavisionopticas.com.ar\/blog-de-optica\/wp-content\/uploads\/2024\/09\/giancarlo-greco-nAdZH0_SRx0-unsplash-1024x576.jpg\" alt=\"Tendencias en gafas de sol 2024: c\u00f3mo saber cu\u00e1l me queda mejor y las m\u00e1s bonitas de la temporada\" class=\"zeen-lazy-load-base zeen-lazy-load wp-image-3590\"\/><noscript><img decoding=\"async\" width=\"1024\" height=\"576\" src=\"https:\/\/www.nuevavisionopticas.com.ar\/blog-de-optica\/wp-content\/uploads\/2024\/09\/giancarlo-greco-nAdZH0_SRx0-unsplash-1024x576.jpg\" alt=\"Tendencias en gafas de sol 2024: c\u00f3mo saber cu\u00e1l me queda mejor y las m\u00e1s bonitas de la temporada\" class=\"wp-image-3590\" srcset=\"https:\/\/www.nuevavisionopticas.com.ar\/blog-de-optica\/wp-content\/uploads\/2024\/09\/giancarlo-greco-nAdZH0_SRx0-unsplash-1024x576.jpg 1024w, https:\/\/www.nuevavisionopticas.com.ar\/blog-de-optica\/wp-content\/uploads\/2024\/09\/giancarlo-greco-nAdZH0_SRx0-unsplash-300x169.jpg 300w, https:\/\/www.nuevavisionopticas.com.ar\/blog-de-optica\/wp-content\/uploads\/2024\/09\/giancarlo-greco-nAdZH0_SRx0-unsplash-770x433.jpg 770w, https:\/\/www.nuevavisionopticas.com.ar\/blog-de-optica\/wp-content\/uploads\/2024\/09\/giancarlo-greco-nAdZH0_SRx0-unsplash-1536x864.jpg 1536w, https:\/\/www.nuevavisionopticas.com.ar\/blog-de-optica\/wp-content\/uploads\/2024\/09\/giancarlo-greco-nAdZH0_SRx0-unsplash-274x154.jpg 274w, https:\/\/www.nuevavisionopticas.com.ar\/blog-de-optica\/wp-content\/uploads\/2024\/09\/giancarlo-greco-nAdZH0_SRx0-unsplash-751x422.jpg 751w, https:\/\/www.nuevavisionopticas.com.ar\/blog-de-optica\/wp-content\/uploads\/2024\/09\/giancarlo-greco-nAdZH0_SRx0-unsplash-1381x777.jpg 1381w, https:\/\/www.nuevavisionopticas.com.ar\/blog-de-optica\/wp-content\/uploads\/2024\/09\/giancarlo-greco-nAdZH0_SRx0-unsplash-390x219.jpg 390w, https:\/\/www.nuevavisionopticas.com.ar\/blog-de-optica\/wp-content\/uploads\/2024\/09\/giancarlo-greco-nAdZH0_SRx0-unsplash.jpg 1600w\" sizes=\"(max-width: 1024px) 100vw, 1024px\" \/><\/noscript><figcaption class=\"wp-element-caption\">Tendencias en gafas de sol 2024: c\u00f3mo saber cu\u00e1l me queda mejor y las m\u00e1s bonitas de la temporada<\/figcaption><\/figure>\n\n\n\n<ul class=\"wp-block-list\">\n<li><strong>Piel clara.<\/strong>\u00a0Los colores suaves como el rosa, azul claro, marr\u00f3n, y los met\u00e1licos como el dorado suelen ir bien.<\/li>\n\n\n\n<li><strong>Piel media.\u00a0<\/strong>En este caso, colores c\u00e1lidos como el \u00e1mbar, el marr\u00f3n, y tonos verdes son los m\u00e1s favorecedores.<\/li>\n\n\n\n<li><strong>Piel oscura<\/strong>. Te recomendamos tonos vibrantes como el negro, el dorado, el plateado, y tonos m\u00e1s oscuros como el azul y el p\u00farpura.<\/li>\n<\/ul>\n\n\n\n<h3 class=\"wp-block-heading\">Seg\u00fan el color de tu cabello<\/h3>\n\n\n\n<ul class=\"wp-block-list\">\n<li><strong>Rubias<\/strong>. Apuesta por gafas en colores claros como el azul, verde y tonos pastel.<\/li>\n\n\n\n<li><strong>Casta\u00f1as<\/strong>. Colores c\u00e1lidos y terrosos como el marr\u00f3n, el \u00e1mbar y el verde oliva.<\/li>\n\n\n\n<li><strong>Morenas<\/strong>. En este caso, colores oscuros y fuertes como el negro, el rojo, y el azul marino.<\/li>\n\n\n\n<li><strong>Pelirrojas<\/strong>. Apuesta por colores verdes, marrones y dorados.<\/li>\n\n\n\n<li>En funci\u00f3n a tu estilo<\/li>\n\n\n\n<li><strong>Cl\u00e1sico<\/strong>. Si eres de las chicas cl\u00e1sicas, las gafas de sol de aviador o wayfarer son una opci\u00f3n atemporal.<\/li>\n\n\n\n<li><strong>Moderno<\/strong>. \u00bfBuscas ir un paso m\u00e1s all\u00e1 con tus gafas de sol? Entonces apuesta por monturas geom\u00e9tricas o colores brillantes y atrevidos.<\/li>\n\n\n\n<li><strong>Deportivo<\/strong>. Las gafas de sol envolventes o con protecci\u00f3n UV adicional ser\u00e1n tu mejor aliado.<\/li>\n\n\n\n<li><strong>Elegante<\/strong>. Entonces las monturas met\u00e1licas finas o dise\u00f1os minimalistas te quedar\u00e1n genial.<\/li>\n<\/ul>\n\n\n\n<p>Fuente: <a href=\"https:\/\/www.instyle.es\/moda\/tendencias-gafas-sol-2024-como-saber-cual-me-queda-mejor-mas-bonitas-temporada_63686\">InStyle<\/a><\/p>\n","protected":false},"excerpt":{"rendered":"<p>Atenta a los consejos que deber\u00edas tener muy en cuenta si lo que buscas es verte favorecid\u00edsima con tus gafas de sol. Es uno de los complementos que arrasa en verano (y no es para menos), porque las&nbsp;gafas de sol&nbsp;nos dan un aire de misterio y un toque de glamour que resulta elegante y siempre favorecedor. Sin embargo, para que esto pase has de encontrar la&nbsp;forma&nbsp;que te favorezca. Y no, no todas lo hacen. Quiz\u00e1s no te lo hab\u00edas planteado, [&hellip;]<\/p>\n","protected":false},"author":1,"featured_media":3588,"comment_status":"closed","ping_status":"open","sticky":false,"template":"","format":"standard","meta":{"_monsterinsights_skip_tracking":false,"_monsterinsights_sitenote_active":false,"_monsterinsights_sitenote_note":"","_monsterinsights_sitenote_category":0,"footnotes":""},"categories":[4],"tags":[23,65],"class_list":["post-3587","post","type-post","status-publish","format-standard","has-post-thumbnail","hentry","category-anteojos-de-sol","tag-anteojos-de-sol","tag-lentes-de-sol"],"yoast_head":"<!-- This site is optimized with the Yoast SEO plugin v27.3 - https:\/\/yoast.com\/product\/yoast-seo-wordpress\/ -->\n<title>Tendencias en gafas de sol 2024: c\u00f3mo saber cu\u00e1l me queda mejor y las m\u00e1s bonitas de la temporada &#8211; Blog de \u00f3ptica<\/title>\n<meta name=\"robots\" content=\"index, follow, max-snippet:-1, max-image-preview:large, max-video-preview:-1\" \/>\n<link rel=\"canonical\" href=\"https:\/\/www.nuevavisionopticas.com.ar\/blog-de-optica\/2024\/09\/tendencias-en-gafas-de-sol-2024-como-saber-cual-me-queda-mejor-y-las-mas-bonitas-de-la-temporada\/\" \/>\n<meta property=\"og:locale\" content=\"es_ES\" \/>\n<meta property=\"og:type\" content=\"article\" \/>\n<meta property=\"og:title\" content=\"Tendencias en gafas de sol 2024: c\u00f3mo saber cu\u00e1l me queda mejor y las m\u00e1s bonitas de la temporada &#8211; Blog de \u00f3ptica\" \/>\n<meta property=\"og:description\" content=\"Atenta a los consejos que deber\u00edas tener muy en cuenta si lo que buscas es verte favorecid\u00edsima con tus gafas de sol. Es uno de los complementos que arrasa en verano (y no es para menos), porque las&nbsp;gafas de sol&nbsp;nos dan un aire de misterio y un toque de glamour que resulta elegante y siempre favorecedor. Sin embargo, para que esto pase has de encontrar la&nbsp;forma&nbsp;que te favorezca. Y no, no todas lo hacen. Quiz\u00e1s no te lo hab\u00edas planteado, [&hellip;]\" \/>\n<meta property=\"og:url\" content=\"https:\/\/www.nuevavisionopticas.com.ar\/blog-de-optica\/2024\/09\/tendencias-en-gafas-de-sol-2024-como-saber-cual-me-queda-mejor-y-las-mas-bonitas-de-la-temporada\/\" \/>\n<meta property=\"og:site_name\" content=\"Blog de \u00f3ptica\" \/>\n<meta property=\"article:publisher\" content=\"https:\/\/www.facebook.com\/nuevavisionarg\" \/>\n<meta property=\"article:published_time\" content=\"2024-09-10T17:48:33+00:00\" \/>\n<meta property=\"article:modified_time\" content=\"2024-09-10T17:50:07+00:00\" \/>\n<meta property=\"og:image\" content=\"https:\/\/www.nuevavisionopticas.com.ar\/blog-de-optica\/wp-content\/uploads\/2024\/09\/sabri-tuzcu-kxR3hh0IRHU-unsplash.jpg\" \/>\n\t<meta property=\"og:image:width\" content=\"1600\" \/>\n\t<meta property=\"og:image:height\" content=\"1067\" \/>\n\t<meta property=\"og:image:type\" content=\"image\/jpeg\" \/>\n<meta name=\"author\" content=\"admin_optica\" \/>\n<meta name=\"twitter:card\" content=\"summary_large_image\" \/>\n<meta name=\"twitter:label1\" content=\"Escrito por\" \/>\n\t<meta name=\"twitter:data1\" content=\"admin_optica\" \/>\n\t<meta name=\"twitter:label2\" content=\"Tiempo de lectura\" \/>\n\t<meta name=\"twitter:data2\" content=\"4 minutos\" \/>\n<script type=\"application\/ld+json\" class=\"yoast-schema-graph\">{\"@context\":\"https:\\\/\\\/schema.org\",\"@graph\":[{\"@type\":\"Article\",\"@id\":\"https:\\\/\\\/www.nuevavisionopticas.com.ar\\\/blog-de-optica\\\/2024\\\/09\\\/tendencias-en-gafas-de-sol-2024-como-saber-cual-me-queda-mejor-y-las-mas-bonitas-de-la-temporada\\\/#article\",\"isPartOf\":{\"@id\":\"https:\\\/\\\/www.nuevavisionopticas.com.ar\\\/blog-de-optica\\\/2024\\\/09\\\/tendencias-en-gafas-de-sol-2024-como-saber-cual-me-queda-mejor-y-las-mas-bonitas-de-la-temporada\\\/\"},\"author\":{\"name\":\"admin_optica\",\"@id\":\"http:\\\/\\\/www.nuevavisionopticas.com.ar\\\/blog-de-optica\\\/#\\\/schema\\\/person\\\/2d6fbd00282cbc8fdd54058894af4341\"},\"headline\":\"Tendencias en gafas de sol 2024: c\u00f3mo saber cu\u00e1l me queda mejor y las m\u00e1s bonitas de la temporada\",\"datePublished\":\"2024-09-10T17:48:33+00:00\",\"dateModified\":\"2024-09-10T17:50:07+00:00\",\"mainEntityOfPage\":{\"@id\":\"https:\\\/\\\/www.nuevavisionopticas.com.ar\\\/blog-de-optica\\\/2024\\\/09\\\/tendencias-en-gafas-de-sol-2024-como-saber-cual-me-queda-mejor-y-las-mas-bonitas-de-la-temporada\\\/\"},\"wordCount\":647,\"publisher\":{\"@id\":\"http:\\\/\\\/www.nuevavisionopticas.com.ar\\\/blog-de-optica\\\/#organization\"},\"image\":{\"@id\":\"https:\\\/\\\/www.nuevavisionopticas.com.ar\\\/blog-de-optica\\\/2024\\\/09\\\/tendencias-en-gafas-de-sol-2024-como-saber-cual-me-queda-mejor-y-las-mas-bonitas-de-la-temporada\\\/#primaryimage\"},\"thumbnailUrl\":\"https:\\\/\\\/www.nuevavisionopticas.com.ar\\\/blog-de-optica\\\/wp-content\\\/uploads\\\/2024\\\/09\\\/sabri-tuzcu-kxR3hh0IRHU-unsplash.jpg\",\"keywords\":[\"anteojos de sol\",\"lentes de sol\"],\"articleSection\":[\"Anteojos de Sol\"],\"inLanguage\":\"es\"},{\"@type\":\"WebPage\",\"@id\":\"https:\\\/\\\/www.nuevavisionopticas.com.ar\\\/blog-de-optica\\\/2024\\\/09\\\/tendencias-en-gafas-de-sol-2024-como-saber-cual-me-queda-mejor-y-las-mas-bonitas-de-la-temporada\\\/\",\"url\":\"https:\\\/\\\/www.nuevavisionopticas.com.ar\\\/blog-de-optica\\\/2024\\\/09\\\/tendencias-en-gafas-de-sol-2024-como-saber-cual-me-queda-mejor-y-las-mas-bonitas-de-la-temporada\\\/\",\"name\":\"Tendencias en gafas de sol 2024: c\u00f3mo saber cu\u00e1l me queda mejor y las m\u00e1s bonitas de la temporada &#8211; Blog de \u00f3ptica\",\"isPartOf\":{\"@id\":\"http:\\\/\\\/www.nuevavisionopticas.com.ar\\\/blog-de-optica\\\/#website\"},\"primaryImageOfPage\":{\"@id\":\"https:\\\/\\\/www.nuevavisionopticas.com.ar\\\/blog-de-optica\\\/2024\\\/09\\\/tendencias-en-gafas-de-sol-2024-como-saber-cual-me-queda-mejor-y-las-mas-bonitas-de-la-temporada\\\/#primaryimage\"},\"image\":{\"@id\":\"https:\\\/\\\/www.nuevavisionopticas.com.ar\\\/blog-de-optica\\\/2024\\\/09\\\/tendencias-en-gafas-de-sol-2024-como-saber-cual-me-queda-mejor-y-las-mas-bonitas-de-la-temporada\\\/#primaryimage\"},\"thumbnailUrl\":\"https:\\\/\\\/www.nuevavisionopticas.com.ar\\\/blog-de-optica\\\/wp-content\\\/uploads\\\/2024\\\/09\\\/sabri-tuzcu-kxR3hh0IRHU-unsplash.jpg\",\"datePublished\":\"2024-09-10T17:48:33+00:00\",\"dateModified\":\"2024-09-10T17:50:07+00:00\",\"breadcrumb\":{\"@id\":\"https:\\\/\\\/www.nuevavisionopticas.com.ar\\\/blog-de-optica\\\/2024\\\/09\\\/tendencias-en-gafas-de-sol-2024-como-saber-cual-me-queda-mejor-y-las-mas-bonitas-de-la-temporada\\\/#breadcrumb\"},\"inLanguage\":\"es\",\"potentialAction\":[{\"@type\":\"ReadAction\",\"target\":[\"https:\\\/\\\/www.nuevavisionopticas.com.ar\\\/blog-de-optica\\\/2024\\\/09\\\/tendencias-en-gafas-de-sol-2024-como-saber-cual-me-queda-mejor-y-las-mas-bonitas-de-la-temporada\\\/\"]}]},{\"@type\":\"ImageObject\",\"inLanguage\":\"es\",\"@id\":\"https:\\\/\\\/www.nuevavisionopticas.com.ar\\\/blog-de-optica\\\/2024\\\/09\\\/tendencias-en-gafas-de-sol-2024-como-saber-cual-me-queda-mejor-y-las-mas-bonitas-de-la-temporada\\\/#primaryimage\",\"url\":\"https:\\\/\\\/www.nuevavisionopticas.com.ar\\\/blog-de-optica\\\/wp-content\\\/uploads\\\/2024\\\/09\\\/sabri-tuzcu-kxR3hh0IRHU-unsplash.jpg\",\"contentUrl\":\"https:\\\/\\\/www.nuevavisionopticas.com.ar\\\/blog-de-optica\\\/wp-content\\\/uploads\\\/2024\\\/09\\\/sabri-tuzcu-kxR3hh0IRHU-unsplash.jpg\",\"width\":1600,\"height\":1067,\"caption\":\"Tendencias en gafas de sol 2024: c\u00f3mo saber cu\u00e1l me queda mejor y las m\u00e1s bonitas de la temporada\"},{\"@type\":\"BreadcrumbList\",\"@id\":\"https:\\\/\\\/www.nuevavisionopticas.com.ar\\\/blog-de-optica\\\/2024\\\/09\\\/tendencias-en-gafas-de-sol-2024-como-saber-cual-me-queda-mejor-y-las-mas-bonitas-de-la-temporada\\\/#breadcrumb\",\"itemListElement\":[{\"@type\":\"ListItem\",\"position\":1,\"name\":\"Portada\",\"item\":\"http:\\\/\\\/www.nuevavisionopticas.com.ar\\\/blog-de-optica\\\/\"},{\"@type\":\"ListItem\",\"position\":2,\"name\":\"Tendencias en gafas de sol 2024: c\u00f3mo saber cu\u00e1l me queda mejor y las m\u00e1s bonitas de la temporada\"}]},{\"@type\":\"WebSite\",\"@id\":\"http:\\\/\\\/www.nuevavisionopticas.com.ar\\\/blog-de-optica\\\/#website\",\"url\":\"http:\\\/\\\/www.nuevavisionopticas.com.ar\\\/blog-de-optica\\\/\",\"name\":\"Blog de \u00f3ptica\",\"description\":\"Nueva Visi\u00f3n \u00d3pticas\",\"publisher\":{\"@id\":\"http:\\\/\\\/www.nuevavisionopticas.com.ar\\\/blog-de-optica\\\/#organization\"},\"potentialAction\":[{\"@type\":\"SearchAction\",\"target\":{\"@type\":\"EntryPoint\",\"urlTemplate\":\"http:\\\/\\\/www.nuevavisionopticas.com.ar\\\/blog-de-optica\\\/?s={search_term_string}\"},\"query-input\":{\"@type\":\"PropertyValueSpecification\",\"valueRequired\":true,\"valueName\":\"search_term_string\"}}],\"inLanguage\":\"es\"},{\"@type\":\"Organization\",\"@id\":\"http:\\\/\\\/www.nuevavisionopticas.com.ar\\\/blog-de-optica\\\/#organization\",\"name\":\"Nueva Visi\u00f3n \u00d3pticas\",\"url\":\"http:\\\/\\\/www.nuevavisionopticas.com.ar\\\/blog-de-optica\\\/\",\"logo\":{\"@type\":\"ImageObject\",\"inLanguage\":\"es\",\"@id\":\"http:\\\/\\\/www.nuevavisionopticas.com.ar\\\/blog-de-optica\\\/#\\\/schema\\\/logo\\\/image\\\/\",\"url\":\"https:\\\/\\\/www.nuevavisionopticas.com.ar\\\/blog-de-optica\\\/wp-content\\\/uploads\\\/2021\\\/07\\\/logo-blanco-nueva-vision.png\",\"contentUrl\":\"https:\\\/\\\/www.nuevavisionopticas.com.ar\\\/blog-de-optica\\\/wp-content\\\/uploads\\\/2021\\\/07\\\/logo-blanco-nueva-vision.png\",\"width\":181,\"height\":46,\"caption\":\"Nueva Visi\u00f3n \u00d3pticas\"},\"image\":{\"@id\":\"http:\\\/\\\/www.nuevavisionopticas.com.ar\\\/blog-de-optica\\\/#\\\/schema\\\/logo\\\/image\\\/\"},\"sameAs\":[\"https:\\\/\\\/www.facebook.com\\\/nuevavisionarg\",\"https:\\\/\\\/www.instagram.com\\\/nuevavisionarg\"]},{\"@type\":\"Person\",\"@id\":\"http:\\\/\\\/www.nuevavisionopticas.com.ar\\\/blog-de-optica\\\/#\\\/schema\\\/person\\\/2d6fbd00282cbc8fdd54058894af4341\",\"name\":\"admin_optica\",\"image\":{\"@type\":\"ImageObject\",\"inLanguage\":\"es\",\"@id\":\"https:\\\/\\\/secure.gravatar.com\\\/avatar\\\/e33974a79b80e7fe593e5cf53cb2160fcb165380bed6475ed9144c295430f76c?s=96&d=mm&r=g\",\"url\":\"https:\\\/\\\/secure.gravatar.com\\\/avatar\\\/e33974a79b80e7fe593e5cf53cb2160fcb165380bed6475ed9144c295430f76c?s=96&d=mm&r=g\",\"contentUrl\":\"https:\\\/\\\/secure.gravatar.com\\\/avatar\\\/e33974a79b80e7fe593e5cf53cb2160fcb165380bed6475ed9144c295430f76c?s=96&d=mm&r=g\",\"caption\":\"admin_optica\"}}]}<\/script>\n<!-- \/ Yoast SEO plugin. -->","yoast_head_json":{"title":"Tendencias en gafas de sol 2024: c\u00f3mo saber cu\u00e1l me queda mejor y las m\u00e1s bonitas de la temporada &#8211; Blog de \u00f3ptica","robots":{"index":"index","follow":"follow","max-snippet":"max-snippet:-1","max-image-preview":"max-image-preview:large","max-video-preview":"max-video-preview:-1"},"canonical":"https:\/\/www.nuevavisionopticas.com.ar\/blog-de-optica\/2024\/09\/tendencias-en-gafas-de-sol-2024-como-saber-cual-me-queda-mejor-y-las-mas-bonitas-de-la-temporada\/","og_locale":"es_ES","og_type":"article","og_title":"Tendencias en gafas de sol 2024: c\u00f3mo saber cu\u00e1l me queda mejor y las m\u00e1s bonitas de la temporada &#8211; Blog de \u00f3ptica","og_description":"Atenta a los consejos que deber\u00edas tener muy en cuenta si lo que buscas es verte favorecid\u00edsima con tus gafas de sol. Es uno de los complementos que arrasa en verano (y no es para menos), porque las&nbsp;gafas de sol&nbsp;nos dan un aire de misterio y un toque de glamour que resulta elegante y siempre favorecedor. Sin embargo, para que esto pase has de encontrar la&nbsp;forma&nbsp;que te favorezca. Y no, no todas lo hacen. Quiz\u00e1s no te lo hab\u00edas planteado, [&hellip;]","og_url":"https:\/\/www.nuevavisionopticas.com.ar\/blog-de-optica\/2024\/09\/tendencias-en-gafas-de-sol-2024-como-saber-cual-me-queda-mejor-y-las-mas-bonitas-de-la-temporada\/","og_site_name":"Blog de \u00f3ptica","article_publisher":"https:\/\/www.facebook.com\/nuevavisionarg","article_published_time":"2024-09-10T17:48:33+00:00","article_modified_time":"2024-09-10T17:50:07+00:00","og_image":[{"width":1600,"height":1067,"url":"https:\/\/www.nuevavisionopticas.com.ar\/blog-de-optica\/wp-content\/uploads\/2024\/09\/sabri-tuzcu-kxR3hh0IRHU-unsplash.jpg","type":"image\/jpeg"}],"author":"admin_optica","twitter_card":"summary_large_image","twitter_misc":{"Escrito por":"admin_optica","Tiempo de lectura":"4 minutos"},"schema":{"@context":"https:\/\/schema.org","@graph":[{"@type":"Article","@id":"https:\/\/www.nuevavisionopticas.com.ar\/blog-de-optica\/2024\/09\/tendencias-en-gafas-de-sol-2024-como-saber-cual-me-queda-mejor-y-las-mas-bonitas-de-la-temporada\/#article","isPartOf":{"@id":"https:\/\/www.nuevavisionopticas.com.ar\/blog-de-optica\/2024\/09\/tendencias-en-gafas-de-sol-2024-como-saber-cual-me-queda-mejor-y-las-mas-bonitas-de-la-temporada\/"},"author":{"name":"admin_optica","@id":"http:\/\/www.nuevavisionopticas.com.ar\/blog-de-optica\/#\/schema\/person\/2d6fbd00282cbc8fdd54058894af4341"},"headline":"Tendencias en gafas de sol 2024: c\u00f3mo saber cu\u00e1l me queda mejor y las m\u00e1s bonitas de la temporada","datePublished":"2024-09-10T17:48:33+00:00","dateModified":"2024-09-10T17:50:07+00:00","mainEntityOfPage":{"@id":"https:\/\/www.nuevavisionopticas.com.ar\/blog-de-optica\/2024\/09\/tendencias-en-gafas-de-sol-2024-como-saber-cual-me-queda-mejor-y-las-mas-bonitas-de-la-temporada\/"},"wordCount":647,"publisher":{"@id":"http:\/\/www.nuevavisionopticas.com.ar\/blog-de-optica\/#organization"},"image":{"@id":"https:\/\/www.nuevavisionopticas.com.ar\/blog-de-optica\/2024\/09\/tendencias-en-gafas-de-sol-2024-como-saber-cual-me-queda-mejor-y-las-mas-bonitas-de-la-temporada\/#primaryimage"},"thumbnailUrl":"https:\/\/www.nuevavisionopticas.com.ar\/blog-de-optica\/wp-content\/uploads\/2024\/09\/sabri-tuzcu-kxR3hh0IRHU-unsplash.jpg","keywords":["anteojos de sol","lentes de sol"],"articleSection":["Anteojos de Sol"],"inLanguage":"es"},{"@type":"WebPage","@id":"https:\/\/www.nuevavisionopticas.com.ar\/blog-de-optica\/2024\/09\/tendencias-en-gafas-de-sol-2024-como-saber-cual-me-queda-mejor-y-las-mas-bonitas-de-la-temporada\/","url":"https:\/\/www.nuevavisionopticas.com.ar\/blog-de-optica\/2024\/09\/tendencias-en-gafas-de-sol-2024-como-saber-cual-me-queda-mejor-y-las-mas-bonitas-de-la-temporada\/","name":"Tendencias en gafas de sol 2024: c\u00f3mo saber cu\u00e1l me queda mejor y las m\u00e1s bonitas de la temporada &#8211; Blog de \u00f3ptica","isPartOf":{"@id":"http:\/\/www.nuevavisionopticas.com.ar\/blog-de-optica\/#website"},"primaryImageOfPage":{"@id":"https:\/\/www.nuevavisionopticas.com.ar\/blog-de-optica\/2024\/09\/tendencias-en-gafas-de-sol-2024-como-saber-cual-me-queda-mejor-y-las-mas-bonitas-de-la-temporada\/#primaryimage"},"image":{"@id":"https:\/\/www.nuevavisionopticas.com.ar\/blog-de-optica\/2024\/09\/tendencias-en-gafas-de-sol-2024-como-saber-cual-me-queda-mejor-y-las-mas-bonitas-de-la-temporada\/#primaryimage"},"thumbnailUrl":"https:\/\/www.nuevavisionopticas.com.ar\/blog-de-optica\/wp-content\/uploads\/2024\/09\/sabri-tuzcu-kxR3hh0IRHU-unsplash.jpg","datePublished":"2024-09-10T17:48:33+00:00","dateModified":"2024-09-10T17:50:07+00:00","breadcrumb":{"@id":"https:\/\/www.nuevavisionopticas.com.ar\/blog-de-optica\/2024\/09\/tendencias-en-gafas-de-sol-2024-como-saber-cual-me-queda-mejor-y-las-mas-bonitas-de-la-temporada\/#breadcrumb"},"inLanguage":"es","potentialAction":[{"@type":"ReadAction","target":["https:\/\/www.nuevavisionopticas.com.ar\/blog-de-optica\/2024\/09\/tendencias-en-gafas-de-sol-2024-como-saber-cual-me-queda-mejor-y-las-mas-bonitas-de-la-temporada\/"]}]},{"@type":"ImageObject","inLanguage":"es","@id":"https:\/\/www.nuevavisionopticas.com.ar\/blog-de-optica\/2024\/09\/tendencias-en-gafas-de-sol-2024-como-saber-cual-me-queda-mejor-y-las-mas-bonitas-de-la-temporada\/#primaryimage","url":"https:\/\/www.nuevavisionopticas.com.ar\/blog-de-optica\/wp-content\/uploads\/2024\/09\/sabri-tuzcu-kxR3hh0IRHU-unsplash.jpg","contentUrl":"https:\/\/www.nuevavisionopticas.com.ar\/blog-de-optica\/wp-content\/uploads\/2024\/09\/sabri-tuzcu-kxR3hh0IRHU-unsplash.jpg","width":1600,"height":1067,"caption":"Tendencias en gafas de sol 2024: c\u00f3mo saber cu\u00e1l me queda mejor y las m\u00e1s bonitas de la temporada"},{"@type":"BreadcrumbList","@id":"https:\/\/www.nuevavisionopticas.com.ar\/blog-de-optica\/2024\/09\/tendencias-en-gafas-de-sol-2024-como-saber-cual-me-queda-mejor-y-las-mas-bonitas-de-la-temporada\/#breadcrumb","itemListElement":[{"@type":"ListItem","position":1,"name":"Portada","item":"http:\/\/www.nuevavisionopticas.com.ar\/blog-de-optica\/"},{"@type":"ListItem","position":2,"name":"Tendencias en gafas de sol 2024: c\u00f3mo saber cu\u00e1l me queda mejor y las m\u00e1s bonitas de la temporada"}]},{"@type":"WebSite","@id":"http:\/\/www.nuevavisionopticas.com.ar\/blog-de-optica\/#website","url":"http:\/\/www.nuevavisionopticas.com.ar\/blog-de-optica\/","name":"Blog de \u00f3ptica","description":"Nueva Visi\u00f3n \u00d3pticas","publisher":{"@id":"http:\/\/www.nuevavisionopticas.com.ar\/blog-de-optica\/#organization"},"potentialAction":[{"@type":"SearchAction","target":{"@type":"EntryPoint","urlTemplate":"http:\/\/www.nuevavisionopticas.com.ar\/blog-de-optica\/?s={search_term_string}"},"query-input":{"@type":"PropertyValueSpecification","valueRequired":true,"valueName":"search_term_string"}}],"inLanguage":"es"},{"@type":"Organization","@id":"http:\/\/www.nuevavisionopticas.com.ar\/blog-de-optica\/#organization","name":"Nueva Visi\u00f3n \u00d3pticas","url":"http:\/\/www.nuevavisionopticas.com.ar\/blog-de-optica\/","logo":{"@type":"ImageObject","inLanguage":"es","@id":"http:\/\/www.nuevavisionopticas.com.ar\/blog-de-optica\/#\/schema\/logo\/image\/","url":"https:\/\/www.nuevavisionopticas.com.ar\/blog-de-optica\/wp-content\/uploads\/2021\/07\/logo-blanco-nueva-vision.png","contentUrl":"https:\/\/www.nuevavisionopticas.com.ar\/blog-de-optica\/wp-content\/uploads\/2021\/07\/logo-blanco-nueva-vision.png","width":181,"height":46,"caption":"Nueva Visi\u00f3n \u00d3pticas"},"image":{"@id":"http:\/\/www.nuevavisionopticas.com.ar\/blog-de-optica\/#\/schema\/logo\/image\/"},"sameAs":["https:\/\/www.facebook.com\/nuevavisionarg","https:\/\/www.instagram.com\/nuevavisionarg"]},{"@type":"Person","@id":"http:\/\/www.nuevavisionopticas.com.ar\/blog-de-optica\/#\/schema\/person\/2d6fbd00282cbc8fdd54058894af4341","name":"admin_optica","image":{"@type":"ImageObject","inLanguage":"es","@id":"https:\/\/secure.gravatar.com\/avatar\/e33974a79b80e7fe593e5cf53cb2160fcb165380bed6475ed9144c295430f76c?s=96&d=mm&r=g","url":"https:\/\/secure.gravatar.com\/avatar\/e33974a79b80e7fe593e5cf53cb2160fcb165380bed6475ed9144c295430f76c?s=96&d=mm&r=g","contentUrl":"https:\/\/secure.gravatar.com\/avatar\/e33974a79b80e7fe593e5cf53cb2160fcb165380bed6475ed9144c295430f76c?s=96&d=mm&r=g","caption":"admin_optica"}}]}},"_links":{"self":[{"href":"https:\/\/www.nuevavisionopticas.com.ar\/blog-de-optica\/wp-json\/wp\/v2\/posts\/3587","targetHints":{"allow":["GET"]}}],"collection":[{"href":"https:\/\/www.nuevavisionopticas.com.ar\/blog-de-optica\/wp-json\/wp\/v2\/posts"}],"about":[{"href":"https:\/\/www.nuevavisionopticas.com.ar\/blog-de-optica\/wp-json\/wp\/v2\/types\/post"}],"author":[{"embeddable":true,"href":"https:\/\/www.nuevavisionopticas.com.ar\/blog-de-optica\/wp-json\/wp\/v2\/users\/1"}],"replies":[{"embeddable":true,"href":"https:\/\/www.nuevavisionopticas.com.ar\/blog-de-optica\/wp-json\/wp\/v2\/comments?post=3587"}],"version-history":[{"count":2,"href":"https:\/\/www.nuevavisionopticas.com.ar\/blog-de-optica\/wp-json\/wp\/v2\/posts\/3587\/revisions"}],"predecessor-version":[{"id":3594,"href":"https:\/\/www.nuevavisionopticas.com.ar\/blog-de-optica\/wp-json\/wp\/v2\/posts\/3587\/revisions\/3594"}],"wp:featuredmedia":[{"embeddable":true,"href":"https:\/\/www.nuevavisionopticas.com.ar\/blog-de-optica\/wp-json\/wp\/v2\/media\/3588"}],"wp:attachment":[{"href":"https:\/\/www.nuevavisionopticas.com.ar\/blog-de-optica\/wp-json\/wp\/v2\/media?parent=3587"}],"wp:term":[{"taxonomy":"category","embeddable":true,"href":"https:\/\/www.nuevavisionopticas.com.ar\/blog-de-optica\/wp-json\/wp\/v2\/categories?post=3587"},{"taxonomy":"post_tag","embeddable":true,"href":"https:\/\/www.nuevavisionopticas.com.ar\/blog-de-optica\/wp-json\/wp\/v2\/tags?post=3587"}],"curies":[{"name":"wp","href":"https:\/\/api.w.org\/{rel}","templated":true}]}}