{"id":3635,"date":"2024-11-11T19:08:06","date_gmt":"2024-11-11T22:08:06","guid":{"rendered":"https:\/\/www.nuevavisionopticas.com.ar\/blog-de-optica\/?p=3635"},"modified":"2024-11-11T19:12:24","modified_gmt":"2024-11-11T22:12:24","slug":"reef-la-mejor-eleccion-de-anteojos-para-el-verano-y-los-deportes","status":"publish","type":"post","link":"https:\/\/www.nuevavisionopticas.com.ar\/blog-de-optica\/2024\/11\/reef-la-mejor-eleccion-de-anteojos-para-el-verano-y-los-deportes\/","title":{"rendered":"Reef: la mejor elecci\u00f3n de anteojos para el verano y los deportes"},"content":{"rendered":"\n<figure class=\"wp-block-image size-large\"><img decoding=\"async\" src=\"data:image\/svg+xml,%3Csvg%20xmlns='http:\/\/www.w3.org\/2000\/svg'%20viewBox='0%200%20370%20247'%3E%3C\/svg%3E\" data-lazy-src=\"https:\/\/www.nuevavisionopticas.com.ar\/blog-de-optica\/wp-content\/uploads\/2024\/11\/POST-10-1024x1024.jpg\" alt=\"Reef: la mejor elecci\u00f3n de anteojos para el verano y los deportes\" class=\"zeen-lazy-load-base zeen-lazy-load wp-image-3636\"\/><noscript><img decoding=\"async\" width=\"1024\" height=\"1024\" src=\"https:\/\/www.nuevavisionopticas.com.ar\/blog-de-optica\/wp-content\/uploads\/2024\/11\/POST-10-1024x1024.jpg\" alt=\"Reef: la mejor elecci\u00f3n de anteojos para el verano y los deportes\" class=\"wp-image-3636\" srcset=\"https:\/\/www.nuevavisionopticas.com.ar\/blog-de-optica\/wp-content\/uploads\/2024\/11\/POST-10-1024x1024.jpg 1024w, https:\/\/www.nuevavisionopticas.com.ar\/blog-de-optica\/wp-content\/uploads\/2024\/11\/POST-10-300x300.jpg 300w, https:\/\/www.nuevavisionopticas.com.ar\/blog-de-optica\/wp-content\/uploads\/2024\/11\/POST-10-100x100.jpg 100w, https:\/\/www.nuevavisionopticas.com.ar\/blog-de-optica\/wp-content\/uploads\/2024\/11\/POST-10-770x770.jpg 770w, https:\/\/www.nuevavisionopticas.com.ar\/blog-de-optica\/wp-content\/uploads\/2024\/11\/POST-10-1536x1536.jpg 1536w, https:\/\/www.nuevavisionopticas.com.ar\/blog-de-optica\/wp-content\/uploads\/2024\/11\/POST-10-274x274.jpg 274w, https:\/\/www.nuevavisionopticas.com.ar\/blog-de-optica\/wp-content\/uploads\/2024\/11\/POST-10-371x371.jpg 371w, https:\/\/www.nuevavisionopticas.com.ar\/blog-de-optica\/wp-content\/uploads\/2024\/11\/POST-10-566x566.jpg 566w, https:\/\/www.nuevavisionopticas.com.ar\/blog-de-optica\/wp-content\/uploads\/2024\/11\/POST-10-881x881.jpg 881w, https:\/\/www.nuevavisionopticas.com.ar\/blog-de-optica\/wp-content\/uploads\/2024\/11\/POST-10-751x751.jpg 751w, https:\/\/www.nuevavisionopticas.com.ar\/blog-de-optica\/wp-content\/uploads\/2024\/11\/POST-10-1381x1381.jpg 1381w, https:\/\/www.nuevavisionopticas.com.ar\/blog-de-optica\/wp-content\/uploads\/2024\/11\/POST-10-390x390.jpg 390w, https:\/\/www.nuevavisionopticas.com.ar\/blog-de-optica\/wp-content\/uploads\/2024\/11\/POST-10.jpg 1600w\" sizes=\"(max-width: 1024px) 100vw, 1024px\" \/><\/noscript><figcaption class=\"wp-element-caption\">Reef: la mejor elecci\u00f3n de anteojos para el verano y los deportes<\/figcaption><\/figure>\n\n\n\n<p>El verano ya nos est\u00e1 tocando la puerta (<em>knock, knock<\/em>) y las actividades al aire libre empiezan a ser cada vez m\u00e1s, por eso es esencial elegir el anteojo adecuado para disfrutar de cada momento al m\u00e1ximo y con protecci\u00f3n \u00f3ptima. Los <strong>anteojos<\/strong> <strong>de<\/strong> <strong>sol<\/strong> <strong>Reef<\/strong> son una de las mejores opciones para las personas que buscan estilo, comodidad y funcionalidad. Esta marca, conocida por su \u00edntima relaci\u00f3n con el deporte y la vida al aire libre, crea a\u00f1o tras a\u00f1o una nueva l\u00ednea de anteojos ideales para aquellas personas que disfrutan de actividades deportivas y veraniegas.<\/p>\n\n\n\n<h3 class=\"wp-block-heading\"><strong>Si decimos Reef, pensamos en el verano<\/strong>, el sol y las olas<\/h3>\n\n\n\n<figure class=\"wp-block-gallery has-nested-images columns-default is-cropped wp-block-gallery-1 is-layout-flex wp-block-gallery-is-layout-flex\">\n<figure class=\"wp-block-image size-large\"><img decoding=\"async\" src=\"data:image\/svg+xml,%3Csvg%20xmlns='http:\/\/www.w3.org\/2000\/svg'%20viewBox='0%200%20370%20247'%3E%3C\/svg%3E\" data-id=\"3639\" data-lazy-src=\"https:\/\/www.nuevavisionopticas.com.ar\/blog-de-optica\/wp-content\/uploads\/2024\/11\/MO-Storm-col-01-1024x676.jpg\" alt=\"Anteojos de sol Reef - Modelo Storm\" class=\"zeen-lazy-load-base zeen-lazy-load wp-image-3639\"\/><noscript><img decoding=\"async\" width=\"1024\" height=\"676\" data-id=\"3639\" src=\"https:\/\/www.nuevavisionopticas.com.ar\/blog-de-optica\/wp-content\/uploads\/2024\/11\/MO-Storm-col-01-1024x676.jpg\" alt=\"Anteojos de sol Reef - Modelo Storm\" class=\"wp-image-3639\" srcset=\"https:\/\/www.nuevavisionopticas.com.ar\/blog-de-optica\/wp-content\/uploads\/2024\/11\/MO-Storm-col-01-1024x676.jpg 1024w, https:\/\/www.nuevavisionopticas.com.ar\/blog-de-optica\/wp-content\/uploads\/2024\/11\/MO-Storm-col-01-300x198.jpg 300w, https:\/\/www.nuevavisionopticas.com.ar\/blog-de-optica\/wp-content\/uploads\/2024\/11\/MO-Storm-col-01-770x508.jpg 770w, https:\/\/www.nuevavisionopticas.com.ar\/blog-de-optica\/wp-content\/uploads\/2024\/11\/MO-Storm-col-01-1536x1014.jpg 1536w, https:\/\/www.nuevavisionopticas.com.ar\/blog-de-optica\/wp-content\/uploads\/2024\/11\/MO-Storm-col-01-274x181.jpg 274w, https:\/\/www.nuevavisionopticas.com.ar\/blog-de-optica\/wp-content\/uploads\/2024\/11\/MO-Storm-col-01-751x496.jpg 751w, https:\/\/www.nuevavisionopticas.com.ar\/blog-de-optica\/wp-content\/uploads\/2024\/11\/MO-Storm-col-01-1381x911.jpg 1381w, https:\/\/www.nuevavisionopticas.com.ar\/blog-de-optica\/wp-content\/uploads\/2024\/11\/MO-Storm-col-01-120x80.jpg 120w, https:\/\/www.nuevavisionopticas.com.ar\/blog-de-optica\/wp-content\/uploads\/2024\/11\/MO-Storm-col-01-390x257.jpg 390w, https:\/\/www.nuevavisionopticas.com.ar\/blog-de-optica\/wp-content\/uploads\/2024\/11\/MO-Storm-col-01.jpg 1600w\" sizes=\"(max-width: 1024px) 100vw, 1024px\" \/><\/noscript><figcaption class=\"wp-element-caption\">Anteojos de sol Reef &#8211; Modelo Storm<\/figcaption><\/figure>\n\n\n\n<figure class=\"wp-block-image size-large\"><img decoding=\"async\" src=\"data:image\/svg+xml,%3Csvg%20xmlns='http:\/\/www.w3.org\/2000\/svg'%20viewBox='0%200%20370%20247'%3E%3C\/svg%3E\" data-id=\"3640\" data-lazy-src=\"https:\/\/www.nuevavisionopticas.com.ar\/blog-de-optica\/wp-content\/uploads\/2024\/11\/MO_Storm_col03_SN_Lateral-1-1024x676.jpg\" alt=\"\" class=\"zeen-lazy-load-base zeen-lazy-load wp-image-3640\"\/><noscript><img decoding=\"async\" width=\"1024\" height=\"676\" data-id=\"3640\" src=\"https:\/\/www.nuevavisionopticas.com.ar\/blog-de-optica\/wp-content\/uploads\/2024\/11\/MO_Storm_col03_SN_Lateral-1-1024x676.jpg\" alt=\"\" class=\"wp-image-3640\" srcset=\"https:\/\/www.nuevavisionopticas.com.ar\/blog-de-optica\/wp-content\/uploads\/2024\/11\/MO_Storm_col03_SN_Lateral-1-1024x676.jpg 1024w, https:\/\/www.nuevavisionopticas.com.ar\/blog-de-optica\/wp-content\/uploads\/2024\/11\/MO_Storm_col03_SN_Lateral-1-300x198.jpg 300w, https:\/\/www.nuevavisionopticas.com.ar\/blog-de-optica\/wp-content\/uploads\/2024\/11\/MO_Storm_col03_SN_Lateral-1-770x508.jpg 770w, https:\/\/www.nuevavisionopticas.com.ar\/blog-de-optica\/wp-content\/uploads\/2024\/11\/MO_Storm_col03_SN_Lateral-1-1536x1014.jpg 1536w, https:\/\/www.nuevavisionopticas.com.ar\/blog-de-optica\/wp-content\/uploads\/2024\/11\/MO_Storm_col03_SN_Lateral-1-274x181.jpg 274w, https:\/\/www.nuevavisionopticas.com.ar\/blog-de-optica\/wp-content\/uploads\/2024\/11\/MO_Storm_col03_SN_Lateral-1-751x496.jpg 751w, https:\/\/www.nuevavisionopticas.com.ar\/blog-de-optica\/wp-content\/uploads\/2024\/11\/MO_Storm_col03_SN_Lateral-1-1381x911.jpg 1381w, https:\/\/www.nuevavisionopticas.com.ar\/blog-de-optica\/wp-content\/uploads\/2024\/11\/MO_Storm_col03_SN_Lateral-1-120x80.jpg 120w, https:\/\/www.nuevavisionopticas.com.ar\/blog-de-optica\/wp-content\/uploads\/2024\/11\/MO_Storm_col03_SN_Lateral-1-390x257.jpg 390w, https:\/\/www.nuevavisionopticas.com.ar\/blog-de-optica\/wp-content\/uploads\/2024\/11\/MO_Storm_col03_SN_Lateral-1.jpg 1600w\" sizes=\"(max-width: 1024px) 100vw, 1024px\" \/><\/noscript><figcaption class=\"wp-element-caption\">Anteojos de sol Reef &#8211; Modelo Storm<\/figcaption><\/figure>\n\n\n\n<figure class=\"wp-block-image size-large\"><img decoding=\"async\" src=\"data:image\/svg+xml,%3Csvg%20xmlns='http:\/\/www.w3.org\/2000\/svg'%20viewBox='0%200%20370%20247'%3E%3C\/svg%3E\" data-id=\"3641\" data-lazy-src=\"https:\/\/www.nuevavisionopticas.com.ar\/blog-de-optica\/wp-content\/uploads\/2024\/11\/MO_Storm_col07_SN_Lateral-1-1024x676.jpg\" alt=\"Anteojos de sol Reef - Modelo Storm\" class=\"zeen-lazy-load-base zeen-lazy-load wp-image-3641\"\/><noscript><img decoding=\"async\" width=\"1024\" height=\"676\" data-id=\"3641\" src=\"https:\/\/www.nuevavisionopticas.com.ar\/blog-de-optica\/wp-content\/uploads\/2024\/11\/MO_Storm_col07_SN_Lateral-1-1024x676.jpg\" alt=\"Anteojos de sol Reef - Modelo Storm\" class=\"wp-image-3641\" srcset=\"https:\/\/www.nuevavisionopticas.com.ar\/blog-de-optica\/wp-content\/uploads\/2024\/11\/MO_Storm_col07_SN_Lateral-1-1024x676.jpg 1024w, https:\/\/www.nuevavisionopticas.com.ar\/blog-de-optica\/wp-content\/uploads\/2024\/11\/MO_Storm_col07_SN_Lateral-1-300x198.jpg 300w, https:\/\/www.nuevavisionopticas.com.ar\/blog-de-optica\/wp-content\/uploads\/2024\/11\/MO_Storm_col07_SN_Lateral-1-770x508.jpg 770w, https:\/\/www.nuevavisionopticas.com.ar\/blog-de-optica\/wp-content\/uploads\/2024\/11\/MO_Storm_col07_SN_Lateral-1-1536x1014.jpg 1536w, https:\/\/www.nuevavisionopticas.com.ar\/blog-de-optica\/wp-content\/uploads\/2024\/11\/MO_Storm_col07_SN_Lateral-1-274x181.jpg 274w, https:\/\/www.nuevavisionopticas.com.ar\/blog-de-optica\/wp-content\/uploads\/2024\/11\/MO_Storm_col07_SN_Lateral-1-751x496.jpg 751w, https:\/\/www.nuevavisionopticas.com.ar\/blog-de-optica\/wp-content\/uploads\/2024\/11\/MO_Storm_col07_SN_Lateral-1-1381x911.jpg 1381w, https:\/\/www.nuevavisionopticas.com.ar\/blog-de-optica\/wp-content\/uploads\/2024\/11\/MO_Storm_col07_SN_Lateral-1-120x80.jpg 120w, https:\/\/www.nuevavisionopticas.com.ar\/blog-de-optica\/wp-content\/uploads\/2024\/11\/MO_Storm_col07_SN_Lateral-1-390x257.jpg 390w, https:\/\/www.nuevavisionopticas.com.ar\/blog-de-optica\/wp-content\/uploads\/2024\/11\/MO_Storm_col07_SN_Lateral-1.jpg 1600w\" sizes=\"(max-width: 1024px) 100vw, 1024px\" \/><\/noscript><figcaption class=\"wp-element-caption\">Anteojos de sol Reef &#8211; Modelo Storm<\/figcaption><\/figure>\n<\/figure>\n\n\n\n<p>La marca <strong>Reef<\/strong> tiene una larga tradici\u00f3n en la fabricaci\u00f3n de productos para usuarios que llevan un estilo de vida activo. Con un enfoque particular en deportes como el surf, el skate y el ciclismo, <strong>Reef<\/strong> ha desarrollado una l\u00ednea de anteojos dise\u00f1ados para soportar las exigencias de las actividades al aire libre, sin perder de vista la moda ni la protecci\u00f3n ocular. Ya sea que disfrutes de un d\u00eda en la playa, hagas trekking o practiques deportes acu\u00e1ticos, los <strong>anteojos de sol Reef <\/strong>garantizan protecci\u00f3n y confort durante todo momento.<\/p>\n\n\n\n<figure class=\"wp-block-gallery has-nested-images columns-default is-cropped wp-block-gallery-2 is-layout-flex wp-block-gallery-is-layout-flex\">\n<figure class=\"wp-block-image size-large\"><img decoding=\"async\" src=\"data:image\/svg+xml,%3Csvg%20xmlns='http:\/\/www.w3.org\/2000\/svg'%20viewBox='0%200%20370%20247'%3E%3C\/svg%3E\" data-id=\"3644\" data-lazy-src=\"https:\/\/www.nuevavisionopticas.com.ar\/blog-de-optica\/wp-content\/uploads\/2024\/11\/MO_Avila_M6130A1450_RX_Lateral-1024x1024.jpg\" alt=\"Anteojos de receta Reef - Modelo Avila\" class=\"zeen-lazy-load-base zeen-lazy-load wp-image-3644\"\/><noscript><img decoding=\"async\" width=\"1024\" height=\"1024\" data-id=\"3644\" src=\"https:\/\/www.nuevavisionopticas.com.ar\/blog-de-optica\/wp-content\/uploads\/2024\/11\/MO_Avila_M6130A1450_RX_Lateral-1024x1024.jpg\" alt=\"Anteojos de receta Reef - Modelo Avila\" class=\"wp-image-3644\" srcset=\"https:\/\/www.nuevavisionopticas.com.ar\/blog-de-optica\/wp-content\/uploads\/2024\/11\/MO_Avila_M6130A1450_RX_Lateral-1024x1024.jpg 1024w, https:\/\/www.nuevavisionopticas.com.ar\/blog-de-optica\/wp-content\/uploads\/2024\/11\/MO_Avila_M6130A1450_RX_Lateral-300x300.jpg 300w, https:\/\/www.nuevavisionopticas.com.ar\/blog-de-optica\/wp-content\/uploads\/2024\/11\/MO_Avila_M6130A1450_RX_Lateral-100x100.jpg 100w, https:\/\/www.nuevavisionopticas.com.ar\/blog-de-optica\/wp-content\/uploads\/2024\/11\/MO_Avila_M6130A1450_RX_Lateral-770x770.jpg 770w, https:\/\/www.nuevavisionopticas.com.ar\/blog-de-optica\/wp-content\/uploads\/2024\/11\/MO_Avila_M6130A1450_RX_Lateral-1536x1536.jpg 1536w, https:\/\/www.nuevavisionopticas.com.ar\/blog-de-optica\/wp-content\/uploads\/2024\/11\/MO_Avila_M6130A1450_RX_Lateral-274x274.jpg 274w, https:\/\/www.nuevavisionopticas.com.ar\/blog-de-optica\/wp-content\/uploads\/2024\/11\/MO_Avila_M6130A1450_RX_Lateral-371x371.jpg 371w, https:\/\/www.nuevavisionopticas.com.ar\/blog-de-optica\/wp-content\/uploads\/2024\/11\/MO_Avila_M6130A1450_RX_Lateral-566x566.jpg 566w, https:\/\/www.nuevavisionopticas.com.ar\/blog-de-optica\/wp-content\/uploads\/2024\/11\/MO_Avila_M6130A1450_RX_Lateral-881x881.jpg 881w, https:\/\/www.nuevavisionopticas.com.ar\/blog-de-optica\/wp-content\/uploads\/2024\/11\/MO_Avila_M6130A1450_RX_Lateral-751x751.jpg 751w, https:\/\/www.nuevavisionopticas.com.ar\/blog-de-optica\/wp-content\/uploads\/2024\/11\/MO_Avila_M6130A1450_RX_Lateral-1381x1381.jpg 1381w, https:\/\/www.nuevavisionopticas.com.ar\/blog-de-optica\/wp-content\/uploads\/2024\/11\/MO_Avila_M6130A1450_RX_Lateral-390x390.jpg 390w, https:\/\/www.nuevavisionopticas.com.ar\/blog-de-optica\/wp-content\/uploads\/2024\/11\/MO_Avila_M6130A1450_RX_Lateral.jpg 1600w\" sizes=\"(max-width: 1024px) 100vw, 1024px\" \/><\/noscript><figcaption class=\"wp-element-caption\">Anteojos de receta Reef &#8211; Modelo Avila<\/figcaption><\/figure>\n\n\n\n<figure class=\"wp-block-image size-large\"><img decoding=\"async\" src=\"data:image\/svg+xml,%3Csvg%20xmlns='http:\/\/www.w3.org\/2000\/svg'%20viewBox='0%200%20370%20247'%3E%3C\/svg%3E\" data-id=\"3643\" data-lazy-src=\"https:\/\/www.nuevavisionopticas.com.ar\/blog-de-optica\/wp-content\/uploads\/2024\/11\/MO_Avila_M6130B8950_RX_Lateral-1024x1024.jpg\" alt=\"Anteojos de receta Reef - Modelo Avila\" class=\"zeen-lazy-load-base zeen-lazy-load wp-image-3643\"\/><noscript><img decoding=\"async\" width=\"1024\" height=\"1024\" data-id=\"3643\" src=\"https:\/\/www.nuevavisionopticas.com.ar\/blog-de-optica\/wp-content\/uploads\/2024\/11\/MO_Avila_M6130B8950_RX_Lateral-1024x1024.jpg\" alt=\"Anteojos de receta Reef - Modelo Avila\" class=\"wp-image-3643\" srcset=\"https:\/\/www.nuevavisionopticas.com.ar\/blog-de-optica\/wp-content\/uploads\/2024\/11\/MO_Avila_M6130B8950_RX_Lateral-1024x1024.jpg 1024w, https:\/\/www.nuevavisionopticas.com.ar\/blog-de-optica\/wp-content\/uploads\/2024\/11\/MO_Avila_M6130B8950_RX_Lateral-300x300.jpg 300w, https:\/\/www.nuevavisionopticas.com.ar\/blog-de-optica\/wp-content\/uploads\/2024\/11\/MO_Avila_M6130B8950_RX_Lateral-100x100.jpg 100w, https:\/\/www.nuevavisionopticas.com.ar\/blog-de-optica\/wp-content\/uploads\/2024\/11\/MO_Avila_M6130B8950_RX_Lateral-770x770.jpg 770w, https:\/\/www.nuevavisionopticas.com.ar\/blog-de-optica\/wp-content\/uploads\/2024\/11\/MO_Avila_M6130B8950_RX_Lateral-1536x1536.jpg 1536w, https:\/\/www.nuevavisionopticas.com.ar\/blog-de-optica\/wp-content\/uploads\/2024\/11\/MO_Avila_M6130B8950_RX_Lateral-274x274.jpg 274w, https:\/\/www.nuevavisionopticas.com.ar\/blog-de-optica\/wp-content\/uploads\/2024\/11\/MO_Avila_M6130B8950_RX_Lateral-371x371.jpg 371w, https:\/\/www.nuevavisionopticas.com.ar\/blog-de-optica\/wp-content\/uploads\/2024\/11\/MO_Avila_M6130B8950_RX_Lateral-566x566.jpg 566w, https:\/\/www.nuevavisionopticas.com.ar\/blog-de-optica\/wp-content\/uploads\/2024\/11\/MO_Avila_M6130B8950_RX_Lateral-881x881.jpg 881w, https:\/\/www.nuevavisionopticas.com.ar\/blog-de-optica\/wp-content\/uploads\/2024\/11\/MO_Avila_M6130B8950_RX_Lateral-751x751.jpg 751w, https:\/\/www.nuevavisionopticas.com.ar\/blog-de-optica\/wp-content\/uploads\/2024\/11\/MO_Avila_M6130B8950_RX_Lateral-1381x1381.jpg 1381w, https:\/\/www.nuevavisionopticas.com.ar\/blog-de-optica\/wp-content\/uploads\/2024\/11\/MO_Avila_M6130B8950_RX_Lateral-390x390.jpg 390w, https:\/\/www.nuevavisionopticas.com.ar\/blog-de-optica\/wp-content\/uploads\/2024\/11\/MO_Avila_M6130B8950_RX_Lateral.jpg 1600w\" sizes=\"(max-width: 1024px) 100vw, 1024px\" \/><\/noscript><figcaption class=\"wp-element-caption\">Anteojos de receta Reef &#8211; Modelo Avila<\/figcaption><\/figure>\n\n\n\n<figure class=\"wp-block-image size-large\"><img decoding=\"async\" src=\"data:image\/svg+xml,%3Csvg%20xmlns='http:\/\/www.w3.org\/2000\/svg'%20viewBox='0%200%20370%20247'%3E%3C\/svg%3E\" data-id=\"3642\" data-lazy-src=\"https:\/\/www.nuevavisionopticas.com.ar\/blog-de-optica\/wp-content\/uploads\/2024\/11\/MO_Avila_M6130DCO50_RX_Lateral.jpeg\" alt=\"Anteojos de receta Reef - Modelo Avila\" class=\"zeen-lazy-load-base zeen-lazy-load wp-image-3642\"\/><noscript><img decoding=\"async\" width=\"788\" height=\"800\" data-id=\"3642\" src=\"https:\/\/www.nuevavisionopticas.com.ar\/blog-de-optica\/wp-content\/uploads\/2024\/11\/MO_Avila_M6130DCO50_RX_Lateral.jpeg\" alt=\"Anteojos de receta Reef - Modelo Avila\" class=\"wp-image-3642\" srcset=\"https:\/\/www.nuevavisionopticas.com.ar\/blog-de-optica\/wp-content\/uploads\/2024\/11\/MO_Avila_M6130DCO50_RX_Lateral.jpeg 788w, https:\/\/www.nuevavisionopticas.com.ar\/blog-de-optica\/wp-content\/uploads\/2024\/11\/MO_Avila_M6130DCO50_RX_Lateral-296x300.jpeg 296w, https:\/\/www.nuevavisionopticas.com.ar\/blog-de-optica\/wp-content\/uploads\/2024\/11\/MO_Avila_M6130DCO50_RX_Lateral-770x782.jpeg 770w, https:\/\/www.nuevavisionopticas.com.ar\/blog-de-optica\/wp-content\/uploads\/2024\/11\/MO_Avila_M6130DCO50_RX_Lateral-274x278.jpeg 274w, https:\/\/www.nuevavisionopticas.com.ar\/blog-de-optica\/wp-content\/uploads\/2024\/11\/MO_Avila_M6130DCO50_RX_Lateral-751x762.jpeg 751w, https:\/\/www.nuevavisionopticas.com.ar\/blog-de-optica\/wp-content\/uploads\/2024\/11\/MO_Avila_M6130DCO50_RX_Lateral-390x396.jpeg 390w\" sizes=\"(max-width: 788px) 100vw, 788px\" \/><\/noscript><figcaption class=\"wp-element-caption\">Anteojos de receta Reef &#8211; Modelo Avila<\/figcaption><\/figure>\n<\/figure>\n\n\n\n<p>Los <strong>anteojos de sol Reef<\/strong> ofrecen una protecci\u00f3n total contra los da\u00f1inos rayos UV. Adem\u00e1s, su dise\u00f1o ergon\u00f3mico se adapta c\u00f3modamente a tu rostro para que puedas moverte con libertad sin tener que preocuparte por que los anteojos se deslicen o se caigan de la cara.<\/p>\n\n\n\n<h3 class=\"wp-block-heading\"><strong>Protecci\u00f3n UV para una seguridad ocular total<\/strong><\/h3>\n\n\n\n<figure class=\"wp-block-gallery has-nested-images columns-default is-cropped wp-block-gallery-3 is-layout-flex wp-block-gallery-is-layout-flex\">\n<figure class=\"wp-block-image size-large\"><img decoding=\"async\" src=\"data:image\/svg+xml,%3Csvg%20xmlns='http:\/\/www.w3.org\/2000\/svg'%20viewBox='0%200%20370%20247'%3E%3C\/svg%3E\" data-id=\"3645\" data-lazy-src=\"https:\/\/www.nuevavisionopticas.com.ar\/blog-de-optica\/wp-content\/uploads\/2024\/11\/MO_Barcelona_M6123A9453_RX_Laterale-1024x1024.jpg\" alt=\"Anteojos de receta Reef - Modelo Barcelona\" class=\"zeen-lazy-load-base zeen-lazy-load wp-image-3645\"\/><noscript><img decoding=\"async\" width=\"1024\" height=\"1024\" data-id=\"3645\" src=\"https:\/\/www.nuevavisionopticas.com.ar\/blog-de-optica\/wp-content\/uploads\/2024\/11\/MO_Barcelona_M6123A9453_RX_Laterale-1024x1024.jpg\" alt=\"Anteojos de receta Reef - Modelo Barcelona\" class=\"wp-image-3645\" srcset=\"https:\/\/www.nuevavisionopticas.com.ar\/blog-de-optica\/wp-content\/uploads\/2024\/11\/MO_Barcelona_M6123A9453_RX_Laterale-1024x1024.jpg 1024w, https:\/\/www.nuevavisionopticas.com.ar\/blog-de-optica\/wp-content\/uploads\/2024\/11\/MO_Barcelona_M6123A9453_RX_Laterale-300x300.jpg 300w, https:\/\/www.nuevavisionopticas.com.ar\/blog-de-optica\/wp-content\/uploads\/2024\/11\/MO_Barcelona_M6123A9453_RX_Laterale-100x100.jpg 100w, https:\/\/www.nuevavisionopticas.com.ar\/blog-de-optica\/wp-content\/uploads\/2024\/11\/MO_Barcelona_M6123A9453_RX_Laterale-770x770.jpg 770w, https:\/\/www.nuevavisionopticas.com.ar\/blog-de-optica\/wp-content\/uploads\/2024\/11\/MO_Barcelona_M6123A9453_RX_Laterale-1536x1536.jpg 1536w, https:\/\/www.nuevavisionopticas.com.ar\/blog-de-optica\/wp-content\/uploads\/2024\/11\/MO_Barcelona_M6123A9453_RX_Laterale-274x274.jpg 274w, https:\/\/www.nuevavisionopticas.com.ar\/blog-de-optica\/wp-content\/uploads\/2024\/11\/MO_Barcelona_M6123A9453_RX_Laterale-371x371.jpg 371w, https:\/\/www.nuevavisionopticas.com.ar\/blog-de-optica\/wp-content\/uploads\/2024\/11\/MO_Barcelona_M6123A9453_RX_Laterale-566x566.jpg 566w, https:\/\/www.nuevavisionopticas.com.ar\/blog-de-optica\/wp-content\/uploads\/2024\/11\/MO_Barcelona_M6123A9453_RX_Laterale-881x881.jpg 881w, https:\/\/www.nuevavisionopticas.com.ar\/blog-de-optica\/wp-content\/uploads\/2024\/11\/MO_Barcelona_M6123A9453_RX_Laterale-751x751.jpg 751w, https:\/\/www.nuevavisionopticas.com.ar\/blog-de-optica\/wp-content\/uploads\/2024\/11\/MO_Barcelona_M6123A9453_RX_Laterale-1381x1381.jpg 1381w, https:\/\/www.nuevavisionopticas.com.ar\/blog-de-optica\/wp-content\/uploads\/2024\/11\/MO_Barcelona_M6123A9453_RX_Laterale-390x390.jpg 390w, https:\/\/www.nuevavisionopticas.com.ar\/blog-de-optica\/wp-content\/uploads\/2024\/11\/MO_Barcelona_M6123A9453_RX_Laterale.jpg 1600w\" sizes=\"(max-width: 1024px) 100vw, 1024px\" \/><\/noscript><figcaption class=\"wp-element-caption\">Anteojos de receta Reef &#8211; Modelo Barcelona<\/figcaption><\/figure>\n\n\n\n<figure class=\"wp-block-image size-large\"><img decoding=\"async\" src=\"data:image\/svg+xml,%3Csvg%20xmlns='http:\/\/www.w3.org\/2000\/svg'%20viewBox='0%200%20370%20247'%3E%3C\/svg%3E\" data-id=\"3647\" data-lazy-src=\"https:\/\/www.nuevavisionopticas.com.ar\/blog-de-optica\/wp-content\/uploads\/2024\/11\/MO_Barcelona_M6123J8253_RX_Laterale-1024x1024.jpg\" alt=\"\" class=\"zeen-lazy-load-base zeen-lazy-load wp-image-3647\"\/><noscript><img decoding=\"async\" width=\"1024\" height=\"1024\" data-id=\"3647\" src=\"https:\/\/www.nuevavisionopticas.com.ar\/blog-de-optica\/wp-content\/uploads\/2024\/11\/MO_Barcelona_M6123J8253_RX_Laterale-1024x1024.jpg\" alt=\"\" class=\"wp-image-3647\" srcset=\"https:\/\/www.nuevavisionopticas.com.ar\/blog-de-optica\/wp-content\/uploads\/2024\/11\/MO_Barcelona_M6123J8253_RX_Laterale-1024x1024.jpg 1024w, https:\/\/www.nuevavisionopticas.com.ar\/blog-de-optica\/wp-content\/uploads\/2024\/11\/MO_Barcelona_M6123J8253_RX_Laterale-300x300.jpg 300w, https:\/\/www.nuevavisionopticas.com.ar\/blog-de-optica\/wp-content\/uploads\/2024\/11\/MO_Barcelona_M6123J8253_RX_Laterale-100x100.jpg 100w, https:\/\/www.nuevavisionopticas.com.ar\/blog-de-optica\/wp-content\/uploads\/2024\/11\/MO_Barcelona_M6123J8253_RX_Laterale-770x770.jpg 770w, https:\/\/www.nuevavisionopticas.com.ar\/blog-de-optica\/wp-content\/uploads\/2024\/11\/MO_Barcelona_M6123J8253_RX_Laterale-1536x1536.jpg 1536w, https:\/\/www.nuevavisionopticas.com.ar\/blog-de-optica\/wp-content\/uploads\/2024\/11\/MO_Barcelona_M6123J8253_RX_Laterale-274x274.jpg 274w, https:\/\/www.nuevavisionopticas.com.ar\/blog-de-optica\/wp-content\/uploads\/2024\/11\/MO_Barcelona_M6123J8253_RX_Laterale-371x371.jpg 371w, https:\/\/www.nuevavisionopticas.com.ar\/blog-de-optica\/wp-content\/uploads\/2024\/11\/MO_Barcelona_M6123J8253_RX_Laterale-566x566.jpg 566w, https:\/\/www.nuevavisionopticas.com.ar\/blog-de-optica\/wp-content\/uploads\/2024\/11\/MO_Barcelona_M6123J8253_RX_Laterale-881x881.jpg 881w, https:\/\/www.nuevavisionopticas.com.ar\/blog-de-optica\/wp-content\/uploads\/2024\/11\/MO_Barcelona_M6123J8253_RX_Laterale-751x751.jpg 751w, https:\/\/www.nuevavisionopticas.com.ar\/blog-de-optica\/wp-content\/uploads\/2024\/11\/MO_Barcelona_M6123J8253_RX_Laterale-1381x1381.jpg 1381w, https:\/\/www.nuevavisionopticas.com.ar\/blog-de-optica\/wp-content\/uploads\/2024\/11\/MO_Barcelona_M6123J8253_RX_Laterale-390x390.jpg 390w, https:\/\/www.nuevavisionopticas.com.ar\/blog-de-optica\/wp-content\/uploads\/2024\/11\/MO_Barcelona_M6123J8253_RX_Laterale.jpg 1600w\" sizes=\"(max-width: 1024px) 100vw, 1024px\" \/><\/noscript><figcaption class=\"wp-element-caption\">Anteojos de receta Reef &#8211; Modelo Barcelona<\/figcaption><\/figure>\n\n\n\n<figure class=\"wp-block-image size-large\"><img decoding=\"async\" src=\"data:image\/svg+xml,%3Csvg%20xmlns='http:\/\/www.w3.org\/2000\/svg'%20viewBox='0%200%20370%20247'%3E%3C\/svg%3E\" data-id=\"3646\" data-lazy-src=\"https:\/\/www.nuevavisionopticas.com.ar\/blog-de-optica\/wp-content\/uploads\/2024\/11\/MO_Barcelona_M6123KCM53_RX_Laterale-1024x1024.jpg\" alt=\"\" class=\"zeen-lazy-load-base zeen-lazy-load wp-image-3646\"\/><noscript><img decoding=\"async\" width=\"1024\" height=\"1024\" data-id=\"3646\" src=\"https:\/\/www.nuevavisionopticas.com.ar\/blog-de-optica\/wp-content\/uploads\/2024\/11\/MO_Barcelona_M6123KCM53_RX_Laterale-1024x1024.jpg\" alt=\"\" class=\"wp-image-3646\" srcset=\"https:\/\/www.nuevavisionopticas.com.ar\/blog-de-optica\/wp-content\/uploads\/2024\/11\/MO_Barcelona_M6123KCM53_RX_Laterale-1024x1024.jpg 1024w, https:\/\/www.nuevavisionopticas.com.ar\/blog-de-optica\/wp-content\/uploads\/2024\/11\/MO_Barcelona_M6123KCM53_RX_Laterale-300x300.jpg 300w, https:\/\/www.nuevavisionopticas.com.ar\/blog-de-optica\/wp-content\/uploads\/2024\/11\/MO_Barcelona_M6123KCM53_RX_Laterale-100x100.jpg 100w, https:\/\/www.nuevavisionopticas.com.ar\/blog-de-optica\/wp-content\/uploads\/2024\/11\/MO_Barcelona_M6123KCM53_RX_Laterale-770x770.jpg 770w, https:\/\/www.nuevavisionopticas.com.ar\/blog-de-optica\/wp-content\/uploads\/2024\/11\/MO_Barcelona_M6123KCM53_RX_Laterale-1536x1536.jpg 1536w, https:\/\/www.nuevavisionopticas.com.ar\/blog-de-optica\/wp-content\/uploads\/2024\/11\/MO_Barcelona_M6123KCM53_RX_Laterale-274x274.jpg 274w, https:\/\/www.nuevavisionopticas.com.ar\/blog-de-optica\/wp-content\/uploads\/2024\/11\/MO_Barcelona_M6123KCM53_RX_Laterale-371x371.jpg 371w, https:\/\/www.nuevavisionopticas.com.ar\/blog-de-optica\/wp-content\/uploads\/2024\/11\/MO_Barcelona_M6123KCM53_RX_Laterale-566x566.jpg 566w, https:\/\/www.nuevavisionopticas.com.ar\/blog-de-optica\/wp-content\/uploads\/2024\/11\/MO_Barcelona_M6123KCM53_RX_Laterale-881x881.jpg 881w, https:\/\/www.nuevavisionopticas.com.ar\/blog-de-optica\/wp-content\/uploads\/2024\/11\/MO_Barcelona_M6123KCM53_RX_Laterale-751x751.jpg 751w, https:\/\/www.nuevavisionopticas.com.ar\/blog-de-optica\/wp-content\/uploads\/2024\/11\/MO_Barcelona_M6123KCM53_RX_Laterale-1381x1381.jpg 1381w, https:\/\/www.nuevavisionopticas.com.ar\/blog-de-optica\/wp-content\/uploads\/2024\/11\/MO_Barcelona_M6123KCM53_RX_Laterale-390x390.jpg 390w, https:\/\/www.nuevavisionopticas.com.ar\/blog-de-optica\/wp-content\/uploads\/2024\/11\/MO_Barcelona_M6123KCM53_RX_Laterale.jpg 1600w\" sizes=\"(max-width: 1024px) 100vw, 1024px\" \/><\/noscript><figcaption class=\"wp-element-caption\">Anteojos de receta Reef &#8211; Modelo Barcelona<\/figcaption><\/figure>\n<\/figure>\n\n\n\n<p>Uno de los mayores beneficios de los <strong>anteojos<\/strong> <strong>Reef<\/strong> es la capacidad de proteger tus ojos de los rayos solares que tanto mal nos hacen. Durante los meses de verano, la exposici\u00f3n al sol puede ser especialmente perjudicial para la salud ocular. Los cristales de los <strong>anteojos<\/strong> <strong>Reef<\/strong> est\u00e1n dise\u00f1ados para bloquear el 100% (la totalidad) de los rayos UVA y UVB, lo que asegura una protecci\u00f3n integral mientras vos disfrut\u00e1s de tus actividades preferidas bajo el brillante sol.<\/p>\n\n\n\n<p>Algunos modelos de los <strong>anteojos<\/strong> <strong>Reef<\/strong> est\u00e1n equipados con cristales resistentes a los impactos, algo esencial para las personas que practican deportes extremos. Puede ser surf, ciclismo o senderismo, la resistencia de los <strong>cristales de Reef<\/strong> asegura que tus ojos est\u00e9n protegidos en todo momento, incluso cuando las condiciones clim\u00e1ticas son muy adversas.<\/p>\n\n\n\n<h3 class=\"wp-block-heading\"><strong>Estilo y comodidad para los deportistas del verano<\/strong><\/h3>\n\n\n\n<figure class=\"wp-block-gallery has-nested-images columns-default is-cropped wp-block-gallery-4 is-layout-flex wp-block-gallery-is-layout-flex\">\n<figure class=\"wp-block-image size-large\"><img decoding=\"async\" src=\"data:image\/svg+xml,%3Csvg%20xmlns='http:\/\/www.w3.org\/2000\/svg'%20viewBox='0%200%20370%20247'%3E%3C\/svg%3E\" data-id=\"3648\" data-lazy-src=\"https:\/\/www.nuevavisionopticas.com.ar\/blog-de-optica\/wp-content\/uploads\/2024\/11\/MO_High4_A14_RX_Lateral-1024x1024.jpg\" alt=\"Anteojos de receta Reef - Modelo High 4\" class=\"zeen-lazy-load-base zeen-lazy-load wp-image-3648\"\/><noscript><img decoding=\"async\" width=\"1024\" height=\"1024\" data-id=\"3648\" src=\"https:\/\/www.nuevavisionopticas.com.ar\/blog-de-optica\/wp-content\/uploads\/2024\/11\/MO_High4_A14_RX_Lateral-1024x1024.jpg\" alt=\"Anteojos de receta Reef - Modelo High 4\" class=\"wp-image-3648\" srcset=\"https:\/\/www.nuevavisionopticas.com.ar\/blog-de-optica\/wp-content\/uploads\/2024\/11\/MO_High4_A14_RX_Lateral-1024x1024.jpg 1024w, https:\/\/www.nuevavisionopticas.com.ar\/blog-de-optica\/wp-content\/uploads\/2024\/11\/MO_High4_A14_RX_Lateral-300x300.jpg 300w, https:\/\/www.nuevavisionopticas.com.ar\/blog-de-optica\/wp-content\/uploads\/2024\/11\/MO_High4_A14_RX_Lateral-100x100.jpg 100w, https:\/\/www.nuevavisionopticas.com.ar\/blog-de-optica\/wp-content\/uploads\/2024\/11\/MO_High4_A14_RX_Lateral-770x770.jpg 770w, https:\/\/www.nuevavisionopticas.com.ar\/blog-de-optica\/wp-content\/uploads\/2024\/11\/MO_High4_A14_RX_Lateral-1536x1536.jpg 1536w, https:\/\/www.nuevavisionopticas.com.ar\/blog-de-optica\/wp-content\/uploads\/2024\/11\/MO_High4_A14_RX_Lateral-274x274.jpg 274w, https:\/\/www.nuevavisionopticas.com.ar\/blog-de-optica\/wp-content\/uploads\/2024\/11\/MO_High4_A14_RX_Lateral-371x371.jpg 371w, https:\/\/www.nuevavisionopticas.com.ar\/blog-de-optica\/wp-content\/uploads\/2024\/11\/MO_High4_A14_RX_Lateral-566x566.jpg 566w, https:\/\/www.nuevavisionopticas.com.ar\/blog-de-optica\/wp-content\/uploads\/2024\/11\/MO_High4_A14_RX_Lateral-881x881.jpg 881w, https:\/\/www.nuevavisionopticas.com.ar\/blog-de-optica\/wp-content\/uploads\/2024\/11\/MO_High4_A14_RX_Lateral-751x751.jpg 751w, https:\/\/www.nuevavisionopticas.com.ar\/blog-de-optica\/wp-content\/uploads\/2024\/11\/MO_High4_A14_RX_Lateral-1381x1381.jpg 1381w, https:\/\/www.nuevavisionopticas.com.ar\/blog-de-optica\/wp-content\/uploads\/2024\/11\/MO_High4_A14_RX_Lateral-390x390.jpg 390w, https:\/\/www.nuevavisionopticas.com.ar\/blog-de-optica\/wp-content\/uploads\/2024\/11\/MO_High4_A14_RX_Lateral.jpg 1600w\" sizes=\"(max-width: 1024px) 100vw, 1024px\" \/><\/noscript><figcaption class=\"wp-element-caption\">Anteojos de receta Reef &#8211; Modelo High 4<\/figcaption><\/figure>\n\n\n\n<figure class=\"wp-block-image size-large\"><img decoding=\"async\" src=\"data:image\/svg+xml,%3Csvg%20xmlns='http:\/\/www.w3.org\/2000\/svg'%20viewBox='0%200%20370%20247'%3E%3C\/svg%3E\" data-id=\"3649\" data-lazy-src=\"https:\/\/www.nuevavisionopticas.com.ar\/blog-de-optica\/wp-content\/uploads\/2024\/11\/MO_High4_A26_RX_Lateral-1024x1024.jpg\" alt=\"Anteojos de receta Reef - Modelo High 4\" class=\"zeen-lazy-load-base zeen-lazy-load wp-image-3649\"\/><noscript><img decoding=\"async\" width=\"1024\" height=\"1024\" data-id=\"3649\" src=\"https:\/\/www.nuevavisionopticas.com.ar\/blog-de-optica\/wp-content\/uploads\/2024\/11\/MO_High4_A26_RX_Lateral-1024x1024.jpg\" alt=\"Anteojos de receta Reef - Modelo High 4\" class=\"wp-image-3649\" srcset=\"https:\/\/www.nuevavisionopticas.com.ar\/blog-de-optica\/wp-content\/uploads\/2024\/11\/MO_High4_A26_RX_Lateral-1024x1024.jpg 1024w, https:\/\/www.nuevavisionopticas.com.ar\/blog-de-optica\/wp-content\/uploads\/2024\/11\/MO_High4_A26_RX_Lateral-300x300.jpg 300w, https:\/\/www.nuevavisionopticas.com.ar\/blog-de-optica\/wp-content\/uploads\/2024\/11\/MO_High4_A26_RX_Lateral-100x100.jpg 100w, https:\/\/www.nuevavisionopticas.com.ar\/blog-de-optica\/wp-content\/uploads\/2024\/11\/MO_High4_A26_RX_Lateral-770x770.jpg 770w, https:\/\/www.nuevavisionopticas.com.ar\/blog-de-optica\/wp-content\/uploads\/2024\/11\/MO_High4_A26_RX_Lateral-1536x1536.jpg 1536w, https:\/\/www.nuevavisionopticas.com.ar\/blog-de-optica\/wp-content\/uploads\/2024\/11\/MO_High4_A26_RX_Lateral-274x274.jpg 274w, https:\/\/www.nuevavisionopticas.com.ar\/blog-de-optica\/wp-content\/uploads\/2024\/11\/MO_High4_A26_RX_Lateral-371x371.jpg 371w, https:\/\/www.nuevavisionopticas.com.ar\/blog-de-optica\/wp-content\/uploads\/2024\/11\/MO_High4_A26_RX_Lateral-566x566.jpg 566w, https:\/\/www.nuevavisionopticas.com.ar\/blog-de-optica\/wp-content\/uploads\/2024\/11\/MO_High4_A26_RX_Lateral-881x881.jpg 881w, https:\/\/www.nuevavisionopticas.com.ar\/blog-de-optica\/wp-content\/uploads\/2024\/11\/MO_High4_A26_RX_Lateral-751x751.jpg 751w, https:\/\/www.nuevavisionopticas.com.ar\/blog-de-optica\/wp-content\/uploads\/2024\/11\/MO_High4_A26_RX_Lateral-1381x1381.jpg 1381w, https:\/\/www.nuevavisionopticas.com.ar\/blog-de-optica\/wp-content\/uploads\/2024\/11\/MO_High4_A26_RX_Lateral-390x390.jpg 390w, https:\/\/www.nuevavisionopticas.com.ar\/blog-de-optica\/wp-content\/uploads\/2024\/11\/MO_High4_A26_RX_Lateral.jpg 1600w\" sizes=\"(max-width: 1024px) 100vw, 1024px\" \/><\/noscript><figcaption class=\"wp-element-caption\">Anteojos de receta Reef &#8211; Modelo High 4<\/figcaption><\/figure>\n\n\n\n<figure class=\"wp-block-image size-large\"><img decoding=\"async\" src=\"data:image\/svg+xml,%3Csvg%20xmlns='http:\/\/www.w3.org\/2000\/svg'%20viewBox='0%200%20370%20247'%3E%3C\/svg%3E\" data-id=\"3650\" data-lazy-src=\"https:\/\/www.nuevavisionopticas.com.ar\/blog-de-optica\/wp-content\/uploads\/2024\/11\/MO_High4_APE_RX_Lateral-1024x1024.jpg\" alt=\"Anteojos de receta Reef - Modelo High 4\" class=\"zeen-lazy-load-base zeen-lazy-load wp-image-3650\"\/><noscript><img decoding=\"async\" width=\"1024\" height=\"1024\" data-id=\"3650\" src=\"https:\/\/www.nuevavisionopticas.com.ar\/blog-de-optica\/wp-content\/uploads\/2024\/11\/MO_High4_APE_RX_Lateral-1024x1024.jpg\" alt=\"Anteojos de receta Reef - Modelo High 4\" class=\"wp-image-3650\" srcset=\"https:\/\/www.nuevavisionopticas.com.ar\/blog-de-optica\/wp-content\/uploads\/2024\/11\/MO_High4_APE_RX_Lateral-1024x1024.jpg 1024w, https:\/\/www.nuevavisionopticas.com.ar\/blog-de-optica\/wp-content\/uploads\/2024\/11\/MO_High4_APE_RX_Lateral-300x300.jpg 300w, https:\/\/www.nuevavisionopticas.com.ar\/blog-de-optica\/wp-content\/uploads\/2024\/11\/MO_High4_APE_RX_Lateral-100x100.jpg 100w, https:\/\/www.nuevavisionopticas.com.ar\/blog-de-optica\/wp-content\/uploads\/2024\/11\/MO_High4_APE_RX_Lateral-770x770.jpg 770w, https:\/\/www.nuevavisionopticas.com.ar\/blog-de-optica\/wp-content\/uploads\/2024\/11\/MO_High4_APE_RX_Lateral-1536x1536.jpg 1536w, https:\/\/www.nuevavisionopticas.com.ar\/blog-de-optica\/wp-content\/uploads\/2024\/11\/MO_High4_APE_RX_Lateral-274x274.jpg 274w, https:\/\/www.nuevavisionopticas.com.ar\/blog-de-optica\/wp-content\/uploads\/2024\/11\/MO_High4_APE_RX_Lateral-371x371.jpg 371w, https:\/\/www.nuevavisionopticas.com.ar\/blog-de-optica\/wp-content\/uploads\/2024\/11\/MO_High4_APE_RX_Lateral-566x566.jpg 566w, https:\/\/www.nuevavisionopticas.com.ar\/blog-de-optica\/wp-content\/uploads\/2024\/11\/MO_High4_APE_RX_Lateral-881x881.jpg 881w, https:\/\/www.nuevavisionopticas.com.ar\/blog-de-optica\/wp-content\/uploads\/2024\/11\/MO_High4_APE_RX_Lateral-751x751.jpg 751w, https:\/\/www.nuevavisionopticas.com.ar\/blog-de-optica\/wp-content\/uploads\/2024\/11\/MO_High4_APE_RX_Lateral-1381x1381.jpg 1381w, https:\/\/www.nuevavisionopticas.com.ar\/blog-de-optica\/wp-content\/uploads\/2024\/11\/MO_High4_APE_RX_Lateral-390x390.jpg 390w, https:\/\/www.nuevavisionopticas.com.ar\/blog-de-optica\/wp-content\/uploads\/2024\/11\/MO_High4_APE_RX_Lateral.jpg 1600w\" sizes=\"(max-width: 1024px) 100vw, 1024px\" \/><\/noscript><figcaption class=\"wp-element-caption\">Anteojos de receta Reef &#8211; Modelo High 4<\/figcaption><\/figure>\n<\/figure>\n\n\n\n<p>Cuando se trata de deportes y actividades al aire libre, la comodidad resulta fundamental. Los <strong>anteojos<\/strong> <strong>Reef<\/strong> no solo cumplen con los m\u00e1s altos est\u00e1ndares de protecci\u00f3n, tambi\u00e9n ofrecen una comodidad excepcional gracias a sus materiales livianos y dise\u00f1os ergon\u00f3micos. Con armazones que se adaptan perfectamente a la forma de tu rostro, estos anteojos permanecen firmes en su lugar, incluso durante las actividades m\u00e1s intensas.<\/p>\n\n\n\n<p>Adem\u00e1s, <strong>Reef<\/strong> ofrece una variedad de modelos y colores para todos los gustos y necesidades. Si te encantan los deportes acu\u00e1ticos, los <strong>anteojos<\/strong> <strong>con<\/strong> <strong>cristales<\/strong> <strong>polarizados<\/strong> son la opci\u00f3n ideal porque reducen el deslumbramiento por el agua y mejoran la claridad visual. Por otro lado, si prefer\u00eds un estilo m\u00e1s informal pero funcional, tambi\u00e9n hay opciones perfectas para el uso diario.<\/p>\n\n\n\n<p>Nuestras <strong>\u00f3pticas<\/strong> est\u00e1n ubicadas en <a href=\"https:\/\/www.nuevavisionopticas.com.ar\/optica-san-isidro.html\">San Isidro<\/a>, <a href=\"https:\/\/www.nuevavisionopticas.com.ar\/optica-las-lomas-de-san-isidro.html\">Lomas de San Isidro<\/a>, <a href=\"https:\/\/www.nuevavisionopticas.com.ar\/optica-martinez.html\">Mart\u00ednez<\/a>, <a href=\"https:\/\/www.nuevavisionopticas.com.ar\/optica-la-lucila.html\">La Lucila<\/a>, <a href=\"https:\/\/www.nuevavisionopticas.com.ar\/optica-recoleta.html\">Recoleta<\/a>, <a href=\"https:\/\/www.nuevavisionopticas.com.ar\/optica-barrio-norte.html\">Barrio Norte<\/a> y <a href=\"https:\/\/www.nuevavisionopticas.com.ar\/optica-belgrano.html\">Belgrano<\/a>, en <strong>zona norte<\/strong> de la <strong>provincia<\/strong> <strong>de<\/strong> <strong>Buenos<\/strong> <strong>Aires<\/strong> y en <strong>Capital Federal<\/strong>. \u00a1Ven\u00ed a visitarnos!<\/p>\n","protected":false},"excerpt":{"rendered":"<p>El verano ya nos est\u00e1 tocando la puerta (knock, knock) y las actividades al aire libre empiezan a ser cada vez m\u00e1s, por eso es esencial elegir el anteojo adecuado para disfrutar de cada momento al m\u00e1ximo y con protecci\u00f3n \u00f3ptima. Los anteojos de sol Reef son una de las mejores opciones para las personas que buscan estilo, comodidad y funcionalidad. Esta marca, conocida por su \u00edntima relaci\u00f3n con el deporte y la vida al aire libre, crea a\u00f1o tras [&hellip;]<\/p>\n","protected":false},"author":1,"featured_media":3636,"comment_status":"open","ping_status":"open","sticky":false,"template":"","format":"standard","meta":{"_monsterinsights_skip_tracking":false,"_monsterinsights_sitenote_active":false,"_monsterinsights_sitenote_note":"","_monsterinsights_sitenote_category":0,"footnotes":""},"categories":[4,10,15],"tags":[23,29],"class_list":["post-3635","post","type-post","status-publish","format-standard","has-post-thumbnail","hentry","category-anteojos-de-sol","category-anteojos-recetados","category-marcas","tag-anteojos-de-sol","tag-anteojos-recetados"],"yoast_head":"<!-- This site is optimized with the Yoast SEO plugin v27.3 - https:\/\/yoast.com\/product\/yoast-seo-wordpress\/ -->\n<title>Reef: la mejor elecci\u00f3n de anteojos para el verano y los deportes &#8211; Blog de \u00f3ptica<\/title>\n<meta name=\"robots\" content=\"index, follow, max-snippet:-1, max-image-preview:large, max-video-preview:-1\" \/>\n<link rel=\"canonical\" href=\"http:\/\/www.nuevavisionopticas.com.ar\/blog-de-optica\/2024\/11\/reef-la-mejor-eleccion-de-anteojos-para-el-verano-y-los-deportes\/\" \/>\n<meta property=\"og:locale\" content=\"es_ES\" \/>\n<meta property=\"og:type\" content=\"article\" \/>\n<meta property=\"og:title\" content=\"Reef: la mejor elecci\u00f3n de anteojos para el verano y los deportes &#8211; Blog de \u00f3ptica\" \/>\n<meta property=\"og:description\" content=\"El verano ya nos est\u00e1 tocando la puerta (knock, knock) y las actividades al aire libre empiezan a ser cada vez m\u00e1s, por eso es esencial elegir el anteojo adecuado para disfrutar de cada momento al m\u00e1ximo y con protecci\u00f3n \u00f3ptima. Los anteojos de sol Reef son una de las mejores opciones para las personas que buscan estilo, comodidad y funcionalidad. Esta marca, conocida por su \u00edntima relaci\u00f3n con el deporte y la vida al aire libre, crea a\u00f1o tras [&hellip;]\" \/>\n<meta property=\"og:url\" content=\"http:\/\/www.nuevavisionopticas.com.ar\/blog-de-optica\/2024\/11\/reef-la-mejor-eleccion-de-anteojos-para-el-verano-y-los-deportes\/\" \/>\n<meta property=\"og:site_name\" content=\"Blog de \u00f3ptica\" \/>\n<meta property=\"article:publisher\" content=\"https:\/\/www.facebook.com\/nuevavisionarg\" \/>\n<meta property=\"article:published_time\" content=\"2024-11-11T22:08:06+00:00\" \/>\n<meta property=\"article:modified_time\" content=\"2024-11-11T22:12:24+00:00\" \/>\n<meta property=\"og:image\" content=\"http:\/\/www.nuevavisionopticas.com.ar\/blog-de-optica\/wp-content\/uploads\/2024\/11\/POST-10.jpg\" \/>\n\t<meta property=\"og:image:width\" content=\"1600\" \/>\n\t<meta property=\"og:image:height\" content=\"1600\" \/>\n\t<meta property=\"og:image:type\" content=\"image\/jpeg\" \/>\n<meta name=\"author\" content=\"admin_optica\" \/>\n<meta name=\"twitter:card\" content=\"summary_large_image\" \/>\n<meta name=\"twitter:label1\" content=\"Escrito por\" \/>\n\t<meta name=\"twitter:data1\" content=\"admin_optica\" \/>\n\t<meta name=\"twitter:label2\" content=\"Tiempo de lectura\" \/>\n\t<meta name=\"twitter:data2\" content=\"6 minutos\" \/>\n<script type=\"application\/ld+json\" class=\"yoast-schema-graph\">{\"@context\":\"https:\\\/\\\/schema.org\",\"@graph\":[{\"@type\":\"Article\",\"@id\":\"http:\\\/\\\/www.nuevavisionopticas.com.ar\\\/blog-de-optica\\\/2024\\\/11\\\/reef-la-mejor-eleccion-de-anteojos-para-el-verano-y-los-deportes\\\/#article\",\"isPartOf\":{\"@id\":\"http:\\\/\\\/www.nuevavisionopticas.com.ar\\\/blog-de-optica\\\/2024\\\/11\\\/reef-la-mejor-eleccion-de-anteojos-para-el-verano-y-los-deportes\\\/\"},\"author\":{\"name\":\"admin_optica\",\"@id\":\"http:\\\/\\\/www.nuevavisionopticas.com.ar\\\/blog-de-optica\\\/#\\\/schema\\\/person\\\/2d6fbd00282cbc8fdd54058894af4341\"},\"headline\":\"Reef: la mejor elecci\u00f3n de anteojos para el verano y los deportes\",\"datePublished\":\"2024-11-11T22:08:06+00:00\",\"dateModified\":\"2024-11-11T22:12:24+00:00\",\"mainEntityOfPage\":{\"@id\":\"http:\\\/\\\/www.nuevavisionopticas.com.ar\\\/blog-de-optica\\\/2024\\\/11\\\/reef-la-mejor-eleccion-de-anteojos-para-el-verano-y-los-deportes\\\/\"},\"wordCount\":708,\"commentCount\":0,\"publisher\":{\"@id\":\"http:\\\/\\\/www.nuevavisionopticas.com.ar\\\/blog-de-optica\\\/#organization\"},\"image\":{\"@id\":\"http:\\\/\\\/www.nuevavisionopticas.com.ar\\\/blog-de-optica\\\/2024\\\/11\\\/reef-la-mejor-eleccion-de-anteojos-para-el-verano-y-los-deportes\\\/#primaryimage\"},\"thumbnailUrl\":\"https:\\\/\\\/www.nuevavisionopticas.com.ar\\\/blog-de-optica\\\/wp-content\\\/uploads\\\/2024\\\/11\\\/POST-10.jpg\",\"keywords\":[\"anteojos de sol\",\"anteojos recetados\"],\"articleSection\":[\"Anteojos de Sol\",\"anteojos recetados\",\"marcas\"],\"inLanguage\":\"es\",\"potentialAction\":[{\"@type\":\"CommentAction\",\"name\":\"Comment\",\"target\":[\"http:\\\/\\\/www.nuevavisionopticas.com.ar\\\/blog-de-optica\\\/2024\\\/11\\\/reef-la-mejor-eleccion-de-anteojos-para-el-verano-y-los-deportes\\\/#respond\"]}]},{\"@type\":\"WebPage\",\"@id\":\"http:\\\/\\\/www.nuevavisionopticas.com.ar\\\/blog-de-optica\\\/2024\\\/11\\\/reef-la-mejor-eleccion-de-anteojos-para-el-verano-y-los-deportes\\\/\",\"url\":\"http:\\\/\\\/www.nuevavisionopticas.com.ar\\\/blog-de-optica\\\/2024\\\/11\\\/reef-la-mejor-eleccion-de-anteojos-para-el-verano-y-los-deportes\\\/\",\"name\":\"Reef: la mejor elecci\u00f3n de anteojos para el verano y los deportes &#8211; Blog de \u00f3ptica\",\"isPartOf\":{\"@id\":\"http:\\\/\\\/www.nuevavisionopticas.com.ar\\\/blog-de-optica\\\/#website\"},\"primaryImageOfPage\":{\"@id\":\"http:\\\/\\\/www.nuevavisionopticas.com.ar\\\/blog-de-optica\\\/2024\\\/11\\\/reef-la-mejor-eleccion-de-anteojos-para-el-verano-y-los-deportes\\\/#primaryimage\"},\"image\":{\"@id\":\"http:\\\/\\\/www.nuevavisionopticas.com.ar\\\/blog-de-optica\\\/2024\\\/11\\\/reef-la-mejor-eleccion-de-anteojos-para-el-verano-y-los-deportes\\\/#primaryimage\"},\"thumbnailUrl\":\"https:\\\/\\\/www.nuevavisionopticas.com.ar\\\/blog-de-optica\\\/wp-content\\\/uploads\\\/2024\\\/11\\\/POST-10.jpg\",\"datePublished\":\"2024-11-11T22:08:06+00:00\",\"dateModified\":\"2024-11-11T22:12:24+00:00\",\"breadcrumb\":{\"@id\":\"http:\\\/\\\/www.nuevavisionopticas.com.ar\\\/blog-de-optica\\\/2024\\\/11\\\/reef-la-mejor-eleccion-de-anteojos-para-el-verano-y-los-deportes\\\/#breadcrumb\"},\"inLanguage\":\"es\",\"potentialAction\":[{\"@type\":\"ReadAction\",\"target\":[\"http:\\\/\\\/www.nuevavisionopticas.com.ar\\\/blog-de-optica\\\/2024\\\/11\\\/reef-la-mejor-eleccion-de-anteojos-para-el-verano-y-los-deportes\\\/\"]}]},{\"@type\":\"ImageObject\",\"inLanguage\":\"es\",\"@id\":\"http:\\\/\\\/www.nuevavisionopticas.com.ar\\\/blog-de-optica\\\/2024\\\/11\\\/reef-la-mejor-eleccion-de-anteojos-para-el-verano-y-los-deportes\\\/#primaryimage\",\"url\":\"https:\\\/\\\/www.nuevavisionopticas.com.ar\\\/blog-de-optica\\\/wp-content\\\/uploads\\\/2024\\\/11\\\/POST-10.jpg\",\"contentUrl\":\"https:\\\/\\\/www.nuevavisionopticas.com.ar\\\/blog-de-optica\\\/wp-content\\\/uploads\\\/2024\\\/11\\\/POST-10.jpg\",\"width\":1600,\"height\":1600,\"caption\":\"Reef: la mejor elecci\u00f3n de anteojos para el verano y los deportes\"},{\"@type\":\"BreadcrumbList\",\"@id\":\"http:\\\/\\\/www.nuevavisionopticas.com.ar\\\/blog-de-optica\\\/2024\\\/11\\\/reef-la-mejor-eleccion-de-anteojos-para-el-verano-y-los-deportes\\\/#breadcrumb\",\"itemListElement\":[{\"@type\":\"ListItem\",\"position\":1,\"name\":\"Portada\",\"item\":\"http:\\\/\\\/www.nuevavisionopticas.com.ar\\\/blog-de-optica\\\/\"},{\"@type\":\"ListItem\",\"position\":2,\"name\":\"Reef: la mejor elecci\u00f3n de anteojos para el verano y los deportes\"}]},{\"@type\":\"WebSite\",\"@id\":\"http:\\\/\\\/www.nuevavisionopticas.com.ar\\\/blog-de-optica\\\/#website\",\"url\":\"http:\\\/\\\/www.nuevavisionopticas.com.ar\\\/blog-de-optica\\\/\",\"name\":\"Blog de \u00f3ptica\",\"description\":\"Nueva Visi\u00f3n \u00d3pticas\",\"publisher\":{\"@id\":\"http:\\\/\\\/www.nuevavisionopticas.com.ar\\\/blog-de-optica\\\/#organization\"},\"potentialAction\":[{\"@type\":\"SearchAction\",\"target\":{\"@type\":\"EntryPoint\",\"urlTemplate\":\"http:\\\/\\\/www.nuevavisionopticas.com.ar\\\/blog-de-optica\\\/?s={search_term_string}\"},\"query-input\":{\"@type\":\"PropertyValueSpecification\",\"valueRequired\":true,\"valueName\":\"search_term_string\"}}],\"inLanguage\":\"es\"},{\"@type\":\"Organization\",\"@id\":\"http:\\\/\\\/www.nuevavisionopticas.com.ar\\\/blog-de-optica\\\/#organization\",\"name\":\"Nueva Visi\u00f3n \u00d3pticas\",\"url\":\"http:\\\/\\\/www.nuevavisionopticas.com.ar\\\/blog-de-optica\\\/\",\"logo\":{\"@type\":\"ImageObject\",\"inLanguage\":\"es\",\"@id\":\"http:\\\/\\\/www.nuevavisionopticas.com.ar\\\/blog-de-optica\\\/#\\\/schema\\\/logo\\\/image\\\/\",\"url\":\"https:\\\/\\\/www.nuevavisionopticas.com.ar\\\/blog-de-optica\\\/wp-content\\\/uploads\\\/2021\\\/07\\\/logo-blanco-nueva-vision.png\",\"contentUrl\":\"https:\\\/\\\/www.nuevavisionopticas.com.ar\\\/blog-de-optica\\\/wp-content\\\/uploads\\\/2021\\\/07\\\/logo-blanco-nueva-vision.png\",\"width\":181,\"height\":46,\"caption\":\"Nueva Visi\u00f3n \u00d3pticas\"},\"image\":{\"@id\":\"http:\\\/\\\/www.nuevavisionopticas.com.ar\\\/blog-de-optica\\\/#\\\/schema\\\/logo\\\/image\\\/\"},\"sameAs\":[\"https:\\\/\\\/www.facebook.com\\\/nuevavisionarg\",\"https:\\\/\\\/www.instagram.com\\\/nuevavisionarg\"]},{\"@type\":\"Person\",\"@id\":\"http:\\\/\\\/www.nuevavisionopticas.com.ar\\\/blog-de-optica\\\/#\\\/schema\\\/person\\\/2d6fbd00282cbc8fdd54058894af4341\",\"name\":\"admin_optica\",\"image\":{\"@type\":\"ImageObject\",\"inLanguage\":\"es\",\"@id\":\"https:\\\/\\\/secure.gravatar.com\\\/avatar\\\/e33974a79b80e7fe593e5cf53cb2160fcb165380bed6475ed9144c295430f76c?s=96&d=mm&r=g\",\"url\":\"https:\\\/\\\/secure.gravatar.com\\\/avatar\\\/e33974a79b80e7fe593e5cf53cb2160fcb165380bed6475ed9144c295430f76c?s=96&d=mm&r=g\",\"contentUrl\":\"https:\\\/\\\/secure.gravatar.com\\\/avatar\\\/e33974a79b80e7fe593e5cf53cb2160fcb165380bed6475ed9144c295430f76c?s=96&d=mm&r=g\",\"caption\":\"admin_optica\"}}]}<\/script>\n<!-- \/ Yoast SEO plugin. -->","yoast_head_json":{"title":"Reef: la mejor elecci\u00f3n de anteojos para el verano y los deportes &#8211; Blog de \u00f3ptica","robots":{"index":"index","follow":"follow","max-snippet":"max-snippet:-1","max-image-preview":"max-image-preview:large","max-video-preview":"max-video-preview:-1"},"canonical":"http:\/\/www.nuevavisionopticas.com.ar\/blog-de-optica\/2024\/11\/reef-la-mejor-eleccion-de-anteojos-para-el-verano-y-los-deportes\/","og_locale":"es_ES","og_type":"article","og_title":"Reef: la mejor elecci\u00f3n de anteojos para el verano y los deportes &#8211; Blog de \u00f3ptica","og_description":"El verano ya nos est\u00e1 tocando la puerta (knock, knock) y las actividades al aire libre empiezan a ser cada vez m\u00e1s, por eso es esencial elegir el anteojo adecuado para disfrutar de cada momento al m\u00e1ximo y con protecci\u00f3n \u00f3ptima. Los anteojos de sol Reef son una de las mejores opciones para las personas que buscan estilo, comodidad y funcionalidad. Esta marca, conocida por su \u00edntima relaci\u00f3n con el deporte y la vida al aire libre, crea a\u00f1o tras [&hellip;]","og_url":"http:\/\/www.nuevavisionopticas.com.ar\/blog-de-optica\/2024\/11\/reef-la-mejor-eleccion-de-anteojos-para-el-verano-y-los-deportes\/","og_site_name":"Blog de \u00f3ptica","article_publisher":"https:\/\/www.facebook.com\/nuevavisionarg","article_published_time":"2024-11-11T22:08:06+00:00","article_modified_time":"2024-11-11T22:12:24+00:00","og_image":[{"width":1600,"height":1600,"url":"http:\/\/www.nuevavisionopticas.com.ar\/blog-de-optica\/wp-content\/uploads\/2024\/11\/POST-10.jpg","type":"image\/jpeg"}],"author":"admin_optica","twitter_card":"summary_large_image","twitter_misc":{"Escrito por":"admin_optica","Tiempo de lectura":"6 minutos"},"schema":{"@context":"https:\/\/schema.org","@graph":[{"@type":"Article","@id":"http:\/\/www.nuevavisionopticas.com.ar\/blog-de-optica\/2024\/11\/reef-la-mejor-eleccion-de-anteojos-para-el-verano-y-los-deportes\/#article","isPartOf":{"@id":"http:\/\/www.nuevavisionopticas.com.ar\/blog-de-optica\/2024\/11\/reef-la-mejor-eleccion-de-anteojos-para-el-verano-y-los-deportes\/"},"author":{"name":"admin_optica","@id":"http:\/\/www.nuevavisionopticas.com.ar\/blog-de-optica\/#\/schema\/person\/2d6fbd00282cbc8fdd54058894af4341"},"headline":"Reef: la mejor elecci\u00f3n de anteojos para el verano y los deportes","datePublished":"2024-11-11T22:08:06+00:00","dateModified":"2024-11-11T22:12:24+00:00","mainEntityOfPage":{"@id":"http:\/\/www.nuevavisionopticas.com.ar\/blog-de-optica\/2024\/11\/reef-la-mejor-eleccion-de-anteojos-para-el-verano-y-los-deportes\/"},"wordCount":708,"commentCount":0,"publisher":{"@id":"http:\/\/www.nuevavisionopticas.com.ar\/blog-de-optica\/#organization"},"image":{"@id":"http:\/\/www.nuevavisionopticas.com.ar\/blog-de-optica\/2024\/11\/reef-la-mejor-eleccion-de-anteojos-para-el-verano-y-los-deportes\/#primaryimage"},"thumbnailUrl":"https:\/\/www.nuevavisionopticas.com.ar\/blog-de-optica\/wp-content\/uploads\/2024\/11\/POST-10.jpg","keywords":["anteojos de sol","anteojos recetados"],"articleSection":["Anteojos de Sol","anteojos recetados","marcas"],"inLanguage":"es","potentialAction":[{"@type":"CommentAction","name":"Comment","target":["http:\/\/www.nuevavisionopticas.com.ar\/blog-de-optica\/2024\/11\/reef-la-mejor-eleccion-de-anteojos-para-el-verano-y-los-deportes\/#respond"]}]},{"@type":"WebPage","@id":"http:\/\/www.nuevavisionopticas.com.ar\/blog-de-optica\/2024\/11\/reef-la-mejor-eleccion-de-anteojos-para-el-verano-y-los-deportes\/","url":"http:\/\/www.nuevavisionopticas.com.ar\/blog-de-optica\/2024\/11\/reef-la-mejor-eleccion-de-anteojos-para-el-verano-y-los-deportes\/","name":"Reef: la mejor elecci\u00f3n de anteojos para el verano y los deportes &#8211; Blog de \u00f3ptica","isPartOf":{"@id":"http:\/\/www.nuevavisionopticas.com.ar\/blog-de-optica\/#website"},"primaryImageOfPage":{"@id":"http:\/\/www.nuevavisionopticas.com.ar\/blog-de-optica\/2024\/11\/reef-la-mejor-eleccion-de-anteojos-para-el-verano-y-los-deportes\/#primaryimage"},"image":{"@id":"http:\/\/www.nuevavisionopticas.com.ar\/blog-de-optica\/2024\/11\/reef-la-mejor-eleccion-de-anteojos-para-el-verano-y-los-deportes\/#primaryimage"},"thumbnailUrl":"https:\/\/www.nuevavisionopticas.com.ar\/blog-de-optica\/wp-content\/uploads\/2024\/11\/POST-10.jpg","datePublished":"2024-11-11T22:08:06+00:00","dateModified":"2024-11-11T22:12:24+00:00","breadcrumb":{"@id":"http:\/\/www.nuevavisionopticas.com.ar\/blog-de-optica\/2024\/11\/reef-la-mejor-eleccion-de-anteojos-para-el-verano-y-los-deportes\/#breadcrumb"},"inLanguage":"es","potentialAction":[{"@type":"ReadAction","target":["http:\/\/www.nuevavisionopticas.com.ar\/blog-de-optica\/2024\/11\/reef-la-mejor-eleccion-de-anteojos-para-el-verano-y-los-deportes\/"]}]},{"@type":"ImageObject","inLanguage":"es","@id":"http:\/\/www.nuevavisionopticas.com.ar\/blog-de-optica\/2024\/11\/reef-la-mejor-eleccion-de-anteojos-para-el-verano-y-los-deportes\/#primaryimage","url":"https:\/\/www.nuevavisionopticas.com.ar\/blog-de-optica\/wp-content\/uploads\/2024\/11\/POST-10.jpg","contentUrl":"https:\/\/www.nuevavisionopticas.com.ar\/blog-de-optica\/wp-content\/uploads\/2024\/11\/POST-10.jpg","width":1600,"height":1600,"caption":"Reef: la mejor elecci\u00f3n de anteojos para el verano y los deportes"},{"@type":"BreadcrumbList","@id":"http:\/\/www.nuevavisionopticas.com.ar\/blog-de-optica\/2024\/11\/reef-la-mejor-eleccion-de-anteojos-para-el-verano-y-los-deportes\/#breadcrumb","itemListElement":[{"@type":"ListItem","position":1,"name":"Portada","item":"http:\/\/www.nuevavisionopticas.com.ar\/blog-de-optica\/"},{"@type":"ListItem","position":2,"name":"Reef: la mejor elecci\u00f3n de anteojos para el verano y los deportes"}]},{"@type":"WebSite","@id":"http:\/\/www.nuevavisionopticas.com.ar\/blog-de-optica\/#website","url":"http:\/\/www.nuevavisionopticas.com.ar\/blog-de-optica\/","name":"Blog de \u00f3ptica","description":"Nueva Visi\u00f3n \u00d3pticas","publisher":{"@id":"http:\/\/www.nuevavisionopticas.com.ar\/blog-de-optica\/#organization"},"potentialAction":[{"@type":"SearchAction","target":{"@type":"EntryPoint","urlTemplate":"http:\/\/www.nuevavisionopticas.com.ar\/blog-de-optica\/?s={search_term_string}"},"query-input":{"@type":"PropertyValueSpecification","valueRequired":true,"valueName":"search_term_string"}}],"inLanguage":"es"},{"@type":"Organization","@id":"http:\/\/www.nuevavisionopticas.com.ar\/blog-de-optica\/#organization","name":"Nueva Visi\u00f3n \u00d3pticas","url":"http:\/\/www.nuevavisionopticas.com.ar\/blog-de-optica\/","logo":{"@type":"ImageObject","inLanguage":"es","@id":"http:\/\/www.nuevavisionopticas.com.ar\/blog-de-optica\/#\/schema\/logo\/image\/","url":"https:\/\/www.nuevavisionopticas.com.ar\/blog-de-optica\/wp-content\/uploads\/2021\/07\/logo-blanco-nueva-vision.png","contentUrl":"https:\/\/www.nuevavisionopticas.com.ar\/blog-de-optica\/wp-content\/uploads\/2021\/07\/logo-blanco-nueva-vision.png","width":181,"height":46,"caption":"Nueva Visi\u00f3n \u00d3pticas"},"image":{"@id":"http:\/\/www.nuevavisionopticas.com.ar\/blog-de-optica\/#\/schema\/logo\/image\/"},"sameAs":["https:\/\/www.facebook.com\/nuevavisionarg","https:\/\/www.instagram.com\/nuevavisionarg"]},{"@type":"Person","@id":"http:\/\/www.nuevavisionopticas.com.ar\/blog-de-optica\/#\/schema\/person\/2d6fbd00282cbc8fdd54058894af4341","name":"admin_optica","image":{"@type":"ImageObject","inLanguage":"es","@id":"https:\/\/secure.gravatar.com\/avatar\/e33974a79b80e7fe593e5cf53cb2160fcb165380bed6475ed9144c295430f76c?s=96&d=mm&r=g","url":"https:\/\/secure.gravatar.com\/avatar\/e33974a79b80e7fe593e5cf53cb2160fcb165380bed6475ed9144c295430f76c?s=96&d=mm&r=g","contentUrl":"https:\/\/secure.gravatar.com\/avatar\/e33974a79b80e7fe593e5cf53cb2160fcb165380bed6475ed9144c295430f76c?s=96&d=mm&r=g","caption":"admin_optica"}}]}},"_links":{"self":[{"href":"https:\/\/www.nuevavisionopticas.com.ar\/blog-de-optica\/wp-json\/wp\/v2\/posts\/3635","targetHints":{"allow":["GET"]}}],"collection":[{"href":"https:\/\/www.nuevavisionopticas.com.ar\/blog-de-optica\/wp-json\/wp\/v2\/posts"}],"about":[{"href":"https:\/\/www.nuevavisionopticas.com.ar\/blog-de-optica\/wp-json\/wp\/v2\/types\/post"}],"author":[{"embeddable":true,"href":"https:\/\/www.nuevavisionopticas.com.ar\/blog-de-optica\/wp-json\/wp\/v2\/users\/1"}],"replies":[{"embeddable":true,"href":"https:\/\/www.nuevavisionopticas.com.ar\/blog-de-optica\/wp-json\/wp\/v2\/comments?post=3635"}],"version-history":[{"count":1,"href":"https:\/\/www.nuevavisionopticas.com.ar\/blog-de-optica\/wp-json\/wp\/v2\/posts\/3635\/revisions"}],"predecessor-version":[{"id":3651,"href":"https:\/\/www.nuevavisionopticas.com.ar\/blog-de-optica\/wp-json\/wp\/v2\/posts\/3635\/revisions\/3651"}],"wp:featuredmedia":[{"embeddable":true,"href":"https:\/\/www.nuevavisionopticas.com.ar\/blog-de-optica\/wp-json\/wp\/v2\/media\/3636"}],"wp:attachment":[{"href":"https:\/\/www.nuevavisionopticas.com.ar\/blog-de-optica\/wp-json\/wp\/v2\/media?parent=3635"}],"wp:term":[{"taxonomy":"category","embeddable":true,"href":"https:\/\/www.nuevavisionopticas.com.ar\/blog-de-optica\/wp-json\/wp\/v2\/categories?post=3635"},{"taxonomy":"post_tag","embeddable":true,"href":"https:\/\/www.nuevavisionopticas.com.ar\/blog-de-optica\/wp-json\/wp\/v2\/tags?post=3635"}],"curies":[{"name":"wp","href":"https:\/\/api.w.org\/{rel}","templated":true}]}}