{"id":3666,"date":"2024-12-13T10:23:29","date_gmt":"2024-12-13T13:23:29","guid":{"rendered":"https:\/\/www.nuevavisionopticas.com.ar\/blog-de-optica\/?p=3666"},"modified":"2024-12-13T10:23:30","modified_gmt":"2024-12-13T13:23:30","slug":"una-buena-vision-es-clave-para-una-mejor-calidad-de-vida","status":"publish","type":"post","link":"https:\/\/www.nuevavisionopticas.com.ar\/blog-de-optica\/2024\/12\/una-buena-vision-es-clave-para-una-mejor-calidad-de-vida\/","title":{"rendered":"Una buena visi\u00f3n es clave para una mejor calidad de vida"},"content":{"rendered":"\n<figure class=\"wp-block-image size-large\"><img decoding=\"async\" src=\"data:image\/svg+xml,%3Csvg%20xmlns='http:\/\/www.w3.org\/2000\/svg'%20viewBox='0%200%20370%20247'%3E%3C\/svg%3E\" data-lazy-src=\"https:\/\/www.nuevavisionopticas.com.ar\/blog-de-optica\/wp-content\/uploads\/2024\/12\/elen-sher-Vql1CKzLR0s-unsplash-1024x683.jpg\" alt=\"Una buena visi\u00f3n es clave para una mejor calidad de vida\" class=\"zeen-lazy-load-base zeen-lazy-load wp-image-3667\"\/><noscript><img decoding=\"async\" width=\"1024\" height=\"683\" src=\"https:\/\/www.nuevavisionopticas.com.ar\/blog-de-optica\/wp-content\/uploads\/2024\/12\/elen-sher-Vql1CKzLR0s-unsplash-1024x683.jpg\" alt=\"Una buena visi\u00f3n es clave para una mejor calidad de vida\" class=\"wp-image-3667\" srcset=\"https:\/\/www.nuevavisionopticas.com.ar\/blog-de-optica\/wp-content\/uploads\/2024\/12\/elen-sher-Vql1CKzLR0s-unsplash-1024x683.jpg 1024w, https:\/\/www.nuevavisionopticas.com.ar\/blog-de-optica\/wp-content\/uploads\/2024\/12\/elen-sher-Vql1CKzLR0s-unsplash-300x200.jpg 300w, https:\/\/www.nuevavisionopticas.com.ar\/blog-de-optica\/wp-content\/uploads\/2024\/12\/elen-sher-Vql1CKzLR0s-unsplash-770x513.jpg 770w, https:\/\/www.nuevavisionopticas.com.ar\/blog-de-optica\/wp-content\/uploads\/2024\/12\/elen-sher-Vql1CKzLR0s-unsplash-1536x1024.jpg 1536w, https:\/\/www.nuevavisionopticas.com.ar\/blog-de-optica\/wp-content\/uploads\/2024\/12\/elen-sher-Vql1CKzLR0s-unsplash-360x240.jpg 360w, https:\/\/www.nuevavisionopticas.com.ar\/blog-de-optica\/wp-content\/uploads\/2024\/12\/elen-sher-Vql1CKzLR0s-unsplash-1155x770.jpg 1155w, https:\/\/www.nuevavisionopticas.com.ar\/blog-de-optica\/wp-content\/uploads\/2024\/12\/elen-sher-Vql1CKzLR0s-unsplash-351x234.jpg 351w, https:\/\/www.nuevavisionopticas.com.ar\/blog-de-optica\/wp-content\/uploads\/2024\/12\/elen-sher-Vql1CKzLR0s-unsplash-751x501.jpg 751w, https:\/\/www.nuevavisionopticas.com.ar\/blog-de-optica\/wp-content\/uploads\/2024\/12\/elen-sher-Vql1CKzLR0s-unsplash-1136x757.jpg 1136w, https:\/\/www.nuevavisionopticas.com.ar\/blog-de-optica\/wp-content\/uploads\/2024\/12\/elen-sher-Vql1CKzLR0s-unsplash-274x183.jpg 274w, https:\/\/www.nuevavisionopticas.com.ar\/blog-de-optica\/wp-content\/uploads\/2024\/12\/elen-sher-Vql1CKzLR0s-unsplash-1381x921.jpg 1381w, https:\/\/www.nuevavisionopticas.com.ar\/blog-de-optica\/wp-content\/uploads\/2024\/12\/elen-sher-Vql1CKzLR0s-unsplash-120x80.jpg 120w, https:\/\/www.nuevavisionopticas.com.ar\/blog-de-optica\/wp-content\/uploads\/2024\/12\/elen-sher-Vql1CKzLR0s-unsplash-240x160.jpg 240w, https:\/\/www.nuevavisionopticas.com.ar\/blog-de-optica\/wp-content\/uploads\/2024\/12\/elen-sher-Vql1CKzLR0s-unsplash-390x260.jpg 390w, https:\/\/www.nuevavisionopticas.com.ar\/blog-de-optica\/wp-content\/uploads\/2024\/12\/elen-sher-Vql1CKzLR0s-unsplash.jpg 1600w\" sizes=\"(max-width: 1024px) 100vw, 1024px\" \/><\/noscript><figcaption class=\"wp-element-caption\">Una buena visi\u00f3n es clave para una mejor calidad de vida<\/figcaption><\/figure>\n\n\n\n<p>Este&nbsp;<strong>13 de diciembre<\/strong>, los&nbsp;<strong>\u00f3pticos optometristas celebran el d\u00eda de su patrona<\/strong>,&nbsp;<strong>Santa Otilia<\/strong>. Seg\u00fan dicen los textos, Otilia naci\u00f3 ciega (siglo VII DC) y por este motivo fue repudiada por su padre. Ingres\u00f3 en un monasterio y, al ser bautizada a los 12 a\u00f1os y tocar los santos \u00f3leos, sus ojos recuperaron la vista. Por ello la llamaron Otilia, que significa \u00ab<strong>hija de la luz<\/strong>\u00bb.<\/p>\n\n\n\n<p>No pueden hacer milagros, pero los \u00f3pticos optometristas, desde cualquier tipo de puesto de trabajo, ya sea en&nbsp;<strong>establecimientos sanitarios de \u00f3ptica, cl\u00ednicas oftalmol\u00f3gicas o sanidad p\u00fablica<\/strong>, \u00abqueremos&nbsp;<strong>cuidar al m\u00e1ximo la salud de vuestros ojos<\/strong>,&nbsp;<strong>vuestra visi\u00f3n<\/strong>,&nbsp;<strong>compensar los defectos refractivos<\/strong>&nbsp;(miop\u00eda, hipermetrop\u00eda, astigmatismo, presbicia), compensar las deficiencias de binocularidad (ambliop\u00eda u ojo vago, convergencia, divergencia, acomodaci\u00f3n),&nbsp;<strong>mejorar la higiene ocular<\/strong>&nbsp;<strong>y<\/strong>&nbsp;<strong>visual<\/strong>, y&nbsp;<strong>prevenir otras posibles afecciones<\/strong>&nbsp;mediante la detecci\u00f3n temprana de los problemas que los ojos puedan tener\u00bb, se\u00f1alan desde el&nbsp;<strong>Colegio de \u00d3pticos Optometristas de Arag\u00f3n<\/strong>.<\/p>\n\n\n\n<p>Tambi\u00e9n desde la entidad colegial celebran que \u00abpor fin este a\u00f1o se han consolidado<strong>&nbsp;varias plazas dentro de la sanidad p\u00fablica aragonesa<\/strong>, lo cual esper\u00e1bamos desde el a\u00f1o 2017 cuando se reconoci\u00f3 la condici\u00f3n de personal estatutario para nuestra profesi\u00f3n\u00bb. Desde el colegio esperan, adem\u00e1s, que la ampliaci\u00f3n de estas plazas \u00abno tarde tanto tiempo como su primera aparici\u00f3n, sabiendo que&nbsp;<strong>hay m\u00e1s profesionales \u00f3pticos optometristas trabajando en el Salud<\/strong>&nbsp;desde ya hace tiempo, pero&nbsp;<strong>sin plaza fija<\/strong>\u00bb. Al igual que en el resto de las comunidades, \u00abse ha visto que<strong>&nbsp;su inclusi\u00f3n en el sector p\u00fablico mejora y hace m\u00e1s r\u00e1pida la calidad asistencial<\/strong>\u00bb.<\/p>\n\n\n\n<h2 class=\"wp-block-heading\">Charlas y recomendaciones<\/h2>\n\n\n\n<p>De nuevo este a\u00f1o, el<strong>&nbsp;Colegio de \u00d3pticos Optometristas de Arag\u00f3n&nbsp;<\/strong>ha realizado&nbsp;<strong>charlas en muchos colegios&nbsp;<\/strong>para intentar que&nbsp;<strong>padres y educadores&nbsp;<\/strong>sepan advertir las&nbsp;<strong>se\u00f1ales<\/strong>&nbsp;<strong>de que sus hijos o alumnos<\/strong>&nbsp;<strong>no tienen una buena visi\u00f3n<\/strong>&nbsp;y poder<strong>&nbsp;enviarlos al \u00f3ptico optometrista para su evaluaci\u00f3n<\/strong>. Tambi\u00e9n han impartido charlas en las&nbsp;<strong>Facultades de Educaci\u00f3n<\/strong>&nbsp;para formar a los futuros maestros en esta detecci\u00f3n y que los ni\u00f1os no tengan problemas de aprendizaje por alg\u00fan problema visual. \u00abSabemos a ciencia cierta que muchos de los ni\u00f1os, no todos, con problemas de aprendizaje sufren alg\u00fan trastorno visual. Algunos de estos problemas se solucionan con&nbsp;<strong>gafas o lentillas<\/strong>, pero otros necesitan una&nbsp;<strong>rehabilitaci\u00f3n o terapia visual&nbsp;<\/strong>para su mejora\u00bb, apuntan.<\/p>\n\n\n\n<p>Para esta&nbsp;<strong>prevenci\u00f3n<\/strong>,&nbsp;<strong>el organismo recomienda realizar revisiones anuales a ni\u00f1os y adolescentes,&nbsp;<\/strong>porque muchas veces no saben comunicar sus problemas. \u00abTanto j\u00f3venes como adultos, ante cualquier s\u00edntoma o problema ocular o visual, deben consultar a su&nbsp;<strong>\u00f3ptico optometrista<\/strong>&nbsp;para que realice un&nbsp;<strong>estudio y d\u00e9 la soluci\u00f3n m\u00e1s adecuada<\/strong>, ya sea en forma de gafas, lentes de contacto, terapia o rehabilitaci\u00f3n visual, otros tipos de ayudas \u00f3pticas o derivaci\u00f3n a otros profesionales de la salud\u00bb.<\/p>\n\n\n\n<p>Dentro de estos problemas oculares est\u00e1 la llamada \u00ab<strong>pandemia de la miop\u00eda<\/strong>\u00bb. Algo que hay que controlar, no porque haya que usar gafas o lentillas para poder ver, sino por<strong>&nbsp;el riesgo que tienen los ojos de padecer m\u00e1s patolog\u00edas oculares cuanto m\u00e1s alta es la miop\u00eda<\/strong>. \u00abDesde hace un tiempo ya tenemos armas para frenar este aumento de miop\u00eda con&nbsp;<strong>gafas o lentillas de desenfoque perif\u00e9rico y ortoqueratolog\u00eda<\/strong>, que ya tienen un aval cient\u00edfico que demuestra que son&nbsp;<strong>efectivas<\/strong>\u00bb.<\/p>\n\n\n\n<p>Por \u00faltimo, desde el colegio desean hacen menci\u00f3n a la grave cat\u00e1strofe sufrida por la&nbsp;<strong>DANA<\/strong>&nbsp;en la&nbsp;<strong>Comunidad Valenciana<\/strong>&nbsp;y otras&nbsp;<strong>regiones lim\u00edtrofes<\/strong>, \u00absobre todo por las&nbsp;<strong>p\u00e9rdidas personales<\/strong>, y tambi\u00e9n ha afectado a&nbsp;<strong>compa\u00f1eros y sus establecimientos<\/strong>. Nuestro apoyo para todos ellos\u00bb, indican desde el colegio.<\/p>\n\n\n\n<p>Fuente: <a href=\"https:\/\/www.elperiodicodearagon.com\/aragon\/2024\/12\/13\/buena-vision-clave-mejor-calidad-112310891.html\">El Peri\u00f3dico de Arag\u00f3n<\/a><\/p>\n\n\n\n<p><\/p>\n","protected":false},"excerpt":{"rendered":"<p>Este&nbsp;13 de diciembre, los&nbsp;\u00f3pticos optometristas celebran el d\u00eda de su patrona,&nbsp;Santa Otilia. Seg\u00fan dicen los textos, Otilia naci\u00f3 ciega (siglo VII DC) y por este motivo fue repudiada por su padre. Ingres\u00f3 en un monasterio y, al ser bautizada a los 12 a\u00f1os y tocar los santos \u00f3leos, sus ojos recuperaron la vista. Por ello la llamaron Otilia, que significa \u00abhija de la luz\u00bb. No pueden hacer milagros, pero los \u00f3pticos optometristas, desde cualquier tipo de puesto de trabajo, ya [&hellip;]<\/p>\n","protected":false},"author":1,"featured_media":3667,"comment_status":"open","ping_status":"open","sticky":false,"template":"","format":"standard","meta":{"_monsterinsights_skip_tracking":false,"_monsterinsights_sitenote_active":false,"_monsterinsights_sitenote_note":"","_monsterinsights_sitenote_category":0,"footnotes":""},"categories":[19],"tags":[59],"class_list":["post-3666","post","type-post","status-publish","format-standard","has-post-thumbnail","hentry","category-salud-visual","tag-salud-visual"],"yoast_head":"<!-- This site is optimized with the Yoast SEO plugin v27.3 - https:\/\/yoast.com\/product\/yoast-seo-wordpress\/ -->\n<title>Una buena visi\u00f3n es clave para una mejor calidad de vida &#8211; Blog de \u00f3ptica<\/title>\n<meta name=\"robots\" content=\"index, follow, max-snippet:-1, max-image-preview:large, max-video-preview:-1\" \/>\n<link rel=\"canonical\" href=\"https:\/\/www.nuevavisionopticas.com.ar\/blog-de-optica\/2024\/12\/una-buena-vision-es-clave-para-una-mejor-calidad-de-vida\/\" \/>\n<meta property=\"og:locale\" content=\"es_ES\" \/>\n<meta property=\"og:type\" content=\"article\" \/>\n<meta property=\"og:title\" content=\"Una buena visi\u00f3n es clave para una mejor calidad de vida &#8211; Blog de \u00f3ptica\" \/>\n<meta property=\"og:description\" content=\"Este&nbsp;13 de diciembre, los&nbsp;\u00f3pticos optometristas celebran el d\u00eda de su patrona,&nbsp;Santa Otilia. Seg\u00fan dicen los textos, Otilia naci\u00f3 ciega (siglo VII DC) y por este motivo fue repudiada por su padre. Ingres\u00f3 en un monasterio y, al ser bautizada a los 12 a\u00f1os y tocar los santos \u00f3leos, sus ojos recuperaron la vista. Por ello la llamaron Otilia, que significa \u00abhija de la luz\u00bb. No pueden hacer milagros, pero los \u00f3pticos optometristas, desde cualquier tipo de puesto de trabajo, ya [&hellip;]\" \/>\n<meta property=\"og:url\" content=\"https:\/\/www.nuevavisionopticas.com.ar\/blog-de-optica\/2024\/12\/una-buena-vision-es-clave-para-una-mejor-calidad-de-vida\/\" \/>\n<meta property=\"og:site_name\" content=\"Blog de \u00f3ptica\" \/>\n<meta property=\"article:publisher\" content=\"https:\/\/www.facebook.com\/nuevavisionarg\" \/>\n<meta property=\"article:published_time\" content=\"2024-12-13T13:23:29+00:00\" \/>\n<meta property=\"article:modified_time\" content=\"2024-12-13T13:23:30+00:00\" \/>\n<meta property=\"og:image\" content=\"https:\/\/www.nuevavisionopticas.com.ar\/blog-de-optica\/wp-content\/uploads\/2024\/12\/elen-sher-Vql1CKzLR0s-unsplash.jpg\" \/>\n\t<meta property=\"og:image:width\" content=\"1600\" \/>\n\t<meta property=\"og:image:height\" content=\"1067\" \/>\n\t<meta property=\"og:image:type\" content=\"image\/jpeg\" \/>\n<meta name=\"author\" content=\"admin_optica\" \/>\n<meta name=\"twitter:card\" content=\"summary_large_image\" \/>\n<meta name=\"twitter:label1\" content=\"Escrito por\" \/>\n\t<meta name=\"twitter:data1\" content=\"admin_optica\" \/>\n\t<meta name=\"twitter:label2\" content=\"Tiempo de lectura\" \/>\n\t<meta name=\"twitter:data2\" content=\"4 minutos\" \/>\n<script type=\"application\/ld+json\" class=\"yoast-schema-graph\">{\"@context\":\"https:\\\/\\\/schema.org\",\"@graph\":[{\"@type\":\"Article\",\"@id\":\"https:\\\/\\\/www.nuevavisionopticas.com.ar\\\/blog-de-optica\\\/2024\\\/12\\\/una-buena-vision-es-clave-para-una-mejor-calidad-de-vida\\\/#article\",\"isPartOf\":{\"@id\":\"https:\\\/\\\/www.nuevavisionopticas.com.ar\\\/blog-de-optica\\\/2024\\\/12\\\/una-buena-vision-es-clave-para-una-mejor-calidad-de-vida\\\/\"},\"author\":{\"name\":\"admin_optica\",\"@id\":\"http:\\\/\\\/www.nuevavisionopticas.com.ar\\\/blog-de-optica\\\/#\\\/schema\\\/person\\\/2d6fbd00282cbc8fdd54058894af4341\"},\"headline\":\"Una buena visi\u00f3n es clave para una mejor calidad de vida\",\"datePublished\":\"2024-12-13T13:23:29+00:00\",\"dateModified\":\"2024-12-13T13:23:30+00:00\",\"mainEntityOfPage\":{\"@id\":\"https:\\\/\\\/www.nuevavisionopticas.com.ar\\\/blog-de-optica\\\/2024\\\/12\\\/una-buena-vision-es-clave-para-una-mejor-calidad-de-vida\\\/\"},\"wordCount\":733,\"commentCount\":0,\"publisher\":{\"@id\":\"http:\\\/\\\/www.nuevavisionopticas.com.ar\\\/blog-de-optica\\\/#organization\"},\"image\":{\"@id\":\"https:\\\/\\\/www.nuevavisionopticas.com.ar\\\/blog-de-optica\\\/2024\\\/12\\\/una-buena-vision-es-clave-para-una-mejor-calidad-de-vida\\\/#primaryimage\"},\"thumbnailUrl\":\"https:\\\/\\\/www.nuevavisionopticas.com.ar\\\/blog-de-optica\\\/wp-content\\\/uploads\\\/2024\\\/12\\\/elen-sher-Vql1CKzLR0s-unsplash.jpg\",\"keywords\":[\"salud visual\"],\"articleSection\":[\"Salud Visual\"],\"inLanguage\":\"es\",\"potentialAction\":[{\"@type\":\"CommentAction\",\"name\":\"Comment\",\"target\":[\"https:\\\/\\\/www.nuevavisionopticas.com.ar\\\/blog-de-optica\\\/2024\\\/12\\\/una-buena-vision-es-clave-para-una-mejor-calidad-de-vida\\\/#respond\"]}]},{\"@type\":\"WebPage\",\"@id\":\"https:\\\/\\\/www.nuevavisionopticas.com.ar\\\/blog-de-optica\\\/2024\\\/12\\\/una-buena-vision-es-clave-para-una-mejor-calidad-de-vida\\\/\",\"url\":\"https:\\\/\\\/www.nuevavisionopticas.com.ar\\\/blog-de-optica\\\/2024\\\/12\\\/una-buena-vision-es-clave-para-una-mejor-calidad-de-vida\\\/\",\"name\":\"Una buena visi\u00f3n es clave para una mejor calidad de vida &#8211; Blog de \u00f3ptica\",\"isPartOf\":{\"@id\":\"http:\\\/\\\/www.nuevavisionopticas.com.ar\\\/blog-de-optica\\\/#website\"},\"primaryImageOfPage\":{\"@id\":\"https:\\\/\\\/www.nuevavisionopticas.com.ar\\\/blog-de-optica\\\/2024\\\/12\\\/una-buena-vision-es-clave-para-una-mejor-calidad-de-vida\\\/#primaryimage\"},\"image\":{\"@id\":\"https:\\\/\\\/www.nuevavisionopticas.com.ar\\\/blog-de-optica\\\/2024\\\/12\\\/una-buena-vision-es-clave-para-una-mejor-calidad-de-vida\\\/#primaryimage\"},\"thumbnailUrl\":\"https:\\\/\\\/www.nuevavisionopticas.com.ar\\\/blog-de-optica\\\/wp-content\\\/uploads\\\/2024\\\/12\\\/elen-sher-Vql1CKzLR0s-unsplash.jpg\",\"datePublished\":\"2024-12-13T13:23:29+00:00\",\"dateModified\":\"2024-12-13T13:23:30+00:00\",\"breadcrumb\":{\"@id\":\"https:\\\/\\\/www.nuevavisionopticas.com.ar\\\/blog-de-optica\\\/2024\\\/12\\\/una-buena-vision-es-clave-para-una-mejor-calidad-de-vida\\\/#breadcrumb\"},\"inLanguage\":\"es\",\"potentialAction\":[{\"@type\":\"ReadAction\",\"target\":[\"https:\\\/\\\/www.nuevavisionopticas.com.ar\\\/blog-de-optica\\\/2024\\\/12\\\/una-buena-vision-es-clave-para-una-mejor-calidad-de-vida\\\/\"]}]},{\"@type\":\"ImageObject\",\"inLanguage\":\"es\",\"@id\":\"https:\\\/\\\/www.nuevavisionopticas.com.ar\\\/blog-de-optica\\\/2024\\\/12\\\/una-buena-vision-es-clave-para-una-mejor-calidad-de-vida\\\/#primaryimage\",\"url\":\"https:\\\/\\\/www.nuevavisionopticas.com.ar\\\/blog-de-optica\\\/wp-content\\\/uploads\\\/2024\\\/12\\\/elen-sher-Vql1CKzLR0s-unsplash.jpg\",\"contentUrl\":\"https:\\\/\\\/www.nuevavisionopticas.com.ar\\\/blog-de-optica\\\/wp-content\\\/uploads\\\/2024\\\/12\\\/elen-sher-Vql1CKzLR0s-unsplash.jpg\",\"width\":1600,\"height\":1067,\"caption\":\"Una buena visi\u00f3n es clave para una mejor calidad de vida\"},{\"@type\":\"BreadcrumbList\",\"@id\":\"https:\\\/\\\/www.nuevavisionopticas.com.ar\\\/blog-de-optica\\\/2024\\\/12\\\/una-buena-vision-es-clave-para-una-mejor-calidad-de-vida\\\/#breadcrumb\",\"itemListElement\":[{\"@type\":\"ListItem\",\"position\":1,\"name\":\"Portada\",\"item\":\"http:\\\/\\\/www.nuevavisionopticas.com.ar\\\/blog-de-optica\\\/\"},{\"@type\":\"ListItem\",\"position\":2,\"name\":\"Una buena visi\u00f3n es clave para una mejor calidad de vida\"}]},{\"@type\":\"WebSite\",\"@id\":\"http:\\\/\\\/www.nuevavisionopticas.com.ar\\\/blog-de-optica\\\/#website\",\"url\":\"http:\\\/\\\/www.nuevavisionopticas.com.ar\\\/blog-de-optica\\\/\",\"name\":\"Blog de \u00f3ptica\",\"description\":\"Nueva Visi\u00f3n \u00d3pticas\",\"publisher\":{\"@id\":\"http:\\\/\\\/www.nuevavisionopticas.com.ar\\\/blog-de-optica\\\/#organization\"},\"potentialAction\":[{\"@type\":\"SearchAction\",\"target\":{\"@type\":\"EntryPoint\",\"urlTemplate\":\"http:\\\/\\\/www.nuevavisionopticas.com.ar\\\/blog-de-optica\\\/?s={search_term_string}\"},\"query-input\":{\"@type\":\"PropertyValueSpecification\",\"valueRequired\":true,\"valueName\":\"search_term_string\"}}],\"inLanguage\":\"es\"},{\"@type\":\"Organization\",\"@id\":\"http:\\\/\\\/www.nuevavisionopticas.com.ar\\\/blog-de-optica\\\/#organization\",\"name\":\"Nueva Visi\u00f3n \u00d3pticas\",\"url\":\"http:\\\/\\\/www.nuevavisionopticas.com.ar\\\/blog-de-optica\\\/\",\"logo\":{\"@type\":\"ImageObject\",\"inLanguage\":\"es\",\"@id\":\"http:\\\/\\\/www.nuevavisionopticas.com.ar\\\/blog-de-optica\\\/#\\\/schema\\\/logo\\\/image\\\/\",\"url\":\"https:\\\/\\\/www.nuevavisionopticas.com.ar\\\/blog-de-optica\\\/wp-content\\\/uploads\\\/2021\\\/07\\\/logo-blanco-nueva-vision.png\",\"contentUrl\":\"https:\\\/\\\/www.nuevavisionopticas.com.ar\\\/blog-de-optica\\\/wp-content\\\/uploads\\\/2021\\\/07\\\/logo-blanco-nueva-vision.png\",\"width\":181,\"height\":46,\"caption\":\"Nueva Visi\u00f3n \u00d3pticas\"},\"image\":{\"@id\":\"http:\\\/\\\/www.nuevavisionopticas.com.ar\\\/blog-de-optica\\\/#\\\/schema\\\/logo\\\/image\\\/\"},\"sameAs\":[\"https:\\\/\\\/www.facebook.com\\\/nuevavisionarg\",\"https:\\\/\\\/www.instagram.com\\\/nuevavisionarg\"]},{\"@type\":\"Person\",\"@id\":\"http:\\\/\\\/www.nuevavisionopticas.com.ar\\\/blog-de-optica\\\/#\\\/schema\\\/person\\\/2d6fbd00282cbc8fdd54058894af4341\",\"name\":\"admin_optica\",\"image\":{\"@type\":\"ImageObject\",\"inLanguage\":\"es\",\"@id\":\"https:\\\/\\\/secure.gravatar.com\\\/avatar\\\/e33974a79b80e7fe593e5cf53cb2160fcb165380bed6475ed9144c295430f76c?s=96&d=mm&r=g\",\"url\":\"https:\\\/\\\/secure.gravatar.com\\\/avatar\\\/e33974a79b80e7fe593e5cf53cb2160fcb165380bed6475ed9144c295430f76c?s=96&d=mm&r=g\",\"contentUrl\":\"https:\\\/\\\/secure.gravatar.com\\\/avatar\\\/e33974a79b80e7fe593e5cf53cb2160fcb165380bed6475ed9144c295430f76c?s=96&d=mm&r=g\",\"caption\":\"admin_optica\"}}]}<\/script>\n<!-- \/ Yoast SEO plugin. -->","yoast_head_json":{"title":"Una buena visi\u00f3n es clave para una mejor calidad de vida &#8211; Blog de \u00f3ptica","robots":{"index":"index","follow":"follow","max-snippet":"max-snippet:-1","max-image-preview":"max-image-preview:large","max-video-preview":"max-video-preview:-1"},"canonical":"https:\/\/www.nuevavisionopticas.com.ar\/blog-de-optica\/2024\/12\/una-buena-vision-es-clave-para-una-mejor-calidad-de-vida\/","og_locale":"es_ES","og_type":"article","og_title":"Una buena visi\u00f3n es clave para una mejor calidad de vida &#8211; Blog de \u00f3ptica","og_description":"Este&nbsp;13 de diciembre, los&nbsp;\u00f3pticos optometristas celebran el d\u00eda de su patrona,&nbsp;Santa Otilia. Seg\u00fan dicen los textos, Otilia naci\u00f3 ciega (siglo VII DC) y por este motivo fue repudiada por su padre. Ingres\u00f3 en un monasterio y, al ser bautizada a los 12 a\u00f1os y tocar los santos \u00f3leos, sus ojos recuperaron la vista. Por ello la llamaron Otilia, que significa \u00abhija de la luz\u00bb. No pueden hacer milagros, pero los \u00f3pticos optometristas, desde cualquier tipo de puesto de trabajo, ya [&hellip;]","og_url":"https:\/\/www.nuevavisionopticas.com.ar\/blog-de-optica\/2024\/12\/una-buena-vision-es-clave-para-una-mejor-calidad-de-vida\/","og_site_name":"Blog de \u00f3ptica","article_publisher":"https:\/\/www.facebook.com\/nuevavisionarg","article_published_time":"2024-12-13T13:23:29+00:00","article_modified_time":"2024-12-13T13:23:30+00:00","og_image":[{"width":1600,"height":1067,"url":"https:\/\/www.nuevavisionopticas.com.ar\/blog-de-optica\/wp-content\/uploads\/2024\/12\/elen-sher-Vql1CKzLR0s-unsplash.jpg","type":"image\/jpeg"}],"author":"admin_optica","twitter_card":"summary_large_image","twitter_misc":{"Escrito por":"admin_optica","Tiempo de lectura":"4 minutos"},"schema":{"@context":"https:\/\/schema.org","@graph":[{"@type":"Article","@id":"https:\/\/www.nuevavisionopticas.com.ar\/blog-de-optica\/2024\/12\/una-buena-vision-es-clave-para-una-mejor-calidad-de-vida\/#article","isPartOf":{"@id":"https:\/\/www.nuevavisionopticas.com.ar\/blog-de-optica\/2024\/12\/una-buena-vision-es-clave-para-una-mejor-calidad-de-vida\/"},"author":{"name":"admin_optica","@id":"http:\/\/www.nuevavisionopticas.com.ar\/blog-de-optica\/#\/schema\/person\/2d6fbd00282cbc8fdd54058894af4341"},"headline":"Una buena visi\u00f3n es clave para una mejor calidad de vida","datePublished":"2024-12-13T13:23:29+00:00","dateModified":"2024-12-13T13:23:30+00:00","mainEntityOfPage":{"@id":"https:\/\/www.nuevavisionopticas.com.ar\/blog-de-optica\/2024\/12\/una-buena-vision-es-clave-para-una-mejor-calidad-de-vida\/"},"wordCount":733,"commentCount":0,"publisher":{"@id":"http:\/\/www.nuevavisionopticas.com.ar\/blog-de-optica\/#organization"},"image":{"@id":"https:\/\/www.nuevavisionopticas.com.ar\/blog-de-optica\/2024\/12\/una-buena-vision-es-clave-para-una-mejor-calidad-de-vida\/#primaryimage"},"thumbnailUrl":"https:\/\/www.nuevavisionopticas.com.ar\/blog-de-optica\/wp-content\/uploads\/2024\/12\/elen-sher-Vql1CKzLR0s-unsplash.jpg","keywords":["salud visual"],"articleSection":["Salud Visual"],"inLanguage":"es","potentialAction":[{"@type":"CommentAction","name":"Comment","target":["https:\/\/www.nuevavisionopticas.com.ar\/blog-de-optica\/2024\/12\/una-buena-vision-es-clave-para-una-mejor-calidad-de-vida\/#respond"]}]},{"@type":"WebPage","@id":"https:\/\/www.nuevavisionopticas.com.ar\/blog-de-optica\/2024\/12\/una-buena-vision-es-clave-para-una-mejor-calidad-de-vida\/","url":"https:\/\/www.nuevavisionopticas.com.ar\/blog-de-optica\/2024\/12\/una-buena-vision-es-clave-para-una-mejor-calidad-de-vida\/","name":"Una buena visi\u00f3n es clave para una mejor calidad de vida &#8211; Blog de \u00f3ptica","isPartOf":{"@id":"http:\/\/www.nuevavisionopticas.com.ar\/blog-de-optica\/#website"},"primaryImageOfPage":{"@id":"https:\/\/www.nuevavisionopticas.com.ar\/blog-de-optica\/2024\/12\/una-buena-vision-es-clave-para-una-mejor-calidad-de-vida\/#primaryimage"},"image":{"@id":"https:\/\/www.nuevavisionopticas.com.ar\/blog-de-optica\/2024\/12\/una-buena-vision-es-clave-para-una-mejor-calidad-de-vida\/#primaryimage"},"thumbnailUrl":"https:\/\/www.nuevavisionopticas.com.ar\/blog-de-optica\/wp-content\/uploads\/2024\/12\/elen-sher-Vql1CKzLR0s-unsplash.jpg","datePublished":"2024-12-13T13:23:29+00:00","dateModified":"2024-12-13T13:23:30+00:00","breadcrumb":{"@id":"https:\/\/www.nuevavisionopticas.com.ar\/blog-de-optica\/2024\/12\/una-buena-vision-es-clave-para-una-mejor-calidad-de-vida\/#breadcrumb"},"inLanguage":"es","potentialAction":[{"@type":"ReadAction","target":["https:\/\/www.nuevavisionopticas.com.ar\/blog-de-optica\/2024\/12\/una-buena-vision-es-clave-para-una-mejor-calidad-de-vida\/"]}]},{"@type":"ImageObject","inLanguage":"es","@id":"https:\/\/www.nuevavisionopticas.com.ar\/blog-de-optica\/2024\/12\/una-buena-vision-es-clave-para-una-mejor-calidad-de-vida\/#primaryimage","url":"https:\/\/www.nuevavisionopticas.com.ar\/blog-de-optica\/wp-content\/uploads\/2024\/12\/elen-sher-Vql1CKzLR0s-unsplash.jpg","contentUrl":"https:\/\/www.nuevavisionopticas.com.ar\/blog-de-optica\/wp-content\/uploads\/2024\/12\/elen-sher-Vql1CKzLR0s-unsplash.jpg","width":1600,"height":1067,"caption":"Una buena visi\u00f3n es clave para una mejor calidad de vida"},{"@type":"BreadcrumbList","@id":"https:\/\/www.nuevavisionopticas.com.ar\/blog-de-optica\/2024\/12\/una-buena-vision-es-clave-para-una-mejor-calidad-de-vida\/#breadcrumb","itemListElement":[{"@type":"ListItem","position":1,"name":"Portada","item":"http:\/\/www.nuevavisionopticas.com.ar\/blog-de-optica\/"},{"@type":"ListItem","position":2,"name":"Una buena visi\u00f3n es clave para una mejor calidad de vida"}]},{"@type":"WebSite","@id":"http:\/\/www.nuevavisionopticas.com.ar\/blog-de-optica\/#website","url":"http:\/\/www.nuevavisionopticas.com.ar\/blog-de-optica\/","name":"Blog de \u00f3ptica","description":"Nueva Visi\u00f3n \u00d3pticas","publisher":{"@id":"http:\/\/www.nuevavisionopticas.com.ar\/blog-de-optica\/#organization"},"potentialAction":[{"@type":"SearchAction","target":{"@type":"EntryPoint","urlTemplate":"http:\/\/www.nuevavisionopticas.com.ar\/blog-de-optica\/?s={search_term_string}"},"query-input":{"@type":"PropertyValueSpecification","valueRequired":true,"valueName":"search_term_string"}}],"inLanguage":"es"},{"@type":"Organization","@id":"http:\/\/www.nuevavisionopticas.com.ar\/blog-de-optica\/#organization","name":"Nueva Visi\u00f3n \u00d3pticas","url":"http:\/\/www.nuevavisionopticas.com.ar\/blog-de-optica\/","logo":{"@type":"ImageObject","inLanguage":"es","@id":"http:\/\/www.nuevavisionopticas.com.ar\/blog-de-optica\/#\/schema\/logo\/image\/","url":"https:\/\/www.nuevavisionopticas.com.ar\/blog-de-optica\/wp-content\/uploads\/2021\/07\/logo-blanco-nueva-vision.png","contentUrl":"https:\/\/www.nuevavisionopticas.com.ar\/blog-de-optica\/wp-content\/uploads\/2021\/07\/logo-blanco-nueva-vision.png","width":181,"height":46,"caption":"Nueva Visi\u00f3n \u00d3pticas"},"image":{"@id":"http:\/\/www.nuevavisionopticas.com.ar\/blog-de-optica\/#\/schema\/logo\/image\/"},"sameAs":["https:\/\/www.facebook.com\/nuevavisionarg","https:\/\/www.instagram.com\/nuevavisionarg"]},{"@type":"Person","@id":"http:\/\/www.nuevavisionopticas.com.ar\/blog-de-optica\/#\/schema\/person\/2d6fbd00282cbc8fdd54058894af4341","name":"admin_optica","image":{"@type":"ImageObject","inLanguage":"es","@id":"https:\/\/secure.gravatar.com\/avatar\/e33974a79b80e7fe593e5cf53cb2160fcb165380bed6475ed9144c295430f76c?s=96&d=mm&r=g","url":"https:\/\/secure.gravatar.com\/avatar\/e33974a79b80e7fe593e5cf53cb2160fcb165380bed6475ed9144c295430f76c?s=96&d=mm&r=g","contentUrl":"https:\/\/secure.gravatar.com\/avatar\/e33974a79b80e7fe593e5cf53cb2160fcb165380bed6475ed9144c295430f76c?s=96&d=mm&r=g","caption":"admin_optica"}}]}},"_links":{"self":[{"href":"https:\/\/www.nuevavisionopticas.com.ar\/blog-de-optica\/wp-json\/wp\/v2\/posts\/3666","targetHints":{"allow":["GET"]}}],"collection":[{"href":"https:\/\/www.nuevavisionopticas.com.ar\/blog-de-optica\/wp-json\/wp\/v2\/posts"}],"about":[{"href":"https:\/\/www.nuevavisionopticas.com.ar\/blog-de-optica\/wp-json\/wp\/v2\/types\/post"}],"author":[{"embeddable":true,"href":"https:\/\/www.nuevavisionopticas.com.ar\/blog-de-optica\/wp-json\/wp\/v2\/users\/1"}],"replies":[{"embeddable":true,"href":"https:\/\/www.nuevavisionopticas.com.ar\/blog-de-optica\/wp-json\/wp\/v2\/comments?post=3666"}],"version-history":[{"count":2,"href":"https:\/\/www.nuevavisionopticas.com.ar\/blog-de-optica\/wp-json\/wp\/v2\/posts\/3666\/revisions"}],"predecessor-version":[{"id":3669,"href":"https:\/\/www.nuevavisionopticas.com.ar\/blog-de-optica\/wp-json\/wp\/v2\/posts\/3666\/revisions\/3669"}],"wp:featuredmedia":[{"embeddable":true,"href":"https:\/\/www.nuevavisionopticas.com.ar\/blog-de-optica\/wp-json\/wp\/v2\/media\/3667"}],"wp:attachment":[{"href":"https:\/\/www.nuevavisionopticas.com.ar\/blog-de-optica\/wp-json\/wp\/v2\/media?parent=3666"}],"wp:term":[{"taxonomy":"category","embeddable":true,"href":"https:\/\/www.nuevavisionopticas.com.ar\/blog-de-optica\/wp-json\/wp\/v2\/categories?post=3666"},{"taxonomy":"post_tag","embeddable":true,"href":"https:\/\/www.nuevavisionopticas.com.ar\/blog-de-optica\/wp-json\/wp\/v2\/tags?post=3666"}],"curies":[{"name":"wp","href":"https:\/\/api.w.org\/{rel}","templated":true}]}}