{"id":3670,"date":"2024-12-13T11:16:50","date_gmt":"2024-12-13T14:16:50","guid":{"rendered":"https:\/\/www.nuevavisionopticas.com.ar\/blog-de-optica\/?p=3670"},"modified":"2024-12-13T11:16:51","modified_gmt":"2024-12-13T14:16:51","slug":"cuidado-con-el-medicamento-de-moda-el-ozempic-puede-provocar-graves-danos-en-la-vision","status":"publish","type":"post","link":"https:\/\/www.nuevavisionopticas.com.ar\/blog-de-optica\/2024\/12\/cuidado-con-el-medicamento-de-moda-el-ozempic-puede-provocar-graves-danos-en-la-vision\/","title":{"rendered":"Cuidado con el medicamento de moda: el Ozempic puede provocar graves da\u00f1os en la visi\u00f3n"},"content":{"rendered":"\n<figure class=\"wp-block-image size-large\"><img decoding=\"async\" src=\"data:image\/svg+xml,%3Csvg%20xmlns='http:\/\/www.w3.org\/2000\/svg'%20viewBox='0%200%20370%20247'%3E%3C\/svg%3E\" data-lazy-src=\"https:\/\/www.nuevavisionopticas.com.ar\/blog-de-optica\/wp-content\/uploads\/2024\/12\/haberdoedas-TLJCrDHGcOY-unsplash-1024x768.jpg\" alt=\"Cuidado con el medicamento de moda: el Ozempic puede provocar graves da\u00f1os en la visi\u00f3n\" class=\"zeen-lazy-load-base zeen-lazy-load wp-image-3671\"\/><noscript><img decoding=\"async\" width=\"1024\" height=\"768\" src=\"https:\/\/www.nuevavisionopticas.com.ar\/blog-de-optica\/wp-content\/uploads\/2024\/12\/haberdoedas-TLJCrDHGcOY-unsplash-1024x768.jpg\" alt=\"Cuidado con el medicamento de moda: el Ozempic puede provocar graves da\u00f1os en la visi\u00f3n\" class=\"wp-image-3671\" srcset=\"https:\/\/www.nuevavisionopticas.com.ar\/blog-de-optica\/wp-content\/uploads\/2024\/12\/haberdoedas-TLJCrDHGcOY-unsplash-1024x768.jpg 1024w, https:\/\/www.nuevavisionopticas.com.ar\/blog-de-optica\/wp-content\/uploads\/2024\/12\/haberdoedas-TLJCrDHGcOY-unsplash-300x225.jpg 300w, https:\/\/www.nuevavisionopticas.com.ar\/blog-de-optica\/wp-content\/uploads\/2024\/12\/haberdoedas-TLJCrDHGcOY-unsplash-770x578.jpg 770w, https:\/\/www.nuevavisionopticas.com.ar\/blog-de-optica\/wp-content\/uploads\/2024\/12\/haberdoedas-TLJCrDHGcOY-unsplash-1536x1152.jpg 1536w, https:\/\/www.nuevavisionopticas.com.ar\/blog-de-optica\/wp-content\/uploads\/2024\/12\/haberdoedas-TLJCrDHGcOY-unsplash-274x206.jpg 274w, https:\/\/www.nuevavisionopticas.com.ar\/blog-de-optica\/wp-content\/uploads\/2024\/12\/haberdoedas-TLJCrDHGcOY-unsplash-751x563.jpg 751w, https:\/\/www.nuevavisionopticas.com.ar\/blog-de-optica\/wp-content\/uploads\/2024\/12\/haberdoedas-TLJCrDHGcOY-unsplash-1381x1036.jpg 1381w, https:\/\/www.nuevavisionopticas.com.ar\/blog-de-optica\/wp-content\/uploads\/2024\/12\/haberdoedas-TLJCrDHGcOY-unsplash-390x293.jpg 390w, https:\/\/www.nuevavisionopticas.com.ar\/blog-de-optica\/wp-content\/uploads\/2024\/12\/haberdoedas-TLJCrDHGcOY-unsplash.jpg 1600w\" sizes=\"(max-width: 1024px) 100vw, 1024px\" \/><\/noscript><figcaption class=\"wp-element-caption\">Cuidado con el medicamento de moda: el Ozempic puede provocar graves da\u00f1os en la visi\u00f3n<\/figcaption><\/figure>\n\n\n\n<p>Un reciente estudio publicado en&nbsp;<strong>JAMA Ophthalmology<\/strong>&nbsp;enciende la alarma sobre&nbsp;<strong>posibles efectos secundarios<\/strong>&nbsp;<strong>en la visi\u00f3n<\/strong>&nbsp;del&nbsp;<strong>Ozempic<\/strong>&nbsp;(semaglutida), un medicamento antidiab\u00e9tico que se usa para&nbsp;<strong>el tratamiento de la diabetes tipo 2&nbsp;<\/strong>y<strong>&nbsp;la obesidad<\/strong>.<\/p>\n\n\n\n<p>Si bien este medicamento se ha convertido en una&nbsp;<strong>herramienta popular<\/strong>&nbsp;es fundamental comprender&nbsp;<strong>su impacto en la salud ocular<\/strong>, seg\u00fan afirma el doctor&nbsp;<strong>David Diamint<\/strong>, m\u00e9dico del Servicio de Oftalmolog\u00eda, Secci\u00f3n Retina, del Hospital Italiano de Buenos Aires.<\/p>\n\n\n\n<p>La&nbsp;<strong>retinopat\u00eda diab\u00e9tica<\/strong>&nbsp;es una complicaci\u00f3n frecuente en personas con diabetes tipo 2 que puede da\u00f1ar la retina y afectar la visi\u00f3n. El Ozempic, al mejorar el control del az\u00facar en sangre (HbA1c), podr\u00eda en teor\u00eda beneficiar a estos pacientes. Sin embargo,&nbsp;<strong>un descenso muy r\u00e1pido de los niveles de HbA1c, como el que puede ocurrir al iniciar el tratamiento con este medicamento, puede parad\u00f3jicamente empeorar la retinopat\u00eda diab\u00e9tica preexistente<\/strong>. Este fen\u00f3meno, aunque temporal, subraya la importancia de un control oftalmol\u00f3gico riguroso durante las primeras etapas del tratamiento.<\/p>\n\n\n\n<p>En tanto, el estudio publicado en JAMA Ophthalmology revela&nbsp;<strong>un aumento en el riesgo de neuropat\u00eda \u00f3ptica isqu\u00e9mica anterior no arter\u00edtica (NOIA-NA) en pacientes que utilizan Ozempic<\/strong>, tanto en aquellos con diabetes tipo 2 como en quienes lo utilizan para bajar de peso.<\/p>\n\n\n\n<p>La NOIA-NA es una condici\u00f3n grave que afecta el nervio \u00f3ptico y puede causar p\u00e9rdida de visi\u00f3n repentina, generalmente en un ojo.<\/p>\n\n\n\n<h2 class=\"wp-block-heading\">Control permanente<\/h2>\n\n\n\n<p>Se recomienda en el caso del uso de esta droga:<\/p>\n\n\n\n<ul class=\"wp-block-list\">\n<li><strong>Control oftalmol\u00f3gico:\u00a0<\/strong>Es imprescindible que las personas que utilizan Ozempic se realicen ex\u00e1menes oftalmol\u00f3gicos peri\u00f3dicos, especialmente al inicio del tratamiento y si presentan diabetes.<\/li>\n\n\n\n<li><strong>Comunicaci\u00f3n con el oftalm\u00f3logo:\u00a0<\/strong>Informar al oftalm\u00f3logo de cabecera que se est\u00e1 utilizando dicha droga para que pueda realizar un seguimiento adecuado y personalizado.<\/li>\n\n\n\n<li><strong>Atenci\u00f3n a los s\u00edntomas:\u00a0<\/strong>Estar atento a cualquier cambio en la visi\u00f3n, como si est\u00e1 borrosa, hay dificultad para enfocar o una p\u00e9rdida de visi\u00f3n repentina o dolor ocular. Consultar al oftalm\u00f3logo de inmediato si se experimenta alguno de estos s\u00edntomas.<\/li>\n<\/ul>\n\n\n\n<p>En resumen, el Ozempic,&nbsp;<strong>si bien es un medicamento prometedor para el control de la diabetes y la obesidad, puede tener implicaciones para la salud visual.&nbsp;<\/strong>Un control oftalmol\u00f3gico adecuado y la comunicaci\u00f3n con el m\u00e9dico de cabecera son fundamentales para minimizar los riesgos y garantizar un tratamiento seguro. (DIB)<\/p>\n\n\n\n<p>Fuente: <a href=\"https:\/\/dib.com.ar\/2024\/12\/cuidado-con-el-medicamento-de-moda-el-ozempic-puede-provocar-graves-danos-en-la-vision\/\">dib.com.ar<\/a><\/p>\n","protected":false},"excerpt":{"rendered":"<p>Un reciente estudio publicado en&nbsp;JAMA Ophthalmology&nbsp;enciende la alarma sobre&nbsp;posibles efectos secundarios&nbsp;en la visi\u00f3n&nbsp;del&nbsp;Ozempic&nbsp;(semaglutida), un medicamento antidiab\u00e9tico que se usa para&nbsp;el tratamiento de la diabetes tipo 2&nbsp;y&nbsp;la obesidad. Si bien este medicamento se ha convertido en una&nbsp;herramienta popular&nbsp;es fundamental comprender&nbsp;su impacto en la salud ocular, seg\u00fan afirma el doctor&nbsp;David Diamint, m\u00e9dico del Servicio de Oftalmolog\u00eda, Secci\u00f3n Retina, del Hospital Italiano de Buenos Aires. La&nbsp;retinopat\u00eda diab\u00e9tica&nbsp;es una complicaci\u00f3n frecuente en personas con diabetes tipo 2 que puede da\u00f1ar la retina y afectar [&hellip;]<\/p>\n","protected":false},"author":1,"featured_media":3671,"comment_status":"open","ping_status":"open","sticky":false,"template":"","format":"standard","meta":{"_monsterinsights_skip_tracking":false,"_monsterinsights_sitenote_active":false,"_monsterinsights_sitenote_note":"","_monsterinsights_sitenote_category":0,"footnotes":""},"categories":[19],"tags":[59],"class_list":["post-3670","post","type-post","status-publish","format-standard","has-post-thumbnail","hentry","category-salud-visual","tag-salud-visual"],"yoast_head":"<!-- This site is optimized with the Yoast SEO plugin v27.3 - https:\/\/yoast.com\/product\/yoast-seo-wordpress\/ -->\n<title>Cuidado con el medicamento de moda: el Ozempic puede provocar graves da\u00f1os en la visi\u00f3n &#8211; Blog de \u00f3ptica<\/title>\n<meta name=\"robots\" content=\"index, follow, max-snippet:-1, max-image-preview:large, max-video-preview:-1\" \/>\n<link rel=\"canonical\" href=\"https:\/\/www.nuevavisionopticas.com.ar\/blog-de-optica\/2024\/12\/cuidado-con-el-medicamento-de-moda-el-ozempic-puede-provocar-graves-danos-en-la-vision\/\" \/>\n<meta property=\"og:locale\" content=\"es_ES\" \/>\n<meta property=\"og:type\" content=\"article\" \/>\n<meta property=\"og:title\" content=\"Cuidado con el medicamento de moda: el Ozempic puede provocar graves da\u00f1os en la visi\u00f3n &#8211; Blog de \u00f3ptica\" \/>\n<meta property=\"og:description\" content=\"Un reciente estudio publicado en&nbsp;JAMA Ophthalmology&nbsp;enciende la alarma sobre&nbsp;posibles efectos secundarios&nbsp;en la visi\u00f3n&nbsp;del&nbsp;Ozempic&nbsp;(semaglutida), un medicamento antidiab\u00e9tico que se usa para&nbsp;el tratamiento de la diabetes tipo 2&nbsp;y&nbsp;la obesidad. Si bien este medicamento se ha convertido en una&nbsp;herramienta popular&nbsp;es fundamental comprender&nbsp;su impacto en la salud ocular, seg\u00fan afirma el doctor&nbsp;David Diamint, m\u00e9dico del Servicio de Oftalmolog\u00eda, Secci\u00f3n Retina, del Hospital Italiano de Buenos Aires. La&nbsp;retinopat\u00eda diab\u00e9tica&nbsp;es una complicaci\u00f3n frecuente en personas con diabetes tipo 2 que puede da\u00f1ar la retina y afectar [&hellip;]\" \/>\n<meta property=\"og:url\" content=\"https:\/\/www.nuevavisionopticas.com.ar\/blog-de-optica\/2024\/12\/cuidado-con-el-medicamento-de-moda-el-ozempic-puede-provocar-graves-danos-en-la-vision\/\" \/>\n<meta property=\"og:site_name\" content=\"Blog de \u00f3ptica\" \/>\n<meta property=\"article:publisher\" content=\"https:\/\/www.facebook.com\/nuevavisionarg\" \/>\n<meta property=\"article:published_time\" content=\"2024-12-13T14:16:50+00:00\" \/>\n<meta property=\"article:modified_time\" content=\"2024-12-13T14:16:51+00:00\" \/>\n<meta property=\"og:image\" content=\"https:\/\/www.nuevavisionopticas.com.ar\/blog-de-optica\/wp-content\/uploads\/2024\/12\/haberdoedas-TLJCrDHGcOY-unsplash.jpg\" \/>\n\t<meta property=\"og:image:width\" content=\"1600\" \/>\n\t<meta property=\"og:image:height\" content=\"1200\" \/>\n\t<meta property=\"og:image:type\" content=\"image\/jpeg\" \/>\n<meta name=\"author\" content=\"admin_optica\" \/>\n<meta name=\"twitter:card\" content=\"summary_large_image\" \/>\n<meta name=\"twitter:label1\" content=\"Escrito por\" \/>\n\t<meta name=\"twitter:data1\" content=\"admin_optica\" \/>\n\t<meta name=\"twitter:label2\" content=\"Tiempo de lectura\" \/>\n\t<meta name=\"twitter:data2\" content=\"3 minutos\" \/>\n<script type=\"application\/ld+json\" class=\"yoast-schema-graph\">{\"@context\":\"https:\\\/\\\/schema.org\",\"@graph\":[{\"@type\":\"Article\",\"@id\":\"https:\\\/\\\/www.nuevavisionopticas.com.ar\\\/blog-de-optica\\\/2024\\\/12\\\/cuidado-con-el-medicamento-de-moda-el-ozempic-puede-provocar-graves-danos-en-la-vision\\\/#article\",\"isPartOf\":{\"@id\":\"https:\\\/\\\/www.nuevavisionopticas.com.ar\\\/blog-de-optica\\\/2024\\\/12\\\/cuidado-con-el-medicamento-de-moda-el-ozempic-puede-provocar-graves-danos-en-la-vision\\\/\"},\"author\":{\"name\":\"admin_optica\",\"@id\":\"https:\\\/\\\/www.nuevavisionopticas.com.ar\\\/blog-de-optica\\\/#\\\/schema\\\/person\\\/2d6fbd00282cbc8fdd54058894af4341\"},\"headline\":\"Cuidado con el medicamento de moda: el Ozempic puede provocar graves da\u00f1os en la visi\u00f3n\",\"datePublished\":\"2024-12-13T14:16:50+00:00\",\"dateModified\":\"2024-12-13T14:16:51+00:00\",\"mainEntityOfPage\":{\"@id\":\"https:\\\/\\\/www.nuevavisionopticas.com.ar\\\/blog-de-optica\\\/2024\\\/12\\\/cuidado-con-el-medicamento-de-moda-el-ozempic-puede-provocar-graves-danos-en-la-vision\\\/\"},\"wordCount\":480,\"commentCount\":0,\"publisher\":{\"@id\":\"https:\\\/\\\/www.nuevavisionopticas.com.ar\\\/blog-de-optica\\\/#organization\"},\"image\":{\"@id\":\"https:\\\/\\\/www.nuevavisionopticas.com.ar\\\/blog-de-optica\\\/2024\\\/12\\\/cuidado-con-el-medicamento-de-moda-el-ozempic-puede-provocar-graves-danos-en-la-vision\\\/#primaryimage\"},\"thumbnailUrl\":\"https:\\\/\\\/www.nuevavisionopticas.com.ar\\\/blog-de-optica\\\/wp-content\\\/uploads\\\/2024\\\/12\\\/haberdoedas-TLJCrDHGcOY-unsplash.jpg\",\"keywords\":[\"salud visual\"],\"articleSection\":[\"Salud Visual\"],\"inLanguage\":\"es\",\"potentialAction\":[{\"@type\":\"CommentAction\",\"name\":\"Comment\",\"target\":[\"https:\\\/\\\/www.nuevavisionopticas.com.ar\\\/blog-de-optica\\\/2024\\\/12\\\/cuidado-con-el-medicamento-de-moda-el-ozempic-puede-provocar-graves-danos-en-la-vision\\\/#respond\"]}]},{\"@type\":\"WebPage\",\"@id\":\"https:\\\/\\\/www.nuevavisionopticas.com.ar\\\/blog-de-optica\\\/2024\\\/12\\\/cuidado-con-el-medicamento-de-moda-el-ozempic-puede-provocar-graves-danos-en-la-vision\\\/\",\"url\":\"https:\\\/\\\/www.nuevavisionopticas.com.ar\\\/blog-de-optica\\\/2024\\\/12\\\/cuidado-con-el-medicamento-de-moda-el-ozempic-puede-provocar-graves-danos-en-la-vision\\\/\",\"name\":\"Cuidado con el medicamento de moda: el Ozempic puede provocar graves da\u00f1os en la visi\u00f3n &#8211; Blog de \u00f3ptica\",\"isPartOf\":{\"@id\":\"https:\\\/\\\/www.nuevavisionopticas.com.ar\\\/blog-de-optica\\\/#website\"},\"primaryImageOfPage\":{\"@id\":\"https:\\\/\\\/www.nuevavisionopticas.com.ar\\\/blog-de-optica\\\/2024\\\/12\\\/cuidado-con-el-medicamento-de-moda-el-ozempic-puede-provocar-graves-danos-en-la-vision\\\/#primaryimage\"},\"image\":{\"@id\":\"https:\\\/\\\/www.nuevavisionopticas.com.ar\\\/blog-de-optica\\\/2024\\\/12\\\/cuidado-con-el-medicamento-de-moda-el-ozempic-puede-provocar-graves-danos-en-la-vision\\\/#primaryimage\"},\"thumbnailUrl\":\"https:\\\/\\\/www.nuevavisionopticas.com.ar\\\/blog-de-optica\\\/wp-content\\\/uploads\\\/2024\\\/12\\\/haberdoedas-TLJCrDHGcOY-unsplash.jpg\",\"datePublished\":\"2024-12-13T14:16:50+00:00\",\"dateModified\":\"2024-12-13T14:16:51+00:00\",\"breadcrumb\":{\"@id\":\"https:\\\/\\\/www.nuevavisionopticas.com.ar\\\/blog-de-optica\\\/2024\\\/12\\\/cuidado-con-el-medicamento-de-moda-el-ozempic-puede-provocar-graves-danos-en-la-vision\\\/#breadcrumb\"},\"inLanguage\":\"es\",\"potentialAction\":[{\"@type\":\"ReadAction\",\"target\":[\"https:\\\/\\\/www.nuevavisionopticas.com.ar\\\/blog-de-optica\\\/2024\\\/12\\\/cuidado-con-el-medicamento-de-moda-el-ozempic-puede-provocar-graves-danos-en-la-vision\\\/\"]}]},{\"@type\":\"ImageObject\",\"inLanguage\":\"es\",\"@id\":\"https:\\\/\\\/www.nuevavisionopticas.com.ar\\\/blog-de-optica\\\/2024\\\/12\\\/cuidado-con-el-medicamento-de-moda-el-ozempic-puede-provocar-graves-danos-en-la-vision\\\/#primaryimage\",\"url\":\"https:\\\/\\\/www.nuevavisionopticas.com.ar\\\/blog-de-optica\\\/wp-content\\\/uploads\\\/2024\\\/12\\\/haberdoedas-TLJCrDHGcOY-unsplash.jpg\",\"contentUrl\":\"https:\\\/\\\/www.nuevavisionopticas.com.ar\\\/blog-de-optica\\\/wp-content\\\/uploads\\\/2024\\\/12\\\/haberdoedas-TLJCrDHGcOY-unsplash.jpg\",\"width\":1600,\"height\":1200,\"caption\":\"Cuidado con el medicamento de moda: el Ozempic puede provocar graves da\u00f1os en la visi\u00f3n\"},{\"@type\":\"BreadcrumbList\",\"@id\":\"https:\\\/\\\/www.nuevavisionopticas.com.ar\\\/blog-de-optica\\\/2024\\\/12\\\/cuidado-con-el-medicamento-de-moda-el-ozempic-puede-provocar-graves-danos-en-la-vision\\\/#breadcrumb\",\"itemListElement\":[{\"@type\":\"ListItem\",\"position\":1,\"name\":\"Portada\",\"item\":\"https:\\\/\\\/www.nuevavisionopticas.com.ar\\\/blog-de-optica\\\/\"},{\"@type\":\"ListItem\",\"position\":2,\"name\":\"Cuidado con el medicamento de moda: el Ozempic puede provocar graves da\u00f1os en la visi\u00f3n\"}]},{\"@type\":\"WebSite\",\"@id\":\"https:\\\/\\\/www.nuevavisionopticas.com.ar\\\/blog-de-optica\\\/#website\",\"url\":\"https:\\\/\\\/www.nuevavisionopticas.com.ar\\\/blog-de-optica\\\/\",\"name\":\"Blog de \u00f3ptica\",\"description\":\"Nueva Visi\u00f3n \u00d3pticas\",\"publisher\":{\"@id\":\"https:\\\/\\\/www.nuevavisionopticas.com.ar\\\/blog-de-optica\\\/#organization\"},\"potentialAction\":[{\"@type\":\"SearchAction\",\"target\":{\"@type\":\"EntryPoint\",\"urlTemplate\":\"https:\\\/\\\/www.nuevavisionopticas.com.ar\\\/blog-de-optica\\\/?s={search_term_string}\"},\"query-input\":{\"@type\":\"PropertyValueSpecification\",\"valueRequired\":true,\"valueName\":\"search_term_string\"}}],\"inLanguage\":\"es\"},{\"@type\":\"Organization\",\"@id\":\"https:\\\/\\\/www.nuevavisionopticas.com.ar\\\/blog-de-optica\\\/#organization\",\"name\":\"Nueva Visi\u00f3n \u00d3pticas\",\"url\":\"https:\\\/\\\/www.nuevavisionopticas.com.ar\\\/blog-de-optica\\\/\",\"logo\":{\"@type\":\"ImageObject\",\"inLanguage\":\"es\",\"@id\":\"https:\\\/\\\/www.nuevavisionopticas.com.ar\\\/blog-de-optica\\\/#\\\/schema\\\/logo\\\/image\\\/\",\"url\":\"https:\\\/\\\/www.nuevavisionopticas.com.ar\\\/blog-de-optica\\\/wp-content\\\/uploads\\\/2021\\\/07\\\/logo-blanco-nueva-vision.png\",\"contentUrl\":\"https:\\\/\\\/www.nuevavisionopticas.com.ar\\\/blog-de-optica\\\/wp-content\\\/uploads\\\/2021\\\/07\\\/logo-blanco-nueva-vision.png\",\"width\":181,\"height\":46,\"caption\":\"Nueva Visi\u00f3n \u00d3pticas\"},\"image\":{\"@id\":\"https:\\\/\\\/www.nuevavisionopticas.com.ar\\\/blog-de-optica\\\/#\\\/schema\\\/logo\\\/image\\\/\"},\"sameAs\":[\"https:\\\/\\\/www.facebook.com\\\/nuevavisionarg\",\"https:\\\/\\\/www.instagram.com\\\/nuevavisionarg\"]},{\"@type\":\"Person\",\"@id\":\"https:\\\/\\\/www.nuevavisionopticas.com.ar\\\/blog-de-optica\\\/#\\\/schema\\\/person\\\/2d6fbd00282cbc8fdd54058894af4341\",\"name\":\"admin_optica\",\"image\":{\"@type\":\"ImageObject\",\"inLanguage\":\"es\",\"@id\":\"https:\\\/\\\/secure.gravatar.com\\\/avatar\\\/e33974a79b80e7fe593e5cf53cb2160fcb165380bed6475ed9144c295430f76c?s=96&d=mm&r=g\",\"url\":\"https:\\\/\\\/secure.gravatar.com\\\/avatar\\\/e33974a79b80e7fe593e5cf53cb2160fcb165380bed6475ed9144c295430f76c?s=96&d=mm&r=g\",\"contentUrl\":\"https:\\\/\\\/secure.gravatar.com\\\/avatar\\\/e33974a79b80e7fe593e5cf53cb2160fcb165380bed6475ed9144c295430f76c?s=96&d=mm&r=g\",\"caption\":\"admin_optica\"}}]}<\/script>\n<!-- \/ Yoast SEO plugin. -->","yoast_head_json":{"title":"Cuidado con el medicamento de moda: el Ozempic puede provocar graves da\u00f1os en la visi\u00f3n &#8211; Blog de \u00f3ptica","robots":{"index":"index","follow":"follow","max-snippet":"max-snippet:-1","max-image-preview":"max-image-preview:large","max-video-preview":"max-video-preview:-1"},"canonical":"https:\/\/www.nuevavisionopticas.com.ar\/blog-de-optica\/2024\/12\/cuidado-con-el-medicamento-de-moda-el-ozempic-puede-provocar-graves-danos-en-la-vision\/","og_locale":"es_ES","og_type":"article","og_title":"Cuidado con el medicamento de moda: el Ozempic puede provocar graves da\u00f1os en la visi\u00f3n &#8211; Blog de \u00f3ptica","og_description":"Un reciente estudio publicado en&nbsp;JAMA Ophthalmology&nbsp;enciende la alarma sobre&nbsp;posibles efectos secundarios&nbsp;en la visi\u00f3n&nbsp;del&nbsp;Ozempic&nbsp;(semaglutida), un medicamento antidiab\u00e9tico que se usa para&nbsp;el tratamiento de la diabetes tipo 2&nbsp;y&nbsp;la obesidad. Si bien este medicamento se ha convertido en una&nbsp;herramienta popular&nbsp;es fundamental comprender&nbsp;su impacto en la salud ocular, seg\u00fan afirma el doctor&nbsp;David Diamint, m\u00e9dico del Servicio de Oftalmolog\u00eda, Secci\u00f3n Retina, del Hospital Italiano de Buenos Aires. La&nbsp;retinopat\u00eda diab\u00e9tica&nbsp;es una complicaci\u00f3n frecuente en personas con diabetes tipo 2 que puede da\u00f1ar la retina y afectar [&hellip;]","og_url":"https:\/\/www.nuevavisionopticas.com.ar\/blog-de-optica\/2024\/12\/cuidado-con-el-medicamento-de-moda-el-ozempic-puede-provocar-graves-danos-en-la-vision\/","og_site_name":"Blog de \u00f3ptica","article_publisher":"https:\/\/www.facebook.com\/nuevavisionarg","article_published_time":"2024-12-13T14:16:50+00:00","article_modified_time":"2024-12-13T14:16:51+00:00","og_image":[{"width":1600,"height":1200,"url":"https:\/\/www.nuevavisionopticas.com.ar\/blog-de-optica\/wp-content\/uploads\/2024\/12\/haberdoedas-TLJCrDHGcOY-unsplash.jpg","type":"image\/jpeg"}],"author":"admin_optica","twitter_card":"summary_large_image","twitter_misc":{"Escrito por":"admin_optica","Tiempo de lectura":"3 minutos"},"schema":{"@context":"https:\/\/schema.org","@graph":[{"@type":"Article","@id":"https:\/\/www.nuevavisionopticas.com.ar\/blog-de-optica\/2024\/12\/cuidado-con-el-medicamento-de-moda-el-ozempic-puede-provocar-graves-danos-en-la-vision\/#article","isPartOf":{"@id":"https:\/\/www.nuevavisionopticas.com.ar\/blog-de-optica\/2024\/12\/cuidado-con-el-medicamento-de-moda-el-ozempic-puede-provocar-graves-danos-en-la-vision\/"},"author":{"name":"admin_optica","@id":"https:\/\/www.nuevavisionopticas.com.ar\/blog-de-optica\/#\/schema\/person\/2d6fbd00282cbc8fdd54058894af4341"},"headline":"Cuidado con el medicamento de moda: el Ozempic puede provocar graves da\u00f1os en la visi\u00f3n","datePublished":"2024-12-13T14:16:50+00:00","dateModified":"2024-12-13T14:16:51+00:00","mainEntityOfPage":{"@id":"https:\/\/www.nuevavisionopticas.com.ar\/blog-de-optica\/2024\/12\/cuidado-con-el-medicamento-de-moda-el-ozempic-puede-provocar-graves-danos-en-la-vision\/"},"wordCount":480,"commentCount":0,"publisher":{"@id":"https:\/\/www.nuevavisionopticas.com.ar\/blog-de-optica\/#organization"},"image":{"@id":"https:\/\/www.nuevavisionopticas.com.ar\/blog-de-optica\/2024\/12\/cuidado-con-el-medicamento-de-moda-el-ozempic-puede-provocar-graves-danos-en-la-vision\/#primaryimage"},"thumbnailUrl":"https:\/\/www.nuevavisionopticas.com.ar\/blog-de-optica\/wp-content\/uploads\/2024\/12\/haberdoedas-TLJCrDHGcOY-unsplash.jpg","keywords":["salud visual"],"articleSection":["Salud Visual"],"inLanguage":"es","potentialAction":[{"@type":"CommentAction","name":"Comment","target":["https:\/\/www.nuevavisionopticas.com.ar\/blog-de-optica\/2024\/12\/cuidado-con-el-medicamento-de-moda-el-ozempic-puede-provocar-graves-danos-en-la-vision\/#respond"]}]},{"@type":"WebPage","@id":"https:\/\/www.nuevavisionopticas.com.ar\/blog-de-optica\/2024\/12\/cuidado-con-el-medicamento-de-moda-el-ozempic-puede-provocar-graves-danos-en-la-vision\/","url":"https:\/\/www.nuevavisionopticas.com.ar\/blog-de-optica\/2024\/12\/cuidado-con-el-medicamento-de-moda-el-ozempic-puede-provocar-graves-danos-en-la-vision\/","name":"Cuidado con el medicamento de moda: el Ozempic puede provocar graves da\u00f1os en la visi\u00f3n &#8211; Blog de \u00f3ptica","isPartOf":{"@id":"https:\/\/www.nuevavisionopticas.com.ar\/blog-de-optica\/#website"},"primaryImageOfPage":{"@id":"https:\/\/www.nuevavisionopticas.com.ar\/blog-de-optica\/2024\/12\/cuidado-con-el-medicamento-de-moda-el-ozempic-puede-provocar-graves-danos-en-la-vision\/#primaryimage"},"image":{"@id":"https:\/\/www.nuevavisionopticas.com.ar\/blog-de-optica\/2024\/12\/cuidado-con-el-medicamento-de-moda-el-ozempic-puede-provocar-graves-danos-en-la-vision\/#primaryimage"},"thumbnailUrl":"https:\/\/www.nuevavisionopticas.com.ar\/blog-de-optica\/wp-content\/uploads\/2024\/12\/haberdoedas-TLJCrDHGcOY-unsplash.jpg","datePublished":"2024-12-13T14:16:50+00:00","dateModified":"2024-12-13T14:16:51+00:00","breadcrumb":{"@id":"https:\/\/www.nuevavisionopticas.com.ar\/blog-de-optica\/2024\/12\/cuidado-con-el-medicamento-de-moda-el-ozempic-puede-provocar-graves-danos-en-la-vision\/#breadcrumb"},"inLanguage":"es","potentialAction":[{"@type":"ReadAction","target":["https:\/\/www.nuevavisionopticas.com.ar\/blog-de-optica\/2024\/12\/cuidado-con-el-medicamento-de-moda-el-ozempic-puede-provocar-graves-danos-en-la-vision\/"]}]},{"@type":"ImageObject","inLanguage":"es","@id":"https:\/\/www.nuevavisionopticas.com.ar\/blog-de-optica\/2024\/12\/cuidado-con-el-medicamento-de-moda-el-ozempic-puede-provocar-graves-danos-en-la-vision\/#primaryimage","url":"https:\/\/www.nuevavisionopticas.com.ar\/blog-de-optica\/wp-content\/uploads\/2024\/12\/haberdoedas-TLJCrDHGcOY-unsplash.jpg","contentUrl":"https:\/\/www.nuevavisionopticas.com.ar\/blog-de-optica\/wp-content\/uploads\/2024\/12\/haberdoedas-TLJCrDHGcOY-unsplash.jpg","width":1600,"height":1200,"caption":"Cuidado con el medicamento de moda: el Ozempic puede provocar graves da\u00f1os en la visi\u00f3n"},{"@type":"BreadcrumbList","@id":"https:\/\/www.nuevavisionopticas.com.ar\/blog-de-optica\/2024\/12\/cuidado-con-el-medicamento-de-moda-el-ozempic-puede-provocar-graves-danos-en-la-vision\/#breadcrumb","itemListElement":[{"@type":"ListItem","position":1,"name":"Portada","item":"https:\/\/www.nuevavisionopticas.com.ar\/blog-de-optica\/"},{"@type":"ListItem","position":2,"name":"Cuidado con el medicamento de moda: el Ozempic puede provocar graves da\u00f1os en la visi\u00f3n"}]},{"@type":"WebSite","@id":"https:\/\/www.nuevavisionopticas.com.ar\/blog-de-optica\/#website","url":"https:\/\/www.nuevavisionopticas.com.ar\/blog-de-optica\/","name":"Blog de \u00f3ptica","description":"Nueva Visi\u00f3n \u00d3pticas","publisher":{"@id":"https:\/\/www.nuevavisionopticas.com.ar\/blog-de-optica\/#organization"},"potentialAction":[{"@type":"SearchAction","target":{"@type":"EntryPoint","urlTemplate":"https:\/\/www.nuevavisionopticas.com.ar\/blog-de-optica\/?s={search_term_string}"},"query-input":{"@type":"PropertyValueSpecification","valueRequired":true,"valueName":"search_term_string"}}],"inLanguage":"es"},{"@type":"Organization","@id":"https:\/\/www.nuevavisionopticas.com.ar\/blog-de-optica\/#organization","name":"Nueva Visi\u00f3n \u00d3pticas","url":"https:\/\/www.nuevavisionopticas.com.ar\/blog-de-optica\/","logo":{"@type":"ImageObject","inLanguage":"es","@id":"https:\/\/www.nuevavisionopticas.com.ar\/blog-de-optica\/#\/schema\/logo\/image\/","url":"https:\/\/www.nuevavisionopticas.com.ar\/blog-de-optica\/wp-content\/uploads\/2021\/07\/logo-blanco-nueva-vision.png","contentUrl":"https:\/\/www.nuevavisionopticas.com.ar\/blog-de-optica\/wp-content\/uploads\/2021\/07\/logo-blanco-nueva-vision.png","width":181,"height":46,"caption":"Nueva Visi\u00f3n \u00d3pticas"},"image":{"@id":"https:\/\/www.nuevavisionopticas.com.ar\/blog-de-optica\/#\/schema\/logo\/image\/"},"sameAs":["https:\/\/www.facebook.com\/nuevavisionarg","https:\/\/www.instagram.com\/nuevavisionarg"]},{"@type":"Person","@id":"https:\/\/www.nuevavisionopticas.com.ar\/blog-de-optica\/#\/schema\/person\/2d6fbd00282cbc8fdd54058894af4341","name":"admin_optica","image":{"@type":"ImageObject","inLanguage":"es","@id":"https:\/\/secure.gravatar.com\/avatar\/e33974a79b80e7fe593e5cf53cb2160fcb165380bed6475ed9144c295430f76c?s=96&d=mm&r=g","url":"https:\/\/secure.gravatar.com\/avatar\/e33974a79b80e7fe593e5cf53cb2160fcb165380bed6475ed9144c295430f76c?s=96&d=mm&r=g","contentUrl":"https:\/\/secure.gravatar.com\/avatar\/e33974a79b80e7fe593e5cf53cb2160fcb165380bed6475ed9144c295430f76c?s=96&d=mm&r=g","caption":"admin_optica"}}]}},"_links":{"self":[{"href":"https:\/\/www.nuevavisionopticas.com.ar\/blog-de-optica\/wp-json\/wp\/v2\/posts\/3670","targetHints":{"allow":["GET"]}}],"collection":[{"href":"https:\/\/www.nuevavisionopticas.com.ar\/blog-de-optica\/wp-json\/wp\/v2\/posts"}],"about":[{"href":"https:\/\/www.nuevavisionopticas.com.ar\/blog-de-optica\/wp-json\/wp\/v2\/types\/post"}],"author":[{"embeddable":true,"href":"https:\/\/www.nuevavisionopticas.com.ar\/blog-de-optica\/wp-json\/wp\/v2\/users\/1"}],"replies":[{"embeddable":true,"href":"https:\/\/www.nuevavisionopticas.com.ar\/blog-de-optica\/wp-json\/wp\/v2\/comments?post=3670"}],"version-history":[{"count":1,"href":"https:\/\/www.nuevavisionopticas.com.ar\/blog-de-optica\/wp-json\/wp\/v2\/posts\/3670\/revisions"}],"predecessor-version":[{"id":3672,"href":"https:\/\/www.nuevavisionopticas.com.ar\/blog-de-optica\/wp-json\/wp\/v2\/posts\/3670\/revisions\/3672"}],"wp:featuredmedia":[{"embeddable":true,"href":"https:\/\/www.nuevavisionopticas.com.ar\/blog-de-optica\/wp-json\/wp\/v2\/media\/3671"}],"wp:attachment":[{"href":"https:\/\/www.nuevavisionopticas.com.ar\/blog-de-optica\/wp-json\/wp\/v2\/media?parent=3670"}],"wp:term":[{"taxonomy":"category","embeddable":true,"href":"https:\/\/www.nuevavisionopticas.com.ar\/blog-de-optica\/wp-json\/wp\/v2\/categories?post=3670"},{"taxonomy":"post_tag","embeddable":true,"href":"https:\/\/www.nuevavisionopticas.com.ar\/blog-de-optica\/wp-json\/wp\/v2\/tags?post=3670"}],"curies":[{"name":"wp","href":"https:\/\/api.w.org\/{rel}","templated":true}]}}