{"id":3720,"date":"2025-04-14T08:50:24","date_gmt":"2025-04-14T11:50:24","guid":{"rendered":"https:\/\/www.nuevavisionopticas.com.ar\/blog-de-optica\/?p=3720"},"modified":"2025-04-14T09:23:06","modified_gmt":"2025-04-14T12:23:06","slug":"leonardo-sbaraglia-cumplio-su-sueno-en-la-moda-lanzo-su-capsula-de-anteojos","status":"publish","type":"post","link":"https:\/\/www.nuevavisionopticas.com.ar\/blog-de-optica\/2025\/04\/leonardo-sbaraglia-cumplio-su-sueno-en-la-moda-lanzo-su-capsula-de-anteojos\/","title":{"rendered":"Leonardo Sbaraglia cumpli\u00f3 su sue\u00f1o en la moda: lanz\u00f3 su c\u00e1psula de anteojos"},"content":{"rendered":"\n<figure class=\"wp-block-image size-large\"><img decoding=\"async\" src=\"data:image\/svg+xml,%3Csvg%20xmlns='http:\/\/www.w3.org\/2000\/svg'%20viewBox='0%200%20370%20247'%3E%3C\/svg%3E\" data-lazy-src=\"https:\/\/www.nuevavisionopticas.com.ar\/blog-de-optica\/wp-content\/uploads\/2025\/04\/488210984_1197768001976501_1582545525560948580_n-819x1024.jpeg\" alt=\"Leonardo Sbaraglia cumpli\u00f3 su sue\u00f1o en la moda: lanz\u00f3 su c\u00e1psula de anteojos\" class=\"zeen-lazy-load-base zeen-lazy-load wp-image-3721\"\/><noscript><img decoding=\"async\" width=\"819\" height=\"1024\" src=\"https:\/\/www.nuevavisionopticas.com.ar\/blog-de-optica\/wp-content\/uploads\/2025\/04\/488210984_1197768001976501_1582545525560948580_n-819x1024.jpeg\" alt=\"Leonardo Sbaraglia cumpli\u00f3 su sue\u00f1o en la moda: lanz\u00f3 su c\u00e1psula de anteojos\" class=\"wp-image-3721\" srcset=\"https:\/\/www.nuevavisionopticas.com.ar\/blog-de-optica\/wp-content\/uploads\/2025\/04\/488210984_1197768001976501_1582545525560948580_n-819x1024.jpeg 819w, https:\/\/www.nuevavisionopticas.com.ar\/blog-de-optica\/wp-content\/uploads\/2025\/04\/488210984_1197768001976501_1582545525560948580_n-240x300.jpeg 240w, https:\/\/www.nuevavisionopticas.com.ar\/blog-de-optica\/wp-content\/uploads\/2025\/04\/488210984_1197768001976501_1582545525560948580_n-770x963.jpeg 770w, https:\/\/www.nuevavisionopticas.com.ar\/blog-de-optica\/wp-content\/uploads\/2025\/04\/488210984_1197768001976501_1582545525560948580_n-274x343.jpeg 274w, https:\/\/www.nuevavisionopticas.com.ar\/blog-de-optica\/wp-content\/uploads\/2025\/04\/488210984_1197768001976501_1582545525560948580_n-751x939.jpeg 751w, https:\/\/www.nuevavisionopticas.com.ar\/blog-de-optica\/wp-content\/uploads\/2025\/04\/488210984_1197768001976501_1582545525560948580_n-390x488.jpeg 390w, https:\/\/www.nuevavisionopticas.com.ar\/blog-de-optica\/wp-content\/uploads\/2025\/04\/488210984_1197768001976501_1582545525560948580_n.jpeg 1080w\" sizes=\"(max-width: 819px) 100vw, 819px\" \/><\/noscript><figcaption class=\"wp-element-caption\">Leonardo Sbaraglia cumpli\u00f3 su sue\u00f1o en la moda: lanz\u00f3 su c\u00e1psula de anteojos<\/figcaption><\/figure>\n\n\n\n<p>Cada vez son m\u00e1s las firmas que buscan a<strong>&nbsp;<\/strong><a href=\"https:\/\/tn.com.ar\/estilo\/celebridades\/2022\/10\/19\/leo-sbaraglia-sorprendio-con-su-look-extravagante-en-la-premiere-de-su-nueva-pelicula\/\" target=\"_blank\" rel=\"noreferrer noopener\"><strong>Leonardo Sbaraglia<\/strong><\/a> para ser cara de sus campa\u00f1as. Gracias a su encanto, elegancia y actitud ante los flashes, el actor se convirti\u00f3 en el candidato perfecto parea lanzar su colecci\u00f3n c\u00e1psula junto a&nbsp;<strong>Volga<\/strong>, la marca de anteojos fundada por&nbsp;<strong>Gabriel Robol&nbsp;<\/strong>junto a sus hijos<strong>&nbsp;Lautaro y Joaqu\u00edn.<\/strong><\/p>\n\n\n\n<p>Cuando lo vieron en la campa\u00f1a de&nbsp;<a href=\"https:\/\/tn.com.ar\/estilo\/celebridades\/2021\/08\/19\/leo-sbaraglia-ante-las-camaras-esta-vez-posando-como-modelo\/\" target=\"_blank\" rel=\"noreferrer noopener\">caballeros para&nbsp;<strong>Cerini<\/strong><\/a>, cuenta Lautaro, se dieron cuenta de que era el hombre ideal para representar a su marca, que se lanz\u00f3 en 2022 apuntando al mercado de<strong>&nbsp;hombres que buscan m\u00e1s all\u00e1 de la b\u00e1sica gafa negra<\/strong>&nbsp;para apostar a algo m\u00e1s elegante pero sin salir de lo cl\u00e1sico.<\/p>\n\n\n\n<figure class=\"wp-block-image\"><img decoding=\"async\" src=\"data:image\/svg+xml,%3Csvg%20xmlns='http:\/\/www.w3.org\/2000\/svg'%20viewBox='0%200%20370%20247'%3E%3C\/svg%3E\" class=\"zeen-lazy-load-base zeen-lazy-load\" data-lazy-src=\"https:\/\/tn.com.ar\/resizer\/v2\/leonardo-sbaraglia-modelo-las-gafas-de-su-coleccion-capsula-foto-matistoliarfotos-BPOKMSPRWVANBJGUZ2ME25RWQU.jpeg?auth=98923c6efdee2589c3565d184a7d747db72461620878f202dbd64674b4e41369&amp;width=767\" alt=\"Leonardo Sbaraglia model\u00f3 las gafas de su colecci\u00f3n c\u00e1psula. (Foto: @matistoliarfotos)\"\/><noscript><img decoding=\"async\" src=\"https:\/\/tn.com.ar\/resizer\/v2\/leonardo-sbaraglia-modelo-las-gafas-de-su-coleccion-capsula-foto-matistoliarfotos-BPOKMSPRWVANBJGUZ2ME25RWQU.jpeg?auth=98923c6efdee2589c3565d184a7d747db72461620878f202dbd64674b4e41369&amp;width=767\" alt=\"Leonardo Sbaraglia model\u00f3 las gafas de su colecci\u00f3n c\u00e1psula. (Foto: @matistoliarfotos)\"\/><\/noscript><figcaption class=\"wp-element-caption\">Leonardo Sbaraglia model\u00f3 las gafas de su colecci\u00f3n c\u00e1psula.<\/figcaption><\/figure>\n\n\n\n<p><strong>\u201c<\/strong>Al principio<strong>&nbsp;cre\u00edmos que tener a Sbaraglia iba a ser muy dif\u00edcil, porque \u00e9ramos una marca nueva.<\/strong>&nbsp;Pero el lanzamiento traccion\u00f3 muy bien y se hizo conocida en poco tiempo en el mundo de las \u00f3pticas\u201d, relata Lautaro, que tambi\u00e9n es director de producto y de imagen.<\/p>\n\n\n\n<p>Como si fuera obra del destino, el equipo de Volga empez\u00f3 a trabajar con la \u00f3ptica de Silvia Tessitore, de Chacarita, que un d\u00eda los llam\u00f3 para decirles que estaba en su local con Leonardo Sbaraglia, que se hab\u00eda elegido un modelo de Volga.<\/p>\n\n\n\n<figure class=\"wp-block-image\"><img decoding=\"async\" src=\"data:image\/svg+xml,%3Csvg%20xmlns='http:\/\/www.w3.org\/2000\/svg'%20viewBox='0%200%20370%20247'%3E%3C\/svg%3E\" class=\"zeen-lazy-load-base zeen-lazy-load\" data-lazy-src=\"https:\/\/tn.com.ar\/resizer\/v2\/volga-x-leonardo-sbaraglia-foto-matistoliarfotos-CWHN3XQABFGI5AVUDHIQLGTFX4.jpeg?auth=29a8c210e5cd3c821fa5dc432ccc17374f99c605139a188fd0fce2d968a78463&amp;width=767\" alt=\"Volga x Leonardo Sbaraglia. (Foto: @matistoliarfotos)\"\/><noscript><img decoding=\"async\" src=\"https:\/\/tn.com.ar\/resizer\/v2\/volga-x-leonardo-sbaraglia-foto-matistoliarfotos-CWHN3XQABFGI5AVUDHIQLGTFX4.jpeg?auth=29a8c210e5cd3c821fa5dc432ccc17374f99c605139a188fd0fce2d968a78463&amp;width=767\" alt=\"Volga x Leonardo Sbaraglia. (Foto: @matistoliarfotos)\"\/><\/noscript><figcaption class=\"wp-element-caption\">Volga x Leonardo Sbaraglia.<\/figcaption><\/figure>\n\n\n\n<p><strong>\u201cFue una oportunidad que no pod\u00edamos dejar pasar\u201d,&nbsp;<\/strong>cuenta Lautaro. Ante esa jugada del destino, consiguieron el contacto de su representante y el mail del actor.<strong>&nbsp;\u201cLe enviamos una propuesta para armar la c\u00e1psula, hubo una reuni\u00f3n r\u00e1pida y despu\u00e9s fluy\u00f3 solo<\/strong>,<strong>&nbsp;hubo una conexi\u00f3n hermosa<\/strong>, \u00e9l es una hermosa persona y comparte muchos valores de familia con nosotros\u201d.<\/p>\n\n\n\n<figure class=\"wp-block-image\"><img decoding=\"async\" src=\"data:image\/svg+xml,%3Csvg%20xmlns='http:\/\/www.w3.org\/2000\/svg'%20viewBox='0%200%20370%20247'%3E%3C\/svg%3E\" class=\"zeen-lazy-load-base zeen-lazy-load\" data-lazy-src=\"https:\/\/tn.com.ar\/resizer\/v2\/volga-x-leonardo-sbaraglia-foto-matistoliarfotos-GFTMK52DCFA73DEE4JQV7DIADY.jpeg?auth=e8d2a94e69eab8ef584ad597c1ae9ea896642c7d74aa9c6984eee966e785acd7&amp;width=767\" alt=\"Volga x Leonardo Sbaraglia. (Foto: @matistoliarfotos)\"\/><noscript><img decoding=\"async\" src=\"https:\/\/tn.com.ar\/resizer\/v2\/volga-x-leonardo-sbaraglia-foto-matistoliarfotos-GFTMK52DCFA73DEE4JQV7DIADY.jpeg?auth=e8d2a94e69eab8ef584ad597c1ae9ea896642c7d74aa9c6984eee966e785acd7&amp;width=767\" alt=\"Volga x Leonardo Sbaraglia. (Foto: @matistoliarfotos)\"\/><\/noscript><figcaption class=\"wp-element-caption\">Volga x Leonardo Sbaraglia.<\/figcaption><\/figure>\n\n\n\n<p>Al mismo tiempo, esta alianza vino a cumplir un sue\u00f1o postergado del actor.\u201cA \u00e9l le daba mucho entusiasmo<strong>&nbsp;tener su marca de gafas, siempre quiso,&nbsp;<\/strong>y no encontr\u00f3 antes con qui\u00e9n hacerlo, o un proyecto que lo seduzca desde el dise\u00f1o\u201d.<\/p>\n\n\n\n<p>Sin dudas la conexi\u00f3n del int\u00e9rprete con la marca fue clave para el \u00e9xito de la c\u00e1psula. Durante la primera reuni\u00f3n que tuvieron le regalaron un modelo de gafas lamado Twenty two y luego el actor confes\u00f3 que son<strong>&nbsp;los anteojos que m\u00e1s veces le halagaron.<\/strong><\/p>\n\n\n\n<figure class=\"wp-block-image\"><img decoding=\"async\" src=\"data:image\/svg+xml,%3Csvg%20xmlns='http:\/\/www.w3.org\/2000\/svg'%20viewBox='0%200%20370%20247'%3E%3C\/svg%3E\" class=\"zeen-lazy-load-base zeen-lazy-load\" data-lazy-src=\"https:\/\/tn.com.ar\/resizer\/v2\/el-modelo-twenty-two-de-volga-que-enamoro-a-leonardo-sbaraglia-foto-volga-eyewear-RQW4IE7YPBFU7PGBCEPGMXJZIY.png?auth=c769c84edb03ee3800074b643262e1e546ef23c5b94659edecc1eeba48b92790&amp;width=767\" alt=\"El modelo TWENTY TWO de Volga que enamor\u00f3 a Leonardo Sbaraglia. (Foto: Volga Eyewear)\"\/><noscript><img decoding=\"async\" src=\"https:\/\/tn.com.ar\/resizer\/v2\/el-modelo-twenty-two-de-volga-que-enamoro-a-leonardo-sbaraglia-foto-volga-eyewear-RQW4IE7YPBFU7PGBCEPGMXJZIY.png?auth=c769c84edb03ee3800074b643262e1e546ef23c5b94659edecc1eeba48b92790&amp;width=767\" alt=\"El modelo TWENTY TWO de Volga que enamor\u00f3 a Leonardo Sbaraglia. (Foto: Volga Eyewear)\"\/><\/noscript><figcaption class=\"wp-element-caption\">El modelo TWENTY TWO de Volga que enamor\u00f3 a Leonardo Sbaraglia. (Foto: Volga Eyewear)<\/figcaption><\/figure>\n\n\n\n<p><strong>\u201c\u00c9l particip\u00f3 activamente de la eleccion de modelos y colores\u201d,&nbsp;<\/strong>destaca Lautaro sobre el proceso de creaci\u00f3n de las gafas, que son producidas \u00edntegramente en Argentina en un taller boutique con&nbsp;<strong>acetato de celulosa importado de Italia.<\/strong><\/p>\n\n\n\n<p>Los modelos de solares y lectura de Volga x Leonardo Sbaraglia, que vienen en una paleta de colores c\u00e1lidos amarronados, negros y de carey, est\u00e1n disponibles en m\u00e1s de 200 \u00f3pticas seleccionadas de todo el pa\u00eds.<\/p>\n\n\n\n<p><strong>Fuente: <a href=\"https:\/\/tn.com.ar\/estilo\/celebridades\/2025\/03\/13\/leonardo-sbaraglia-cumplio-su-sueno-en-la-moda-lanzo-su-capsula-de-anteojos\/\">TN.com.ar<\/a><\/strong><\/p>\n\n\n\n<p><\/p>\n","protected":false},"excerpt":{"rendered":"<p>Cada vez son m\u00e1s las firmas que buscan a&nbsp;Leonardo Sbaraglia para ser cara de sus campa\u00f1as. Gracias a su encanto, elegancia y actitud ante los flashes, el actor se convirti\u00f3 en el candidato perfecto parea lanzar su colecci\u00f3n c\u00e1psula junto a&nbsp;Volga, la marca de anteojos fundada por&nbsp;Gabriel Robol&nbsp;junto a sus hijos&nbsp;Lautaro y Joaqu\u00edn. Cuando lo vieron en la campa\u00f1a de&nbsp;caballeros para&nbsp;Cerini, cuenta Lautaro, se dieron cuenta de que era el hombre ideal para representar a su marca, que se lanz\u00f3 [&hellip;]<\/p>\n","protected":false},"author":1,"featured_media":3721,"comment_status":"open","ping_status":"open","sticky":false,"template":"","format":"standard","meta":{"_monsterinsights_skip_tracking":false,"_monsterinsights_sitenote_active":false,"_monsterinsights_sitenote_note":"","_monsterinsights_sitenote_category":0,"footnotes":""},"categories":[15,16,17],"tags":[69],"class_list":["post-3720","post","type-post","status-publish","format-standard","has-post-thumbnail","hentry","category-marcas","category-moda","category-novedades","tag-marcas"],"yoast_head":"<!-- This site is optimized with the Yoast SEO plugin v27.3 - https:\/\/yoast.com\/product\/yoast-seo-wordpress\/ -->\n<title>Leonardo Sbaraglia cumpli\u00f3 su sue\u00f1o en la moda: lanz\u00f3 su c\u00e1psula de anteojos &#8211; Blog de \u00f3ptica<\/title>\n<meta name=\"robots\" content=\"index, follow, max-snippet:-1, max-image-preview:large, max-video-preview:-1\" \/>\n<link rel=\"canonical\" href=\"https:\/\/www.nuevavisionopticas.com.ar\/blog-de-optica\/2025\/04\/leonardo-sbaraglia-cumplio-su-sueno-en-la-moda-lanzo-su-capsula-de-anteojos\/\" \/>\n<meta property=\"og:locale\" content=\"es_ES\" \/>\n<meta property=\"og:type\" content=\"article\" \/>\n<meta property=\"og:title\" content=\"Leonardo Sbaraglia cumpli\u00f3 su sue\u00f1o en la moda: lanz\u00f3 su c\u00e1psula de anteojos &#8211; Blog de \u00f3ptica\" \/>\n<meta property=\"og:description\" content=\"Cada vez son m\u00e1s las firmas que buscan a&nbsp;Leonardo Sbaraglia para ser cara de sus campa\u00f1as. Gracias a su encanto, elegancia y actitud ante los flashes, el actor se convirti\u00f3 en el candidato perfecto parea lanzar su colecci\u00f3n c\u00e1psula junto a&nbsp;Volga, la marca de anteojos fundada por&nbsp;Gabriel Robol&nbsp;junto a sus hijos&nbsp;Lautaro y Joaqu\u00edn. Cuando lo vieron en la campa\u00f1a de&nbsp;caballeros para&nbsp;Cerini, cuenta Lautaro, se dieron cuenta de que era el hombre ideal para representar a su marca, que se lanz\u00f3 [&hellip;]\" \/>\n<meta property=\"og:url\" content=\"https:\/\/www.nuevavisionopticas.com.ar\/blog-de-optica\/2025\/04\/leonardo-sbaraglia-cumplio-su-sueno-en-la-moda-lanzo-su-capsula-de-anteojos\/\" \/>\n<meta property=\"og:site_name\" content=\"Blog de \u00f3ptica\" \/>\n<meta property=\"article:publisher\" content=\"https:\/\/www.facebook.com\/nuevavisionarg\" \/>\n<meta property=\"article:published_time\" content=\"2025-04-14T11:50:24+00:00\" \/>\n<meta property=\"article:modified_time\" content=\"2025-04-14T12:23:06+00:00\" \/>\n<meta property=\"og:image\" content=\"https:\/\/www.nuevavisionopticas.com.ar\/blog-de-optica\/wp-content\/uploads\/2025\/04\/488210984_1197768001976501_1582545525560948580_n.jpeg\" \/>\n\t<meta property=\"og:image:width\" content=\"1080\" \/>\n\t<meta property=\"og:image:height\" content=\"1350\" \/>\n\t<meta property=\"og:image:type\" content=\"image\/jpeg\" \/>\n<meta name=\"author\" content=\"admin_optica\" \/>\n<meta name=\"twitter:card\" content=\"summary_large_image\" \/>\n<meta name=\"twitter:label1\" content=\"Escrito por\" \/>\n\t<meta name=\"twitter:data1\" content=\"admin_optica\" \/>\n\t<meta name=\"twitter:label2\" content=\"Tiempo de lectura\" \/>\n\t<meta name=\"twitter:data2\" content=\"4 minutos\" \/>\n<script type=\"application\/ld+json\" class=\"yoast-schema-graph\">{\"@context\":\"https:\\\/\\\/schema.org\",\"@graph\":[{\"@type\":\"Article\",\"@id\":\"https:\\\/\\\/www.nuevavisionopticas.com.ar\\\/blog-de-optica\\\/2025\\\/04\\\/leonardo-sbaraglia-cumplio-su-sueno-en-la-moda-lanzo-su-capsula-de-anteojos\\\/#article\",\"isPartOf\":{\"@id\":\"https:\\\/\\\/www.nuevavisionopticas.com.ar\\\/blog-de-optica\\\/2025\\\/04\\\/leonardo-sbaraglia-cumplio-su-sueno-en-la-moda-lanzo-su-capsula-de-anteojos\\\/\"},\"author\":{\"name\":\"admin_optica\",\"@id\":\"http:\\\/\\\/www.nuevavisionopticas.com.ar\\\/blog-de-optica\\\/#\\\/schema\\\/person\\\/2d6fbd00282cbc8fdd54058894af4341\"},\"headline\":\"Leonardo Sbaraglia cumpli\u00f3 su sue\u00f1o en la moda: lanz\u00f3 su c\u00e1psula de anteojos\",\"datePublished\":\"2025-04-14T11:50:24+00:00\",\"dateModified\":\"2025-04-14T12:23:06+00:00\",\"mainEntityOfPage\":{\"@id\":\"https:\\\/\\\/www.nuevavisionopticas.com.ar\\\/blog-de-optica\\\/2025\\\/04\\\/leonardo-sbaraglia-cumplio-su-sueno-en-la-moda-lanzo-su-capsula-de-anteojos\\\/\"},\"wordCount\":544,\"commentCount\":0,\"publisher\":{\"@id\":\"http:\\\/\\\/www.nuevavisionopticas.com.ar\\\/blog-de-optica\\\/#organization\"},\"image\":{\"@id\":\"https:\\\/\\\/www.nuevavisionopticas.com.ar\\\/blog-de-optica\\\/2025\\\/04\\\/leonardo-sbaraglia-cumplio-su-sueno-en-la-moda-lanzo-su-capsula-de-anteojos\\\/#primaryimage\"},\"thumbnailUrl\":\"https:\\\/\\\/www.nuevavisionopticas.com.ar\\\/blog-de-optica\\\/wp-content\\\/uploads\\\/2025\\\/04\\\/488210984_1197768001976501_1582545525560948580_n.jpeg\",\"keywords\":[\"marcas\"],\"articleSection\":[\"marcas\",\"moda\",\"novedades\"],\"inLanguage\":\"es\",\"potentialAction\":[{\"@type\":\"CommentAction\",\"name\":\"Comment\",\"target\":[\"https:\\\/\\\/www.nuevavisionopticas.com.ar\\\/blog-de-optica\\\/2025\\\/04\\\/leonardo-sbaraglia-cumplio-su-sueno-en-la-moda-lanzo-su-capsula-de-anteojos\\\/#respond\"]}]},{\"@type\":\"WebPage\",\"@id\":\"https:\\\/\\\/www.nuevavisionopticas.com.ar\\\/blog-de-optica\\\/2025\\\/04\\\/leonardo-sbaraglia-cumplio-su-sueno-en-la-moda-lanzo-su-capsula-de-anteojos\\\/\",\"url\":\"https:\\\/\\\/www.nuevavisionopticas.com.ar\\\/blog-de-optica\\\/2025\\\/04\\\/leonardo-sbaraglia-cumplio-su-sueno-en-la-moda-lanzo-su-capsula-de-anteojos\\\/\",\"name\":\"Leonardo Sbaraglia cumpli\u00f3 su sue\u00f1o en la moda: lanz\u00f3 su c\u00e1psula de anteojos &#8211; Blog de \u00f3ptica\",\"isPartOf\":{\"@id\":\"http:\\\/\\\/www.nuevavisionopticas.com.ar\\\/blog-de-optica\\\/#website\"},\"primaryImageOfPage\":{\"@id\":\"https:\\\/\\\/www.nuevavisionopticas.com.ar\\\/blog-de-optica\\\/2025\\\/04\\\/leonardo-sbaraglia-cumplio-su-sueno-en-la-moda-lanzo-su-capsula-de-anteojos\\\/#primaryimage\"},\"image\":{\"@id\":\"https:\\\/\\\/www.nuevavisionopticas.com.ar\\\/blog-de-optica\\\/2025\\\/04\\\/leonardo-sbaraglia-cumplio-su-sueno-en-la-moda-lanzo-su-capsula-de-anteojos\\\/#primaryimage\"},\"thumbnailUrl\":\"https:\\\/\\\/www.nuevavisionopticas.com.ar\\\/blog-de-optica\\\/wp-content\\\/uploads\\\/2025\\\/04\\\/488210984_1197768001976501_1582545525560948580_n.jpeg\",\"datePublished\":\"2025-04-14T11:50:24+00:00\",\"dateModified\":\"2025-04-14T12:23:06+00:00\",\"breadcrumb\":{\"@id\":\"https:\\\/\\\/www.nuevavisionopticas.com.ar\\\/blog-de-optica\\\/2025\\\/04\\\/leonardo-sbaraglia-cumplio-su-sueno-en-la-moda-lanzo-su-capsula-de-anteojos\\\/#breadcrumb\"},\"inLanguage\":\"es\",\"potentialAction\":[{\"@type\":\"ReadAction\",\"target\":[\"https:\\\/\\\/www.nuevavisionopticas.com.ar\\\/blog-de-optica\\\/2025\\\/04\\\/leonardo-sbaraglia-cumplio-su-sueno-en-la-moda-lanzo-su-capsula-de-anteojos\\\/\"]}]},{\"@type\":\"ImageObject\",\"inLanguage\":\"es\",\"@id\":\"https:\\\/\\\/www.nuevavisionopticas.com.ar\\\/blog-de-optica\\\/2025\\\/04\\\/leonardo-sbaraglia-cumplio-su-sueno-en-la-moda-lanzo-su-capsula-de-anteojos\\\/#primaryimage\",\"url\":\"https:\\\/\\\/www.nuevavisionopticas.com.ar\\\/blog-de-optica\\\/wp-content\\\/uploads\\\/2025\\\/04\\\/488210984_1197768001976501_1582545525560948580_n.jpeg\",\"contentUrl\":\"https:\\\/\\\/www.nuevavisionopticas.com.ar\\\/blog-de-optica\\\/wp-content\\\/uploads\\\/2025\\\/04\\\/488210984_1197768001976501_1582545525560948580_n.jpeg\",\"width\":1080,\"height\":1350,\"caption\":\"Leonardo Sbaraglia cumpli\u00f3 su sue\u00f1o en la moda: lanz\u00f3 su c\u00e1psula de anteojos\"},{\"@type\":\"BreadcrumbList\",\"@id\":\"https:\\\/\\\/www.nuevavisionopticas.com.ar\\\/blog-de-optica\\\/2025\\\/04\\\/leonardo-sbaraglia-cumplio-su-sueno-en-la-moda-lanzo-su-capsula-de-anteojos\\\/#breadcrumb\",\"itemListElement\":[{\"@type\":\"ListItem\",\"position\":1,\"name\":\"Portada\",\"item\":\"http:\\\/\\\/www.nuevavisionopticas.com.ar\\\/blog-de-optica\\\/\"},{\"@type\":\"ListItem\",\"position\":2,\"name\":\"Leonardo Sbaraglia cumpli\u00f3 su sue\u00f1o en la moda: lanz\u00f3 su c\u00e1psula de anteojos\"}]},{\"@type\":\"WebSite\",\"@id\":\"http:\\\/\\\/www.nuevavisionopticas.com.ar\\\/blog-de-optica\\\/#website\",\"url\":\"http:\\\/\\\/www.nuevavisionopticas.com.ar\\\/blog-de-optica\\\/\",\"name\":\"Blog de \u00f3ptica\",\"description\":\"Nueva Visi\u00f3n \u00d3pticas\",\"publisher\":{\"@id\":\"http:\\\/\\\/www.nuevavisionopticas.com.ar\\\/blog-de-optica\\\/#organization\"},\"potentialAction\":[{\"@type\":\"SearchAction\",\"target\":{\"@type\":\"EntryPoint\",\"urlTemplate\":\"http:\\\/\\\/www.nuevavisionopticas.com.ar\\\/blog-de-optica\\\/?s={search_term_string}\"},\"query-input\":{\"@type\":\"PropertyValueSpecification\",\"valueRequired\":true,\"valueName\":\"search_term_string\"}}],\"inLanguage\":\"es\"},{\"@type\":\"Organization\",\"@id\":\"http:\\\/\\\/www.nuevavisionopticas.com.ar\\\/blog-de-optica\\\/#organization\",\"name\":\"Nueva Visi\u00f3n \u00d3pticas\",\"url\":\"http:\\\/\\\/www.nuevavisionopticas.com.ar\\\/blog-de-optica\\\/\",\"logo\":{\"@type\":\"ImageObject\",\"inLanguage\":\"es\",\"@id\":\"http:\\\/\\\/www.nuevavisionopticas.com.ar\\\/blog-de-optica\\\/#\\\/schema\\\/logo\\\/image\\\/\",\"url\":\"https:\\\/\\\/www.nuevavisionopticas.com.ar\\\/blog-de-optica\\\/wp-content\\\/uploads\\\/2021\\\/07\\\/logo-blanco-nueva-vision.png\",\"contentUrl\":\"https:\\\/\\\/www.nuevavisionopticas.com.ar\\\/blog-de-optica\\\/wp-content\\\/uploads\\\/2021\\\/07\\\/logo-blanco-nueva-vision.png\",\"width\":181,\"height\":46,\"caption\":\"Nueva Visi\u00f3n \u00d3pticas\"},\"image\":{\"@id\":\"http:\\\/\\\/www.nuevavisionopticas.com.ar\\\/blog-de-optica\\\/#\\\/schema\\\/logo\\\/image\\\/\"},\"sameAs\":[\"https:\\\/\\\/www.facebook.com\\\/nuevavisionarg\",\"https:\\\/\\\/www.instagram.com\\\/nuevavisionarg\"]},{\"@type\":\"Person\",\"@id\":\"http:\\\/\\\/www.nuevavisionopticas.com.ar\\\/blog-de-optica\\\/#\\\/schema\\\/person\\\/2d6fbd00282cbc8fdd54058894af4341\",\"name\":\"admin_optica\",\"image\":{\"@type\":\"ImageObject\",\"inLanguage\":\"es\",\"@id\":\"https:\\\/\\\/secure.gravatar.com\\\/avatar\\\/e33974a79b80e7fe593e5cf53cb2160fcb165380bed6475ed9144c295430f76c?s=96&d=mm&r=g\",\"url\":\"https:\\\/\\\/secure.gravatar.com\\\/avatar\\\/e33974a79b80e7fe593e5cf53cb2160fcb165380bed6475ed9144c295430f76c?s=96&d=mm&r=g\",\"contentUrl\":\"https:\\\/\\\/secure.gravatar.com\\\/avatar\\\/e33974a79b80e7fe593e5cf53cb2160fcb165380bed6475ed9144c295430f76c?s=96&d=mm&r=g\",\"caption\":\"admin_optica\"}}]}<\/script>\n<!-- \/ Yoast SEO plugin. -->","yoast_head_json":{"title":"Leonardo Sbaraglia cumpli\u00f3 su sue\u00f1o en la moda: lanz\u00f3 su c\u00e1psula de anteojos &#8211; Blog de \u00f3ptica","robots":{"index":"index","follow":"follow","max-snippet":"max-snippet:-1","max-image-preview":"max-image-preview:large","max-video-preview":"max-video-preview:-1"},"canonical":"https:\/\/www.nuevavisionopticas.com.ar\/blog-de-optica\/2025\/04\/leonardo-sbaraglia-cumplio-su-sueno-en-la-moda-lanzo-su-capsula-de-anteojos\/","og_locale":"es_ES","og_type":"article","og_title":"Leonardo Sbaraglia cumpli\u00f3 su sue\u00f1o en la moda: lanz\u00f3 su c\u00e1psula de anteojos &#8211; Blog de \u00f3ptica","og_description":"Cada vez son m\u00e1s las firmas que buscan a&nbsp;Leonardo Sbaraglia para ser cara de sus campa\u00f1as. Gracias a su encanto, elegancia y actitud ante los flashes, el actor se convirti\u00f3 en el candidato perfecto parea lanzar su colecci\u00f3n c\u00e1psula junto a&nbsp;Volga, la marca de anteojos fundada por&nbsp;Gabriel Robol&nbsp;junto a sus hijos&nbsp;Lautaro y Joaqu\u00edn. Cuando lo vieron en la campa\u00f1a de&nbsp;caballeros para&nbsp;Cerini, cuenta Lautaro, se dieron cuenta de que era el hombre ideal para representar a su marca, que se lanz\u00f3 [&hellip;]","og_url":"https:\/\/www.nuevavisionopticas.com.ar\/blog-de-optica\/2025\/04\/leonardo-sbaraglia-cumplio-su-sueno-en-la-moda-lanzo-su-capsula-de-anteojos\/","og_site_name":"Blog de \u00f3ptica","article_publisher":"https:\/\/www.facebook.com\/nuevavisionarg","article_published_time":"2025-04-14T11:50:24+00:00","article_modified_time":"2025-04-14T12:23:06+00:00","og_image":[{"width":1080,"height":1350,"url":"https:\/\/www.nuevavisionopticas.com.ar\/blog-de-optica\/wp-content\/uploads\/2025\/04\/488210984_1197768001976501_1582545525560948580_n.jpeg","type":"image\/jpeg"}],"author":"admin_optica","twitter_card":"summary_large_image","twitter_misc":{"Escrito por":"admin_optica","Tiempo de lectura":"4 minutos"},"schema":{"@context":"https:\/\/schema.org","@graph":[{"@type":"Article","@id":"https:\/\/www.nuevavisionopticas.com.ar\/blog-de-optica\/2025\/04\/leonardo-sbaraglia-cumplio-su-sueno-en-la-moda-lanzo-su-capsula-de-anteojos\/#article","isPartOf":{"@id":"https:\/\/www.nuevavisionopticas.com.ar\/blog-de-optica\/2025\/04\/leonardo-sbaraglia-cumplio-su-sueno-en-la-moda-lanzo-su-capsula-de-anteojos\/"},"author":{"name":"admin_optica","@id":"http:\/\/www.nuevavisionopticas.com.ar\/blog-de-optica\/#\/schema\/person\/2d6fbd00282cbc8fdd54058894af4341"},"headline":"Leonardo Sbaraglia cumpli\u00f3 su sue\u00f1o en la moda: lanz\u00f3 su c\u00e1psula de anteojos","datePublished":"2025-04-14T11:50:24+00:00","dateModified":"2025-04-14T12:23:06+00:00","mainEntityOfPage":{"@id":"https:\/\/www.nuevavisionopticas.com.ar\/blog-de-optica\/2025\/04\/leonardo-sbaraglia-cumplio-su-sueno-en-la-moda-lanzo-su-capsula-de-anteojos\/"},"wordCount":544,"commentCount":0,"publisher":{"@id":"http:\/\/www.nuevavisionopticas.com.ar\/blog-de-optica\/#organization"},"image":{"@id":"https:\/\/www.nuevavisionopticas.com.ar\/blog-de-optica\/2025\/04\/leonardo-sbaraglia-cumplio-su-sueno-en-la-moda-lanzo-su-capsula-de-anteojos\/#primaryimage"},"thumbnailUrl":"https:\/\/www.nuevavisionopticas.com.ar\/blog-de-optica\/wp-content\/uploads\/2025\/04\/488210984_1197768001976501_1582545525560948580_n.jpeg","keywords":["marcas"],"articleSection":["marcas","moda","novedades"],"inLanguage":"es","potentialAction":[{"@type":"CommentAction","name":"Comment","target":["https:\/\/www.nuevavisionopticas.com.ar\/blog-de-optica\/2025\/04\/leonardo-sbaraglia-cumplio-su-sueno-en-la-moda-lanzo-su-capsula-de-anteojos\/#respond"]}]},{"@type":"WebPage","@id":"https:\/\/www.nuevavisionopticas.com.ar\/blog-de-optica\/2025\/04\/leonardo-sbaraglia-cumplio-su-sueno-en-la-moda-lanzo-su-capsula-de-anteojos\/","url":"https:\/\/www.nuevavisionopticas.com.ar\/blog-de-optica\/2025\/04\/leonardo-sbaraglia-cumplio-su-sueno-en-la-moda-lanzo-su-capsula-de-anteojos\/","name":"Leonardo Sbaraglia cumpli\u00f3 su sue\u00f1o en la moda: lanz\u00f3 su c\u00e1psula de anteojos &#8211; Blog de \u00f3ptica","isPartOf":{"@id":"http:\/\/www.nuevavisionopticas.com.ar\/blog-de-optica\/#website"},"primaryImageOfPage":{"@id":"https:\/\/www.nuevavisionopticas.com.ar\/blog-de-optica\/2025\/04\/leonardo-sbaraglia-cumplio-su-sueno-en-la-moda-lanzo-su-capsula-de-anteojos\/#primaryimage"},"image":{"@id":"https:\/\/www.nuevavisionopticas.com.ar\/blog-de-optica\/2025\/04\/leonardo-sbaraglia-cumplio-su-sueno-en-la-moda-lanzo-su-capsula-de-anteojos\/#primaryimage"},"thumbnailUrl":"https:\/\/www.nuevavisionopticas.com.ar\/blog-de-optica\/wp-content\/uploads\/2025\/04\/488210984_1197768001976501_1582545525560948580_n.jpeg","datePublished":"2025-04-14T11:50:24+00:00","dateModified":"2025-04-14T12:23:06+00:00","breadcrumb":{"@id":"https:\/\/www.nuevavisionopticas.com.ar\/blog-de-optica\/2025\/04\/leonardo-sbaraglia-cumplio-su-sueno-en-la-moda-lanzo-su-capsula-de-anteojos\/#breadcrumb"},"inLanguage":"es","potentialAction":[{"@type":"ReadAction","target":["https:\/\/www.nuevavisionopticas.com.ar\/blog-de-optica\/2025\/04\/leonardo-sbaraglia-cumplio-su-sueno-en-la-moda-lanzo-su-capsula-de-anteojos\/"]}]},{"@type":"ImageObject","inLanguage":"es","@id":"https:\/\/www.nuevavisionopticas.com.ar\/blog-de-optica\/2025\/04\/leonardo-sbaraglia-cumplio-su-sueno-en-la-moda-lanzo-su-capsula-de-anteojos\/#primaryimage","url":"https:\/\/www.nuevavisionopticas.com.ar\/blog-de-optica\/wp-content\/uploads\/2025\/04\/488210984_1197768001976501_1582545525560948580_n.jpeg","contentUrl":"https:\/\/www.nuevavisionopticas.com.ar\/blog-de-optica\/wp-content\/uploads\/2025\/04\/488210984_1197768001976501_1582545525560948580_n.jpeg","width":1080,"height":1350,"caption":"Leonardo Sbaraglia cumpli\u00f3 su sue\u00f1o en la moda: lanz\u00f3 su c\u00e1psula de anteojos"},{"@type":"BreadcrumbList","@id":"https:\/\/www.nuevavisionopticas.com.ar\/blog-de-optica\/2025\/04\/leonardo-sbaraglia-cumplio-su-sueno-en-la-moda-lanzo-su-capsula-de-anteojos\/#breadcrumb","itemListElement":[{"@type":"ListItem","position":1,"name":"Portada","item":"http:\/\/www.nuevavisionopticas.com.ar\/blog-de-optica\/"},{"@type":"ListItem","position":2,"name":"Leonardo Sbaraglia cumpli\u00f3 su sue\u00f1o en la moda: lanz\u00f3 su c\u00e1psula de anteojos"}]},{"@type":"WebSite","@id":"http:\/\/www.nuevavisionopticas.com.ar\/blog-de-optica\/#website","url":"http:\/\/www.nuevavisionopticas.com.ar\/blog-de-optica\/","name":"Blog de \u00f3ptica","description":"Nueva Visi\u00f3n \u00d3pticas","publisher":{"@id":"http:\/\/www.nuevavisionopticas.com.ar\/blog-de-optica\/#organization"},"potentialAction":[{"@type":"SearchAction","target":{"@type":"EntryPoint","urlTemplate":"http:\/\/www.nuevavisionopticas.com.ar\/blog-de-optica\/?s={search_term_string}"},"query-input":{"@type":"PropertyValueSpecification","valueRequired":true,"valueName":"search_term_string"}}],"inLanguage":"es"},{"@type":"Organization","@id":"http:\/\/www.nuevavisionopticas.com.ar\/blog-de-optica\/#organization","name":"Nueva Visi\u00f3n \u00d3pticas","url":"http:\/\/www.nuevavisionopticas.com.ar\/blog-de-optica\/","logo":{"@type":"ImageObject","inLanguage":"es","@id":"http:\/\/www.nuevavisionopticas.com.ar\/blog-de-optica\/#\/schema\/logo\/image\/","url":"https:\/\/www.nuevavisionopticas.com.ar\/blog-de-optica\/wp-content\/uploads\/2021\/07\/logo-blanco-nueva-vision.png","contentUrl":"https:\/\/www.nuevavisionopticas.com.ar\/blog-de-optica\/wp-content\/uploads\/2021\/07\/logo-blanco-nueva-vision.png","width":181,"height":46,"caption":"Nueva Visi\u00f3n \u00d3pticas"},"image":{"@id":"http:\/\/www.nuevavisionopticas.com.ar\/blog-de-optica\/#\/schema\/logo\/image\/"},"sameAs":["https:\/\/www.facebook.com\/nuevavisionarg","https:\/\/www.instagram.com\/nuevavisionarg"]},{"@type":"Person","@id":"http:\/\/www.nuevavisionopticas.com.ar\/blog-de-optica\/#\/schema\/person\/2d6fbd00282cbc8fdd54058894af4341","name":"admin_optica","image":{"@type":"ImageObject","inLanguage":"es","@id":"https:\/\/secure.gravatar.com\/avatar\/e33974a79b80e7fe593e5cf53cb2160fcb165380bed6475ed9144c295430f76c?s=96&d=mm&r=g","url":"https:\/\/secure.gravatar.com\/avatar\/e33974a79b80e7fe593e5cf53cb2160fcb165380bed6475ed9144c295430f76c?s=96&d=mm&r=g","contentUrl":"https:\/\/secure.gravatar.com\/avatar\/e33974a79b80e7fe593e5cf53cb2160fcb165380bed6475ed9144c295430f76c?s=96&d=mm&r=g","caption":"admin_optica"}}]}},"_links":{"self":[{"href":"https:\/\/www.nuevavisionopticas.com.ar\/blog-de-optica\/wp-json\/wp\/v2\/posts\/3720","targetHints":{"allow":["GET"]}}],"collection":[{"href":"https:\/\/www.nuevavisionopticas.com.ar\/blog-de-optica\/wp-json\/wp\/v2\/posts"}],"about":[{"href":"https:\/\/www.nuevavisionopticas.com.ar\/blog-de-optica\/wp-json\/wp\/v2\/types\/post"}],"author":[{"embeddable":true,"href":"https:\/\/www.nuevavisionopticas.com.ar\/blog-de-optica\/wp-json\/wp\/v2\/users\/1"}],"replies":[{"embeddable":true,"href":"https:\/\/www.nuevavisionopticas.com.ar\/blog-de-optica\/wp-json\/wp\/v2\/comments?post=3720"}],"version-history":[{"count":2,"href":"https:\/\/www.nuevavisionopticas.com.ar\/blog-de-optica\/wp-json\/wp\/v2\/posts\/3720\/revisions"}],"predecessor-version":[{"id":3735,"href":"https:\/\/www.nuevavisionopticas.com.ar\/blog-de-optica\/wp-json\/wp\/v2\/posts\/3720\/revisions\/3735"}],"wp:featuredmedia":[{"embeddable":true,"href":"https:\/\/www.nuevavisionopticas.com.ar\/blog-de-optica\/wp-json\/wp\/v2\/media\/3721"}],"wp:attachment":[{"href":"https:\/\/www.nuevavisionopticas.com.ar\/blog-de-optica\/wp-json\/wp\/v2\/media?parent=3720"}],"wp:term":[{"taxonomy":"category","embeddable":true,"href":"https:\/\/www.nuevavisionopticas.com.ar\/blog-de-optica\/wp-json\/wp\/v2\/categories?post=3720"},{"taxonomy":"post_tag","embeddable":true,"href":"https:\/\/www.nuevavisionopticas.com.ar\/blog-de-optica\/wp-json\/wp\/v2\/tags?post=3720"}],"curies":[{"name":"wp","href":"https:\/\/api.w.org\/{rel}","templated":true}]}}