{"id":3788,"date":"2025-08-23T10:11:22","date_gmt":"2025-08-23T13:11:22","guid":{"rendered":"https:\/\/www.nuevavisionopticas.com.ar\/blog-de-optica\/?p=3788"},"modified":"2025-08-23T11:00:33","modified_gmt":"2025-08-23T14:00:33","slug":"eco-friendly-la-nueva-linea-de-paula-cahen-danvers","status":"publish","type":"post","link":"https:\/\/www.nuevavisionopticas.com.ar\/blog-de-optica\/2025\/08\/eco-friendly-la-nueva-linea-de-paula-cahen-danvers\/","title":{"rendered":"Eco-friendly: la nueva l\u00ednea de Paula Cahen D&#8217;anvers"},"content":{"rendered":"\n<figure class=\"wp-block-image size-large\"><img decoding=\"async\" src=\"data:image\/svg+xml,%3Csvg%20xmlns='http:\/\/www.w3.org\/2000\/svg'%20viewBox='0%200%20370%20247'%3E%3C\/svg%3E\" data-lazy-src=\"http:\/\/www.nuevavisionopticas.com.ar\/blog-de-optica\/wp-content\/uploads\/2025\/08\/PCDA-rx_post16_monterosso-819x1024.jpg\" alt=\"Eco-friendly: la nueva l\u00ednea de Paula Cahen D'anvers\" class=\"zeen-lazy-load-base zeen-lazy-load wp-image-3806\"\/><noscript><img decoding=\"async\" width=\"819\" height=\"1024\" src=\"http:\/\/www.nuevavisionopticas.com.ar\/blog-de-optica\/wp-content\/uploads\/2025\/08\/PCDA-rx_post16_monterosso-819x1024.jpg\" alt=\"Eco-friendly: la nueva l\u00ednea de Paula Cahen D'anvers\" class=\"wp-image-3806\" srcset=\"https:\/\/www.nuevavisionopticas.com.ar\/blog-de-optica\/wp-content\/uploads\/2025\/08\/PCDA-rx_post16_monterosso-819x1024.jpg 819w, https:\/\/www.nuevavisionopticas.com.ar\/blog-de-optica\/wp-content\/uploads\/2025\/08\/PCDA-rx_post16_monterosso-240x300.jpg 240w, https:\/\/www.nuevavisionopticas.com.ar\/blog-de-optica\/wp-content\/uploads\/2025\/08\/PCDA-rx_post16_monterosso-770x963.jpg 770w, https:\/\/www.nuevavisionopticas.com.ar\/blog-de-optica\/wp-content\/uploads\/2025\/08\/PCDA-rx_post16_monterosso-1229x1536.jpg 1229w, https:\/\/www.nuevavisionopticas.com.ar\/blog-de-optica\/wp-content\/uploads\/2025\/08\/PCDA-rx_post16_monterosso-274x343.jpg 274w, https:\/\/www.nuevavisionopticas.com.ar\/blog-de-optica\/wp-content\/uploads\/2025\/08\/PCDA-rx_post16_monterosso-751x939.jpg 751w, https:\/\/www.nuevavisionopticas.com.ar\/blog-de-optica\/wp-content\/uploads\/2025\/08\/PCDA-rx_post16_monterosso-1381x1726.jpg 1381w, https:\/\/www.nuevavisionopticas.com.ar\/blog-de-optica\/wp-content\/uploads\/2025\/08\/PCDA-rx_post16_monterosso-390x488.jpg 390w, https:\/\/www.nuevavisionopticas.com.ar\/blog-de-optica\/wp-content\/uploads\/2025\/08\/PCDA-rx_post16_monterosso.jpg 1280w\" sizes=\"(max-width: 819px) 100vw, 819px\" \/><\/noscript><figcaption class=\"wp-element-caption\">Eco-friendly: la nueva l\u00ednea de Paula Cahen D&#8217;anvers<\/figcaption><\/figure>\n\n\n\n<h2 class=\"wp-block-heading\">Una respuesta a la contaminaci\u00f3n<\/h2>\n\n\n\n<p>En a\u00f1os recientes se desarrollaron <strong>materiales<\/strong> <strong>biodegradables<\/strong> y eco-amigables como respuesta al<br>problema de la contaminaci\u00f3n causada por el pl\u00e1stico, tambi\u00e9n llamada \u201ccontaminaci\u00f3n blanca\u201d. Estas piezas son creadas con l\u00e1minas de <strong>acetato<\/strong> de celulosa <strong>eco<\/strong> <strong>friendly<\/strong>. Se trata de un material <strong>biodegradable<\/strong>, <strong>libre<\/strong> <strong>de<\/strong> <strong>BPA<\/strong> y con plastificantes de <strong>origen<\/strong> <strong>vegetal<\/strong> que reemplazan los tradicionales.<\/p>\n\n\n\n<h2 class=\"wp-block-heading\">Evora<\/h2>\n\n\n\n<figure class=\"wp-block-gallery has-nested-images columns-default is-cropped wp-block-gallery-1 is-layout-flex wp-block-gallery-is-layout-flex\">\n<figure class=\"wp-block-image size-large\"><img decoding=\"async\" src=\"data:image\/svg+xml,%3Csvg%20xmlns='http:\/\/www.w3.org\/2000\/svg'%20viewBox='0%200%20370%20247'%3E%3C\/svg%3E\" data-id=\"3790\" data-lazy-src=\"http:\/\/www.nuevavisionopticas.com.ar\/blog-de-optica\/wp-content\/uploads\/2025\/08\/PCDA_Evora_col00_RX_Frente-1024x1024.jpg\" alt=\"Evora de la linea de acetato ecol\u00f3gico de Paula Cahen D'Anvers\" class=\"zeen-lazy-load-base zeen-lazy-load wp-image-3790\"\/><noscript><img decoding=\"async\" width=\"1024\" height=\"1024\" data-id=\"3790\" src=\"http:\/\/www.nuevavisionopticas.com.ar\/blog-de-optica\/wp-content\/uploads\/2025\/08\/PCDA_Evora_col00_RX_Frente-1024x1024.jpg\" alt=\"Evora de la linea de acetato ecol\u00f3gico de Paula Cahen D'Anvers\" class=\"wp-image-3790\" srcset=\"https:\/\/www.nuevavisionopticas.com.ar\/blog-de-optica\/wp-content\/uploads\/2025\/08\/PCDA_Evora_col00_RX_Frente-1024x1024.jpg 1024w, https:\/\/www.nuevavisionopticas.com.ar\/blog-de-optica\/wp-content\/uploads\/2025\/08\/PCDA_Evora_col00_RX_Frente-300x300.jpg 300w, https:\/\/www.nuevavisionopticas.com.ar\/blog-de-optica\/wp-content\/uploads\/2025\/08\/PCDA_Evora_col00_RX_Frente-100x100.jpg 100w, https:\/\/www.nuevavisionopticas.com.ar\/blog-de-optica\/wp-content\/uploads\/2025\/08\/PCDA_Evora_col00_RX_Frente-770x770.jpg 770w, https:\/\/www.nuevavisionopticas.com.ar\/blog-de-optica\/wp-content\/uploads\/2025\/08\/PCDA_Evora_col00_RX_Frente-1536x1536.jpg 1536w, https:\/\/www.nuevavisionopticas.com.ar\/blog-de-optica\/wp-content\/uploads\/2025\/08\/PCDA_Evora_col00_RX_Frente-274x274.jpg 274w, https:\/\/www.nuevavisionopticas.com.ar\/blog-de-optica\/wp-content\/uploads\/2025\/08\/PCDA_Evora_col00_RX_Frente-371x371.jpg 371w, https:\/\/www.nuevavisionopticas.com.ar\/blog-de-optica\/wp-content\/uploads\/2025\/08\/PCDA_Evora_col00_RX_Frente-566x566.jpg 566w, https:\/\/www.nuevavisionopticas.com.ar\/blog-de-optica\/wp-content\/uploads\/2025\/08\/PCDA_Evora_col00_RX_Frente-881x881.jpg 881w, https:\/\/www.nuevavisionopticas.com.ar\/blog-de-optica\/wp-content\/uploads\/2025\/08\/PCDA_Evora_col00_RX_Frente-751x751.jpg 751w, https:\/\/www.nuevavisionopticas.com.ar\/blog-de-optica\/wp-content\/uploads\/2025\/08\/PCDA_Evora_col00_RX_Frente-1381x1381.jpg 1381w, https:\/\/www.nuevavisionopticas.com.ar\/blog-de-optica\/wp-content\/uploads\/2025\/08\/PCDA_Evora_col00_RX_Frente-390x390.jpg 390w, https:\/\/www.nuevavisionopticas.com.ar\/blog-de-optica\/wp-content\/uploads\/2025\/08\/PCDA_Evora_col00_RX_Frente.jpg 1920w\" sizes=\"(max-width: 1024px) 100vw, 1024px\" \/><\/noscript><figcaption class=\"wp-element-caption\">Evora de la linea de acetato ecol\u00f3gico de Paula Cahen D&#8217;Anvers<\/figcaption><\/figure>\n\n\n\n<figure class=\"wp-block-image size-large\"><img decoding=\"async\" src=\"data:image\/svg+xml,%3Csvg%20xmlns='http:\/\/www.w3.org\/2000\/svg'%20viewBox='0%200%20370%20247'%3E%3C\/svg%3E\" data-id=\"3791\" data-lazy-src=\"http:\/\/www.nuevavisionopticas.com.ar\/blog-de-optica\/wp-content\/uploads\/2025\/08\/PCDA_Evora_col01_RX_Frente-1024x1024.jpg\" alt=\"Evora de la linea de acetato ecol\u00f3gico de Paula Cahen D'Anvers\" class=\"zeen-lazy-load-base zeen-lazy-load wp-image-3791\"\/><noscript><img decoding=\"async\" width=\"1024\" height=\"1024\" data-id=\"3791\" src=\"http:\/\/www.nuevavisionopticas.com.ar\/blog-de-optica\/wp-content\/uploads\/2025\/08\/PCDA_Evora_col01_RX_Frente-1024x1024.jpg\" alt=\"Evora de la linea de acetato ecol\u00f3gico de Paula Cahen D'Anvers\" class=\"wp-image-3791\" srcset=\"https:\/\/www.nuevavisionopticas.com.ar\/blog-de-optica\/wp-content\/uploads\/2025\/08\/PCDA_Evora_col01_RX_Frente-1024x1024.jpg 1024w, https:\/\/www.nuevavisionopticas.com.ar\/blog-de-optica\/wp-content\/uploads\/2025\/08\/PCDA_Evora_col01_RX_Frente-300x300.jpg 300w, https:\/\/www.nuevavisionopticas.com.ar\/blog-de-optica\/wp-content\/uploads\/2025\/08\/PCDA_Evora_col01_RX_Frente-100x100.jpg 100w, https:\/\/www.nuevavisionopticas.com.ar\/blog-de-optica\/wp-content\/uploads\/2025\/08\/PCDA_Evora_col01_RX_Frente-770x770.jpg 770w, https:\/\/www.nuevavisionopticas.com.ar\/blog-de-optica\/wp-content\/uploads\/2025\/08\/PCDA_Evora_col01_RX_Frente-1536x1536.jpg 1536w, https:\/\/www.nuevavisionopticas.com.ar\/blog-de-optica\/wp-content\/uploads\/2025\/08\/PCDA_Evora_col01_RX_Frente-274x274.jpg 274w, https:\/\/www.nuevavisionopticas.com.ar\/blog-de-optica\/wp-content\/uploads\/2025\/08\/PCDA_Evora_col01_RX_Frente-371x371.jpg 371w, https:\/\/www.nuevavisionopticas.com.ar\/blog-de-optica\/wp-content\/uploads\/2025\/08\/PCDA_Evora_col01_RX_Frente-566x566.jpg 566w, https:\/\/www.nuevavisionopticas.com.ar\/blog-de-optica\/wp-content\/uploads\/2025\/08\/PCDA_Evora_col01_RX_Frente-881x881.jpg 881w, https:\/\/www.nuevavisionopticas.com.ar\/blog-de-optica\/wp-content\/uploads\/2025\/08\/PCDA_Evora_col01_RX_Frente-751x751.jpg 751w, https:\/\/www.nuevavisionopticas.com.ar\/blog-de-optica\/wp-content\/uploads\/2025\/08\/PCDA_Evora_col01_RX_Frente-1381x1381.jpg 1381w, https:\/\/www.nuevavisionopticas.com.ar\/blog-de-optica\/wp-content\/uploads\/2025\/08\/PCDA_Evora_col01_RX_Frente-390x390.jpg 390w, https:\/\/www.nuevavisionopticas.com.ar\/blog-de-optica\/wp-content\/uploads\/2025\/08\/PCDA_Evora_col01_RX_Frente.jpg 1600w\" sizes=\"(max-width: 1024px) 100vw, 1024px\" \/><\/noscript><figcaption class=\"wp-element-caption\">Evora de la linea de acetato ecol\u00f3gico de Paula Cahen D&#8217;Anvers<\/figcaption><\/figure>\n\n\n\n<figure class=\"wp-block-image size-large\"><img decoding=\"async\" src=\"data:image\/svg+xml,%3Csvg%20xmlns='http:\/\/www.w3.org\/2000\/svg'%20viewBox='0%200%20370%20247'%3E%3C\/svg%3E\" data-id=\"3792\" data-lazy-src=\"http:\/\/www.nuevavisionopticas.com.ar\/blog-de-optica\/wp-content\/uploads\/2025\/08\/PCDA_Evora_col02_RX_Frente-1024x1024.jpg\" alt=\"Evora de la linea de acetato ecol\u00f3gico de Paula Cahen D'Anvers\" class=\"zeen-lazy-load-base zeen-lazy-load wp-image-3792\"\/><noscript><img decoding=\"async\" width=\"1024\" height=\"1024\" data-id=\"3792\" src=\"http:\/\/www.nuevavisionopticas.com.ar\/blog-de-optica\/wp-content\/uploads\/2025\/08\/PCDA_Evora_col02_RX_Frente-1024x1024.jpg\" alt=\"Evora de la linea de acetato ecol\u00f3gico de Paula Cahen D'Anvers\" class=\"wp-image-3792\" srcset=\"https:\/\/www.nuevavisionopticas.com.ar\/blog-de-optica\/wp-content\/uploads\/2025\/08\/PCDA_Evora_col02_RX_Frente-1024x1024.jpg 1024w, https:\/\/www.nuevavisionopticas.com.ar\/blog-de-optica\/wp-content\/uploads\/2025\/08\/PCDA_Evora_col02_RX_Frente-300x300.jpg 300w, https:\/\/www.nuevavisionopticas.com.ar\/blog-de-optica\/wp-content\/uploads\/2025\/08\/PCDA_Evora_col02_RX_Frente-100x100.jpg 100w, https:\/\/www.nuevavisionopticas.com.ar\/blog-de-optica\/wp-content\/uploads\/2025\/08\/PCDA_Evora_col02_RX_Frente-770x770.jpg 770w, https:\/\/www.nuevavisionopticas.com.ar\/blog-de-optica\/wp-content\/uploads\/2025\/08\/PCDA_Evora_col02_RX_Frente-1536x1536.jpg 1536w, https:\/\/www.nuevavisionopticas.com.ar\/blog-de-optica\/wp-content\/uploads\/2025\/08\/PCDA_Evora_col02_RX_Frente-274x274.jpg 274w, https:\/\/www.nuevavisionopticas.com.ar\/blog-de-optica\/wp-content\/uploads\/2025\/08\/PCDA_Evora_col02_RX_Frente-371x371.jpg 371w, https:\/\/www.nuevavisionopticas.com.ar\/blog-de-optica\/wp-content\/uploads\/2025\/08\/PCDA_Evora_col02_RX_Frente-566x566.jpg 566w, https:\/\/www.nuevavisionopticas.com.ar\/blog-de-optica\/wp-content\/uploads\/2025\/08\/PCDA_Evora_col02_RX_Frente-881x881.jpg 881w, https:\/\/www.nuevavisionopticas.com.ar\/blog-de-optica\/wp-content\/uploads\/2025\/08\/PCDA_Evora_col02_RX_Frente-751x751.jpg 751w, https:\/\/www.nuevavisionopticas.com.ar\/blog-de-optica\/wp-content\/uploads\/2025\/08\/PCDA_Evora_col02_RX_Frente-1381x1381.jpg 1381w, https:\/\/www.nuevavisionopticas.com.ar\/blog-de-optica\/wp-content\/uploads\/2025\/08\/PCDA_Evora_col02_RX_Frente-390x390.jpg 390w, https:\/\/www.nuevavisionopticas.com.ar\/blog-de-optica\/wp-content\/uploads\/2025\/08\/PCDA_Evora_col02_RX_Frente.jpg 1600w\" sizes=\"(max-width: 1024px) 100vw, 1024px\" \/><\/noscript><figcaption class=\"wp-element-caption\">Evora de la linea de acetato ecol\u00f3gico de Paula Cahen D&#8217;Anvers<\/figcaption><\/figure>\n\n\n\n<figure class=\"wp-block-image size-large\"><img decoding=\"async\" src=\"data:image\/svg+xml,%3Csvg%20xmlns='http:\/\/www.w3.org\/2000\/svg'%20viewBox='0%200%20370%20247'%3E%3C\/svg%3E\" data-id=\"3789\" data-lazy-src=\"http:\/\/www.nuevavisionopticas.com.ar\/blog-de-optica\/wp-content\/uploads\/2025\/08\/PCDA_Evora_col03_RX_Frente-1024x1024.jpg\" alt=\"Evora de la linea de acetato ecol\u00f3gico de Paula Cahen D'Anvers\" class=\"zeen-lazy-load-base zeen-lazy-load wp-image-3789\"\/><noscript><img decoding=\"async\" width=\"1024\" height=\"1024\" data-id=\"3789\" src=\"http:\/\/www.nuevavisionopticas.com.ar\/blog-de-optica\/wp-content\/uploads\/2025\/08\/PCDA_Evora_col03_RX_Frente-1024x1024.jpg\" alt=\"Evora de la linea de acetato ecol\u00f3gico de Paula Cahen D'Anvers\" class=\"wp-image-3789\" srcset=\"https:\/\/www.nuevavisionopticas.com.ar\/blog-de-optica\/wp-content\/uploads\/2025\/08\/PCDA_Evora_col03_RX_Frente-1024x1024.jpg 1024w, https:\/\/www.nuevavisionopticas.com.ar\/blog-de-optica\/wp-content\/uploads\/2025\/08\/PCDA_Evora_col03_RX_Frente-300x300.jpg 300w, https:\/\/www.nuevavisionopticas.com.ar\/blog-de-optica\/wp-content\/uploads\/2025\/08\/PCDA_Evora_col03_RX_Frente-100x100.jpg 100w, https:\/\/www.nuevavisionopticas.com.ar\/blog-de-optica\/wp-content\/uploads\/2025\/08\/PCDA_Evora_col03_RX_Frente-770x770.jpg 770w, https:\/\/www.nuevavisionopticas.com.ar\/blog-de-optica\/wp-content\/uploads\/2025\/08\/PCDA_Evora_col03_RX_Frente-274x274.jpg 274w, https:\/\/www.nuevavisionopticas.com.ar\/blog-de-optica\/wp-content\/uploads\/2025\/08\/PCDA_Evora_col03_RX_Frente-371x371.jpg 371w, https:\/\/www.nuevavisionopticas.com.ar\/blog-de-optica\/wp-content\/uploads\/2025\/08\/PCDA_Evora_col03_RX_Frente-566x566.jpg 566w, https:\/\/www.nuevavisionopticas.com.ar\/blog-de-optica\/wp-content\/uploads\/2025\/08\/PCDA_Evora_col03_RX_Frente-881x881.jpg 881w, https:\/\/www.nuevavisionopticas.com.ar\/blog-de-optica\/wp-content\/uploads\/2025\/08\/PCDA_Evora_col03_RX_Frente-751x751.jpg 751w, https:\/\/www.nuevavisionopticas.com.ar\/blog-de-optica\/wp-content\/uploads\/2025\/08\/PCDA_Evora_col03_RX_Frente-1381x1381.jpg 1381w, https:\/\/www.nuevavisionopticas.com.ar\/blog-de-optica\/wp-content\/uploads\/2025\/08\/PCDA_Evora_col03_RX_Frente-390x390.jpg 390w, https:\/\/www.nuevavisionopticas.com.ar\/blog-de-optica\/wp-content\/uploads\/2025\/08\/PCDA_Evora_col03_RX_Frente.jpg 1434w\" sizes=\"(max-width: 1024px) 100vw, 1024px\" \/><\/noscript><figcaption class=\"wp-element-caption\">Evora de la linea de acetato ecol\u00f3gico de Paula Cahen D&#8217;Anvers<\/figcaption><\/figure>\n<\/figure>\n\n\n\n<p>De la linea de acetato ecol\u00f3gico de <strong>Paula<\/strong> <strong>Cahen<\/strong> <strong>D&#8217;Anvers<\/strong>, <strong>Evora<\/strong> es un modelo que marca tendencia. De ojo <strong>rectangular<\/strong> y con formas <strong>vintage<\/strong>, <strong>elegante<\/strong> y osado. De calce mediano. Tiene patillas de doble espesor de acetato con flex reparable, alma ajustable y logo met\u00e1lico externo.<\/p>\n\n\n\n<h2 class=\"wp-block-heading\">Coimbra<\/h2>\n\n\n\n<figure class=\"wp-block-gallery has-nested-images columns-default is-cropped wp-block-gallery-2 is-layout-flex wp-block-gallery-is-layout-flex\">\n<figure class=\"wp-block-image size-large\"><img decoding=\"async\" src=\"data:image\/svg+xml,%3Csvg%20xmlns='http:\/\/www.w3.org\/2000\/svg'%20viewBox='0%200%20370%20247'%3E%3C\/svg%3E\" data-id=\"3794\" data-lazy-src=\"http:\/\/www.nuevavisionopticas.com.ar\/blog-de-optica\/wp-content\/uploads\/2025\/08\/PCDA_Coimbra_col00_RX_Frente-1024x1024.jpg\" alt=\"Coimbra de la linea de acetato ecol\u00f3gico de Paula Cahen D'Anvers\" class=\"zeen-lazy-load-base zeen-lazy-load wp-image-3794\"\/><noscript><img decoding=\"async\" width=\"1024\" height=\"1024\" data-id=\"3794\" src=\"http:\/\/www.nuevavisionopticas.com.ar\/blog-de-optica\/wp-content\/uploads\/2025\/08\/PCDA_Coimbra_col00_RX_Frente-1024x1024.jpg\" alt=\"Coimbra de la linea de acetato ecol\u00f3gico de Paula Cahen D'Anvers\" class=\"wp-image-3794\" srcset=\"https:\/\/www.nuevavisionopticas.com.ar\/blog-de-optica\/wp-content\/uploads\/2025\/08\/PCDA_Coimbra_col00_RX_Frente-1024x1024.jpg 1024w, https:\/\/www.nuevavisionopticas.com.ar\/blog-de-optica\/wp-content\/uploads\/2025\/08\/PCDA_Coimbra_col00_RX_Frente-300x300.jpg 300w, https:\/\/www.nuevavisionopticas.com.ar\/blog-de-optica\/wp-content\/uploads\/2025\/08\/PCDA_Coimbra_col00_RX_Frente-100x100.jpg 100w, https:\/\/www.nuevavisionopticas.com.ar\/blog-de-optica\/wp-content\/uploads\/2025\/08\/PCDA_Coimbra_col00_RX_Frente-770x770.jpg 770w, https:\/\/www.nuevavisionopticas.com.ar\/blog-de-optica\/wp-content\/uploads\/2025\/08\/PCDA_Coimbra_col00_RX_Frente-1536x1536.jpg 1536w, https:\/\/www.nuevavisionopticas.com.ar\/blog-de-optica\/wp-content\/uploads\/2025\/08\/PCDA_Coimbra_col00_RX_Frente-274x274.jpg 274w, https:\/\/www.nuevavisionopticas.com.ar\/blog-de-optica\/wp-content\/uploads\/2025\/08\/PCDA_Coimbra_col00_RX_Frente-371x371.jpg 371w, https:\/\/www.nuevavisionopticas.com.ar\/blog-de-optica\/wp-content\/uploads\/2025\/08\/PCDA_Coimbra_col00_RX_Frente-566x566.jpg 566w, https:\/\/www.nuevavisionopticas.com.ar\/blog-de-optica\/wp-content\/uploads\/2025\/08\/PCDA_Coimbra_col00_RX_Frente-881x881.jpg 881w, https:\/\/www.nuevavisionopticas.com.ar\/blog-de-optica\/wp-content\/uploads\/2025\/08\/PCDA_Coimbra_col00_RX_Frente-751x751.jpg 751w, https:\/\/www.nuevavisionopticas.com.ar\/blog-de-optica\/wp-content\/uploads\/2025\/08\/PCDA_Coimbra_col00_RX_Frente-1381x1381.jpg 1381w, https:\/\/www.nuevavisionopticas.com.ar\/blog-de-optica\/wp-content\/uploads\/2025\/08\/PCDA_Coimbra_col00_RX_Frente-390x390.jpg 390w, https:\/\/www.nuevavisionopticas.com.ar\/blog-de-optica\/wp-content\/uploads\/2025\/08\/PCDA_Coimbra_col00_RX_Frente.jpg 1600w\" sizes=\"(max-width: 1024px) 100vw, 1024px\" \/><\/noscript><figcaption class=\"wp-element-caption\">Coimbra de la linea de acetato ecol\u00f3gico de Paula Cahen D&#8217;Anvers<\/figcaption><\/figure>\n\n\n\n<figure class=\"wp-block-image size-large\"><img decoding=\"async\" src=\"data:image\/svg+xml,%3Csvg%20xmlns='http:\/\/www.w3.org\/2000\/svg'%20viewBox='0%200%20370%20247'%3E%3C\/svg%3E\" data-id=\"3796\" data-lazy-src=\"http:\/\/www.nuevavisionopticas.com.ar\/blog-de-optica\/wp-content\/uploads\/2025\/08\/PCDA_Coimbra_col01_RX_Frente-1024x1024.jpg\" alt=\"Coimbra de la linea de acetato ecol\u00f3gico de Paula Cahen D'Anvers\" class=\"zeen-lazy-load-base zeen-lazy-load wp-image-3796\"\/><noscript><img decoding=\"async\" width=\"1024\" height=\"1024\" data-id=\"3796\" src=\"http:\/\/www.nuevavisionopticas.com.ar\/blog-de-optica\/wp-content\/uploads\/2025\/08\/PCDA_Coimbra_col01_RX_Frente-1024x1024.jpg\" alt=\"Coimbra de la linea de acetato ecol\u00f3gico de Paula Cahen D'Anvers\" class=\"wp-image-3796\" srcset=\"https:\/\/www.nuevavisionopticas.com.ar\/blog-de-optica\/wp-content\/uploads\/2025\/08\/PCDA_Coimbra_col01_RX_Frente-1024x1024.jpg 1024w, https:\/\/www.nuevavisionopticas.com.ar\/blog-de-optica\/wp-content\/uploads\/2025\/08\/PCDA_Coimbra_col01_RX_Frente-300x300.jpg 300w, https:\/\/www.nuevavisionopticas.com.ar\/blog-de-optica\/wp-content\/uploads\/2025\/08\/PCDA_Coimbra_col01_RX_Frente-100x100.jpg 100w, https:\/\/www.nuevavisionopticas.com.ar\/blog-de-optica\/wp-content\/uploads\/2025\/08\/PCDA_Coimbra_col01_RX_Frente-770x770.jpg 770w, https:\/\/www.nuevavisionopticas.com.ar\/blog-de-optica\/wp-content\/uploads\/2025\/08\/PCDA_Coimbra_col01_RX_Frente-1536x1536.jpg 1536w, https:\/\/www.nuevavisionopticas.com.ar\/blog-de-optica\/wp-content\/uploads\/2025\/08\/PCDA_Coimbra_col01_RX_Frente-274x274.jpg 274w, https:\/\/www.nuevavisionopticas.com.ar\/blog-de-optica\/wp-content\/uploads\/2025\/08\/PCDA_Coimbra_col01_RX_Frente-371x371.jpg 371w, https:\/\/www.nuevavisionopticas.com.ar\/blog-de-optica\/wp-content\/uploads\/2025\/08\/PCDA_Coimbra_col01_RX_Frente-566x566.jpg 566w, https:\/\/www.nuevavisionopticas.com.ar\/blog-de-optica\/wp-content\/uploads\/2025\/08\/PCDA_Coimbra_col01_RX_Frente-881x881.jpg 881w, https:\/\/www.nuevavisionopticas.com.ar\/blog-de-optica\/wp-content\/uploads\/2025\/08\/PCDA_Coimbra_col01_RX_Frente-751x751.jpg 751w, https:\/\/www.nuevavisionopticas.com.ar\/blog-de-optica\/wp-content\/uploads\/2025\/08\/PCDA_Coimbra_col01_RX_Frente-1381x1381.jpg 1381w, https:\/\/www.nuevavisionopticas.com.ar\/blog-de-optica\/wp-content\/uploads\/2025\/08\/PCDA_Coimbra_col01_RX_Frente-390x390.jpg 390w, https:\/\/www.nuevavisionopticas.com.ar\/blog-de-optica\/wp-content\/uploads\/2025\/08\/PCDA_Coimbra_col01_RX_Frente.jpg 1600w\" sizes=\"(max-width: 1024px) 100vw, 1024px\" \/><\/noscript><figcaption class=\"wp-element-caption\">Coimbra de la linea de acetato ecol\u00f3gico de Paula Cahen D&#8217;Anvers<\/figcaption><\/figure>\n\n\n\n<figure class=\"wp-block-image size-large\"><img decoding=\"async\" src=\"data:image\/svg+xml,%3Csvg%20xmlns='http:\/\/www.w3.org\/2000\/svg'%20viewBox='0%200%20370%20247'%3E%3C\/svg%3E\" data-id=\"3795\" data-lazy-src=\"http:\/\/www.nuevavisionopticas.com.ar\/blog-de-optica\/wp-content\/uploads\/2025\/08\/PCDA_Coimbra_col02_RX_Frente-1024x1024.jpg\" alt=\"Coimbra de la linea de acetato ecol\u00f3gico de Paula Cahen D'Anvers\" class=\"zeen-lazy-load-base zeen-lazy-load wp-image-3795\"\/><noscript><img decoding=\"async\" width=\"1024\" height=\"1024\" data-id=\"3795\" src=\"http:\/\/www.nuevavisionopticas.com.ar\/blog-de-optica\/wp-content\/uploads\/2025\/08\/PCDA_Coimbra_col02_RX_Frente-1024x1024.jpg\" alt=\"Coimbra de la linea de acetato ecol\u00f3gico de Paula Cahen D'Anvers\" class=\"wp-image-3795\" srcset=\"https:\/\/www.nuevavisionopticas.com.ar\/blog-de-optica\/wp-content\/uploads\/2025\/08\/PCDA_Coimbra_col02_RX_Frente-1024x1024.jpg 1024w, https:\/\/www.nuevavisionopticas.com.ar\/blog-de-optica\/wp-content\/uploads\/2025\/08\/PCDA_Coimbra_col02_RX_Frente-300x300.jpg 300w, https:\/\/www.nuevavisionopticas.com.ar\/blog-de-optica\/wp-content\/uploads\/2025\/08\/PCDA_Coimbra_col02_RX_Frente-100x100.jpg 100w, https:\/\/www.nuevavisionopticas.com.ar\/blog-de-optica\/wp-content\/uploads\/2025\/08\/PCDA_Coimbra_col02_RX_Frente-770x770.jpg 770w, https:\/\/www.nuevavisionopticas.com.ar\/blog-de-optica\/wp-content\/uploads\/2025\/08\/PCDA_Coimbra_col02_RX_Frente-1536x1536.jpg 1536w, https:\/\/www.nuevavisionopticas.com.ar\/blog-de-optica\/wp-content\/uploads\/2025\/08\/PCDA_Coimbra_col02_RX_Frente-274x274.jpg 274w, https:\/\/www.nuevavisionopticas.com.ar\/blog-de-optica\/wp-content\/uploads\/2025\/08\/PCDA_Coimbra_col02_RX_Frente-371x371.jpg 371w, https:\/\/www.nuevavisionopticas.com.ar\/blog-de-optica\/wp-content\/uploads\/2025\/08\/PCDA_Coimbra_col02_RX_Frente-566x566.jpg 566w, https:\/\/www.nuevavisionopticas.com.ar\/blog-de-optica\/wp-content\/uploads\/2025\/08\/PCDA_Coimbra_col02_RX_Frente-881x881.jpg 881w, https:\/\/www.nuevavisionopticas.com.ar\/blog-de-optica\/wp-content\/uploads\/2025\/08\/PCDA_Coimbra_col02_RX_Frente-751x751.jpg 751w, https:\/\/www.nuevavisionopticas.com.ar\/blog-de-optica\/wp-content\/uploads\/2025\/08\/PCDA_Coimbra_col02_RX_Frente-1381x1381.jpg 1381w, https:\/\/www.nuevavisionopticas.com.ar\/blog-de-optica\/wp-content\/uploads\/2025\/08\/PCDA_Coimbra_col02_RX_Frente-390x390.jpg 390w, https:\/\/www.nuevavisionopticas.com.ar\/blog-de-optica\/wp-content\/uploads\/2025\/08\/PCDA_Coimbra_col02_RX_Frente.jpg 1600w\" sizes=\"(max-width: 1024px) 100vw, 1024px\" \/><\/noscript><figcaption class=\"wp-element-caption\">Coimbra de la linea de acetato ecol\u00f3gico de Paula Cahen D&#8217;Anvers<\/figcaption><\/figure>\n\n\n\n<figure class=\"wp-block-image size-large\"><img decoding=\"async\" src=\"data:image\/svg+xml,%3Csvg%20xmlns='http:\/\/www.w3.org\/2000\/svg'%20viewBox='0%200%20370%20247'%3E%3C\/svg%3E\" data-id=\"3793\" data-lazy-src=\"http:\/\/www.nuevavisionopticas.com.ar\/blog-de-optica\/wp-content\/uploads\/2025\/08\/PCDA_Coimbra_col03_RX_Frente-1024x1024.jpg\" alt=\"Coimbra de la linea de acetato ecol\u00f3gico de Paula Cahen D'Anvers\" class=\"zeen-lazy-load-base zeen-lazy-load wp-image-3793\"\/><noscript><img decoding=\"async\" width=\"1024\" height=\"1024\" data-id=\"3793\" src=\"http:\/\/www.nuevavisionopticas.com.ar\/blog-de-optica\/wp-content\/uploads\/2025\/08\/PCDA_Coimbra_col03_RX_Frente-1024x1024.jpg\" alt=\"Coimbra de la linea de acetato ecol\u00f3gico de Paula Cahen D'Anvers\" class=\"wp-image-3793\" srcset=\"https:\/\/www.nuevavisionopticas.com.ar\/blog-de-optica\/wp-content\/uploads\/2025\/08\/PCDA_Coimbra_col03_RX_Frente-1024x1024.jpg 1024w, https:\/\/www.nuevavisionopticas.com.ar\/blog-de-optica\/wp-content\/uploads\/2025\/08\/PCDA_Coimbra_col03_RX_Frente-300x300.jpg 300w, https:\/\/www.nuevavisionopticas.com.ar\/blog-de-optica\/wp-content\/uploads\/2025\/08\/PCDA_Coimbra_col03_RX_Frente-100x100.jpg 100w, https:\/\/www.nuevavisionopticas.com.ar\/blog-de-optica\/wp-content\/uploads\/2025\/08\/PCDA_Coimbra_col03_RX_Frente-770x770.jpg 770w, https:\/\/www.nuevavisionopticas.com.ar\/blog-de-optica\/wp-content\/uploads\/2025\/08\/PCDA_Coimbra_col03_RX_Frente-274x274.jpg 274w, https:\/\/www.nuevavisionopticas.com.ar\/blog-de-optica\/wp-content\/uploads\/2025\/08\/PCDA_Coimbra_col03_RX_Frente-371x371.jpg 371w, https:\/\/www.nuevavisionopticas.com.ar\/blog-de-optica\/wp-content\/uploads\/2025\/08\/PCDA_Coimbra_col03_RX_Frente-566x566.jpg 566w, https:\/\/www.nuevavisionopticas.com.ar\/blog-de-optica\/wp-content\/uploads\/2025\/08\/PCDA_Coimbra_col03_RX_Frente-881x881.jpg 881w, https:\/\/www.nuevavisionopticas.com.ar\/blog-de-optica\/wp-content\/uploads\/2025\/08\/PCDA_Coimbra_col03_RX_Frente-751x751.jpg 751w, https:\/\/www.nuevavisionopticas.com.ar\/blog-de-optica\/wp-content\/uploads\/2025\/08\/PCDA_Coimbra_col03_RX_Frente-1381x1381.jpg 1381w, https:\/\/www.nuevavisionopticas.com.ar\/blog-de-optica\/wp-content\/uploads\/2025\/08\/PCDA_Coimbra_col03_RX_Frente-390x390.jpg 390w, https:\/\/www.nuevavisionopticas.com.ar\/blog-de-optica\/wp-content\/uploads\/2025\/08\/PCDA_Coimbra_col03_RX_Frente.jpg 1434w\" sizes=\"(max-width: 1024px) 100vw, 1024px\" \/><\/noscript><figcaption class=\"wp-element-caption\">Coimbra de la linea de acetato ecol\u00f3gico de Paula Cahen D&#8217;Anvers<\/figcaption><\/figure>\n<\/figure>\n\n\n\n<p>Un nuevo cl\u00e1sico de la linea de <strong>acetato<\/strong> <strong>ecol\u00f3gico<\/strong> de <strong>Paula Cahen D&#8217;Anvers<\/strong>, Coimbra es un modelo de ojo cuadrado de lineas suaves, elegante y con talones destacados. De calce mediano. Tiene patillas de doble espesor de acetato con flex reparable, alma ajustable y logo met\u00e1lico externo.<\/p>\n\n\n\n<h2 class=\"wp-block-heading\">Nazare<\/h2>\n\n\n\n<figure class=\"wp-block-gallery has-nested-images columns-default is-cropped wp-block-gallery-3 is-layout-flex wp-block-gallery-is-layout-flex\">\n<figure class=\"wp-block-image size-large\"><img decoding=\"async\" src=\"data:image\/svg+xml,%3Csvg%20xmlns='http:\/\/www.w3.org\/2000\/svg'%20viewBox='0%200%20370%20247'%3E%3C\/svg%3E\" data-id=\"3798\" data-lazy-src=\"http:\/\/www.nuevavisionopticas.com.ar\/blog-de-optica\/wp-content\/uploads\/2025\/08\/PCDA_Nazare_col01_RX_Frente-1024x1024.jpg\" alt=\"Nazare de la linea de acetato ecol\u00f3gico de Paula Cahen D'Anvers\" class=\"zeen-lazy-load-base zeen-lazy-load wp-image-3798\"\/><noscript><img decoding=\"async\" width=\"1024\" height=\"1024\" data-id=\"3798\" src=\"http:\/\/www.nuevavisionopticas.com.ar\/blog-de-optica\/wp-content\/uploads\/2025\/08\/PCDA_Nazare_col01_RX_Frente-1024x1024.jpg\" alt=\"Nazare de la linea de acetato ecol\u00f3gico de Paula Cahen D'Anvers\" class=\"wp-image-3798\" srcset=\"https:\/\/www.nuevavisionopticas.com.ar\/blog-de-optica\/wp-content\/uploads\/2025\/08\/PCDA_Nazare_col01_RX_Frente-1024x1024.jpg 1024w, https:\/\/www.nuevavisionopticas.com.ar\/blog-de-optica\/wp-content\/uploads\/2025\/08\/PCDA_Nazare_col01_RX_Frente-300x300.jpg 300w, https:\/\/www.nuevavisionopticas.com.ar\/blog-de-optica\/wp-content\/uploads\/2025\/08\/PCDA_Nazare_col01_RX_Frente-100x100.jpg 100w, https:\/\/www.nuevavisionopticas.com.ar\/blog-de-optica\/wp-content\/uploads\/2025\/08\/PCDA_Nazare_col01_RX_Frente-770x770.jpg 770w, https:\/\/www.nuevavisionopticas.com.ar\/blog-de-optica\/wp-content\/uploads\/2025\/08\/PCDA_Nazare_col01_RX_Frente-1536x1536.jpg 1536w, https:\/\/www.nuevavisionopticas.com.ar\/blog-de-optica\/wp-content\/uploads\/2025\/08\/PCDA_Nazare_col01_RX_Frente-274x274.jpg 274w, https:\/\/www.nuevavisionopticas.com.ar\/blog-de-optica\/wp-content\/uploads\/2025\/08\/PCDA_Nazare_col01_RX_Frente-371x371.jpg 371w, https:\/\/www.nuevavisionopticas.com.ar\/blog-de-optica\/wp-content\/uploads\/2025\/08\/PCDA_Nazare_col01_RX_Frente-566x566.jpg 566w, https:\/\/www.nuevavisionopticas.com.ar\/blog-de-optica\/wp-content\/uploads\/2025\/08\/PCDA_Nazare_col01_RX_Frente-881x881.jpg 881w, https:\/\/www.nuevavisionopticas.com.ar\/blog-de-optica\/wp-content\/uploads\/2025\/08\/PCDA_Nazare_col01_RX_Frente-751x751.jpg 751w, https:\/\/www.nuevavisionopticas.com.ar\/blog-de-optica\/wp-content\/uploads\/2025\/08\/PCDA_Nazare_col01_RX_Frente-1381x1381.jpg 1381w, https:\/\/www.nuevavisionopticas.com.ar\/blog-de-optica\/wp-content\/uploads\/2025\/08\/PCDA_Nazare_col01_RX_Frente-390x390.jpg 390w, https:\/\/www.nuevavisionopticas.com.ar\/blog-de-optica\/wp-content\/uploads\/2025\/08\/PCDA_Nazare_col01_RX_Frente.jpg 1600w\" sizes=\"(max-width: 1024px) 100vw, 1024px\" \/><\/noscript><figcaption class=\"wp-element-caption\">Nazare de la linea de acetato ecol\u00f3gico de Paula Cahen D&#8217;Anvers<\/figcaption><\/figure>\n\n\n\n<figure class=\"wp-block-image size-large\"><img decoding=\"async\" src=\"data:image\/svg+xml,%3Csvg%20xmlns='http:\/\/www.w3.org\/2000\/svg'%20viewBox='0%200%20370%20247'%3E%3C\/svg%3E\" data-id=\"3797\" data-lazy-src=\"http:\/\/www.nuevavisionopticas.com.ar\/blog-de-optica\/wp-content\/uploads\/2025\/08\/PCDA_Nazare_col03_RX_Frente-1024x1024.jpg\" alt=\"Nazare de la linea de acetato ecol\u00f3gico de Paula Cahen D'Anvers\" class=\"zeen-lazy-load-base zeen-lazy-load wp-image-3797\"\/><noscript><img decoding=\"async\" width=\"1024\" height=\"1024\" data-id=\"3797\" src=\"http:\/\/www.nuevavisionopticas.com.ar\/blog-de-optica\/wp-content\/uploads\/2025\/08\/PCDA_Nazare_col03_RX_Frente-1024x1024.jpg\" alt=\"Nazare de la linea de acetato ecol\u00f3gico de Paula Cahen D'Anvers\" class=\"wp-image-3797\" srcset=\"https:\/\/www.nuevavisionopticas.com.ar\/blog-de-optica\/wp-content\/uploads\/2025\/08\/PCDA_Nazare_col03_RX_Frente-1024x1024.jpg 1024w, https:\/\/www.nuevavisionopticas.com.ar\/blog-de-optica\/wp-content\/uploads\/2025\/08\/PCDA_Nazare_col03_RX_Frente-300x300.jpg 300w, https:\/\/www.nuevavisionopticas.com.ar\/blog-de-optica\/wp-content\/uploads\/2025\/08\/PCDA_Nazare_col03_RX_Frente-100x100.jpg 100w, https:\/\/www.nuevavisionopticas.com.ar\/blog-de-optica\/wp-content\/uploads\/2025\/08\/PCDA_Nazare_col03_RX_Frente-770x770.jpg 770w, https:\/\/www.nuevavisionopticas.com.ar\/blog-de-optica\/wp-content\/uploads\/2025\/08\/PCDA_Nazare_col03_RX_Frente-1536x1536.jpg 1536w, https:\/\/www.nuevavisionopticas.com.ar\/blog-de-optica\/wp-content\/uploads\/2025\/08\/PCDA_Nazare_col03_RX_Frente-274x274.jpg 274w, https:\/\/www.nuevavisionopticas.com.ar\/blog-de-optica\/wp-content\/uploads\/2025\/08\/PCDA_Nazare_col03_RX_Frente-371x371.jpg 371w, https:\/\/www.nuevavisionopticas.com.ar\/blog-de-optica\/wp-content\/uploads\/2025\/08\/PCDA_Nazare_col03_RX_Frente-566x566.jpg 566w, https:\/\/www.nuevavisionopticas.com.ar\/blog-de-optica\/wp-content\/uploads\/2025\/08\/PCDA_Nazare_col03_RX_Frente-881x881.jpg 881w, https:\/\/www.nuevavisionopticas.com.ar\/blog-de-optica\/wp-content\/uploads\/2025\/08\/PCDA_Nazare_col03_RX_Frente-751x751.jpg 751w, https:\/\/www.nuevavisionopticas.com.ar\/blog-de-optica\/wp-content\/uploads\/2025\/08\/PCDA_Nazare_col03_RX_Frente-1381x1381.jpg 1381w, https:\/\/www.nuevavisionopticas.com.ar\/blog-de-optica\/wp-content\/uploads\/2025\/08\/PCDA_Nazare_col03_RX_Frente-390x390.jpg 390w, https:\/\/www.nuevavisionopticas.com.ar\/blog-de-optica\/wp-content\/uploads\/2025\/08\/PCDA_Nazare_col03_RX_Frente.jpg 1600w\" sizes=\"(max-width: 1024px) 100vw, 1024px\" \/><\/noscript><figcaption class=\"wp-element-caption\">Nazare de la linea de acetato ecol\u00f3gico de Paula Cahen D&#8217;Anvers<\/figcaption><\/figure>\n\n\n\n<figure class=\"wp-block-image size-large\"><img decoding=\"async\" src=\"data:image\/svg+xml,%3Csvg%20xmlns='http:\/\/www.w3.org\/2000\/svg'%20viewBox='0%200%20370%20247'%3E%3C\/svg%3E\" data-id=\"3808\" data-lazy-src=\"http:\/\/www.nuevavisionopticas.com.ar\/blog-de-optica\/wp-content\/uploads\/2025\/08\/PCDA_Nazare_col04_RX_Frente-1-1024x1024.jpg\" alt=\"Nazare de la linea de acetato ecol\u00f3gico de Paula Cahen D'Anvers\" class=\"zeen-lazy-load-base zeen-lazy-load wp-image-3808\"\/><noscript><img decoding=\"async\" width=\"1024\" height=\"1024\" data-id=\"3808\" src=\"http:\/\/www.nuevavisionopticas.com.ar\/blog-de-optica\/wp-content\/uploads\/2025\/08\/PCDA_Nazare_col04_RX_Frente-1-1024x1024.jpg\" alt=\"Nazare de la linea de acetato ecol\u00f3gico de Paula Cahen D'Anvers\" class=\"wp-image-3808\" srcset=\"https:\/\/www.nuevavisionopticas.com.ar\/blog-de-optica\/wp-content\/uploads\/2025\/08\/PCDA_Nazare_col04_RX_Frente-1-1024x1024.jpg 1024w, https:\/\/www.nuevavisionopticas.com.ar\/blog-de-optica\/wp-content\/uploads\/2025\/08\/PCDA_Nazare_col04_RX_Frente-1-300x300.jpg 300w, https:\/\/www.nuevavisionopticas.com.ar\/blog-de-optica\/wp-content\/uploads\/2025\/08\/PCDA_Nazare_col04_RX_Frente-1-100x100.jpg 100w, https:\/\/www.nuevavisionopticas.com.ar\/blog-de-optica\/wp-content\/uploads\/2025\/08\/PCDA_Nazare_col04_RX_Frente-1-770x770.jpg 770w, https:\/\/www.nuevavisionopticas.com.ar\/blog-de-optica\/wp-content\/uploads\/2025\/08\/PCDA_Nazare_col04_RX_Frente-1-1536x1536.jpg 1536w, https:\/\/www.nuevavisionopticas.com.ar\/blog-de-optica\/wp-content\/uploads\/2025\/08\/PCDA_Nazare_col04_RX_Frente-1-274x274.jpg 274w, https:\/\/www.nuevavisionopticas.com.ar\/blog-de-optica\/wp-content\/uploads\/2025\/08\/PCDA_Nazare_col04_RX_Frente-1-371x371.jpg 371w, https:\/\/www.nuevavisionopticas.com.ar\/blog-de-optica\/wp-content\/uploads\/2025\/08\/PCDA_Nazare_col04_RX_Frente-1-566x566.jpg 566w, https:\/\/www.nuevavisionopticas.com.ar\/blog-de-optica\/wp-content\/uploads\/2025\/08\/PCDA_Nazare_col04_RX_Frente-1-881x881.jpg 881w, https:\/\/www.nuevavisionopticas.com.ar\/blog-de-optica\/wp-content\/uploads\/2025\/08\/PCDA_Nazare_col04_RX_Frente-1-751x751.jpg 751w, https:\/\/www.nuevavisionopticas.com.ar\/blog-de-optica\/wp-content\/uploads\/2025\/08\/PCDA_Nazare_col04_RX_Frente-1-1381x1381.jpg 1381w, https:\/\/www.nuevavisionopticas.com.ar\/blog-de-optica\/wp-content\/uploads\/2025\/08\/PCDA_Nazare_col04_RX_Frente-1-390x390.jpg 390w, https:\/\/www.nuevavisionopticas.com.ar\/blog-de-optica\/wp-content\/uploads\/2025\/08\/PCDA_Nazare_col04_RX_Frente-1.jpg 1600w\" sizes=\"(max-width: 1024px) 100vw, 1024px\" \/><\/noscript><figcaption class=\"wp-element-caption\">Nazare de la linea de acetato ecol\u00f3gico de Paula Cahen D&#8217;Anvers<\/figcaption><\/figure>\n<\/figure>\n\n\n\n<p>Dise\u00f1ado con el estilo elegante y moderno que caracteriza a la marca. <strong>Nazare<\/strong> es un modelo de <strong>acetato<\/strong> <strong>ec\u00f3logico<\/strong>, de <strong>ojo tipo gato<\/strong>\/mariposa. Osado y vistoso gracias a algunas formas irregulares. De calce mediano. Tiene patillas de doble espesor de acetato con flex reparable, alma ajustable y logo met\u00e1lico externo.<\/p>\n\n\n\n<h2 class=\"wp-block-heading\">Sagres<\/h2>\n\n\n\n<figure class=\"wp-block-gallery has-nested-images columns-default is-cropped wp-block-gallery-4 is-layout-flex wp-block-gallery-is-layout-flex\">\n<figure class=\"wp-block-image size-large\"><img decoding=\"async\" src=\"data:image\/svg+xml,%3Csvg%20xmlns='http:\/\/www.w3.org\/2000\/svg'%20viewBox='0%200%20370%20247'%3E%3C\/svg%3E\" data-id=\"3801\" data-lazy-src=\"http:\/\/www.nuevavisionopticas.com.ar\/blog-de-optica\/wp-content\/uploads\/2025\/08\/PCDA_Sagres_col01_RX_Frente-1024x1024.jpg\" alt=\"Sagres de la linea de acetato ecol\u00f3gico de Paula Cahen D'Anvers\" class=\"zeen-lazy-load-base zeen-lazy-load wp-image-3801\"\/><noscript><img decoding=\"async\" width=\"1024\" height=\"1024\" data-id=\"3801\" src=\"http:\/\/www.nuevavisionopticas.com.ar\/blog-de-optica\/wp-content\/uploads\/2025\/08\/PCDA_Sagres_col01_RX_Frente-1024x1024.jpg\" alt=\"Sagres de la linea de acetato ecol\u00f3gico de Paula Cahen D'Anvers\" class=\"wp-image-3801\" srcset=\"https:\/\/www.nuevavisionopticas.com.ar\/blog-de-optica\/wp-content\/uploads\/2025\/08\/PCDA_Sagres_col01_RX_Frente-1024x1024.jpg 1024w, https:\/\/www.nuevavisionopticas.com.ar\/blog-de-optica\/wp-content\/uploads\/2025\/08\/PCDA_Sagres_col01_RX_Frente-300x300.jpg 300w, https:\/\/www.nuevavisionopticas.com.ar\/blog-de-optica\/wp-content\/uploads\/2025\/08\/PCDA_Sagres_col01_RX_Frente-100x100.jpg 100w, https:\/\/www.nuevavisionopticas.com.ar\/blog-de-optica\/wp-content\/uploads\/2025\/08\/PCDA_Sagres_col01_RX_Frente-770x770.jpg 770w, https:\/\/www.nuevavisionopticas.com.ar\/blog-de-optica\/wp-content\/uploads\/2025\/08\/PCDA_Sagres_col01_RX_Frente-1536x1536.jpg 1536w, https:\/\/www.nuevavisionopticas.com.ar\/blog-de-optica\/wp-content\/uploads\/2025\/08\/PCDA_Sagres_col01_RX_Frente-274x274.jpg 274w, https:\/\/www.nuevavisionopticas.com.ar\/blog-de-optica\/wp-content\/uploads\/2025\/08\/PCDA_Sagres_col01_RX_Frente-371x371.jpg 371w, https:\/\/www.nuevavisionopticas.com.ar\/blog-de-optica\/wp-content\/uploads\/2025\/08\/PCDA_Sagres_col01_RX_Frente-566x566.jpg 566w, https:\/\/www.nuevavisionopticas.com.ar\/blog-de-optica\/wp-content\/uploads\/2025\/08\/PCDA_Sagres_col01_RX_Frente-881x881.jpg 881w, https:\/\/www.nuevavisionopticas.com.ar\/blog-de-optica\/wp-content\/uploads\/2025\/08\/PCDA_Sagres_col01_RX_Frente-751x751.jpg 751w, https:\/\/www.nuevavisionopticas.com.ar\/blog-de-optica\/wp-content\/uploads\/2025\/08\/PCDA_Sagres_col01_RX_Frente-1381x1381.jpg 1381w, https:\/\/www.nuevavisionopticas.com.ar\/blog-de-optica\/wp-content\/uploads\/2025\/08\/PCDA_Sagres_col01_RX_Frente-390x390.jpg 390w, https:\/\/www.nuevavisionopticas.com.ar\/blog-de-optica\/wp-content\/uploads\/2025\/08\/PCDA_Sagres_col01_RX_Frente.jpg 1600w\" sizes=\"(max-width: 1024px) 100vw, 1024px\" \/><\/noscript><figcaption class=\"wp-element-caption\">Sagres de la linea de acetato ecol\u00f3gico de Paula Cahen D&#8217;Anvers<\/figcaption><\/figure>\n\n\n\n<figure class=\"wp-block-image size-large\"><img decoding=\"async\" src=\"data:image\/svg+xml,%3Csvg%20xmlns='http:\/\/www.w3.org\/2000\/svg'%20viewBox='0%200%20370%20247'%3E%3C\/svg%3E\" data-id=\"3807\" data-lazy-src=\"http:\/\/www.nuevavisionopticas.com.ar\/blog-de-optica\/wp-content\/uploads\/2025\/08\/PCDA_Sagres_col02_RX_Frente-1-1024x1024.jpg\" alt=\"Sagres de la linea de acetato ecol\u00f3gico de Paula Cahen D'Anvers\" class=\"zeen-lazy-load-base zeen-lazy-load wp-image-3807\"\/><noscript><img decoding=\"async\" width=\"1024\" height=\"1024\" data-id=\"3807\" src=\"http:\/\/www.nuevavisionopticas.com.ar\/blog-de-optica\/wp-content\/uploads\/2025\/08\/PCDA_Sagres_col02_RX_Frente-1-1024x1024.jpg\" alt=\"Sagres de la linea de acetato ecol\u00f3gico de Paula Cahen D'Anvers\" class=\"wp-image-3807\" srcset=\"https:\/\/www.nuevavisionopticas.com.ar\/blog-de-optica\/wp-content\/uploads\/2025\/08\/PCDA_Sagres_col02_RX_Frente-1-1024x1024.jpg 1024w, https:\/\/www.nuevavisionopticas.com.ar\/blog-de-optica\/wp-content\/uploads\/2025\/08\/PCDA_Sagres_col02_RX_Frente-1-300x300.jpg 300w, https:\/\/www.nuevavisionopticas.com.ar\/blog-de-optica\/wp-content\/uploads\/2025\/08\/PCDA_Sagres_col02_RX_Frente-1-100x100.jpg 100w, https:\/\/www.nuevavisionopticas.com.ar\/blog-de-optica\/wp-content\/uploads\/2025\/08\/PCDA_Sagres_col02_RX_Frente-1-770x770.jpg 770w, https:\/\/www.nuevavisionopticas.com.ar\/blog-de-optica\/wp-content\/uploads\/2025\/08\/PCDA_Sagres_col02_RX_Frente-1-1536x1536.jpg 1536w, https:\/\/www.nuevavisionopticas.com.ar\/blog-de-optica\/wp-content\/uploads\/2025\/08\/PCDA_Sagres_col02_RX_Frente-1-274x274.jpg 274w, https:\/\/www.nuevavisionopticas.com.ar\/blog-de-optica\/wp-content\/uploads\/2025\/08\/PCDA_Sagres_col02_RX_Frente-1-371x371.jpg 371w, https:\/\/www.nuevavisionopticas.com.ar\/blog-de-optica\/wp-content\/uploads\/2025\/08\/PCDA_Sagres_col02_RX_Frente-1-566x566.jpg 566w, https:\/\/www.nuevavisionopticas.com.ar\/blog-de-optica\/wp-content\/uploads\/2025\/08\/PCDA_Sagres_col02_RX_Frente-1-881x881.jpg 881w, https:\/\/www.nuevavisionopticas.com.ar\/blog-de-optica\/wp-content\/uploads\/2025\/08\/PCDA_Sagres_col02_RX_Frente-1-751x751.jpg 751w, https:\/\/www.nuevavisionopticas.com.ar\/blog-de-optica\/wp-content\/uploads\/2025\/08\/PCDA_Sagres_col02_RX_Frente-1-1381x1381.jpg 1381w, https:\/\/www.nuevavisionopticas.com.ar\/blog-de-optica\/wp-content\/uploads\/2025\/08\/PCDA_Sagres_col02_RX_Frente-1-390x390.jpg 390w, https:\/\/www.nuevavisionopticas.com.ar\/blog-de-optica\/wp-content\/uploads\/2025\/08\/PCDA_Sagres_col02_RX_Frente-1.jpg 1600w\" sizes=\"(max-width: 1024px) 100vw, 1024px\" \/><\/noscript><figcaption class=\"wp-element-caption\">Sagres de la linea de acetato ecol\u00f3gico de Paula Cahen D&#8217;Anvers<\/figcaption><\/figure>\n<\/figure>\n\n\n\n<p>Fabricado en <strong>acetato<\/strong> <strong>ecol\u00f3gico<\/strong>, con <strong>ojos<\/strong> <strong>ovalados<\/strong> y detalles facetados, <strong>Sagres<\/strong> es una gran opci\u00f3n para quien busca algo cl\u00e1sico pero distinguido. De calce mediano y peque\u00f1o. Tiene patillas de doble espesor de acetato con flex reparable, alma ajustable y logo met\u00e1lico externo.<\/p>\n\n\n\n<h2 class=\"wp-block-heading\">Tavira<\/h2>\n\n\n\n<figure class=\"wp-block-gallery has-nested-images columns-default is-cropped wp-block-gallery-5 is-layout-flex wp-block-gallery-is-layout-flex\">\n<figure class=\"wp-block-image size-large\"><img decoding=\"async\" src=\"data:image\/svg+xml,%3Csvg%20xmlns='http:\/\/www.w3.org\/2000\/svg'%20viewBox='0%200%20370%20247'%3E%3C\/svg%3E\" data-id=\"3803\" data-lazy-src=\"http:\/\/www.nuevavisionopticas.com.ar\/blog-de-optica\/wp-content\/uploads\/2025\/08\/PCDA_Tavira_col00_RX_Frente-1024x1024.jpg\" alt=\"Tavira de la linea de acetato ecol\u00f3gico de Paula Cahen D'Anvers\" class=\"zeen-lazy-load-base zeen-lazy-load wp-image-3803\"\/><noscript><img decoding=\"async\" width=\"1024\" height=\"1024\" data-id=\"3803\" src=\"http:\/\/www.nuevavisionopticas.com.ar\/blog-de-optica\/wp-content\/uploads\/2025\/08\/PCDA_Tavira_col00_RX_Frente-1024x1024.jpg\" alt=\"Tavira de la linea de acetato ecol\u00f3gico de Paula Cahen D'Anvers\" class=\"wp-image-3803\" srcset=\"https:\/\/www.nuevavisionopticas.com.ar\/blog-de-optica\/wp-content\/uploads\/2025\/08\/PCDA_Tavira_col00_RX_Frente-1024x1024.jpg 1024w, https:\/\/www.nuevavisionopticas.com.ar\/blog-de-optica\/wp-content\/uploads\/2025\/08\/PCDA_Tavira_col00_RX_Frente-300x300.jpg 300w, https:\/\/www.nuevavisionopticas.com.ar\/blog-de-optica\/wp-content\/uploads\/2025\/08\/PCDA_Tavira_col00_RX_Frente-100x100.jpg 100w, https:\/\/www.nuevavisionopticas.com.ar\/blog-de-optica\/wp-content\/uploads\/2025\/08\/PCDA_Tavira_col00_RX_Frente-770x770.jpg 770w, https:\/\/www.nuevavisionopticas.com.ar\/blog-de-optica\/wp-content\/uploads\/2025\/08\/PCDA_Tavira_col00_RX_Frente-1536x1536.jpg 1536w, https:\/\/www.nuevavisionopticas.com.ar\/blog-de-optica\/wp-content\/uploads\/2025\/08\/PCDA_Tavira_col00_RX_Frente-274x274.jpg 274w, https:\/\/www.nuevavisionopticas.com.ar\/blog-de-optica\/wp-content\/uploads\/2025\/08\/PCDA_Tavira_col00_RX_Frente-371x371.jpg 371w, https:\/\/www.nuevavisionopticas.com.ar\/blog-de-optica\/wp-content\/uploads\/2025\/08\/PCDA_Tavira_col00_RX_Frente-566x566.jpg 566w, https:\/\/www.nuevavisionopticas.com.ar\/blog-de-optica\/wp-content\/uploads\/2025\/08\/PCDA_Tavira_col00_RX_Frente-881x881.jpg 881w, https:\/\/www.nuevavisionopticas.com.ar\/blog-de-optica\/wp-content\/uploads\/2025\/08\/PCDA_Tavira_col00_RX_Frente-751x751.jpg 751w, https:\/\/www.nuevavisionopticas.com.ar\/blog-de-optica\/wp-content\/uploads\/2025\/08\/PCDA_Tavira_col00_RX_Frente-1381x1381.jpg 1381w, https:\/\/www.nuevavisionopticas.com.ar\/blog-de-optica\/wp-content\/uploads\/2025\/08\/PCDA_Tavira_col00_RX_Frente-390x390.jpg 390w, https:\/\/www.nuevavisionopticas.com.ar\/blog-de-optica\/wp-content\/uploads\/2025\/08\/PCDA_Tavira_col00_RX_Frente.jpg 1600w\" sizes=\"(max-width: 1024px) 100vw, 1024px\" \/><\/noscript><figcaption class=\"wp-element-caption\">Tavira de la linea de acetato ecol\u00f3gico de Paula Cahen D&#8217;Anvers<\/figcaption><\/figure>\n\n\n\n<figure class=\"wp-block-image size-large\"><img decoding=\"async\" src=\"data:image\/svg+xml,%3Csvg%20xmlns='http:\/\/www.w3.org\/2000\/svg'%20viewBox='0%200%20370%20247'%3E%3C\/svg%3E\" data-id=\"3802\" data-lazy-src=\"http:\/\/www.nuevavisionopticas.com.ar\/blog-de-optica\/wp-content\/uploads\/2025\/08\/PCDA_Tavira_col01_RX_Frente-1024x1024.jpg\" alt=\"Tavira de la linea de acetato ecol\u00f3gico de Paula Cahen D'Anvers\" class=\"zeen-lazy-load-base zeen-lazy-load wp-image-3802\"\/><noscript><img decoding=\"async\" width=\"1024\" height=\"1024\" data-id=\"3802\" src=\"http:\/\/www.nuevavisionopticas.com.ar\/blog-de-optica\/wp-content\/uploads\/2025\/08\/PCDA_Tavira_col01_RX_Frente-1024x1024.jpg\" alt=\"Tavira de la linea de acetato ecol\u00f3gico de Paula Cahen D'Anvers\" class=\"wp-image-3802\" srcset=\"https:\/\/www.nuevavisionopticas.com.ar\/blog-de-optica\/wp-content\/uploads\/2025\/08\/PCDA_Tavira_col01_RX_Frente-1024x1024.jpg 1024w, https:\/\/www.nuevavisionopticas.com.ar\/blog-de-optica\/wp-content\/uploads\/2025\/08\/PCDA_Tavira_col01_RX_Frente-300x300.jpg 300w, https:\/\/www.nuevavisionopticas.com.ar\/blog-de-optica\/wp-content\/uploads\/2025\/08\/PCDA_Tavira_col01_RX_Frente-100x100.jpg 100w, https:\/\/www.nuevavisionopticas.com.ar\/blog-de-optica\/wp-content\/uploads\/2025\/08\/PCDA_Tavira_col01_RX_Frente-770x770.jpg 770w, https:\/\/www.nuevavisionopticas.com.ar\/blog-de-optica\/wp-content\/uploads\/2025\/08\/PCDA_Tavira_col01_RX_Frente-274x274.jpg 274w, https:\/\/www.nuevavisionopticas.com.ar\/blog-de-optica\/wp-content\/uploads\/2025\/08\/PCDA_Tavira_col01_RX_Frente-371x371.jpg 371w, https:\/\/www.nuevavisionopticas.com.ar\/blog-de-optica\/wp-content\/uploads\/2025\/08\/PCDA_Tavira_col01_RX_Frente-566x566.jpg 566w, https:\/\/www.nuevavisionopticas.com.ar\/blog-de-optica\/wp-content\/uploads\/2025\/08\/PCDA_Tavira_col01_RX_Frente-881x881.jpg 881w, https:\/\/www.nuevavisionopticas.com.ar\/blog-de-optica\/wp-content\/uploads\/2025\/08\/PCDA_Tavira_col01_RX_Frente-751x751.jpg 751w, https:\/\/www.nuevavisionopticas.com.ar\/blog-de-optica\/wp-content\/uploads\/2025\/08\/PCDA_Tavira_col01_RX_Frente-1381x1381.jpg 1381w, https:\/\/www.nuevavisionopticas.com.ar\/blog-de-optica\/wp-content\/uploads\/2025\/08\/PCDA_Tavira_col01_RX_Frente-390x390.jpg 390w, https:\/\/www.nuevavisionopticas.com.ar\/blog-de-optica\/wp-content\/uploads\/2025\/08\/PCDA_Tavira_col01_RX_Frente.jpg 1434w\" sizes=\"(max-width: 1024px) 100vw, 1024px\" \/><\/noscript><figcaption class=\"wp-element-caption\">Tavira de la linea de acetato ecol\u00f3gico de Paula Cahen D&#8217;Anvers<\/figcaption><\/figure>\n\n\n\n<figure class=\"wp-block-image size-large\"><img decoding=\"async\" src=\"data:image\/svg+xml,%3Csvg%20xmlns='http:\/\/www.w3.org\/2000\/svg'%20viewBox='0%200%20370%20247'%3E%3C\/svg%3E\" data-id=\"3804\" data-lazy-src=\"http:\/\/www.nuevavisionopticas.com.ar\/blog-de-optica\/wp-content\/uploads\/2025\/08\/PCDA_Tavira_col02_RX_Frente-1024x1024.jpg\" alt=\"Tavira de la linea de acetato ecol\u00f3gico de Paula Cahen D'Anvers\" class=\"zeen-lazy-load-base zeen-lazy-load wp-image-3804\"\/><noscript><img decoding=\"async\" width=\"1024\" height=\"1024\" data-id=\"3804\" src=\"http:\/\/www.nuevavisionopticas.com.ar\/blog-de-optica\/wp-content\/uploads\/2025\/08\/PCDA_Tavira_col02_RX_Frente-1024x1024.jpg\" alt=\"Tavira de la linea de acetato ecol\u00f3gico de Paula Cahen D'Anvers\" class=\"wp-image-3804\" srcset=\"https:\/\/www.nuevavisionopticas.com.ar\/blog-de-optica\/wp-content\/uploads\/2025\/08\/PCDA_Tavira_col02_RX_Frente-1024x1024.jpg 1024w, https:\/\/www.nuevavisionopticas.com.ar\/blog-de-optica\/wp-content\/uploads\/2025\/08\/PCDA_Tavira_col02_RX_Frente-300x300.jpg 300w, https:\/\/www.nuevavisionopticas.com.ar\/blog-de-optica\/wp-content\/uploads\/2025\/08\/PCDA_Tavira_col02_RX_Frente-100x100.jpg 100w, https:\/\/www.nuevavisionopticas.com.ar\/blog-de-optica\/wp-content\/uploads\/2025\/08\/PCDA_Tavira_col02_RX_Frente-770x770.jpg 770w, https:\/\/www.nuevavisionopticas.com.ar\/blog-de-optica\/wp-content\/uploads\/2025\/08\/PCDA_Tavira_col02_RX_Frente-1536x1536.jpg 1536w, https:\/\/www.nuevavisionopticas.com.ar\/blog-de-optica\/wp-content\/uploads\/2025\/08\/PCDA_Tavira_col02_RX_Frente-274x274.jpg 274w, https:\/\/www.nuevavisionopticas.com.ar\/blog-de-optica\/wp-content\/uploads\/2025\/08\/PCDA_Tavira_col02_RX_Frente-371x371.jpg 371w, https:\/\/www.nuevavisionopticas.com.ar\/blog-de-optica\/wp-content\/uploads\/2025\/08\/PCDA_Tavira_col02_RX_Frente-566x566.jpg 566w, https:\/\/www.nuevavisionopticas.com.ar\/blog-de-optica\/wp-content\/uploads\/2025\/08\/PCDA_Tavira_col02_RX_Frente-881x881.jpg 881w, https:\/\/www.nuevavisionopticas.com.ar\/blog-de-optica\/wp-content\/uploads\/2025\/08\/PCDA_Tavira_col02_RX_Frente-751x751.jpg 751w, https:\/\/www.nuevavisionopticas.com.ar\/blog-de-optica\/wp-content\/uploads\/2025\/08\/PCDA_Tavira_col02_RX_Frente-1381x1381.jpg 1381w, https:\/\/www.nuevavisionopticas.com.ar\/blog-de-optica\/wp-content\/uploads\/2025\/08\/PCDA_Tavira_col02_RX_Frente-390x390.jpg 390w, https:\/\/www.nuevavisionopticas.com.ar\/blog-de-optica\/wp-content\/uploads\/2025\/08\/PCDA_Tavira_col02_RX_Frente.jpg 1600w\" sizes=\"(max-width: 1024px) 100vw, 1024px\" \/><\/noscript><figcaption class=\"wp-element-caption\">Tavira de la linea de acetato ecol\u00f3gico de Paula Cahen D&#8217;Anvers<\/figcaption><\/figure>\n\n\n\n<figure class=\"wp-block-image size-large\"><img decoding=\"async\" src=\"data:image\/svg+xml,%3Csvg%20xmlns='http:\/\/www.w3.org\/2000\/svg'%20viewBox='0%200%20370%20247'%3E%3C\/svg%3E\" data-id=\"3809\" data-lazy-src=\"http:\/\/www.nuevavisionopticas.com.ar\/blog-de-optica\/wp-content\/uploads\/2025\/08\/PCDA_Tavira_col03_RX_Frente-1-1024x1024.jpg\" alt=\"Tavira de la linea de acetato ecol\u00f3gico de Paula Cahen D'Anvers\" class=\"zeen-lazy-load-base zeen-lazy-load wp-image-3809\"\/><noscript><img decoding=\"async\" width=\"1024\" height=\"1024\" data-id=\"3809\" src=\"http:\/\/www.nuevavisionopticas.com.ar\/blog-de-optica\/wp-content\/uploads\/2025\/08\/PCDA_Tavira_col03_RX_Frente-1-1024x1024.jpg\" alt=\"Tavira de la linea de acetato ecol\u00f3gico de Paula Cahen D'Anvers\" class=\"wp-image-3809\" srcset=\"https:\/\/www.nuevavisionopticas.com.ar\/blog-de-optica\/wp-content\/uploads\/2025\/08\/PCDA_Tavira_col03_RX_Frente-1-1024x1024.jpg 1024w, https:\/\/www.nuevavisionopticas.com.ar\/blog-de-optica\/wp-content\/uploads\/2025\/08\/PCDA_Tavira_col03_RX_Frente-1-300x300.jpg 300w, https:\/\/www.nuevavisionopticas.com.ar\/blog-de-optica\/wp-content\/uploads\/2025\/08\/PCDA_Tavira_col03_RX_Frente-1-100x100.jpg 100w, https:\/\/www.nuevavisionopticas.com.ar\/blog-de-optica\/wp-content\/uploads\/2025\/08\/PCDA_Tavira_col03_RX_Frente-1-770x770.jpg 770w, https:\/\/www.nuevavisionopticas.com.ar\/blog-de-optica\/wp-content\/uploads\/2025\/08\/PCDA_Tavira_col03_RX_Frente-1-1536x1536.jpg 1536w, https:\/\/www.nuevavisionopticas.com.ar\/blog-de-optica\/wp-content\/uploads\/2025\/08\/PCDA_Tavira_col03_RX_Frente-1-274x274.jpg 274w, https:\/\/www.nuevavisionopticas.com.ar\/blog-de-optica\/wp-content\/uploads\/2025\/08\/PCDA_Tavira_col03_RX_Frente-1-371x371.jpg 371w, https:\/\/www.nuevavisionopticas.com.ar\/blog-de-optica\/wp-content\/uploads\/2025\/08\/PCDA_Tavira_col03_RX_Frente-1-566x566.jpg 566w, https:\/\/www.nuevavisionopticas.com.ar\/blog-de-optica\/wp-content\/uploads\/2025\/08\/PCDA_Tavira_col03_RX_Frente-1-881x881.jpg 881w, https:\/\/www.nuevavisionopticas.com.ar\/blog-de-optica\/wp-content\/uploads\/2025\/08\/PCDA_Tavira_col03_RX_Frente-1-751x751.jpg 751w, https:\/\/www.nuevavisionopticas.com.ar\/blog-de-optica\/wp-content\/uploads\/2025\/08\/PCDA_Tavira_col03_RX_Frente-1-1381x1381.jpg 1381w, https:\/\/www.nuevavisionopticas.com.ar\/blog-de-optica\/wp-content\/uploads\/2025\/08\/PCDA_Tavira_col03_RX_Frente-1-390x390.jpg 390w, https:\/\/www.nuevavisionopticas.com.ar\/blog-de-optica\/wp-content\/uploads\/2025\/08\/PCDA_Tavira_col03_RX_Frente-1.jpg 1600w\" sizes=\"(max-width: 1024px) 100vw, 1024px\" \/><\/noscript><figcaption class=\"wp-element-caption\">Tavira de la linea de acetato ecol\u00f3gico de Paula Cahen D&#8217;Anvers<\/figcaption><\/figure>\n<\/figure>\n\n\n\n<p><strong>Tavira<\/strong>, de la linea de <strong>acetato<\/strong> <strong>ecol\u00f3gico<\/strong> de <strong>Paula Cahen D&#8217;Anvers<\/strong>, es un modelo en tendencia de <strong>ojo<\/strong> <strong>ovalado<\/strong> que no pasa desapercibido, <strong>elegante<\/strong> y que luce el material. De calce mediano. Tiene patillas de doble espesor de acetato con flex reparable, alma ajustable y logo met\u00e1lico externo.<\/p>\n\n\n\n<h1 class=\"wp-block-heading\">Anteojos ecol\u00f3gicos de acetato: dise\u00f1o, sustentabilidad y estilo<\/h1>\n\n\n\n<p>En un mundo donde la moda y el cuidado del planeta ya no pueden ir por caminos separados, los <strong>anteojos ecol\u00f3gicos de acetato<\/strong> son hoy por hoy la mejor opci\u00f3n para las personas que buscan estilo con conciencia ambiental. En este art\u00edculo del blog, desde <strong>Nueva<\/strong> <strong>Visi\u00f3n<\/strong> <strong>\u00d3pticas<\/strong>, te contamos todo sobre la nueva <strong>l\u00ednea de anteojos sustentables de Paula Cahen D\u2019Anvers<\/strong>, una propuesta innovadora que combina dise\u00f1o, calidad y compromiso con el medio ambiente.<\/p>\n\n\n\n<h2 class=\"wp-block-heading\">\u00bfQu\u00e9 son los anteojos ecol\u00f3gicos de acetato?<\/h2>\n\n\n\n<p>El <strong>acetato<\/strong> <strong>ecol\u00f3gico<\/strong> es un material desarrollado como respuesta a la contaminaci\u00f3n por pl\u00e1sticos, tambi\u00e9n llamada <em>contaminaci\u00f3n blanca<\/em>. A diferencia de los materiales tradicionales, este <strong>acetato de celulosa eco-friendly<\/strong> es:<\/p>\n\n\n\n<ul class=\"wp-block-list\">\n<li>Biodegradable y con m\u00e1s del 50% de base biol\u00f3gica.<\/li>\n\n\n\n<li>Libre de BPA y ftalatos.<\/li>\n\n\n\n<li>Con plastificantes de origen vegetal.<\/li>\n\n\n\n<li>Reciclable y seguro para la salud.<\/li>\n\n\n\n<li>Sustentable y con menor huella de carbono.<\/li>\n<\/ul>\n\n\n\n<p>Gracias a estas caracter\u00edsticas, los <strong>anteojos biodegradables<\/strong> son una elecci\u00f3n est\u00e9tica y un paso hacia un futuro m\u00e1s responsable con el planeta.<\/p>\n\n\n\n<h2 class=\"wp-block-heading\">Moda responsable y \u00f3ptica ecol\u00f3gica<\/h2>\n\n\n\n<p>Elegir <strong>anteojos sustentables<\/strong> no significa resignar estilo. Al contrario, cada pieza refleja una est\u00e9tica cuidada y moderna, con la ventaja de que al usarlos contribu\u00eds a reducir la contaminaci\u00f3n y las emisiones de gases de efecto invernadero.<\/p>\n\n\n\n<p>En <strong>Nueva Visi\u00f3n \u00d3pticas<\/strong> creemos que la moda debe acompa\u00f1ar el compromiso ambiental, y por eso acercamos a nuestros clientes esta l\u00ednea de <strong>anteojos ecol\u00f3gicos de Paula Cahen D\u2019Anvers<\/strong> que representa lo mejor del dise\u00f1o argentino con visi\u00f3n sustentable.<\/p>\n","protected":false},"excerpt":{"rendered":"<p>Una respuesta a la contaminaci\u00f3n En a\u00f1os recientes se desarrollaron materiales biodegradables y eco-amigables como respuesta alproblema de la contaminaci\u00f3n causada por el pl\u00e1stico, tambi\u00e9n llamada \u201ccontaminaci\u00f3n blanca\u201d. Estas piezas son creadas con l\u00e1minas de acetato de celulosa eco friendly. Se trata de un material biodegradable, libre de BPA y con plastificantes de origen vegetal que reemplazan los tradicionales. Evora De la linea de acetato ecol\u00f3gico de Paula Cahen D&#8217;Anvers, Evora es un modelo que marca tendencia. De ojo rectangular [&hellip;]<\/p>\n","protected":false},"author":1,"featured_media":3806,"comment_status":"open","ping_status":"open","sticky":false,"template":"","format":"standard","meta":{"_monsterinsights_skip_tracking":false,"_monsterinsights_sitenote_active":false,"_monsterinsights_sitenote_note":"","_monsterinsights_sitenote_category":0,"footnotes":""},"categories":[10,15],"tags":[29,69],"class_list":["post-3788","post","type-post","status-publish","format-standard","has-post-thumbnail","hentry","category-anteojos-recetados","category-marcas","tag-anteojos-recetados","tag-marcas"],"yoast_head":"<!-- This site is optimized with the Yoast SEO plugin v27.3 - https:\/\/yoast.com\/product\/yoast-seo-wordpress\/ -->\n<title>Anteojos ecol\u00f3gicos: moda y sostenibilidad &#8211; Blog de \u00f3ptica<\/title>\n<meta name=\"description\" content=\"Descubr\u00ed los anteojos ecol\u00f3gicos de Paula Cahen D&#039;anvers, fabricados con materiales biodegradables y libres de BPA.\" \/>\n<meta name=\"robots\" content=\"index, follow, max-snippet:-1, max-image-preview:large, max-video-preview:-1\" \/>\n<link rel=\"canonical\" href=\"https:\/\/www.nuevavisionopticas.com.ar\/blog-de-optica\/2025\/08\/eco-friendly-la-nueva-linea-de-paula-cahen-danvers\/\" \/>\n<meta property=\"og:locale\" content=\"es_ES\" \/>\n<meta property=\"og:type\" content=\"article\" \/>\n<meta property=\"og:title\" content=\"Anteojos ecol\u00f3gicos: moda y sostenibilidad &#8211; Blog de \u00f3ptica\" \/>\n<meta property=\"og:description\" content=\"Descubr\u00ed los anteojos ecol\u00f3gicos de Paula Cahen D&#039;anvers, fabricados con materiales biodegradables y libres de BPA.\" \/>\n<meta property=\"og:url\" content=\"https:\/\/www.nuevavisionopticas.com.ar\/blog-de-optica\/2025\/08\/eco-friendly-la-nueva-linea-de-paula-cahen-danvers\/\" \/>\n<meta property=\"og:site_name\" content=\"Blog de \u00f3ptica\" \/>\n<meta property=\"article:publisher\" content=\"https:\/\/www.facebook.com\/nuevavisionarg\" \/>\n<meta property=\"article:published_time\" content=\"2025-08-23T13:11:22+00:00\" \/>\n<meta property=\"article:modified_time\" content=\"2025-08-23T14:00:33+00:00\" \/>\n<meta property=\"og:image\" content=\"https:\/\/www.nuevavisionopticas.com.ar\/blog-de-optica\/wp-content\/uploads\/2025\/08\/PCDA-rx_post16_monterosso.jpg\" \/>\n\t<meta property=\"og:image:width\" content=\"1280\" \/>\n\t<meta property=\"og:image:height\" content=\"1600\" \/>\n\t<meta property=\"og:image:type\" content=\"image\/jpeg\" \/>\n<meta name=\"author\" content=\"admin_optica\" \/>\n<meta name=\"twitter:card\" content=\"summary_large_image\" \/>\n<meta name=\"twitter:label1\" content=\"Escrito por\" \/>\n\t<meta name=\"twitter:data1\" content=\"admin_optica\" \/>\n\t<meta name=\"twitter:label2\" content=\"Tiempo de lectura\" \/>\n\t<meta name=\"twitter:data2\" content=\"8 minutos\" \/>\n<script type=\"application\/ld+json\" class=\"yoast-schema-graph\">{\"@context\":\"https:\\\/\\\/schema.org\",\"@graph\":[{\"@type\":\"Article\",\"@id\":\"https:\\\/\\\/www.nuevavisionopticas.com.ar\\\/blog-de-optica\\\/2025\\\/08\\\/eco-friendly-la-nueva-linea-de-paula-cahen-danvers\\\/#article\",\"isPartOf\":{\"@id\":\"https:\\\/\\\/www.nuevavisionopticas.com.ar\\\/blog-de-optica\\\/2025\\\/08\\\/eco-friendly-la-nueva-linea-de-paula-cahen-danvers\\\/\"},\"author\":{\"name\":\"admin_optica\",\"@id\":\"https:\\\/\\\/www.nuevavisionopticas.com.ar\\\/blog-de-optica\\\/#\\\/schema\\\/person\\\/2d6fbd00282cbc8fdd54058894af4341\"},\"headline\":\"Eco-friendly: la nueva l\u00ednea de Paula Cahen D&#8217;anvers\",\"datePublished\":\"2025-08-23T13:11:22+00:00\",\"dateModified\":\"2025-08-23T14:00:33+00:00\",\"mainEntityOfPage\":{\"@id\":\"https:\\\/\\\/www.nuevavisionopticas.com.ar\\\/blog-de-optica\\\/2025\\\/08\\\/eco-friendly-la-nueva-linea-de-paula-cahen-danvers\\\/\"},\"wordCount\":851,\"commentCount\":0,\"publisher\":{\"@id\":\"https:\\\/\\\/www.nuevavisionopticas.com.ar\\\/blog-de-optica\\\/#organization\"},\"image\":{\"@id\":\"https:\\\/\\\/www.nuevavisionopticas.com.ar\\\/blog-de-optica\\\/2025\\\/08\\\/eco-friendly-la-nueva-linea-de-paula-cahen-danvers\\\/#primaryimage\"},\"thumbnailUrl\":\"https:\\\/\\\/www.nuevavisionopticas.com.ar\\\/blog-de-optica\\\/wp-content\\\/uploads\\\/2025\\\/08\\\/PCDA-rx_post16_monterosso.jpg\",\"keywords\":[\"anteojos recetados\",\"marcas\"],\"articleSection\":[\"anteojos recetados\",\"marcas\"],\"inLanguage\":\"es\",\"potentialAction\":[{\"@type\":\"CommentAction\",\"name\":\"Comment\",\"target\":[\"https:\\\/\\\/www.nuevavisionopticas.com.ar\\\/blog-de-optica\\\/2025\\\/08\\\/eco-friendly-la-nueva-linea-de-paula-cahen-danvers\\\/#respond\"]}]},{\"@type\":\"WebPage\",\"@id\":\"https:\\\/\\\/www.nuevavisionopticas.com.ar\\\/blog-de-optica\\\/2025\\\/08\\\/eco-friendly-la-nueva-linea-de-paula-cahen-danvers\\\/\",\"url\":\"https:\\\/\\\/www.nuevavisionopticas.com.ar\\\/blog-de-optica\\\/2025\\\/08\\\/eco-friendly-la-nueva-linea-de-paula-cahen-danvers\\\/\",\"name\":\"Anteojos ecol\u00f3gicos: moda y sostenibilidad &#8211; Blog de \u00f3ptica\",\"isPartOf\":{\"@id\":\"https:\\\/\\\/www.nuevavisionopticas.com.ar\\\/blog-de-optica\\\/#website\"},\"primaryImageOfPage\":{\"@id\":\"https:\\\/\\\/www.nuevavisionopticas.com.ar\\\/blog-de-optica\\\/2025\\\/08\\\/eco-friendly-la-nueva-linea-de-paula-cahen-danvers\\\/#primaryimage\"},\"image\":{\"@id\":\"https:\\\/\\\/www.nuevavisionopticas.com.ar\\\/blog-de-optica\\\/2025\\\/08\\\/eco-friendly-la-nueva-linea-de-paula-cahen-danvers\\\/#primaryimage\"},\"thumbnailUrl\":\"https:\\\/\\\/www.nuevavisionopticas.com.ar\\\/blog-de-optica\\\/wp-content\\\/uploads\\\/2025\\\/08\\\/PCDA-rx_post16_monterosso.jpg\",\"datePublished\":\"2025-08-23T13:11:22+00:00\",\"dateModified\":\"2025-08-23T14:00:33+00:00\",\"description\":\"Descubr\u00ed los anteojos ecol\u00f3gicos de Paula Cahen D'anvers, fabricados con materiales biodegradables y libres de BPA.\",\"breadcrumb\":{\"@id\":\"https:\\\/\\\/www.nuevavisionopticas.com.ar\\\/blog-de-optica\\\/2025\\\/08\\\/eco-friendly-la-nueva-linea-de-paula-cahen-danvers\\\/#breadcrumb\"},\"inLanguage\":\"es\",\"potentialAction\":[{\"@type\":\"ReadAction\",\"target\":[\"https:\\\/\\\/www.nuevavisionopticas.com.ar\\\/blog-de-optica\\\/2025\\\/08\\\/eco-friendly-la-nueva-linea-de-paula-cahen-danvers\\\/\"]}]},{\"@type\":\"ImageObject\",\"inLanguage\":\"es\",\"@id\":\"https:\\\/\\\/www.nuevavisionopticas.com.ar\\\/blog-de-optica\\\/2025\\\/08\\\/eco-friendly-la-nueva-linea-de-paula-cahen-danvers\\\/#primaryimage\",\"url\":\"https:\\\/\\\/www.nuevavisionopticas.com.ar\\\/blog-de-optica\\\/wp-content\\\/uploads\\\/2025\\\/08\\\/PCDA-rx_post16_monterosso.jpg\",\"contentUrl\":\"https:\\\/\\\/www.nuevavisionopticas.com.ar\\\/blog-de-optica\\\/wp-content\\\/uploads\\\/2025\\\/08\\\/PCDA-rx_post16_monterosso.jpg\",\"width\":1280,\"height\":1600,\"caption\":\"Eco-friendly: la nueva l\u00ednea de Paula Cahen D'anvers\"},{\"@type\":\"BreadcrumbList\",\"@id\":\"https:\\\/\\\/www.nuevavisionopticas.com.ar\\\/blog-de-optica\\\/2025\\\/08\\\/eco-friendly-la-nueva-linea-de-paula-cahen-danvers\\\/#breadcrumb\",\"itemListElement\":[{\"@type\":\"ListItem\",\"position\":1,\"name\":\"Portada\",\"item\":\"https:\\\/\\\/www.nuevavisionopticas.com.ar\\\/blog-de-optica\\\/\"},{\"@type\":\"ListItem\",\"position\":2,\"name\":\"Eco-friendly: la nueva l\u00ednea de Paula Cahen D&#8217;anvers\"}]},{\"@type\":\"WebSite\",\"@id\":\"https:\\\/\\\/www.nuevavisionopticas.com.ar\\\/blog-de-optica\\\/#website\",\"url\":\"https:\\\/\\\/www.nuevavisionopticas.com.ar\\\/blog-de-optica\\\/\",\"name\":\"Blog de \u00f3ptica\",\"description\":\"Nueva Visi\u00f3n \u00d3pticas\",\"publisher\":{\"@id\":\"https:\\\/\\\/www.nuevavisionopticas.com.ar\\\/blog-de-optica\\\/#organization\"},\"potentialAction\":[{\"@type\":\"SearchAction\",\"target\":{\"@type\":\"EntryPoint\",\"urlTemplate\":\"https:\\\/\\\/www.nuevavisionopticas.com.ar\\\/blog-de-optica\\\/?s={search_term_string}\"},\"query-input\":{\"@type\":\"PropertyValueSpecification\",\"valueRequired\":true,\"valueName\":\"search_term_string\"}}],\"inLanguage\":\"es\"},{\"@type\":\"Organization\",\"@id\":\"https:\\\/\\\/www.nuevavisionopticas.com.ar\\\/blog-de-optica\\\/#organization\",\"name\":\"Nueva Visi\u00f3n \u00d3pticas\",\"url\":\"https:\\\/\\\/www.nuevavisionopticas.com.ar\\\/blog-de-optica\\\/\",\"logo\":{\"@type\":\"ImageObject\",\"inLanguage\":\"es\",\"@id\":\"https:\\\/\\\/www.nuevavisionopticas.com.ar\\\/blog-de-optica\\\/#\\\/schema\\\/logo\\\/image\\\/\",\"url\":\"https:\\\/\\\/www.nuevavisionopticas.com.ar\\\/blog-de-optica\\\/wp-content\\\/uploads\\\/2021\\\/07\\\/logo-blanco-nueva-vision.png\",\"contentUrl\":\"https:\\\/\\\/www.nuevavisionopticas.com.ar\\\/blog-de-optica\\\/wp-content\\\/uploads\\\/2021\\\/07\\\/logo-blanco-nueva-vision.png\",\"width\":181,\"height\":46,\"caption\":\"Nueva Visi\u00f3n \u00d3pticas\"},\"image\":{\"@id\":\"https:\\\/\\\/www.nuevavisionopticas.com.ar\\\/blog-de-optica\\\/#\\\/schema\\\/logo\\\/image\\\/\"},\"sameAs\":[\"https:\\\/\\\/www.facebook.com\\\/nuevavisionarg\",\"https:\\\/\\\/www.instagram.com\\\/nuevavisionarg\"]},{\"@type\":\"Person\",\"@id\":\"https:\\\/\\\/www.nuevavisionopticas.com.ar\\\/blog-de-optica\\\/#\\\/schema\\\/person\\\/2d6fbd00282cbc8fdd54058894af4341\",\"name\":\"admin_optica\",\"image\":{\"@type\":\"ImageObject\",\"inLanguage\":\"es\",\"@id\":\"https:\\\/\\\/secure.gravatar.com\\\/avatar\\\/e33974a79b80e7fe593e5cf53cb2160fcb165380bed6475ed9144c295430f76c?s=96&d=mm&r=g\",\"url\":\"https:\\\/\\\/secure.gravatar.com\\\/avatar\\\/e33974a79b80e7fe593e5cf53cb2160fcb165380bed6475ed9144c295430f76c?s=96&d=mm&r=g\",\"contentUrl\":\"https:\\\/\\\/secure.gravatar.com\\\/avatar\\\/e33974a79b80e7fe593e5cf53cb2160fcb165380bed6475ed9144c295430f76c?s=96&d=mm&r=g\",\"caption\":\"admin_optica\"}}]}<\/script>\n<!-- \/ Yoast SEO plugin. -->","yoast_head_json":{"title":"Anteojos ecol\u00f3gicos: moda y sostenibilidad &#8211; Blog de \u00f3ptica","description":"Descubr\u00ed los anteojos ecol\u00f3gicos de Paula Cahen D'anvers, fabricados con materiales biodegradables y libres de BPA.","robots":{"index":"index","follow":"follow","max-snippet":"max-snippet:-1","max-image-preview":"max-image-preview:large","max-video-preview":"max-video-preview:-1"},"canonical":"https:\/\/www.nuevavisionopticas.com.ar\/blog-de-optica\/2025\/08\/eco-friendly-la-nueva-linea-de-paula-cahen-danvers\/","og_locale":"es_ES","og_type":"article","og_title":"Anteojos ecol\u00f3gicos: moda y sostenibilidad &#8211; Blog de \u00f3ptica","og_description":"Descubr\u00ed los anteojos ecol\u00f3gicos de Paula Cahen D'anvers, fabricados con materiales biodegradables y libres de BPA.","og_url":"https:\/\/www.nuevavisionopticas.com.ar\/blog-de-optica\/2025\/08\/eco-friendly-la-nueva-linea-de-paula-cahen-danvers\/","og_site_name":"Blog de \u00f3ptica","article_publisher":"https:\/\/www.facebook.com\/nuevavisionarg","article_published_time":"2025-08-23T13:11:22+00:00","article_modified_time":"2025-08-23T14:00:33+00:00","og_image":[{"width":1280,"height":1600,"url":"https:\/\/www.nuevavisionopticas.com.ar\/blog-de-optica\/wp-content\/uploads\/2025\/08\/PCDA-rx_post16_monterosso.jpg","type":"image\/jpeg"}],"author":"admin_optica","twitter_card":"summary_large_image","twitter_misc":{"Escrito por":"admin_optica","Tiempo de lectura":"8 minutos"},"schema":{"@context":"https:\/\/schema.org","@graph":[{"@type":"Article","@id":"https:\/\/www.nuevavisionopticas.com.ar\/blog-de-optica\/2025\/08\/eco-friendly-la-nueva-linea-de-paula-cahen-danvers\/#article","isPartOf":{"@id":"https:\/\/www.nuevavisionopticas.com.ar\/blog-de-optica\/2025\/08\/eco-friendly-la-nueva-linea-de-paula-cahen-danvers\/"},"author":{"name":"admin_optica","@id":"https:\/\/www.nuevavisionopticas.com.ar\/blog-de-optica\/#\/schema\/person\/2d6fbd00282cbc8fdd54058894af4341"},"headline":"Eco-friendly: la nueva l\u00ednea de Paula Cahen D&#8217;anvers","datePublished":"2025-08-23T13:11:22+00:00","dateModified":"2025-08-23T14:00:33+00:00","mainEntityOfPage":{"@id":"https:\/\/www.nuevavisionopticas.com.ar\/blog-de-optica\/2025\/08\/eco-friendly-la-nueva-linea-de-paula-cahen-danvers\/"},"wordCount":851,"commentCount":0,"publisher":{"@id":"https:\/\/www.nuevavisionopticas.com.ar\/blog-de-optica\/#organization"},"image":{"@id":"https:\/\/www.nuevavisionopticas.com.ar\/blog-de-optica\/2025\/08\/eco-friendly-la-nueva-linea-de-paula-cahen-danvers\/#primaryimage"},"thumbnailUrl":"https:\/\/www.nuevavisionopticas.com.ar\/blog-de-optica\/wp-content\/uploads\/2025\/08\/PCDA-rx_post16_monterosso.jpg","keywords":["anteojos recetados","marcas"],"articleSection":["anteojos recetados","marcas"],"inLanguage":"es","potentialAction":[{"@type":"CommentAction","name":"Comment","target":["https:\/\/www.nuevavisionopticas.com.ar\/blog-de-optica\/2025\/08\/eco-friendly-la-nueva-linea-de-paula-cahen-danvers\/#respond"]}]},{"@type":"WebPage","@id":"https:\/\/www.nuevavisionopticas.com.ar\/blog-de-optica\/2025\/08\/eco-friendly-la-nueva-linea-de-paula-cahen-danvers\/","url":"https:\/\/www.nuevavisionopticas.com.ar\/blog-de-optica\/2025\/08\/eco-friendly-la-nueva-linea-de-paula-cahen-danvers\/","name":"Anteojos ecol\u00f3gicos: moda y sostenibilidad &#8211; Blog de \u00f3ptica","isPartOf":{"@id":"https:\/\/www.nuevavisionopticas.com.ar\/blog-de-optica\/#website"},"primaryImageOfPage":{"@id":"https:\/\/www.nuevavisionopticas.com.ar\/blog-de-optica\/2025\/08\/eco-friendly-la-nueva-linea-de-paula-cahen-danvers\/#primaryimage"},"image":{"@id":"https:\/\/www.nuevavisionopticas.com.ar\/blog-de-optica\/2025\/08\/eco-friendly-la-nueva-linea-de-paula-cahen-danvers\/#primaryimage"},"thumbnailUrl":"https:\/\/www.nuevavisionopticas.com.ar\/blog-de-optica\/wp-content\/uploads\/2025\/08\/PCDA-rx_post16_monterosso.jpg","datePublished":"2025-08-23T13:11:22+00:00","dateModified":"2025-08-23T14:00:33+00:00","description":"Descubr\u00ed los anteojos ecol\u00f3gicos de Paula Cahen D'anvers, fabricados con materiales biodegradables y libres de BPA.","breadcrumb":{"@id":"https:\/\/www.nuevavisionopticas.com.ar\/blog-de-optica\/2025\/08\/eco-friendly-la-nueva-linea-de-paula-cahen-danvers\/#breadcrumb"},"inLanguage":"es","potentialAction":[{"@type":"ReadAction","target":["https:\/\/www.nuevavisionopticas.com.ar\/blog-de-optica\/2025\/08\/eco-friendly-la-nueva-linea-de-paula-cahen-danvers\/"]}]},{"@type":"ImageObject","inLanguage":"es","@id":"https:\/\/www.nuevavisionopticas.com.ar\/blog-de-optica\/2025\/08\/eco-friendly-la-nueva-linea-de-paula-cahen-danvers\/#primaryimage","url":"https:\/\/www.nuevavisionopticas.com.ar\/blog-de-optica\/wp-content\/uploads\/2025\/08\/PCDA-rx_post16_monterosso.jpg","contentUrl":"https:\/\/www.nuevavisionopticas.com.ar\/blog-de-optica\/wp-content\/uploads\/2025\/08\/PCDA-rx_post16_monterosso.jpg","width":1280,"height":1600,"caption":"Eco-friendly: la nueva l\u00ednea de Paula Cahen D'anvers"},{"@type":"BreadcrumbList","@id":"https:\/\/www.nuevavisionopticas.com.ar\/blog-de-optica\/2025\/08\/eco-friendly-la-nueva-linea-de-paula-cahen-danvers\/#breadcrumb","itemListElement":[{"@type":"ListItem","position":1,"name":"Portada","item":"https:\/\/www.nuevavisionopticas.com.ar\/blog-de-optica\/"},{"@type":"ListItem","position":2,"name":"Eco-friendly: la nueva l\u00ednea de Paula Cahen D&#8217;anvers"}]},{"@type":"WebSite","@id":"https:\/\/www.nuevavisionopticas.com.ar\/blog-de-optica\/#website","url":"https:\/\/www.nuevavisionopticas.com.ar\/blog-de-optica\/","name":"Blog de \u00f3ptica","description":"Nueva Visi\u00f3n \u00d3pticas","publisher":{"@id":"https:\/\/www.nuevavisionopticas.com.ar\/blog-de-optica\/#organization"},"potentialAction":[{"@type":"SearchAction","target":{"@type":"EntryPoint","urlTemplate":"https:\/\/www.nuevavisionopticas.com.ar\/blog-de-optica\/?s={search_term_string}"},"query-input":{"@type":"PropertyValueSpecification","valueRequired":true,"valueName":"search_term_string"}}],"inLanguage":"es"},{"@type":"Organization","@id":"https:\/\/www.nuevavisionopticas.com.ar\/blog-de-optica\/#organization","name":"Nueva Visi\u00f3n \u00d3pticas","url":"https:\/\/www.nuevavisionopticas.com.ar\/blog-de-optica\/","logo":{"@type":"ImageObject","inLanguage":"es","@id":"https:\/\/www.nuevavisionopticas.com.ar\/blog-de-optica\/#\/schema\/logo\/image\/","url":"https:\/\/www.nuevavisionopticas.com.ar\/blog-de-optica\/wp-content\/uploads\/2021\/07\/logo-blanco-nueva-vision.png","contentUrl":"https:\/\/www.nuevavisionopticas.com.ar\/blog-de-optica\/wp-content\/uploads\/2021\/07\/logo-blanco-nueva-vision.png","width":181,"height":46,"caption":"Nueva Visi\u00f3n \u00d3pticas"},"image":{"@id":"https:\/\/www.nuevavisionopticas.com.ar\/blog-de-optica\/#\/schema\/logo\/image\/"},"sameAs":["https:\/\/www.facebook.com\/nuevavisionarg","https:\/\/www.instagram.com\/nuevavisionarg"]},{"@type":"Person","@id":"https:\/\/www.nuevavisionopticas.com.ar\/blog-de-optica\/#\/schema\/person\/2d6fbd00282cbc8fdd54058894af4341","name":"admin_optica","image":{"@type":"ImageObject","inLanguage":"es","@id":"https:\/\/secure.gravatar.com\/avatar\/e33974a79b80e7fe593e5cf53cb2160fcb165380bed6475ed9144c295430f76c?s=96&d=mm&r=g","url":"https:\/\/secure.gravatar.com\/avatar\/e33974a79b80e7fe593e5cf53cb2160fcb165380bed6475ed9144c295430f76c?s=96&d=mm&r=g","contentUrl":"https:\/\/secure.gravatar.com\/avatar\/e33974a79b80e7fe593e5cf53cb2160fcb165380bed6475ed9144c295430f76c?s=96&d=mm&r=g","caption":"admin_optica"}}]}},"_links":{"self":[{"href":"https:\/\/www.nuevavisionopticas.com.ar\/blog-de-optica\/wp-json\/wp\/v2\/posts\/3788","targetHints":{"allow":["GET"]}}],"collection":[{"href":"https:\/\/www.nuevavisionopticas.com.ar\/blog-de-optica\/wp-json\/wp\/v2\/posts"}],"about":[{"href":"https:\/\/www.nuevavisionopticas.com.ar\/blog-de-optica\/wp-json\/wp\/v2\/types\/post"}],"author":[{"embeddable":true,"href":"https:\/\/www.nuevavisionopticas.com.ar\/blog-de-optica\/wp-json\/wp\/v2\/users\/1"}],"replies":[{"embeddable":true,"href":"https:\/\/www.nuevavisionopticas.com.ar\/blog-de-optica\/wp-json\/wp\/v2\/comments?post=3788"}],"version-history":[{"count":2,"href":"https:\/\/www.nuevavisionopticas.com.ar\/blog-de-optica\/wp-json\/wp\/v2\/posts\/3788\/revisions"}],"predecessor-version":[{"id":3812,"href":"https:\/\/www.nuevavisionopticas.com.ar\/blog-de-optica\/wp-json\/wp\/v2\/posts\/3788\/revisions\/3812"}],"wp:featuredmedia":[{"embeddable":true,"href":"https:\/\/www.nuevavisionopticas.com.ar\/blog-de-optica\/wp-json\/wp\/v2\/media\/3806"}],"wp:attachment":[{"href":"https:\/\/www.nuevavisionopticas.com.ar\/blog-de-optica\/wp-json\/wp\/v2\/media?parent=3788"}],"wp:term":[{"taxonomy":"category","embeddable":true,"href":"https:\/\/www.nuevavisionopticas.com.ar\/blog-de-optica\/wp-json\/wp\/v2\/categories?post=3788"},{"taxonomy":"post_tag","embeddable":true,"href":"https:\/\/www.nuevavisionopticas.com.ar\/blog-de-optica\/wp-json\/wp\/v2\/tags?post=3788"}],"curies":[{"name":"wp","href":"https:\/\/api.w.org\/{rel}","templated":true}]}}