{"id":3946,"date":"2026-03-01T09:33:43","date_gmt":"2026-03-01T12:33:43","guid":{"rendered":"https:\/\/www.nuevavisionopticas.com.ar\/blog-de-optica\/?p=3946"},"modified":"2026-03-01T09:33:51","modified_gmt":"2026-03-01T12:33:51","slug":"gafas-de-sol-para-bebes-y-ninos-por-que-deben-usarlas-y-como-elegirlas-2","status":"publish","type":"post","link":"https:\/\/www.nuevavisionopticas.com.ar\/blog-de-optica\/2026\/03\/gafas-de-sol-para-bebes-y-ninos-por-que-deben-usarlas-y-como-elegirlas-2\/","title":{"rendered":"Gafas de sol para beb\u00e9s y ni\u00f1os: por qu\u00e9 deben usarlas y c\u00f3mo elegirlas"},"content":{"rendered":"\n<figure class=\"wp-block-image size-large\"><img decoding=\"async\" src=\"data:image\/svg+xml,%3Csvg%20xmlns='http:\/\/www.w3.org\/2000\/svg'%20viewBox='0%200%20370%20247'%3E%3C\/svg%3E\" data-lazy-src=\"https:\/\/www.nuevavisionopticas.com.ar\/blog-de-optica\/wp-content\/uploads\/2022\/01\/shaylyn-UjNbE7OYn-g-unsplash-1024x683.jpg\" alt=\"Gafas de sol para beb\u00e9s y ni\u00f1os: por qu\u00e9 deben usarlas y c\u00f3mo elegirlas\" class=\"zeen-lazy-load-base zeen-lazy-load wp-image-2821\"\/><noscript><img decoding=\"async\" width=\"1024\" height=\"683\" src=\"https:\/\/www.nuevavisionopticas.com.ar\/blog-de-optica\/wp-content\/uploads\/2022\/01\/shaylyn-UjNbE7OYn-g-unsplash-1024x683.jpg\" alt=\"Gafas de sol para beb\u00e9s y ni\u00f1os: por qu\u00e9 deben usarlas y c\u00f3mo elegirlas\" class=\"wp-image-2821\" srcset=\"https:\/\/www.nuevavisionopticas.com.ar\/blog-de-optica\/wp-content\/uploads\/2022\/01\/shaylyn-UjNbE7OYn-g-unsplash-1024x683.jpg 1024w, https:\/\/www.nuevavisionopticas.com.ar\/blog-de-optica\/wp-content\/uploads\/2022\/01\/shaylyn-UjNbE7OYn-g-unsplash-300x200.jpg 300w, https:\/\/www.nuevavisionopticas.com.ar\/blog-de-optica\/wp-content\/uploads\/2022\/01\/shaylyn-UjNbE7OYn-g-unsplash-770x513.jpg 770w, https:\/\/www.nuevavisionopticas.com.ar\/blog-de-optica\/wp-content\/uploads\/2022\/01\/shaylyn-UjNbE7OYn-g-unsplash-1536x1024.jpg 1536w, https:\/\/www.nuevavisionopticas.com.ar\/blog-de-optica\/wp-content\/uploads\/2022\/01\/shaylyn-UjNbE7OYn-g-unsplash-360x240.jpg 360w, https:\/\/www.nuevavisionopticas.com.ar\/blog-de-optica\/wp-content\/uploads\/2022\/01\/shaylyn-UjNbE7OYn-g-unsplash-1155x770.jpg 1155w, https:\/\/www.nuevavisionopticas.com.ar\/blog-de-optica\/wp-content\/uploads\/2022\/01\/shaylyn-UjNbE7OYn-g-unsplash-351x234.jpg 351w, https:\/\/www.nuevavisionopticas.com.ar\/blog-de-optica\/wp-content\/uploads\/2022\/01\/shaylyn-UjNbE7OYn-g-unsplash-751x501.jpg 751w, https:\/\/www.nuevavisionopticas.com.ar\/blog-de-optica\/wp-content\/uploads\/2022\/01\/shaylyn-UjNbE7OYn-g-unsplash-1136x757.jpg 1136w, https:\/\/www.nuevavisionopticas.com.ar\/blog-de-optica\/wp-content\/uploads\/2022\/01\/shaylyn-UjNbE7OYn-g-unsplash-274x183.jpg 274w, https:\/\/www.nuevavisionopticas.com.ar\/blog-de-optica\/wp-content\/uploads\/2022\/01\/shaylyn-UjNbE7OYn-g-unsplash-1381x921.jpg 1381w, https:\/\/www.nuevavisionopticas.com.ar\/blog-de-optica\/wp-content\/uploads\/2022\/01\/shaylyn-UjNbE7OYn-g-unsplash-120x80.jpg 120w, https:\/\/www.nuevavisionopticas.com.ar\/blog-de-optica\/wp-content\/uploads\/2022\/01\/shaylyn-UjNbE7OYn-g-unsplash-240x160.jpg 240w, https:\/\/www.nuevavisionopticas.com.ar\/blog-de-optica\/wp-content\/uploads\/2022\/01\/shaylyn-UjNbE7OYn-g-unsplash-390x260.jpg 390w, https:\/\/www.nuevavisionopticas.com.ar\/blog-de-optica\/wp-content\/uploads\/2022\/01\/shaylyn-UjNbE7OYn-g-unsplash.jpg 1600w\" sizes=\"(max-width: 1024px) 100vw, 1024px\" \/><\/noscript><figcaption class=\"wp-element-caption\">Gafas de sol para beb\u00e9s y ni\u00f1os: por qu\u00e9 deben usarlas y c\u00f3mo elegirlas<\/figcaption><\/figure>\n\n\n\n<p>Los padres nos preocupamos mucho de&nbsp;proteger la piel de los m\u00e1s peque\u00f1os con cremas solares, pero no solemos darle la misma importancia a la protecci\u00f3n de sus ojos en verano. Los ojos de<strong>&nbsp;los beb\u00e9s<\/strong>&nbsp;son m\u00e1s sensibles que los de los adultos a la radiaci\u00f3n ultravioleta, por tanto&nbsp;<strong>deben usar gafas de sol<\/strong>&nbsp;para prevenir futuros problemas oculares.<\/p>\n\n\n\n<p>El de los ojos es un da\u00f1o dif\u00edcil de medir. El cristalino de los beb\u00e9s, que ejerce de filtro, a\u00fan no se ha desarrollado por completo y, antes del primer a\u00f1o de vida, deja pasar el 90 por ciento de la radiaci\u00f3n UVA y el 50 por ciento de la UVB, llegando directamente a la retina, lo cual puede provocar da\u00f1os a corto y largo plazo.<\/p>\n\n\n\n<p>De ah\u00ed la importancia de&nbsp;proteger los ojos del beb\u00e9&nbsp;con gafas de sol e incluso con un sombrero o gorra con visera delantera que cubra la zona de la frente y los ojos. No es necesario que sea siempre que salen a la calle, pero s\u00ed recomendable si vamos a la playa (la arena refleja hasta el quince por ciento de la radiaci\u00f3n solar) o a la monta\u00f1a.<\/p>\n\n\n\n<h2 class=\"wp-block-heading\">A partir de qu\u00e9 edad pueden usar gafas de sol<\/h2>\n\n\n\n<p>En los ni\u00f1os, los expertos recomiendan ponerles gafas de sol&nbsp;<strong>desde los seis meses.<\/strong><\/p>\n\n\n\n<p>Muy pocos conocen los efectos nocivos de los rayos de sol sobre los ojos de los peque\u00f1os. Tiene\u00a0<strong>efectos acumulativos<\/strong>\u00a0y pueden provocar quemaduras solares, alteraciones agudas de la c\u00f3rnea, lesiones degenerativas y quemaduras agudas en la retina, as\u00ed como patolog\u00edas m\u00e1s severas a largo plazo como cataratas, que es la primera causa de <strong>ceguera<\/strong> reversible, y degeneraci\u00f3n macular asociada a la edad.<\/p>\n\n\n\n<p>A\u00fan con gafas de sol, hay que se\u00f1alar que los ni\u00f1os nunca deben mirar directamente al sol y evitar, en la medida de lo posible, la exposici\u00f3n en las horas centrales del d\u00eda, mientras que los beb\u00e9s no deben exponerse directamente al sol.<\/p>\n\n\n\n<h2 class=\"wp-block-heading\">Qu\u00e9 gafas de sol elegir<\/h2>\n\n\n\n<p>A la hora de elegir unas gafas adecuadas tenemos que seguir algunos&nbsp;consejos para comprar gafas de sol infantiles&nbsp;en cuanto a monturas, materiales y sujeci\u00f3n.<\/p>\n\n\n\n<ul class=\"wp-block-list\">\n<li>Deben ser&nbsp;<strong>homologadas<\/strong>: que cumplan con la reglamentaci\u00f3n de la Comisi\u00f3n Europea y un&nbsp;<strong>Filtro UV 400<\/strong>, que protege cerca del 98 por ciento de las radiaciones de rayos UV.<\/li>\n\n\n\n<li>Los materiales deben ser&nbsp;<strong>seguros, hipoalerg\u00e9nicos e irrompibles<\/strong>, a prueba de ni\u00f1os. Lo ideal son las monturas de materiales flexibles, como la silicona.<\/li>\n\n\n\n<li>Deben ir acompa\u00f1adas de un folleto del fabricante que indique qui\u00e9n es el fabricante, la categor\u00eda de filtro solar, su uso recomendado, c\u00f3mo cuidarlas, etc.<\/li>\n\n\n\n<li>Con filtro de protecci\u00f3n de&nbsp;<strong>categor\u00eda 3.&nbsp;<\/strong>Si son para la nieve, de categor\u00eda 4.<\/li>\n\n\n\n<li><strong>De forma envolvente<\/strong>: que se adapten bien a la cara del beb\u00e9, para evitar que los rayos UV entren por los lados.<\/li>\n\n\n\n<li>Con tiras de sujeci\u00f3n posterior para los m\u00e1s peque\u00f1os.<\/li>\n<\/ul>\n\n\n\n<p>Fuente: <a href=\"https:\/\/www.bebesymas.com\/salud-infantil\/gafas-sol-para-bebes-ninos-que-deben-usarlas-como-elegirlas\" target=\"_blank\" rel=\"noreferrer noopener\">Beb\u00e9s y m\u00e1s<\/a><\/p>\n","protected":false},"excerpt":{"rendered":"<p>Los padres nos preocupamos mucho de&nbsp;proteger la piel de los m\u00e1s peque\u00f1os con cremas solares, pero no solemos darle la misma importancia a la protecci\u00f3n de sus ojos en verano. Los ojos de&nbsp;los beb\u00e9s&nbsp;son m\u00e1s sensibles que los de los adultos a la radiaci\u00f3n ultravioleta, por tanto&nbsp;deben usar gafas de sol&nbsp;para prevenir futuros problemas oculares. El de los ojos es un da\u00f1o dif\u00edcil de medir. El cristalino de los beb\u00e9s, que ejerce de filtro, a\u00fan no se ha desarrollado por [&hellip;]<\/p>\n","protected":false},"author":1,"featured_media":2820,"comment_status":"open","ping_status":"open","sticky":false,"template":"","format":"standard","meta":{"_monsterinsights_skip_tracking":false,"_monsterinsights_sitenote_active":false,"_monsterinsights_sitenote_note":"","_monsterinsights_sitenote_category":0,"footnotes":""},"categories":[4,7],"tags":[23,46],"class_list":["post-3946","post","type-post","status-publish","format-standard","has-post-thumbnail","hentry","category-anteojos-de-sol","category-anteojos-infantiles","tag-anteojos-de-sol","tag-anteojos-infantiles"],"yoast_head":"<!-- This site is optimized with the Yoast SEO plugin v27.3 - https:\/\/yoast.com\/product\/yoast-seo-wordpress\/ -->\n<title>Gafas de sol para beb\u00e9s y ni\u00f1os: por qu\u00e9 deben usarlas y c\u00f3mo elegirlas &#8211; Blog de \u00f3ptica<\/title>\n<meta name=\"robots\" content=\"index, follow, max-snippet:-1, max-image-preview:large, max-video-preview:-1\" \/>\n<link rel=\"canonical\" href=\"https:\/\/www.nuevavisionopticas.com.ar\/blog-de-optica\/2026\/03\/gafas-de-sol-para-bebes-y-ninos-por-que-deben-usarlas-y-como-elegirlas-2\/\" \/>\n<meta property=\"og:locale\" content=\"es_ES\" \/>\n<meta property=\"og:type\" content=\"article\" \/>\n<meta property=\"og:title\" content=\"Gafas de sol para beb\u00e9s y ni\u00f1os: por qu\u00e9 deben usarlas y c\u00f3mo elegirlas &#8211; Blog de \u00f3ptica\" \/>\n<meta property=\"og:description\" content=\"Los padres nos preocupamos mucho de&nbsp;proteger la piel de los m\u00e1s peque\u00f1os con cremas solares, pero no solemos darle la misma importancia a la protecci\u00f3n de sus ojos en verano. Los ojos de&nbsp;los beb\u00e9s&nbsp;son m\u00e1s sensibles que los de los adultos a la radiaci\u00f3n ultravioleta, por tanto&nbsp;deben usar gafas de sol&nbsp;para prevenir futuros problemas oculares. El de los ojos es un da\u00f1o dif\u00edcil de medir. El cristalino de los beb\u00e9s, que ejerce de filtro, a\u00fan no se ha desarrollado por [&hellip;]\" \/>\n<meta property=\"og:url\" content=\"https:\/\/www.nuevavisionopticas.com.ar\/blog-de-optica\/2026\/03\/gafas-de-sol-para-bebes-y-ninos-por-que-deben-usarlas-y-como-elegirlas-2\/\" \/>\n<meta property=\"og:site_name\" content=\"Blog de \u00f3ptica\" \/>\n<meta property=\"article:publisher\" content=\"https:\/\/www.facebook.com\/nuevavisionarg\" \/>\n<meta property=\"article:published_time\" content=\"2026-03-01T12:33:43+00:00\" \/>\n<meta property=\"article:modified_time\" content=\"2026-03-01T12:33:51+00:00\" \/>\n<meta property=\"og:image\" content=\"https:\/\/www.nuevavisionopticas.com.ar\/blog-de-optica\/wp-content\/uploads\/2022\/01\/zahra-amiri-msgYbIh-1DA-unsplash.jpg\" \/>\n\t<meta property=\"og:image:width\" content=\"1600\" \/>\n\t<meta property=\"og:image:height\" content=\"1138\" \/>\n\t<meta property=\"og:image:type\" content=\"image\/jpeg\" \/>\n<meta name=\"author\" content=\"admin_optica\" \/>\n<meta name=\"twitter:card\" content=\"summary_large_image\" \/>\n<meta name=\"twitter:label1\" content=\"Escrito por\" \/>\n\t<meta name=\"twitter:data1\" content=\"admin_optica\" \/>\n\t<meta name=\"twitter:label2\" content=\"Tiempo de lectura\" \/>\n\t<meta name=\"twitter:data2\" content=\"3 minutos\" \/>\n<script type=\"application\/ld+json\" class=\"yoast-schema-graph\">{\"@context\":\"https:\\\/\\\/schema.org\",\"@graph\":[{\"@type\":\"Article\",\"@id\":\"https:\\\/\\\/www.nuevavisionopticas.com.ar\\\/blog-de-optica\\\/2026\\\/03\\\/gafas-de-sol-para-bebes-y-ninos-por-que-deben-usarlas-y-como-elegirlas-2\\\/#article\",\"isPartOf\":{\"@id\":\"https:\\\/\\\/www.nuevavisionopticas.com.ar\\\/blog-de-optica\\\/2026\\\/03\\\/gafas-de-sol-para-bebes-y-ninos-por-que-deben-usarlas-y-como-elegirlas-2\\\/\"},\"author\":{\"name\":\"admin_optica\",\"@id\":\"https:\\\/\\\/www.nuevavisionopticas.com.ar\\\/blog-de-optica\\\/#\\\/schema\\\/person\\\/2d6fbd00282cbc8fdd54058894af4341\"},\"headline\":\"Gafas de sol para beb\u00e9s y ni\u00f1os: por qu\u00e9 deben usarlas y c\u00f3mo elegirlas\",\"datePublished\":\"2026-03-01T12:33:43+00:00\",\"dateModified\":\"2026-03-01T12:33:51+00:00\",\"mainEntityOfPage\":{\"@id\":\"https:\\\/\\\/www.nuevavisionopticas.com.ar\\\/blog-de-optica\\\/2026\\\/03\\\/gafas-de-sol-para-bebes-y-ninos-por-que-deben-usarlas-y-como-elegirlas-2\\\/\"},\"wordCount\":571,\"commentCount\":0,\"publisher\":{\"@id\":\"https:\\\/\\\/www.nuevavisionopticas.com.ar\\\/blog-de-optica\\\/#organization\"},\"image\":{\"@id\":\"https:\\\/\\\/www.nuevavisionopticas.com.ar\\\/blog-de-optica\\\/2026\\\/03\\\/gafas-de-sol-para-bebes-y-ninos-por-que-deben-usarlas-y-como-elegirlas-2\\\/#primaryimage\"},\"thumbnailUrl\":\"https:\\\/\\\/www.nuevavisionopticas.com.ar\\\/blog-de-optica\\\/wp-content\\\/uploads\\\/2022\\\/01\\\/zahra-amiri-msgYbIh-1DA-unsplash.jpg\",\"keywords\":[\"anteojos de sol\",\"anteojos infantiles\"],\"articleSection\":[\"Anteojos de Sol\",\"anteojos infantiles\"],\"inLanguage\":\"es\",\"potentialAction\":[{\"@type\":\"CommentAction\",\"name\":\"Comment\",\"target\":[\"https:\\\/\\\/www.nuevavisionopticas.com.ar\\\/blog-de-optica\\\/2026\\\/03\\\/gafas-de-sol-para-bebes-y-ninos-por-que-deben-usarlas-y-como-elegirlas-2\\\/#respond\"]}]},{\"@type\":\"WebPage\",\"@id\":\"https:\\\/\\\/www.nuevavisionopticas.com.ar\\\/blog-de-optica\\\/2026\\\/03\\\/gafas-de-sol-para-bebes-y-ninos-por-que-deben-usarlas-y-como-elegirlas-2\\\/\",\"url\":\"https:\\\/\\\/www.nuevavisionopticas.com.ar\\\/blog-de-optica\\\/2026\\\/03\\\/gafas-de-sol-para-bebes-y-ninos-por-que-deben-usarlas-y-como-elegirlas-2\\\/\",\"name\":\"Gafas de sol para beb\u00e9s y ni\u00f1os: por qu\u00e9 deben usarlas y c\u00f3mo elegirlas &#8211; Blog de \u00f3ptica\",\"isPartOf\":{\"@id\":\"https:\\\/\\\/www.nuevavisionopticas.com.ar\\\/blog-de-optica\\\/#website\"},\"primaryImageOfPage\":{\"@id\":\"https:\\\/\\\/www.nuevavisionopticas.com.ar\\\/blog-de-optica\\\/2026\\\/03\\\/gafas-de-sol-para-bebes-y-ninos-por-que-deben-usarlas-y-como-elegirlas-2\\\/#primaryimage\"},\"image\":{\"@id\":\"https:\\\/\\\/www.nuevavisionopticas.com.ar\\\/blog-de-optica\\\/2026\\\/03\\\/gafas-de-sol-para-bebes-y-ninos-por-que-deben-usarlas-y-como-elegirlas-2\\\/#primaryimage\"},\"thumbnailUrl\":\"https:\\\/\\\/www.nuevavisionopticas.com.ar\\\/blog-de-optica\\\/wp-content\\\/uploads\\\/2022\\\/01\\\/zahra-amiri-msgYbIh-1DA-unsplash.jpg\",\"datePublished\":\"2026-03-01T12:33:43+00:00\",\"dateModified\":\"2026-03-01T12:33:51+00:00\",\"breadcrumb\":{\"@id\":\"https:\\\/\\\/www.nuevavisionopticas.com.ar\\\/blog-de-optica\\\/2026\\\/03\\\/gafas-de-sol-para-bebes-y-ninos-por-que-deben-usarlas-y-como-elegirlas-2\\\/#breadcrumb\"},\"inLanguage\":\"es\",\"potentialAction\":[{\"@type\":\"ReadAction\",\"target\":[\"https:\\\/\\\/www.nuevavisionopticas.com.ar\\\/blog-de-optica\\\/2026\\\/03\\\/gafas-de-sol-para-bebes-y-ninos-por-que-deben-usarlas-y-como-elegirlas-2\\\/\"]}]},{\"@type\":\"ImageObject\",\"inLanguage\":\"es\",\"@id\":\"https:\\\/\\\/www.nuevavisionopticas.com.ar\\\/blog-de-optica\\\/2026\\\/03\\\/gafas-de-sol-para-bebes-y-ninos-por-que-deben-usarlas-y-como-elegirlas-2\\\/#primaryimage\",\"url\":\"https:\\\/\\\/www.nuevavisionopticas.com.ar\\\/blog-de-optica\\\/wp-content\\\/uploads\\\/2022\\\/01\\\/zahra-amiri-msgYbIh-1DA-unsplash.jpg\",\"contentUrl\":\"https:\\\/\\\/www.nuevavisionopticas.com.ar\\\/blog-de-optica\\\/wp-content\\\/uploads\\\/2022\\\/01\\\/zahra-amiri-msgYbIh-1DA-unsplash.jpg\",\"width\":1600,\"height\":1138,\"caption\":\"Gafas de sol para beb\u00e9s y ni\u00f1os: por qu\u00e9 deben usarlas y c\u00f3mo elegirlas\"},{\"@type\":\"BreadcrumbList\",\"@id\":\"https:\\\/\\\/www.nuevavisionopticas.com.ar\\\/blog-de-optica\\\/2026\\\/03\\\/gafas-de-sol-para-bebes-y-ninos-por-que-deben-usarlas-y-como-elegirlas-2\\\/#breadcrumb\",\"itemListElement\":[{\"@type\":\"ListItem\",\"position\":1,\"name\":\"Portada\",\"item\":\"https:\\\/\\\/www.nuevavisionopticas.com.ar\\\/blog-de-optica\\\/\"},{\"@type\":\"ListItem\",\"position\":2,\"name\":\"Gafas de sol para beb\u00e9s y ni\u00f1os: por qu\u00e9 deben usarlas y c\u00f3mo elegirlas\"}]},{\"@type\":\"WebSite\",\"@id\":\"https:\\\/\\\/www.nuevavisionopticas.com.ar\\\/blog-de-optica\\\/#website\",\"url\":\"https:\\\/\\\/www.nuevavisionopticas.com.ar\\\/blog-de-optica\\\/\",\"name\":\"Blog de \u00f3ptica\",\"description\":\"Nueva Visi\u00f3n \u00d3pticas\",\"publisher\":{\"@id\":\"https:\\\/\\\/www.nuevavisionopticas.com.ar\\\/blog-de-optica\\\/#organization\"},\"potentialAction\":[{\"@type\":\"SearchAction\",\"target\":{\"@type\":\"EntryPoint\",\"urlTemplate\":\"https:\\\/\\\/www.nuevavisionopticas.com.ar\\\/blog-de-optica\\\/?s={search_term_string}\"},\"query-input\":{\"@type\":\"PropertyValueSpecification\",\"valueRequired\":true,\"valueName\":\"search_term_string\"}}],\"inLanguage\":\"es\"},{\"@type\":\"Organization\",\"@id\":\"https:\\\/\\\/www.nuevavisionopticas.com.ar\\\/blog-de-optica\\\/#organization\",\"name\":\"Nueva Visi\u00f3n \u00d3pticas\",\"url\":\"https:\\\/\\\/www.nuevavisionopticas.com.ar\\\/blog-de-optica\\\/\",\"logo\":{\"@type\":\"ImageObject\",\"inLanguage\":\"es\",\"@id\":\"https:\\\/\\\/www.nuevavisionopticas.com.ar\\\/blog-de-optica\\\/#\\\/schema\\\/logo\\\/image\\\/\",\"url\":\"https:\\\/\\\/www.nuevavisionopticas.com.ar\\\/blog-de-optica\\\/wp-content\\\/uploads\\\/2021\\\/07\\\/logo-blanco-nueva-vision.png\",\"contentUrl\":\"https:\\\/\\\/www.nuevavisionopticas.com.ar\\\/blog-de-optica\\\/wp-content\\\/uploads\\\/2021\\\/07\\\/logo-blanco-nueva-vision.png\",\"width\":181,\"height\":46,\"caption\":\"Nueva Visi\u00f3n \u00d3pticas\"},\"image\":{\"@id\":\"https:\\\/\\\/www.nuevavisionopticas.com.ar\\\/blog-de-optica\\\/#\\\/schema\\\/logo\\\/image\\\/\"},\"sameAs\":[\"https:\\\/\\\/www.facebook.com\\\/nuevavisionarg\",\"https:\\\/\\\/www.instagram.com\\\/nuevavisionarg\"]},{\"@type\":\"Person\",\"@id\":\"https:\\\/\\\/www.nuevavisionopticas.com.ar\\\/blog-de-optica\\\/#\\\/schema\\\/person\\\/2d6fbd00282cbc8fdd54058894af4341\",\"name\":\"admin_optica\",\"image\":{\"@type\":\"ImageObject\",\"inLanguage\":\"es\",\"@id\":\"https:\\\/\\\/secure.gravatar.com\\\/avatar\\\/e33974a79b80e7fe593e5cf53cb2160fcb165380bed6475ed9144c295430f76c?s=96&d=mm&r=g\",\"url\":\"https:\\\/\\\/secure.gravatar.com\\\/avatar\\\/e33974a79b80e7fe593e5cf53cb2160fcb165380bed6475ed9144c295430f76c?s=96&d=mm&r=g\",\"contentUrl\":\"https:\\\/\\\/secure.gravatar.com\\\/avatar\\\/e33974a79b80e7fe593e5cf53cb2160fcb165380bed6475ed9144c295430f76c?s=96&d=mm&r=g\",\"caption\":\"admin_optica\"}}]}<\/script>\n<!-- \/ Yoast SEO plugin. -->","yoast_head_json":{"title":"Gafas de sol para beb\u00e9s y ni\u00f1os: por qu\u00e9 deben usarlas y c\u00f3mo elegirlas &#8211; Blog de \u00f3ptica","robots":{"index":"index","follow":"follow","max-snippet":"max-snippet:-1","max-image-preview":"max-image-preview:large","max-video-preview":"max-video-preview:-1"},"canonical":"https:\/\/www.nuevavisionopticas.com.ar\/blog-de-optica\/2026\/03\/gafas-de-sol-para-bebes-y-ninos-por-que-deben-usarlas-y-como-elegirlas-2\/","og_locale":"es_ES","og_type":"article","og_title":"Gafas de sol para beb\u00e9s y ni\u00f1os: por qu\u00e9 deben usarlas y c\u00f3mo elegirlas &#8211; Blog de \u00f3ptica","og_description":"Los padres nos preocupamos mucho de&nbsp;proteger la piel de los m\u00e1s peque\u00f1os con cremas solares, pero no solemos darle la misma importancia a la protecci\u00f3n de sus ojos en verano. Los ojos de&nbsp;los beb\u00e9s&nbsp;son m\u00e1s sensibles que los de los adultos a la radiaci\u00f3n ultravioleta, por tanto&nbsp;deben usar gafas de sol&nbsp;para prevenir futuros problemas oculares. El de los ojos es un da\u00f1o dif\u00edcil de medir. El cristalino de los beb\u00e9s, que ejerce de filtro, a\u00fan no se ha desarrollado por [&hellip;]","og_url":"https:\/\/www.nuevavisionopticas.com.ar\/blog-de-optica\/2026\/03\/gafas-de-sol-para-bebes-y-ninos-por-que-deben-usarlas-y-como-elegirlas-2\/","og_site_name":"Blog de \u00f3ptica","article_publisher":"https:\/\/www.facebook.com\/nuevavisionarg","article_published_time":"2026-03-01T12:33:43+00:00","article_modified_time":"2026-03-01T12:33:51+00:00","og_image":[{"width":1600,"height":1138,"url":"https:\/\/www.nuevavisionopticas.com.ar\/blog-de-optica\/wp-content\/uploads\/2022\/01\/zahra-amiri-msgYbIh-1DA-unsplash.jpg","type":"image\/jpeg"}],"author":"admin_optica","twitter_card":"summary_large_image","twitter_misc":{"Escrito por":"admin_optica","Tiempo de lectura":"3 minutos"},"schema":{"@context":"https:\/\/schema.org","@graph":[{"@type":"Article","@id":"https:\/\/www.nuevavisionopticas.com.ar\/blog-de-optica\/2026\/03\/gafas-de-sol-para-bebes-y-ninos-por-que-deben-usarlas-y-como-elegirlas-2\/#article","isPartOf":{"@id":"https:\/\/www.nuevavisionopticas.com.ar\/blog-de-optica\/2026\/03\/gafas-de-sol-para-bebes-y-ninos-por-que-deben-usarlas-y-como-elegirlas-2\/"},"author":{"name":"admin_optica","@id":"https:\/\/www.nuevavisionopticas.com.ar\/blog-de-optica\/#\/schema\/person\/2d6fbd00282cbc8fdd54058894af4341"},"headline":"Gafas de sol para beb\u00e9s y ni\u00f1os: por qu\u00e9 deben usarlas y c\u00f3mo elegirlas","datePublished":"2026-03-01T12:33:43+00:00","dateModified":"2026-03-01T12:33:51+00:00","mainEntityOfPage":{"@id":"https:\/\/www.nuevavisionopticas.com.ar\/blog-de-optica\/2026\/03\/gafas-de-sol-para-bebes-y-ninos-por-que-deben-usarlas-y-como-elegirlas-2\/"},"wordCount":571,"commentCount":0,"publisher":{"@id":"https:\/\/www.nuevavisionopticas.com.ar\/blog-de-optica\/#organization"},"image":{"@id":"https:\/\/www.nuevavisionopticas.com.ar\/blog-de-optica\/2026\/03\/gafas-de-sol-para-bebes-y-ninos-por-que-deben-usarlas-y-como-elegirlas-2\/#primaryimage"},"thumbnailUrl":"https:\/\/www.nuevavisionopticas.com.ar\/blog-de-optica\/wp-content\/uploads\/2022\/01\/zahra-amiri-msgYbIh-1DA-unsplash.jpg","keywords":["anteojos de sol","anteojos infantiles"],"articleSection":["Anteojos de Sol","anteojos infantiles"],"inLanguage":"es","potentialAction":[{"@type":"CommentAction","name":"Comment","target":["https:\/\/www.nuevavisionopticas.com.ar\/blog-de-optica\/2026\/03\/gafas-de-sol-para-bebes-y-ninos-por-que-deben-usarlas-y-como-elegirlas-2\/#respond"]}]},{"@type":"WebPage","@id":"https:\/\/www.nuevavisionopticas.com.ar\/blog-de-optica\/2026\/03\/gafas-de-sol-para-bebes-y-ninos-por-que-deben-usarlas-y-como-elegirlas-2\/","url":"https:\/\/www.nuevavisionopticas.com.ar\/blog-de-optica\/2026\/03\/gafas-de-sol-para-bebes-y-ninos-por-que-deben-usarlas-y-como-elegirlas-2\/","name":"Gafas de sol para beb\u00e9s y ni\u00f1os: por qu\u00e9 deben usarlas y c\u00f3mo elegirlas &#8211; Blog de \u00f3ptica","isPartOf":{"@id":"https:\/\/www.nuevavisionopticas.com.ar\/blog-de-optica\/#website"},"primaryImageOfPage":{"@id":"https:\/\/www.nuevavisionopticas.com.ar\/blog-de-optica\/2026\/03\/gafas-de-sol-para-bebes-y-ninos-por-que-deben-usarlas-y-como-elegirlas-2\/#primaryimage"},"image":{"@id":"https:\/\/www.nuevavisionopticas.com.ar\/blog-de-optica\/2026\/03\/gafas-de-sol-para-bebes-y-ninos-por-que-deben-usarlas-y-como-elegirlas-2\/#primaryimage"},"thumbnailUrl":"https:\/\/www.nuevavisionopticas.com.ar\/blog-de-optica\/wp-content\/uploads\/2022\/01\/zahra-amiri-msgYbIh-1DA-unsplash.jpg","datePublished":"2026-03-01T12:33:43+00:00","dateModified":"2026-03-01T12:33:51+00:00","breadcrumb":{"@id":"https:\/\/www.nuevavisionopticas.com.ar\/blog-de-optica\/2026\/03\/gafas-de-sol-para-bebes-y-ninos-por-que-deben-usarlas-y-como-elegirlas-2\/#breadcrumb"},"inLanguage":"es","potentialAction":[{"@type":"ReadAction","target":["https:\/\/www.nuevavisionopticas.com.ar\/blog-de-optica\/2026\/03\/gafas-de-sol-para-bebes-y-ninos-por-que-deben-usarlas-y-como-elegirlas-2\/"]}]},{"@type":"ImageObject","inLanguage":"es","@id":"https:\/\/www.nuevavisionopticas.com.ar\/blog-de-optica\/2026\/03\/gafas-de-sol-para-bebes-y-ninos-por-que-deben-usarlas-y-como-elegirlas-2\/#primaryimage","url":"https:\/\/www.nuevavisionopticas.com.ar\/blog-de-optica\/wp-content\/uploads\/2022\/01\/zahra-amiri-msgYbIh-1DA-unsplash.jpg","contentUrl":"https:\/\/www.nuevavisionopticas.com.ar\/blog-de-optica\/wp-content\/uploads\/2022\/01\/zahra-amiri-msgYbIh-1DA-unsplash.jpg","width":1600,"height":1138,"caption":"Gafas de sol para beb\u00e9s y ni\u00f1os: por qu\u00e9 deben usarlas y c\u00f3mo elegirlas"},{"@type":"BreadcrumbList","@id":"https:\/\/www.nuevavisionopticas.com.ar\/blog-de-optica\/2026\/03\/gafas-de-sol-para-bebes-y-ninos-por-que-deben-usarlas-y-como-elegirlas-2\/#breadcrumb","itemListElement":[{"@type":"ListItem","position":1,"name":"Portada","item":"https:\/\/www.nuevavisionopticas.com.ar\/blog-de-optica\/"},{"@type":"ListItem","position":2,"name":"Gafas de sol para beb\u00e9s y ni\u00f1os: por qu\u00e9 deben usarlas y c\u00f3mo elegirlas"}]},{"@type":"WebSite","@id":"https:\/\/www.nuevavisionopticas.com.ar\/blog-de-optica\/#website","url":"https:\/\/www.nuevavisionopticas.com.ar\/blog-de-optica\/","name":"Blog de \u00f3ptica","description":"Nueva Visi\u00f3n \u00d3pticas","publisher":{"@id":"https:\/\/www.nuevavisionopticas.com.ar\/blog-de-optica\/#organization"},"potentialAction":[{"@type":"SearchAction","target":{"@type":"EntryPoint","urlTemplate":"https:\/\/www.nuevavisionopticas.com.ar\/blog-de-optica\/?s={search_term_string}"},"query-input":{"@type":"PropertyValueSpecification","valueRequired":true,"valueName":"search_term_string"}}],"inLanguage":"es"},{"@type":"Organization","@id":"https:\/\/www.nuevavisionopticas.com.ar\/blog-de-optica\/#organization","name":"Nueva Visi\u00f3n \u00d3pticas","url":"https:\/\/www.nuevavisionopticas.com.ar\/blog-de-optica\/","logo":{"@type":"ImageObject","inLanguage":"es","@id":"https:\/\/www.nuevavisionopticas.com.ar\/blog-de-optica\/#\/schema\/logo\/image\/","url":"https:\/\/www.nuevavisionopticas.com.ar\/blog-de-optica\/wp-content\/uploads\/2021\/07\/logo-blanco-nueva-vision.png","contentUrl":"https:\/\/www.nuevavisionopticas.com.ar\/blog-de-optica\/wp-content\/uploads\/2021\/07\/logo-blanco-nueva-vision.png","width":181,"height":46,"caption":"Nueva Visi\u00f3n \u00d3pticas"},"image":{"@id":"https:\/\/www.nuevavisionopticas.com.ar\/blog-de-optica\/#\/schema\/logo\/image\/"},"sameAs":["https:\/\/www.facebook.com\/nuevavisionarg","https:\/\/www.instagram.com\/nuevavisionarg"]},{"@type":"Person","@id":"https:\/\/www.nuevavisionopticas.com.ar\/blog-de-optica\/#\/schema\/person\/2d6fbd00282cbc8fdd54058894af4341","name":"admin_optica","image":{"@type":"ImageObject","inLanguage":"es","@id":"https:\/\/secure.gravatar.com\/avatar\/e33974a79b80e7fe593e5cf53cb2160fcb165380bed6475ed9144c295430f76c?s=96&d=mm&r=g","url":"https:\/\/secure.gravatar.com\/avatar\/e33974a79b80e7fe593e5cf53cb2160fcb165380bed6475ed9144c295430f76c?s=96&d=mm&r=g","contentUrl":"https:\/\/secure.gravatar.com\/avatar\/e33974a79b80e7fe593e5cf53cb2160fcb165380bed6475ed9144c295430f76c?s=96&d=mm&r=g","caption":"admin_optica"}}]}},"_links":{"self":[{"href":"https:\/\/www.nuevavisionopticas.com.ar\/blog-de-optica\/wp-json\/wp\/v2\/posts\/3946","targetHints":{"allow":["GET"]}}],"collection":[{"href":"https:\/\/www.nuevavisionopticas.com.ar\/blog-de-optica\/wp-json\/wp\/v2\/posts"}],"about":[{"href":"https:\/\/www.nuevavisionopticas.com.ar\/blog-de-optica\/wp-json\/wp\/v2\/types\/post"}],"author":[{"embeddable":true,"href":"https:\/\/www.nuevavisionopticas.com.ar\/blog-de-optica\/wp-json\/wp\/v2\/users\/1"}],"replies":[{"embeddable":true,"href":"https:\/\/www.nuevavisionopticas.com.ar\/blog-de-optica\/wp-json\/wp\/v2\/comments?post=3946"}],"version-history":[{"count":1,"href":"https:\/\/www.nuevavisionopticas.com.ar\/blog-de-optica\/wp-json\/wp\/v2\/posts\/3946\/revisions"}],"predecessor-version":[{"id":3947,"href":"https:\/\/www.nuevavisionopticas.com.ar\/blog-de-optica\/wp-json\/wp\/v2\/posts\/3946\/revisions\/3947"}],"wp:featuredmedia":[{"embeddable":true,"href":"https:\/\/www.nuevavisionopticas.com.ar\/blog-de-optica\/wp-json\/wp\/v2\/media\/2820"}],"wp:attachment":[{"href":"https:\/\/www.nuevavisionopticas.com.ar\/blog-de-optica\/wp-json\/wp\/v2\/media?parent=3946"}],"wp:term":[{"taxonomy":"category","embeddable":true,"href":"https:\/\/www.nuevavisionopticas.com.ar\/blog-de-optica\/wp-json\/wp\/v2\/categories?post=3946"},{"taxonomy":"post_tag","embeddable":true,"href":"https:\/\/www.nuevavisionopticas.com.ar\/blog-de-optica\/wp-json\/wp\/v2\/tags?post=3946"}],"curies":[{"name":"wp","href":"https:\/\/api.w.org\/{rel}","templated":true}]}}