{"id":460,"date":"2013-06-25T15:28:40","date_gmt":"2013-06-25T15:28:40","guid":{"rendered":"http:\/\/www.nuevavisionopticas.com.ar\/blog-de-optica\/?p=460"},"modified":"2013-06-25T15:28:40","modified_gmt":"2013-06-25T15:28:40","slug":"anteojos-360-milo-arte-y-color-iluminan-la-mirada","status":"publish","type":"post","link":"https:\/\/www.nuevavisionopticas.com.ar\/blog-de-optica\/2013\/06\/anteojos-360-milo-arte-y-color-iluminan-la-mirada\/","title":{"rendered":"Anteojos 360 milo: arte y color iluminan la mirada"},"content":{"rendered":"<p><a href=\"http:\/\/www.nuevavisionopticas.com.ar\/blog-de-optica\/wp-content\/uploads\/2013\/06\/2857prensa_13211.jpg6381.jpg\"><img decoding=\"async\" src=\"data:image\/svg+xml,%3Csvg%20xmlns='http:\/\/www.w3.org\/2000\/svg'%20viewBox='0%200%20315%20198'%3E%3C\/svg%3E\" class=\"zeen-lazy-load-base zeen-lazy-load alignleft  wp-image-463\" title=\"Anteojos 360 milo\" alt=\"2857prensa_1321.jpg638\" data-lazy-src=\"http:\/\/www.nuevavisionopticas.com.ar\/blog-de-optica\/wp-content\/uploads\/2013\/06\/2857prensa_13211.jpg6381.jpg\" width=\"315\" height=\"198\" \/><noscript><img decoding=\"async\" class=\"alignleft  wp-image-463\" title=\"Anteojos 360 milo\" alt=\"2857prensa_1321.jpg638\" src=\"http:\/\/www.nuevavisionopticas.com.ar\/blog-de-optica\/wp-content\/uploads\/2013\/06\/2857prensa_13211.jpg6381.jpg\" width=\"315\" height=\"198\" \/><\/noscript><\/a>\u00a0La marca 360, con m\u00e1s de una d\u00e9cada de historia, se ha caracterizado por marcar tendencia, con muchos modelos trend y algunos deportivos, determinando un perfil muy urbano.<\/p>\n<p>En abril de este a\u00f1o 2013 han lanzado al mercado una colecci\u00f3n muy innovadora que la destacar\u00e1 dado que cuenta con una diferenciaci\u00f3n \u00fanica: el sello de Milo Lockett. La l\u00ednea 360 milo, que ha contado con la colaboraci\u00f3n exclusiva de este artista tan reconocido, se basa en 8 de sus<!--more--> dise\u00f1os que encuentran formas muy singulares de aplicarse en los anteojos. Para no perd\u00e9rselos, las patillas resultan iluminadas por estos trabajos art\u00edsticos que le brindan una impronta sumamente original para un rubro como el de anteojos.<\/p>\n<p>Hay modelos femeninos y masculinos, por ahora han lanzado la l\u00ednea de armazones de receta que se destacan tanto que incluso la gente que no necesita correcci\u00f3n se ver\u00e1 tentada a nutrir su look con este condimento tan especial.<\/p>\n<p>Milo Lockett es un artista pl\u00e1stico autodidacta, que comenz\u00f3 su carrera luego de trabajar varios a\u00f1os en la industria textil. En 2006 fue artista revelaci\u00f3n en ArteBA y en 2007\/ \u201908\/ \u201909\/ 11 record de ventas. Desde el a\u00f1o 2000 participa en exposiciones individuales y colectivas en su pa\u00eds y el mundo. Su fecunda creatividad lo ha llevado a ganar numerosos premios y su compromiso social lo ha convertido en participe activo en diversos proyectos sociales.<\/p>\n<p>Es la primera vez que la marca 360 contrata a un artista para distinguir sus anteojos, con un resultado tan espectacular como se puede apreciar en los anteojos de esta nota, esperamos que se repita.<\/p>\n<p><a href=\"http:\/\/www.nuevavisionopticas.com.ar\/blog-de-optica\/wp-content\/uploads\/2013\/06\/milo.2.jpg\"><img decoding=\"async\" src=\"data:image\/svg+xml,%3Csvg%20xmlns='http:\/\/www.w3.org\/2000\/svg'%20viewBox='0%200%20368%20178'%3E%3C\/svg%3E\" class=\"zeen-lazy-load-base zeen-lazy-load size-full wp-image-466 alignleft\" alt=\"milo.2\" data-lazy-src=\"http:\/\/www.nuevavisionopticas.com.ar\/blog-de-optica\/wp-content\/uploads\/2013\/06\/milo.2.jpg\" width=\"368\" height=\"178\" \/><noscript><img decoding=\"async\" class=\"size-full wp-image-466 alignleft\" alt=\"milo.2\" src=\"http:\/\/www.nuevavisionopticas.com.ar\/blog-de-optica\/wp-content\/uploads\/2013\/06\/milo.2.jpg\" width=\"368\" height=\"178\" \/><\/noscript><\/a><\/p>\n<p><a href=\"http:\/\/www.nuevavisionopticas.com.ar\/blog-de-optica\/wp-content\/uploads\/2013\/06\/milo.1.jpg\"><img decoding=\"async\" src=\"data:image\/svg+xml,%3Csvg%20xmlns='http:\/\/www.w3.org\/2000\/svg'%20viewBox='0%200%20368%20178'%3E%3C\/svg%3E\" class=\"zeen-lazy-load-base zeen-lazy-load alignleft size-full wp-image-465\" alt=\"milo.1\" data-lazy-src=\"http:\/\/www.nuevavisionopticas.com.ar\/blog-de-optica\/wp-content\/uploads\/2013\/06\/milo.1.jpg\" width=\"368\" height=\"178\" \/><noscript><img decoding=\"async\" class=\"alignleft size-full wp-image-465\" alt=\"milo.1\" src=\"http:\/\/www.nuevavisionopticas.com.ar\/blog-de-optica\/wp-content\/uploads\/2013\/06\/milo.1.jpg\" width=\"368\" height=\"178\" \/><\/noscript><\/a><\/p>\n<p><a href=\"http:\/\/www.nuevavisionopticas.com.ar\/blog-de-optica\/wp-content\/uploads\/2013\/06\/milo.3.jpg\"><img decoding=\"async\" src=\"data:image\/svg+xml,%3Csvg%20xmlns='http:\/\/www.w3.org\/2000\/svg'%20viewBox='0%200%20368%20178'%3E%3C\/svg%3E\" class=\"zeen-lazy-load-base zeen-lazy-load alignleft size-full wp-image-467\" alt=\"milo.3\" data-lazy-src=\"http:\/\/www.nuevavisionopticas.com.ar\/blog-de-optica\/wp-content\/uploads\/2013\/06\/milo.3.jpg\" width=\"368\" height=\"178\" \/><noscript><img decoding=\"async\" class=\"alignleft size-full wp-image-467\" alt=\"milo.3\" src=\"http:\/\/www.nuevavisionopticas.com.ar\/blog-de-optica\/wp-content\/uploads\/2013\/06\/milo.3.jpg\" width=\"368\" height=\"178\" \/><\/noscript><\/a><a href=\"http:\/\/www.nuevavisionopticas.com.ar\/blog-de-optica\/wp-content\/uploads\/2013\/06\/milo.4.jpg\"><img decoding=\"async\" src=\"data:image\/svg+xml,%3Csvg%20xmlns='http:\/\/www.w3.org\/2000\/svg'%20viewBox='0%200%20368%20178'%3E%3C\/svg%3E\" class=\"zeen-lazy-load-base zeen-lazy-load size-full wp-image-468 alignleft\" alt=\"milo.4\" data-lazy-src=\"http:\/\/www.nuevavisionopticas.com.ar\/blog-de-optica\/wp-content\/uploads\/2013\/06\/milo.4.jpg\" width=\"368\" height=\"178\" \/><noscript><img decoding=\"async\" class=\"size-full wp-image-468 alignleft\" alt=\"milo.4\" src=\"http:\/\/www.nuevavisionopticas.com.ar\/blog-de-optica\/wp-content\/uploads\/2013\/06\/milo.4.jpg\" width=\"368\" height=\"178\" \/><\/noscript><\/a><\/p>\n","protected":false},"excerpt":{"rendered":"<p>\u00a0La marca 360, con m\u00e1s de una d\u00e9cada de historia, se ha caracterizado por marcar tendencia, con muchos modelos trend y algunos deportivos, determinando un perfil muy urbano. En abril de este a\u00f1o 2013 han lanzado al mercado una colecci\u00f3n muy innovadora que la destacar\u00e1 dado que cuenta con una diferenciaci\u00f3n \u00fanica: el sello de Milo Lockett. La l\u00ednea 360 milo, que ha contado con la colaboraci\u00f3n exclusiva de este artista tan reconocido, se basa en 8 de sus<\/p>\n","protected":false},"author":1,"featured_media":0,"comment_status":"open","ping_status":"open","sticky":false,"template":"","format":"standard","meta":{"_monsterinsights_skip_tracking":false,"_monsterinsights_sitenote_active":false,"_monsterinsights_sitenote_note":"","_monsterinsights_sitenote_category":0,"footnotes":""},"categories":[3,12,15],"tags":[],"class_list":["post-460","post","type-post","status-publish","format-standard","hentry","category-anteojos","category-colecciones","category-marcas"],"yoast_head":"<!-- This site is optimized with the Yoast SEO plugin v27.3 - https:\/\/yoast.com\/product\/yoast-seo-wordpress\/ -->\n<title>Anteojos 360 milo: arte y color iluminan la mirada &#8211; Blog de \u00f3ptica<\/title>\n<meta name=\"robots\" content=\"index, follow, max-snippet:-1, max-image-preview:large, max-video-preview:-1\" \/>\n<link rel=\"canonical\" href=\"http:\/\/www.nuevavisionopticas.com.ar\/blog-de-optica\/2013\/06\/anteojos-360-milo-arte-y-color-iluminan-la-mirada\/\" \/>\n<meta property=\"og:locale\" content=\"es_ES\" \/>\n<meta property=\"og:type\" content=\"article\" \/>\n<meta property=\"og:title\" content=\"Anteojos 360 milo: arte y color iluminan la mirada &#8211; Blog de \u00f3ptica\" \/>\n<meta property=\"og:description\" content=\"\u00a0La marca 360, con m\u00e1s de una d\u00e9cada de historia, se ha caracterizado por marcar tendencia, con muchos modelos trend y algunos deportivos, determinando un perfil muy urbano. En abril de este a\u00f1o 2013 han lanzado al mercado una colecci\u00f3n muy innovadora que la destacar\u00e1 dado que cuenta con una diferenciaci\u00f3n \u00fanica: el sello de Milo Lockett. La l\u00ednea 360 milo, que ha contado con la colaboraci\u00f3n exclusiva de este artista tan reconocido, se basa en 8 de sus\" \/>\n<meta property=\"og:url\" content=\"http:\/\/www.nuevavisionopticas.com.ar\/blog-de-optica\/2013\/06\/anteojos-360-milo-arte-y-color-iluminan-la-mirada\/\" \/>\n<meta property=\"og:site_name\" content=\"Blog de \u00f3ptica\" \/>\n<meta property=\"article:publisher\" content=\"https:\/\/www.facebook.com\/nuevavisionarg\" \/>\n<meta property=\"article:published_time\" content=\"2013-06-25T15:28:40+00:00\" \/>\n<meta property=\"og:image\" content=\"http:\/\/www.nuevavisionopticas.com.ar\/blog-de-optica\/wp-content\/uploads\/2013\/06\/2857prensa_13211.jpg6381.jpg\" \/>\n<meta name=\"author\" content=\"admin_optica\" \/>\n<meta name=\"twitter:card\" content=\"summary_large_image\" \/>\n<meta name=\"twitter:label1\" content=\"Escrito por\" \/>\n\t<meta name=\"twitter:data1\" content=\"admin_optica\" \/>\n\t<meta name=\"twitter:label2\" content=\"Tiempo de lectura\" \/>\n\t<meta name=\"twitter:data2\" content=\"1 minuto\" \/>\n<script type=\"application\/ld+json\" class=\"yoast-schema-graph\">{\"@context\":\"https:\\\/\\\/schema.org\",\"@graph\":[{\"@type\":\"Article\",\"@id\":\"http:\\\/\\\/www.nuevavisionopticas.com.ar\\\/blog-de-optica\\\/2013\\\/06\\\/anteojos-360-milo-arte-y-color-iluminan-la-mirada\\\/#article\",\"isPartOf\":{\"@id\":\"http:\\\/\\\/www.nuevavisionopticas.com.ar\\\/blog-de-optica\\\/2013\\\/06\\\/anteojos-360-milo-arte-y-color-iluminan-la-mirada\\\/\"},\"author\":{\"name\":\"admin_optica\",\"@id\":\"http:\\\/\\\/www.nuevavisionopticas.com.ar\\\/blog-de-optica\\\/#\\\/schema\\\/person\\\/2d6fbd00282cbc8fdd54058894af4341\"},\"headline\":\"Anteojos 360 milo: arte y color iluminan la mirada\",\"datePublished\":\"2013-06-25T15:28:40+00:00\",\"mainEntityOfPage\":{\"@id\":\"http:\\\/\\\/www.nuevavisionopticas.com.ar\\\/blog-de-optica\\\/2013\\\/06\\\/anteojos-360-milo-arte-y-color-iluminan-la-mirada\\\/\"},\"wordCount\":279,\"commentCount\":0,\"publisher\":{\"@id\":\"http:\\\/\\\/www.nuevavisionopticas.com.ar\\\/blog-de-optica\\\/#organization\"},\"image\":{\"@id\":\"http:\\\/\\\/www.nuevavisionopticas.com.ar\\\/blog-de-optica\\\/2013\\\/06\\\/anteojos-360-milo-arte-y-color-iluminan-la-mirada\\\/#primaryimage\"},\"thumbnailUrl\":\"http:\\\/\\\/www.nuevavisionopticas.com.ar\\\/blog-de-optica\\\/wp-content\\\/uploads\\\/2013\\\/06\\\/2857prensa_13211.jpg6381.jpg\",\"articleSection\":[\"Anteojos\",\"colecciones\",\"marcas\"],\"inLanguage\":\"es\",\"potentialAction\":[{\"@type\":\"CommentAction\",\"name\":\"Comment\",\"target\":[\"http:\\\/\\\/www.nuevavisionopticas.com.ar\\\/blog-de-optica\\\/2013\\\/06\\\/anteojos-360-milo-arte-y-color-iluminan-la-mirada\\\/#respond\"]}]},{\"@type\":\"WebPage\",\"@id\":\"http:\\\/\\\/www.nuevavisionopticas.com.ar\\\/blog-de-optica\\\/2013\\\/06\\\/anteojos-360-milo-arte-y-color-iluminan-la-mirada\\\/\",\"url\":\"http:\\\/\\\/www.nuevavisionopticas.com.ar\\\/blog-de-optica\\\/2013\\\/06\\\/anteojos-360-milo-arte-y-color-iluminan-la-mirada\\\/\",\"name\":\"Anteojos 360 milo: arte y color iluminan la mirada &#8211; Blog de \u00f3ptica\",\"isPartOf\":{\"@id\":\"http:\\\/\\\/www.nuevavisionopticas.com.ar\\\/blog-de-optica\\\/#website\"},\"primaryImageOfPage\":{\"@id\":\"http:\\\/\\\/www.nuevavisionopticas.com.ar\\\/blog-de-optica\\\/2013\\\/06\\\/anteojos-360-milo-arte-y-color-iluminan-la-mirada\\\/#primaryimage\"},\"image\":{\"@id\":\"http:\\\/\\\/www.nuevavisionopticas.com.ar\\\/blog-de-optica\\\/2013\\\/06\\\/anteojos-360-milo-arte-y-color-iluminan-la-mirada\\\/#primaryimage\"},\"thumbnailUrl\":\"http:\\\/\\\/www.nuevavisionopticas.com.ar\\\/blog-de-optica\\\/wp-content\\\/uploads\\\/2013\\\/06\\\/2857prensa_13211.jpg6381.jpg\",\"datePublished\":\"2013-06-25T15:28:40+00:00\",\"breadcrumb\":{\"@id\":\"http:\\\/\\\/www.nuevavisionopticas.com.ar\\\/blog-de-optica\\\/2013\\\/06\\\/anteojos-360-milo-arte-y-color-iluminan-la-mirada\\\/#breadcrumb\"},\"inLanguage\":\"es\",\"potentialAction\":[{\"@type\":\"ReadAction\",\"target\":[\"http:\\\/\\\/www.nuevavisionopticas.com.ar\\\/blog-de-optica\\\/2013\\\/06\\\/anteojos-360-milo-arte-y-color-iluminan-la-mirada\\\/\"]}]},{\"@type\":\"ImageObject\",\"inLanguage\":\"es\",\"@id\":\"http:\\\/\\\/www.nuevavisionopticas.com.ar\\\/blog-de-optica\\\/2013\\\/06\\\/anteojos-360-milo-arte-y-color-iluminan-la-mirada\\\/#primaryimage\",\"url\":\"http:\\\/\\\/www.nuevavisionopticas.com.ar\\\/blog-de-optica\\\/wp-content\\\/uploads\\\/2013\\\/06\\\/2857prensa_13211.jpg6381.jpg\",\"contentUrl\":\"http:\\\/\\\/www.nuevavisionopticas.com.ar\\\/blog-de-optica\\\/wp-content\\\/uploads\\\/2013\\\/06\\\/2857prensa_13211.jpg6381.jpg\"},{\"@type\":\"BreadcrumbList\",\"@id\":\"http:\\\/\\\/www.nuevavisionopticas.com.ar\\\/blog-de-optica\\\/2013\\\/06\\\/anteojos-360-milo-arte-y-color-iluminan-la-mirada\\\/#breadcrumb\",\"itemListElement\":[{\"@type\":\"ListItem\",\"position\":1,\"name\":\"Portada\",\"item\":\"http:\\\/\\\/www.nuevavisionopticas.com.ar\\\/blog-de-optica\\\/\"},{\"@type\":\"ListItem\",\"position\":2,\"name\":\"Anteojos 360 milo: arte y color iluminan la mirada\"}]},{\"@type\":\"WebSite\",\"@id\":\"http:\\\/\\\/www.nuevavisionopticas.com.ar\\\/blog-de-optica\\\/#website\",\"url\":\"http:\\\/\\\/www.nuevavisionopticas.com.ar\\\/blog-de-optica\\\/\",\"name\":\"Blog de \u00f3ptica\",\"description\":\"Nueva Visi\u00f3n \u00d3pticas\",\"publisher\":{\"@id\":\"http:\\\/\\\/www.nuevavisionopticas.com.ar\\\/blog-de-optica\\\/#organization\"},\"potentialAction\":[{\"@type\":\"SearchAction\",\"target\":{\"@type\":\"EntryPoint\",\"urlTemplate\":\"http:\\\/\\\/www.nuevavisionopticas.com.ar\\\/blog-de-optica\\\/?s={search_term_string}\"},\"query-input\":{\"@type\":\"PropertyValueSpecification\",\"valueRequired\":true,\"valueName\":\"search_term_string\"}}],\"inLanguage\":\"es\"},{\"@type\":\"Organization\",\"@id\":\"http:\\\/\\\/www.nuevavisionopticas.com.ar\\\/blog-de-optica\\\/#organization\",\"name\":\"Nueva Visi\u00f3n \u00d3pticas\",\"url\":\"http:\\\/\\\/www.nuevavisionopticas.com.ar\\\/blog-de-optica\\\/\",\"logo\":{\"@type\":\"ImageObject\",\"inLanguage\":\"es\",\"@id\":\"http:\\\/\\\/www.nuevavisionopticas.com.ar\\\/blog-de-optica\\\/#\\\/schema\\\/logo\\\/image\\\/\",\"url\":\"https:\\\/\\\/www.nuevavisionopticas.com.ar\\\/blog-de-optica\\\/wp-content\\\/uploads\\\/2021\\\/07\\\/logo-blanco-nueva-vision.png\",\"contentUrl\":\"https:\\\/\\\/www.nuevavisionopticas.com.ar\\\/blog-de-optica\\\/wp-content\\\/uploads\\\/2021\\\/07\\\/logo-blanco-nueva-vision.png\",\"width\":181,\"height\":46,\"caption\":\"Nueva Visi\u00f3n \u00d3pticas\"},\"image\":{\"@id\":\"http:\\\/\\\/www.nuevavisionopticas.com.ar\\\/blog-de-optica\\\/#\\\/schema\\\/logo\\\/image\\\/\"},\"sameAs\":[\"https:\\\/\\\/www.facebook.com\\\/nuevavisionarg\",\"https:\\\/\\\/www.instagram.com\\\/nuevavisionarg\"]},{\"@type\":\"Person\",\"@id\":\"http:\\\/\\\/www.nuevavisionopticas.com.ar\\\/blog-de-optica\\\/#\\\/schema\\\/person\\\/2d6fbd00282cbc8fdd54058894af4341\",\"name\":\"admin_optica\",\"image\":{\"@type\":\"ImageObject\",\"inLanguage\":\"es\",\"@id\":\"https:\\\/\\\/secure.gravatar.com\\\/avatar\\\/e33974a79b80e7fe593e5cf53cb2160fcb165380bed6475ed9144c295430f76c?s=96&d=mm&r=g\",\"url\":\"https:\\\/\\\/secure.gravatar.com\\\/avatar\\\/e33974a79b80e7fe593e5cf53cb2160fcb165380bed6475ed9144c295430f76c?s=96&d=mm&r=g\",\"contentUrl\":\"https:\\\/\\\/secure.gravatar.com\\\/avatar\\\/e33974a79b80e7fe593e5cf53cb2160fcb165380bed6475ed9144c295430f76c?s=96&d=mm&r=g\",\"caption\":\"admin_optica\"}}]}<\/script>\n<!-- \/ Yoast SEO plugin. -->","yoast_head_json":{"title":"Anteojos 360 milo: arte y color iluminan la mirada &#8211; Blog de \u00f3ptica","robots":{"index":"index","follow":"follow","max-snippet":"max-snippet:-1","max-image-preview":"max-image-preview:large","max-video-preview":"max-video-preview:-1"},"canonical":"http:\/\/www.nuevavisionopticas.com.ar\/blog-de-optica\/2013\/06\/anteojos-360-milo-arte-y-color-iluminan-la-mirada\/","og_locale":"es_ES","og_type":"article","og_title":"Anteojos 360 milo: arte y color iluminan la mirada &#8211; Blog de \u00f3ptica","og_description":"\u00a0La marca 360, con m\u00e1s de una d\u00e9cada de historia, se ha caracterizado por marcar tendencia, con muchos modelos trend y algunos deportivos, determinando un perfil muy urbano. En abril de este a\u00f1o 2013 han lanzado al mercado una colecci\u00f3n muy innovadora que la destacar\u00e1 dado que cuenta con una diferenciaci\u00f3n \u00fanica: el sello de Milo Lockett. La l\u00ednea 360 milo, que ha contado con la colaboraci\u00f3n exclusiva de este artista tan reconocido, se basa en 8 de sus","og_url":"http:\/\/www.nuevavisionopticas.com.ar\/blog-de-optica\/2013\/06\/anteojos-360-milo-arte-y-color-iluminan-la-mirada\/","og_site_name":"Blog de \u00f3ptica","article_publisher":"https:\/\/www.facebook.com\/nuevavisionarg","article_published_time":"2013-06-25T15:28:40+00:00","og_image":[{"url":"http:\/\/www.nuevavisionopticas.com.ar\/blog-de-optica\/wp-content\/uploads\/2013\/06\/2857prensa_13211.jpg6381.jpg","type":"","width":"","height":""}],"author":"admin_optica","twitter_card":"summary_large_image","twitter_misc":{"Escrito por":"admin_optica","Tiempo de lectura":"1 minuto"},"schema":{"@context":"https:\/\/schema.org","@graph":[{"@type":"Article","@id":"http:\/\/www.nuevavisionopticas.com.ar\/blog-de-optica\/2013\/06\/anteojos-360-milo-arte-y-color-iluminan-la-mirada\/#article","isPartOf":{"@id":"http:\/\/www.nuevavisionopticas.com.ar\/blog-de-optica\/2013\/06\/anteojos-360-milo-arte-y-color-iluminan-la-mirada\/"},"author":{"name":"admin_optica","@id":"http:\/\/www.nuevavisionopticas.com.ar\/blog-de-optica\/#\/schema\/person\/2d6fbd00282cbc8fdd54058894af4341"},"headline":"Anteojos 360 milo: arte y color iluminan la mirada","datePublished":"2013-06-25T15:28:40+00:00","mainEntityOfPage":{"@id":"http:\/\/www.nuevavisionopticas.com.ar\/blog-de-optica\/2013\/06\/anteojos-360-milo-arte-y-color-iluminan-la-mirada\/"},"wordCount":279,"commentCount":0,"publisher":{"@id":"http:\/\/www.nuevavisionopticas.com.ar\/blog-de-optica\/#organization"},"image":{"@id":"http:\/\/www.nuevavisionopticas.com.ar\/blog-de-optica\/2013\/06\/anteojos-360-milo-arte-y-color-iluminan-la-mirada\/#primaryimage"},"thumbnailUrl":"http:\/\/www.nuevavisionopticas.com.ar\/blog-de-optica\/wp-content\/uploads\/2013\/06\/2857prensa_13211.jpg6381.jpg","articleSection":["Anteojos","colecciones","marcas"],"inLanguage":"es","potentialAction":[{"@type":"CommentAction","name":"Comment","target":["http:\/\/www.nuevavisionopticas.com.ar\/blog-de-optica\/2013\/06\/anteojos-360-milo-arte-y-color-iluminan-la-mirada\/#respond"]}]},{"@type":"WebPage","@id":"http:\/\/www.nuevavisionopticas.com.ar\/blog-de-optica\/2013\/06\/anteojos-360-milo-arte-y-color-iluminan-la-mirada\/","url":"http:\/\/www.nuevavisionopticas.com.ar\/blog-de-optica\/2013\/06\/anteojos-360-milo-arte-y-color-iluminan-la-mirada\/","name":"Anteojos 360 milo: arte y color iluminan la mirada &#8211; Blog de \u00f3ptica","isPartOf":{"@id":"http:\/\/www.nuevavisionopticas.com.ar\/blog-de-optica\/#website"},"primaryImageOfPage":{"@id":"http:\/\/www.nuevavisionopticas.com.ar\/blog-de-optica\/2013\/06\/anteojos-360-milo-arte-y-color-iluminan-la-mirada\/#primaryimage"},"image":{"@id":"http:\/\/www.nuevavisionopticas.com.ar\/blog-de-optica\/2013\/06\/anteojos-360-milo-arte-y-color-iluminan-la-mirada\/#primaryimage"},"thumbnailUrl":"http:\/\/www.nuevavisionopticas.com.ar\/blog-de-optica\/wp-content\/uploads\/2013\/06\/2857prensa_13211.jpg6381.jpg","datePublished":"2013-06-25T15:28:40+00:00","breadcrumb":{"@id":"http:\/\/www.nuevavisionopticas.com.ar\/blog-de-optica\/2013\/06\/anteojos-360-milo-arte-y-color-iluminan-la-mirada\/#breadcrumb"},"inLanguage":"es","potentialAction":[{"@type":"ReadAction","target":["http:\/\/www.nuevavisionopticas.com.ar\/blog-de-optica\/2013\/06\/anteojos-360-milo-arte-y-color-iluminan-la-mirada\/"]}]},{"@type":"ImageObject","inLanguage":"es","@id":"http:\/\/www.nuevavisionopticas.com.ar\/blog-de-optica\/2013\/06\/anteojos-360-milo-arte-y-color-iluminan-la-mirada\/#primaryimage","url":"http:\/\/www.nuevavisionopticas.com.ar\/blog-de-optica\/wp-content\/uploads\/2013\/06\/2857prensa_13211.jpg6381.jpg","contentUrl":"http:\/\/www.nuevavisionopticas.com.ar\/blog-de-optica\/wp-content\/uploads\/2013\/06\/2857prensa_13211.jpg6381.jpg"},{"@type":"BreadcrumbList","@id":"http:\/\/www.nuevavisionopticas.com.ar\/blog-de-optica\/2013\/06\/anteojos-360-milo-arte-y-color-iluminan-la-mirada\/#breadcrumb","itemListElement":[{"@type":"ListItem","position":1,"name":"Portada","item":"http:\/\/www.nuevavisionopticas.com.ar\/blog-de-optica\/"},{"@type":"ListItem","position":2,"name":"Anteojos 360 milo: arte y color iluminan la mirada"}]},{"@type":"WebSite","@id":"http:\/\/www.nuevavisionopticas.com.ar\/blog-de-optica\/#website","url":"http:\/\/www.nuevavisionopticas.com.ar\/blog-de-optica\/","name":"Blog de \u00f3ptica","description":"Nueva Visi\u00f3n \u00d3pticas","publisher":{"@id":"http:\/\/www.nuevavisionopticas.com.ar\/blog-de-optica\/#organization"},"potentialAction":[{"@type":"SearchAction","target":{"@type":"EntryPoint","urlTemplate":"http:\/\/www.nuevavisionopticas.com.ar\/blog-de-optica\/?s={search_term_string}"},"query-input":{"@type":"PropertyValueSpecification","valueRequired":true,"valueName":"search_term_string"}}],"inLanguage":"es"},{"@type":"Organization","@id":"http:\/\/www.nuevavisionopticas.com.ar\/blog-de-optica\/#organization","name":"Nueva Visi\u00f3n \u00d3pticas","url":"http:\/\/www.nuevavisionopticas.com.ar\/blog-de-optica\/","logo":{"@type":"ImageObject","inLanguage":"es","@id":"http:\/\/www.nuevavisionopticas.com.ar\/blog-de-optica\/#\/schema\/logo\/image\/","url":"https:\/\/www.nuevavisionopticas.com.ar\/blog-de-optica\/wp-content\/uploads\/2021\/07\/logo-blanco-nueva-vision.png","contentUrl":"https:\/\/www.nuevavisionopticas.com.ar\/blog-de-optica\/wp-content\/uploads\/2021\/07\/logo-blanco-nueva-vision.png","width":181,"height":46,"caption":"Nueva Visi\u00f3n \u00d3pticas"},"image":{"@id":"http:\/\/www.nuevavisionopticas.com.ar\/blog-de-optica\/#\/schema\/logo\/image\/"},"sameAs":["https:\/\/www.facebook.com\/nuevavisionarg","https:\/\/www.instagram.com\/nuevavisionarg"]},{"@type":"Person","@id":"http:\/\/www.nuevavisionopticas.com.ar\/blog-de-optica\/#\/schema\/person\/2d6fbd00282cbc8fdd54058894af4341","name":"admin_optica","image":{"@type":"ImageObject","inLanguage":"es","@id":"https:\/\/secure.gravatar.com\/avatar\/e33974a79b80e7fe593e5cf53cb2160fcb165380bed6475ed9144c295430f76c?s=96&d=mm&r=g","url":"https:\/\/secure.gravatar.com\/avatar\/e33974a79b80e7fe593e5cf53cb2160fcb165380bed6475ed9144c295430f76c?s=96&d=mm&r=g","contentUrl":"https:\/\/secure.gravatar.com\/avatar\/e33974a79b80e7fe593e5cf53cb2160fcb165380bed6475ed9144c295430f76c?s=96&d=mm&r=g","caption":"admin_optica"}}]}},"_links":{"self":[{"href":"https:\/\/www.nuevavisionopticas.com.ar\/blog-de-optica\/wp-json\/wp\/v2\/posts\/460","targetHints":{"allow":["GET"]}}],"collection":[{"href":"https:\/\/www.nuevavisionopticas.com.ar\/blog-de-optica\/wp-json\/wp\/v2\/posts"}],"about":[{"href":"https:\/\/www.nuevavisionopticas.com.ar\/blog-de-optica\/wp-json\/wp\/v2\/types\/post"}],"author":[{"embeddable":true,"href":"https:\/\/www.nuevavisionopticas.com.ar\/blog-de-optica\/wp-json\/wp\/v2\/users\/1"}],"replies":[{"embeddable":true,"href":"https:\/\/www.nuevavisionopticas.com.ar\/blog-de-optica\/wp-json\/wp\/v2\/comments?post=460"}],"version-history":[{"count":0,"href":"https:\/\/www.nuevavisionopticas.com.ar\/blog-de-optica\/wp-json\/wp\/v2\/posts\/460\/revisions"}],"wp:attachment":[{"href":"https:\/\/www.nuevavisionopticas.com.ar\/blog-de-optica\/wp-json\/wp\/v2\/media?parent=460"}],"wp:term":[{"taxonomy":"category","embeddable":true,"href":"https:\/\/www.nuevavisionopticas.com.ar\/blog-de-optica\/wp-json\/wp\/v2\/categories?post=460"},{"taxonomy":"post_tag","embeddable":true,"href":"https:\/\/www.nuevavisionopticas.com.ar\/blog-de-optica\/wp-json\/wp\/v2\/tags?post=460"}],"curies":[{"name":"wp","href":"https:\/\/api.w.org\/{rel}","templated":true}]}}