{"id":606,"date":"2013-10-23T13:50:30","date_gmt":"2013-10-23T13:50:30","guid":{"rendered":"http:\/\/www.nuevavisionopticas.com.ar\/blog-de-optica\/?p=606"},"modified":"2013-10-23T13:50:30","modified_gmt":"2013-10-23T13:50:30","slug":"como-comprar-anteojos-para-ninos","status":"publish","type":"post","link":"https:\/\/www.nuevavisionopticas.com.ar\/blog-de-optica\/2013\/10\/como-comprar-anteojos-para-ninos\/","title":{"rendered":"\u00bfC\u00f3mo comprar anteojos para ni\u00f1os?"},"content":{"rendered":"<p><a href=\"http:\/\/www.nuevavisionopticas.com.ar\/blog-de-optica\/wp-content\/uploads\/2013\/10\/Tu-hijo-necesita-gafas_articulo_landscape.jpg\"><img decoding=\"async\" src=\"data:image\/svg+xml,%3Csvg%20xmlns='http:\/\/www.w3.org\/2000\/svg'%20viewBox='0%200%20343%20258'%3E%3C\/svg%3E\" class=\"zeen-lazy-load-base zeen-lazy-load alignleft  wp-image-607\" alt=\"Tu-hijo-necesita-gafas_articulo_landscape\" data-lazy-src=\"http:\/\/www.nuevavisionopticas.com.ar\/blog-de-optica\/wp-content\/uploads\/2013\/10\/Tu-hijo-necesita-gafas_articulo_landscape.jpg\" width=\"343\" height=\"258\" \/><noscript><img decoding=\"async\" class=\"alignleft  wp-image-607\" alt=\"Tu-hijo-necesita-gafas_articulo_landscape\" src=\"http:\/\/www.nuevavisionopticas.com.ar\/blog-de-optica\/wp-content\/uploads\/2013\/10\/Tu-hijo-necesita-gafas_articulo_landscape.jpg\" width=\"343\" height=\"258\" \/><\/noscript><\/a>Cuando el oftalm\u00f3logo recomienda que el ni\u00f1o comience a usar anteojos se plantean 2 factores: el anat\u00f3mico y el est\u00e9tico, ambos muy importantes para el chico. A muchos ni\u00f1os no les gusta usar anteojos, en una \u00e9poca generaba burlas en el colegio y probablemente a los padres nos haya quedado esa imagen congelada en el tiempo. Pero en un mundo donde la moda manda, hoy en d\u00eda los anteojos se han transformado en un accesorio m\u00e1s de la vida diaria, y gracias a los diferentes modelos llenos de color y con dise\u00f1os divertidos, los chicos le est\u00e1n empezando a perder el miedo. Es importante escuchar las<!--more--> necesidades del ni\u00f1o (o adolescente) y tambi\u00e9n sus gustos, para as\u00ed adquirir un producto funcional, c\u00f3modo y atractivo, y que por supuesto cumpla la funci\u00f3n principal, que es mejorar la salud visual. Lo cierto es que, dependiendo del grado en que los anteojos son necesarios, la sensaci\u00f3n de ver mucho mejor a veces es poderosa y llama tanto la atenci\u00f3n a quienes dan sus primeros pasos que acaban usando los anteojos con gusto.<\/p>\n<p>Sobre el aspecto anat\u00f3mico, los factores a tener en cuenta son el color de la piel, el tipo de rostro, la distancia interpupilar, el tama\u00f1o del puente, la distancia entre el frente y las patillas, entre otras cosas. El material debe ser resistente, por las actividades que los chicos realizan a diario. Es primordial que tengan \u00a0filtro de rayos ultravioleta para proteger sus ojos de la luz del sol, y para mayor resistencia y durabilidad, un recubrimiento anti rayas. A medida que van creciendo y el factor est\u00e9tico se vuelve m\u00e1s importante, los j\u00f3venes pueden llegar a pedir unos lentes polarizados o con antirreflejo.<\/p>\n<p>Los anteojos tienen que\u00a0 estar bien ajustados a la cabeza, no deben deslizarse por la nariz, y por las dudas se recomienda usar accesorios como correas que se ajustan alrededor de la cabeza. Como los chicos suelen ser inquietos, hay grandes chances de que los lentes se caigan o se pierdan, por lo que aconsejamos que tengan un par de anteojos de repuesto.<\/p>\n<p>Si a tu hijo le cuesta adaptarse a los lentes, es ideal que empiece de a poco, por un par de horas seguido de per\u00edodos de descanso, para luego ir aumentando el uso. Es importante hacerle entender que es muy importante para su vida y salud visual, y que los anteojos pueden ser divertidos y de moda, adem\u00e1s de \u00fatiles.<\/p>\n<p>Las opciones son casi infinitas, los ni\u00f1os y j\u00f3venes no tendr\u00e1n ning\u00fan problema en encontrar unas gafas que combinen con su rostro y estilo de vida. Para hacer este proceso m\u00e1s f\u00e1cil y disfrutable, en <b>\u00d3ptica Nueva Visi\u00f3n<\/b> tenemos un sal\u00f3n \u00a0en nuestra casa central de San Isidro con una decoraci\u00f3n acorde a los gustos de los chicos para que se sientan c\u00f3modos y pasen un buen momento eligiendo sus anteojos, con la m\u00e1s grande variedad de anteojos de sol y de receta para ni\u00f1os. <a href=\"http:\/\/nuevavisionopticas.com.ar\/san-isidro-anteojos-infantiles.html\">Visitanos!<\/a><\/p>\n<p>Fuente: <a href=\"http:\/\/www.ryk.cl\/anteojos-opticos\/anteojos-para-los-mas-pequenos\">http:\/\/www.ryk.cl\/anteojos-opticos\/anteojos-para-los-mas-pequenos<\/a><\/p>\n","protected":false},"excerpt":{"rendered":"<p>Cuando el oftalm\u00f3logo recomienda que el ni\u00f1o comience a usar anteojos se plantean 2 factores: el anat\u00f3mico y el est\u00e9tico, ambos muy importantes para el chico. A muchos ni\u00f1os no les gusta usar anteojos, en una \u00e9poca generaba burlas en el colegio y probablemente a los padres nos haya quedado esa imagen congelada en el tiempo. Pero en un mundo donde la moda manda, hoy en d\u00eda los anteojos se han transformado en un accesorio m\u00e1s de la vida diaria, [&hellip;]<\/p>\n","protected":false},"author":1,"featured_media":0,"comment_status":"open","ping_status":"open","sticky":false,"template":"","format":"standard","meta":{"_monsterinsights_skip_tracking":false,"_monsterinsights_sitenote_active":false,"_monsterinsights_sitenote_note":"","_monsterinsights_sitenote_category":0,"footnotes":""},"categories":[9,1],"tags":[],"class_list":["post-606","post","type-post","status-publish","format-standard","hentry","category-anteojos-para-ninos","category-sin-categoria"],"yoast_head":"<!-- This site is optimized with the Yoast SEO plugin v27.3 - https:\/\/yoast.com\/product\/yoast-seo-wordpress\/ -->\n<title>\u00bfC\u00f3mo comprar anteojos para ni\u00f1os? &#8211; Blog de \u00f3ptica<\/title>\n<meta name=\"robots\" content=\"index, follow, max-snippet:-1, max-image-preview:large, max-video-preview:-1\" \/>\n<link rel=\"canonical\" href=\"https:\/\/www.nuevavisionopticas.com.ar\/blog-de-optica\/2013\/10\/como-comprar-anteojos-para-ninos\/\" \/>\n<meta property=\"og:locale\" content=\"es_ES\" \/>\n<meta property=\"og:type\" content=\"article\" \/>\n<meta property=\"og:title\" content=\"\u00bfC\u00f3mo comprar anteojos para ni\u00f1os? &#8211; Blog de \u00f3ptica\" \/>\n<meta property=\"og:description\" content=\"Cuando el oftalm\u00f3logo recomienda que el ni\u00f1o comience a usar anteojos se plantean 2 factores: el anat\u00f3mico y el est\u00e9tico, ambos muy importantes para el chico. A muchos ni\u00f1os no les gusta usar anteojos, en una \u00e9poca generaba burlas en el colegio y probablemente a los padres nos haya quedado esa imagen congelada en el tiempo. Pero en un mundo donde la moda manda, hoy en d\u00eda los anteojos se han transformado en un accesorio m\u00e1s de la vida diaria, [&hellip;]\" \/>\n<meta property=\"og:url\" content=\"https:\/\/www.nuevavisionopticas.com.ar\/blog-de-optica\/2013\/10\/como-comprar-anteojos-para-ninos\/\" \/>\n<meta property=\"og:site_name\" content=\"Blog de \u00f3ptica\" \/>\n<meta property=\"article:publisher\" content=\"https:\/\/www.facebook.com\/nuevavisionarg\" \/>\n<meta property=\"article:published_time\" content=\"2013-10-23T13:50:30+00:00\" \/>\n<meta property=\"og:image\" content=\"http:\/\/www.nuevavisionopticas.com.ar\/blog-de-optica\/wp-content\/uploads\/2013\/10\/Tu-hijo-necesita-gafas_articulo_landscape.jpg\" \/>\n<meta name=\"author\" content=\"admin_optica\" \/>\n<meta name=\"twitter:card\" content=\"summary_large_image\" \/>\n<meta name=\"twitter:label1\" content=\"Escrito por\" \/>\n\t<meta name=\"twitter:data1\" content=\"admin_optica\" \/>\n\t<meta name=\"twitter:label2\" content=\"Tiempo de lectura\" \/>\n\t<meta name=\"twitter:data2\" content=\"3 minutos\" \/>\n<script type=\"application\/ld+json\" class=\"yoast-schema-graph\">{\"@context\":\"https:\\\/\\\/schema.org\",\"@graph\":[{\"@type\":\"Article\",\"@id\":\"https:\\\/\\\/www.nuevavisionopticas.com.ar\\\/blog-de-optica\\\/2013\\\/10\\\/como-comprar-anteojos-para-ninos\\\/#article\",\"isPartOf\":{\"@id\":\"https:\\\/\\\/www.nuevavisionopticas.com.ar\\\/blog-de-optica\\\/2013\\\/10\\\/como-comprar-anteojos-para-ninos\\\/\"},\"author\":{\"name\":\"admin_optica\",\"@id\":\"https:\\\/\\\/www.nuevavisionopticas.com.ar\\\/blog-de-optica\\\/#\\\/schema\\\/person\\\/2d6fbd00282cbc8fdd54058894af4341\"},\"headline\":\"\u00bfC\u00f3mo comprar anteojos para ni\u00f1os?\",\"datePublished\":\"2013-10-23T13:50:30+00:00\",\"mainEntityOfPage\":{\"@id\":\"https:\\\/\\\/www.nuevavisionopticas.com.ar\\\/blog-de-optica\\\/2013\\\/10\\\/como-comprar-anteojos-para-ninos\\\/\"},\"wordCount\":539,\"commentCount\":0,\"publisher\":{\"@id\":\"https:\\\/\\\/www.nuevavisionopticas.com.ar\\\/blog-de-optica\\\/#organization\"},\"image\":{\"@id\":\"https:\\\/\\\/www.nuevavisionopticas.com.ar\\\/blog-de-optica\\\/2013\\\/10\\\/como-comprar-anteojos-para-ninos\\\/#primaryimage\"},\"thumbnailUrl\":\"http:\\\/\\\/www.nuevavisionopticas.com.ar\\\/blog-de-optica\\\/wp-content\\\/uploads\\\/2013\\\/10\\\/Tu-hijo-necesita-gafas_articulo_landscape.jpg\",\"articleSection\":[\"Anteojos para Ni\u00f1os\"],\"inLanguage\":\"es\",\"potentialAction\":[{\"@type\":\"CommentAction\",\"name\":\"Comment\",\"target\":[\"https:\\\/\\\/www.nuevavisionopticas.com.ar\\\/blog-de-optica\\\/2013\\\/10\\\/como-comprar-anteojos-para-ninos\\\/#respond\"]}]},{\"@type\":\"WebPage\",\"@id\":\"https:\\\/\\\/www.nuevavisionopticas.com.ar\\\/blog-de-optica\\\/2013\\\/10\\\/como-comprar-anteojos-para-ninos\\\/\",\"url\":\"https:\\\/\\\/www.nuevavisionopticas.com.ar\\\/blog-de-optica\\\/2013\\\/10\\\/como-comprar-anteojos-para-ninos\\\/\",\"name\":\"\u00bfC\u00f3mo comprar anteojos para ni\u00f1os? &#8211; Blog de \u00f3ptica\",\"isPartOf\":{\"@id\":\"https:\\\/\\\/www.nuevavisionopticas.com.ar\\\/blog-de-optica\\\/#website\"},\"primaryImageOfPage\":{\"@id\":\"https:\\\/\\\/www.nuevavisionopticas.com.ar\\\/blog-de-optica\\\/2013\\\/10\\\/como-comprar-anteojos-para-ninos\\\/#primaryimage\"},\"image\":{\"@id\":\"https:\\\/\\\/www.nuevavisionopticas.com.ar\\\/blog-de-optica\\\/2013\\\/10\\\/como-comprar-anteojos-para-ninos\\\/#primaryimage\"},\"thumbnailUrl\":\"http:\\\/\\\/www.nuevavisionopticas.com.ar\\\/blog-de-optica\\\/wp-content\\\/uploads\\\/2013\\\/10\\\/Tu-hijo-necesita-gafas_articulo_landscape.jpg\",\"datePublished\":\"2013-10-23T13:50:30+00:00\",\"breadcrumb\":{\"@id\":\"https:\\\/\\\/www.nuevavisionopticas.com.ar\\\/blog-de-optica\\\/2013\\\/10\\\/como-comprar-anteojos-para-ninos\\\/#breadcrumb\"},\"inLanguage\":\"es\",\"potentialAction\":[{\"@type\":\"ReadAction\",\"target\":[\"https:\\\/\\\/www.nuevavisionopticas.com.ar\\\/blog-de-optica\\\/2013\\\/10\\\/como-comprar-anteojos-para-ninos\\\/\"]}]},{\"@type\":\"ImageObject\",\"inLanguage\":\"es\",\"@id\":\"https:\\\/\\\/www.nuevavisionopticas.com.ar\\\/blog-de-optica\\\/2013\\\/10\\\/como-comprar-anteojos-para-ninos\\\/#primaryimage\",\"url\":\"http:\\\/\\\/www.nuevavisionopticas.com.ar\\\/blog-de-optica\\\/wp-content\\\/uploads\\\/2013\\\/10\\\/Tu-hijo-necesita-gafas_articulo_landscape.jpg\",\"contentUrl\":\"http:\\\/\\\/www.nuevavisionopticas.com.ar\\\/blog-de-optica\\\/wp-content\\\/uploads\\\/2013\\\/10\\\/Tu-hijo-necesita-gafas_articulo_landscape.jpg\"},{\"@type\":\"BreadcrumbList\",\"@id\":\"https:\\\/\\\/www.nuevavisionopticas.com.ar\\\/blog-de-optica\\\/2013\\\/10\\\/como-comprar-anteojos-para-ninos\\\/#breadcrumb\",\"itemListElement\":[{\"@type\":\"ListItem\",\"position\":1,\"name\":\"Portada\",\"item\":\"https:\\\/\\\/www.nuevavisionopticas.com.ar\\\/blog-de-optica\\\/\"},{\"@type\":\"ListItem\",\"position\":2,\"name\":\"\u00bfC\u00f3mo comprar anteojos para ni\u00f1os?\"}]},{\"@type\":\"WebSite\",\"@id\":\"https:\\\/\\\/www.nuevavisionopticas.com.ar\\\/blog-de-optica\\\/#website\",\"url\":\"https:\\\/\\\/www.nuevavisionopticas.com.ar\\\/blog-de-optica\\\/\",\"name\":\"Blog de \u00f3ptica\",\"description\":\"Nueva Visi\u00f3n \u00d3pticas\",\"publisher\":{\"@id\":\"https:\\\/\\\/www.nuevavisionopticas.com.ar\\\/blog-de-optica\\\/#organization\"},\"potentialAction\":[{\"@type\":\"SearchAction\",\"target\":{\"@type\":\"EntryPoint\",\"urlTemplate\":\"https:\\\/\\\/www.nuevavisionopticas.com.ar\\\/blog-de-optica\\\/?s={search_term_string}\"},\"query-input\":{\"@type\":\"PropertyValueSpecification\",\"valueRequired\":true,\"valueName\":\"search_term_string\"}}],\"inLanguage\":\"es\"},{\"@type\":\"Organization\",\"@id\":\"https:\\\/\\\/www.nuevavisionopticas.com.ar\\\/blog-de-optica\\\/#organization\",\"name\":\"Nueva Visi\u00f3n \u00d3pticas\",\"url\":\"https:\\\/\\\/www.nuevavisionopticas.com.ar\\\/blog-de-optica\\\/\",\"logo\":{\"@type\":\"ImageObject\",\"inLanguage\":\"es\",\"@id\":\"https:\\\/\\\/www.nuevavisionopticas.com.ar\\\/blog-de-optica\\\/#\\\/schema\\\/logo\\\/image\\\/\",\"url\":\"https:\\\/\\\/www.nuevavisionopticas.com.ar\\\/blog-de-optica\\\/wp-content\\\/uploads\\\/2021\\\/07\\\/logo-blanco-nueva-vision.png\",\"contentUrl\":\"https:\\\/\\\/www.nuevavisionopticas.com.ar\\\/blog-de-optica\\\/wp-content\\\/uploads\\\/2021\\\/07\\\/logo-blanco-nueva-vision.png\",\"width\":181,\"height\":46,\"caption\":\"Nueva Visi\u00f3n \u00d3pticas\"},\"image\":{\"@id\":\"https:\\\/\\\/www.nuevavisionopticas.com.ar\\\/blog-de-optica\\\/#\\\/schema\\\/logo\\\/image\\\/\"},\"sameAs\":[\"https:\\\/\\\/www.facebook.com\\\/nuevavisionarg\",\"https:\\\/\\\/www.instagram.com\\\/nuevavisionarg\"]},{\"@type\":\"Person\",\"@id\":\"https:\\\/\\\/www.nuevavisionopticas.com.ar\\\/blog-de-optica\\\/#\\\/schema\\\/person\\\/2d6fbd00282cbc8fdd54058894af4341\",\"name\":\"admin_optica\",\"image\":{\"@type\":\"ImageObject\",\"inLanguage\":\"es\",\"@id\":\"https:\\\/\\\/secure.gravatar.com\\\/avatar\\\/e33974a79b80e7fe593e5cf53cb2160fcb165380bed6475ed9144c295430f76c?s=96&d=mm&r=g\",\"url\":\"https:\\\/\\\/secure.gravatar.com\\\/avatar\\\/e33974a79b80e7fe593e5cf53cb2160fcb165380bed6475ed9144c295430f76c?s=96&d=mm&r=g\",\"contentUrl\":\"https:\\\/\\\/secure.gravatar.com\\\/avatar\\\/e33974a79b80e7fe593e5cf53cb2160fcb165380bed6475ed9144c295430f76c?s=96&d=mm&r=g\",\"caption\":\"admin_optica\"}}]}<\/script>\n<!-- \/ Yoast SEO plugin. -->","yoast_head_json":{"title":"\u00bfC\u00f3mo comprar anteojos para ni\u00f1os? &#8211; Blog de \u00f3ptica","robots":{"index":"index","follow":"follow","max-snippet":"max-snippet:-1","max-image-preview":"max-image-preview:large","max-video-preview":"max-video-preview:-1"},"canonical":"https:\/\/www.nuevavisionopticas.com.ar\/blog-de-optica\/2013\/10\/como-comprar-anteojos-para-ninos\/","og_locale":"es_ES","og_type":"article","og_title":"\u00bfC\u00f3mo comprar anteojos para ni\u00f1os? &#8211; Blog de \u00f3ptica","og_description":"Cuando el oftalm\u00f3logo recomienda que el ni\u00f1o comience a usar anteojos se plantean 2 factores: el anat\u00f3mico y el est\u00e9tico, ambos muy importantes para el chico. A muchos ni\u00f1os no les gusta usar anteojos, en una \u00e9poca generaba burlas en el colegio y probablemente a los padres nos haya quedado esa imagen congelada en el tiempo. Pero en un mundo donde la moda manda, hoy en d\u00eda los anteojos se han transformado en un accesorio m\u00e1s de la vida diaria, [&hellip;]","og_url":"https:\/\/www.nuevavisionopticas.com.ar\/blog-de-optica\/2013\/10\/como-comprar-anteojos-para-ninos\/","og_site_name":"Blog de \u00f3ptica","article_publisher":"https:\/\/www.facebook.com\/nuevavisionarg","article_published_time":"2013-10-23T13:50:30+00:00","og_image":[{"url":"http:\/\/www.nuevavisionopticas.com.ar\/blog-de-optica\/wp-content\/uploads\/2013\/10\/Tu-hijo-necesita-gafas_articulo_landscape.jpg","type":"","width":"","height":""}],"author":"admin_optica","twitter_card":"summary_large_image","twitter_misc":{"Escrito por":"admin_optica","Tiempo de lectura":"3 minutos"},"schema":{"@context":"https:\/\/schema.org","@graph":[{"@type":"Article","@id":"https:\/\/www.nuevavisionopticas.com.ar\/blog-de-optica\/2013\/10\/como-comprar-anteojos-para-ninos\/#article","isPartOf":{"@id":"https:\/\/www.nuevavisionopticas.com.ar\/blog-de-optica\/2013\/10\/como-comprar-anteojos-para-ninos\/"},"author":{"name":"admin_optica","@id":"https:\/\/www.nuevavisionopticas.com.ar\/blog-de-optica\/#\/schema\/person\/2d6fbd00282cbc8fdd54058894af4341"},"headline":"\u00bfC\u00f3mo comprar anteojos para ni\u00f1os?","datePublished":"2013-10-23T13:50:30+00:00","mainEntityOfPage":{"@id":"https:\/\/www.nuevavisionopticas.com.ar\/blog-de-optica\/2013\/10\/como-comprar-anteojos-para-ninos\/"},"wordCount":539,"commentCount":0,"publisher":{"@id":"https:\/\/www.nuevavisionopticas.com.ar\/blog-de-optica\/#organization"},"image":{"@id":"https:\/\/www.nuevavisionopticas.com.ar\/blog-de-optica\/2013\/10\/como-comprar-anteojos-para-ninos\/#primaryimage"},"thumbnailUrl":"http:\/\/www.nuevavisionopticas.com.ar\/blog-de-optica\/wp-content\/uploads\/2013\/10\/Tu-hijo-necesita-gafas_articulo_landscape.jpg","articleSection":["Anteojos para Ni\u00f1os"],"inLanguage":"es","potentialAction":[{"@type":"CommentAction","name":"Comment","target":["https:\/\/www.nuevavisionopticas.com.ar\/blog-de-optica\/2013\/10\/como-comprar-anteojos-para-ninos\/#respond"]}]},{"@type":"WebPage","@id":"https:\/\/www.nuevavisionopticas.com.ar\/blog-de-optica\/2013\/10\/como-comprar-anteojos-para-ninos\/","url":"https:\/\/www.nuevavisionopticas.com.ar\/blog-de-optica\/2013\/10\/como-comprar-anteojos-para-ninos\/","name":"\u00bfC\u00f3mo comprar anteojos para ni\u00f1os? &#8211; Blog de \u00f3ptica","isPartOf":{"@id":"https:\/\/www.nuevavisionopticas.com.ar\/blog-de-optica\/#website"},"primaryImageOfPage":{"@id":"https:\/\/www.nuevavisionopticas.com.ar\/blog-de-optica\/2013\/10\/como-comprar-anteojos-para-ninos\/#primaryimage"},"image":{"@id":"https:\/\/www.nuevavisionopticas.com.ar\/blog-de-optica\/2013\/10\/como-comprar-anteojos-para-ninos\/#primaryimage"},"thumbnailUrl":"http:\/\/www.nuevavisionopticas.com.ar\/blog-de-optica\/wp-content\/uploads\/2013\/10\/Tu-hijo-necesita-gafas_articulo_landscape.jpg","datePublished":"2013-10-23T13:50:30+00:00","breadcrumb":{"@id":"https:\/\/www.nuevavisionopticas.com.ar\/blog-de-optica\/2013\/10\/como-comprar-anteojos-para-ninos\/#breadcrumb"},"inLanguage":"es","potentialAction":[{"@type":"ReadAction","target":["https:\/\/www.nuevavisionopticas.com.ar\/blog-de-optica\/2013\/10\/como-comprar-anteojos-para-ninos\/"]}]},{"@type":"ImageObject","inLanguage":"es","@id":"https:\/\/www.nuevavisionopticas.com.ar\/blog-de-optica\/2013\/10\/como-comprar-anteojos-para-ninos\/#primaryimage","url":"http:\/\/www.nuevavisionopticas.com.ar\/blog-de-optica\/wp-content\/uploads\/2013\/10\/Tu-hijo-necesita-gafas_articulo_landscape.jpg","contentUrl":"http:\/\/www.nuevavisionopticas.com.ar\/blog-de-optica\/wp-content\/uploads\/2013\/10\/Tu-hijo-necesita-gafas_articulo_landscape.jpg"},{"@type":"BreadcrumbList","@id":"https:\/\/www.nuevavisionopticas.com.ar\/blog-de-optica\/2013\/10\/como-comprar-anteojos-para-ninos\/#breadcrumb","itemListElement":[{"@type":"ListItem","position":1,"name":"Portada","item":"https:\/\/www.nuevavisionopticas.com.ar\/blog-de-optica\/"},{"@type":"ListItem","position":2,"name":"\u00bfC\u00f3mo comprar anteojos para ni\u00f1os?"}]},{"@type":"WebSite","@id":"https:\/\/www.nuevavisionopticas.com.ar\/blog-de-optica\/#website","url":"https:\/\/www.nuevavisionopticas.com.ar\/blog-de-optica\/","name":"Blog de \u00f3ptica","description":"Nueva Visi\u00f3n \u00d3pticas","publisher":{"@id":"https:\/\/www.nuevavisionopticas.com.ar\/blog-de-optica\/#organization"},"potentialAction":[{"@type":"SearchAction","target":{"@type":"EntryPoint","urlTemplate":"https:\/\/www.nuevavisionopticas.com.ar\/blog-de-optica\/?s={search_term_string}"},"query-input":{"@type":"PropertyValueSpecification","valueRequired":true,"valueName":"search_term_string"}}],"inLanguage":"es"},{"@type":"Organization","@id":"https:\/\/www.nuevavisionopticas.com.ar\/blog-de-optica\/#organization","name":"Nueva Visi\u00f3n \u00d3pticas","url":"https:\/\/www.nuevavisionopticas.com.ar\/blog-de-optica\/","logo":{"@type":"ImageObject","inLanguage":"es","@id":"https:\/\/www.nuevavisionopticas.com.ar\/blog-de-optica\/#\/schema\/logo\/image\/","url":"https:\/\/www.nuevavisionopticas.com.ar\/blog-de-optica\/wp-content\/uploads\/2021\/07\/logo-blanco-nueva-vision.png","contentUrl":"https:\/\/www.nuevavisionopticas.com.ar\/blog-de-optica\/wp-content\/uploads\/2021\/07\/logo-blanco-nueva-vision.png","width":181,"height":46,"caption":"Nueva Visi\u00f3n \u00d3pticas"},"image":{"@id":"https:\/\/www.nuevavisionopticas.com.ar\/blog-de-optica\/#\/schema\/logo\/image\/"},"sameAs":["https:\/\/www.facebook.com\/nuevavisionarg","https:\/\/www.instagram.com\/nuevavisionarg"]},{"@type":"Person","@id":"https:\/\/www.nuevavisionopticas.com.ar\/blog-de-optica\/#\/schema\/person\/2d6fbd00282cbc8fdd54058894af4341","name":"admin_optica","image":{"@type":"ImageObject","inLanguage":"es","@id":"https:\/\/secure.gravatar.com\/avatar\/e33974a79b80e7fe593e5cf53cb2160fcb165380bed6475ed9144c295430f76c?s=96&d=mm&r=g","url":"https:\/\/secure.gravatar.com\/avatar\/e33974a79b80e7fe593e5cf53cb2160fcb165380bed6475ed9144c295430f76c?s=96&d=mm&r=g","contentUrl":"https:\/\/secure.gravatar.com\/avatar\/e33974a79b80e7fe593e5cf53cb2160fcb165380bed6475ed9144c295430f76c?s=96&d=mm&r=g","caption":"admin_optica"}}]}},"_links":{"self":[{"href":"https:\/\/www.nuevavisionopticas.com.ar\/blog-de-optica\/wp-json\/wp\/v2\/posts\/606","targetHints":{"allow":["GET"]}}],"collection":[{"href":"https:\/\/www.nuevavisionopticas.com.ar\/blog-de-optica\/wp-json\/wp\/v2\/posts"}],"about":[{"href":"https:\/\/www.nuevavisionopticas.com.ar\/blog-de-optica\/wp-json\/wp\/v2\/types\/post"}],"author":[{"embeddable":true,"href":"https:\/\/www.nuevavisionopticas.com.ar\/blog-de-optica\/wp-json\/wp\/v2\/users\/1"}],"replies":[{"embeddable":true,"href":"https:\/\/www.nuevavisionopticas.com.ar\/blog-de-optica\/wp-json\/wp\/v2\/comments?post=606"}],"version-history":[{"count":0,"href":"https:\/\/www.nuevavisionopticas.com.ar\/blog-de-optica\/wp-json\/wp\/v2\/posts\/606\/revisions"}],"wp:attachment":[{"href":"https:\/\/www.nuevavisionopticas.com.ar\/blog-de-optica\/wp-json\/wp\/v2\/media?parent=606"}],"wp:term":[{"taxonomy":"category","embeddable":true,"href":"https:\/\/www.nuevavisionopticas.com.ar\/blog-de-optica\/wp-json\/wp\/v2\/categories?post=606"},{"taxonomy":"post_tag","embeddable":true,"href":"https:\/\/www.nuevavisionopticas.com.ar\/blog-de-optica\/wp-json\/wp\/v2\/tags?post=606"}],"curies":[{"name":"wp","href":"https:\/\/api.w.org\/{rel}","templated":true}]}}