{"id":819,"date":"2014-07-23T16:01:33","date_gmt":"2014-07-23T16:01:33","guid":{"rendered":"http:\/\/www.nuevavisionopticas.com.ar\/blog-de-optica\/?p=819"},"modified":"2014-07-23T16:01:33","modified_gmt":"2014-07-23T16:01:33","slug":"anteojos-union-pacific-recetados-con-onda","status":"publish","type":"post","link":"https:\/\/www.nuevavisionopticas.com.ar\/blog-de-optica\/2014\/07\/anteojos-union-pacific-recetados-con-onda\/","title":{"rendered":"Anteojos Union Pacific: recetados con onda"},"content":{"rendered":"<p><em><strong><a href=\"http:\/\/www.nuevavisionopticas.com.ar\/blog-de-optica\/wp-content\/uploads\/2014\/07\/union-receta.jpg\"><img decoding=\"async\" src=\"data:image\/svg+xml,%3Csvg%20xmlns='http:\/\/www.w3.org\/2000\/svg'%20viewBox='0%200%20350%20353'%3E%3C\/svg%3E\" class=\"zeen-lazy-load-base zeen-lazy-load alignleft wp-image-820\" data-lazy-src=\"http:\/\/www.nuevavisionopticas.com.ar\/blog-de-optica\/wp-content\/uploads\/2014\/07\/union-receta-297x300.jpg\" alt=\"union-receta\" width=\"350\" height=\"353\" \/><noscript><img decoding=\"async\" class=\"alignleft wp-image-820\" src=\"http:\/\/www.nuevavisionopticas.com.ar\/blog-de-optica\/wp-content\/uploads\/2014\/07\/union-receta-297x300.jpg\" alt=\"union-receta\" width=\"350\" height=\"353\" \/><\/noscript><\/a>Union Pacific<\/strong><\/em>\u00a0es una compan\u00eda con mas de 20 a\u00f1os en el mercado especializada en el dise\u00f1o y fabricaci\u00f3n de\u00a0<em><strong>anteojos<\/strong><\/em>. La marca tiene gran desarrollo en los medios, siendo elegida frecuentemente para ilustrar producciones de moda de las m\u00e1s prestigiosas revistas. Modelos, conductores de televisi\u00f3n y otras figuras del espect\u00e1culo lucen los anteojos Union Pacific en sus apariciones p\u00fablicas, dados los modelos din\u00e1micos, coloridos y muy a la moda que son caracter\u00edsticos de la marca.<!--more--><\/p>\n<p>Por ejemplo, en la revista Gente se lucieron los anteojos Union Pacific en la reciente nota publicada con Listorti y Pedro Alfonso para el look de divos en donde anuncian la Peli\u00edcula Socios por Accidente.<\/p>\n<p>Tambi\u00e9n la revista Para Ti eligi\u00f3 las gafas de Union Pacific para las producciones de moda e igualmente la marca apareci\u00f3 en la revista Susana del mes de Julio, en la producci\u00f3n sobre la temporada de Ski.<\/p>\n<p>En Nueva Visi\u00f3n \u00f3pticas recibimos la nueva colecci\u00f3n de anteojos Union Pacific de receta, con rojos y fucsias para los osados y m\u00e1s delicados marrones y violetas para la gente de perfil m\u00e1s cl\u00e1sico. Ven\u00ed a conocerlos!<\/p>\n<p>&nbsp;<\/p>\n<p><a href=\"http:\/\/www.nuevavisionopticas.com.ar\/blog-de-optica\/wp-content\/uploads\/2014\/07\/GetAttachment.aspx_.jpg\"><img decoding=\"async\" src=\"data:image\/svg+xml,%3Csvg%20xmlns='http:\/\/www.w3.org\/2000\/svg'%20viewBox='0%200%20219%20137'%3E%3C\/svg%3E\" class=\"zeen-lazy-load-base zeen-lazy-load alignleft size-full wp-image-821\" data-lazy-src=\"http:\/\/www.nuevavisionopticas.com.ar\/blog-de-optica\/wp-content\/uploads\/2014\/07\/GetAttachment.aspx_.jpg\" alt=\"GetAttachment.aspx\" width=\"219\" height=\"137\" \/><noscript><img decoding=\"async\" class=\"alignleft size-full wp-image-821\" src=\"http:\/\/www.nuevavisionopticas.com.ar\/blog-de-optica\/wp-content\/uploads\/2014\/07\/GetAttachment.aspx_.jpg\" alt=\"GetAttachment.aspx\" width=\"219\" height=\"137\" \/><\/noscript><\/a><\/p>\n","protected":false},"excerpt":{"rendered":"<p>Union Pacific\u00a0es una compan\u00eda con mas de 20 a\u00f1os en el mercado especializada en el dise\u00f1o y fabricaci\u00f3n de\u00a0anteojos. La marca tiene gran desarrollo en los medios, siendo elegida frecuentemente para ilustrar producciones de moda de las m\u00e1s prestigiosas revistas. Modelos, conductores de televisi\u00f3n y otras figuras del espect\u00e1culo lucen los anteojos Union Pacific en sus apariciones p\u00fablicas, dados los modelos din\u00e1micos, coloridos y muy a la moda que son caracter\u00edsticos de la marca.<\/p>\n","protected":false},"author":1,"featured_media":0,"comment_status":"open","ping_status":"open","sticky":false,"template":"","format":"standard","meta":{"_monsterinsights_skip_tracking":false,"_monsterinsights_sitenote_active":false,"_monsterinsights_sitenote_note":"","_monsterinsights_sitenote_category":0,"footnotes":""},"categories":[3,10,12,16,1],"tags":[],"class_list":["post-819","post","type-post","status-publish","format-standard","hentry","category-anteojos","category-anteojos-recetados","category-colecciones","category-moda","category-sin-categoria"],"yoast_head":"<!-- This site is optimized with the Yoast SEO plugin v27.3 - https:\/\/yoast.com\/product\/yoast-seo-wordpress\/ -->\n<title>Anteojos Union Pacific: recetados con onda &#8211; Blog de \u00f3ptica<\/title>\n<meta name=\"robots\" content=\"index, follow, max-snippet:-1, max-image-preview:large, max-video-preview:-1\" \/>\n<link rel=\"canonical\" href=\"http:\/\/www.nuevavisionopticas.com.ar\/blog-de-optica\/2014\/07\/anteojos-union-pacific-recetados-con-onda\/\" \/>\n<meta property=\"og:locale\" content=\"es_ES\" \/>\n<meta property=\"og:type\" content=\"article\" \/>\n<meta property=\"og:title\" content=\"Anteojos Union Pacific: recetados con onda &#8211; Blog de \u00f3ptica\" \/>\n<meta property=\"og:description\" content=\"Union Pacific\u00a0es una compan\u00eda con mas de 20 a\u00f1os en el mercado especializada en el dise\u00f1o y fabricaci\u00f3n de\u00a0anteojos. La marca tiene gran desarrollo en los medios, siendo elegida frecuentemente para ilustrar producciones de moda de las m\u00e1s prestigiosas revistas. Modelos, conductores de televisi\u00f3n y otras figuras del espect\u00e1culo lucen los anteojos Union Pacific en sus apariciones p\u00fablicas, dados los modelos din\u00e1micos, coloridos y muy a la moda que son caracter\u00edsticos de la marca.\" \/>\n<meta property=\"og:url\" content=\"http:\/\/www.nuevavisionopticas.com.ar\/blog-de-optica\/2014\/07\/anteojos-union-pacific-recetados-con-onda\/\" \/>\n<meta property=\"og:site_name\" content=\"Blog de \u00f3ptica\" \/>\n<meta property=\"article:publisher\" content=\"https:\/\/www.facebook.com\/nuevavisionarg\" \/>\n<meta property=\"article:published_time\" content=\"2014-07-23T16:01:33+00:00\" \/>\n<meta property=\"og:image\" content=\"http:\/\/www.nuevavisionopticas.com.ar\/blog-de-optica\/wp-content\/uploads\/2014\/07\/union-receta-297x300.jpg\" \/>\n<meta name=\"author\" content=\"admin_optica\" \/>\n<meta name=\"twitter:card\" content=\"summary_large_image\" \/>\n<meta name=\"twitter:label1\" content=\"Escrito por\" \/>\n\t<meta name=\"twitter:data1\" content=\"admin_optica\" \/>\n\t<meta name=\"twitter:label2\" content=\"Tiempo de lectura\" \/>\n\t<meta name=\"twitter:data2\" content=\"1 minuto\" \/>\n<script type=\"application\/ld+json\" class=\"yoast-schema-graph\">{\"@context\":\"https:\\\/\\\/schema.org\",\"@graph\":[{\"@type\":\"Article\",\"@id\":\"http:\\\/\\\/www.nuevavisionopticas.com.ar\\\/blog-de-optica\\\/2014\\\/07\\\/anteojos-union-pacific-recetados-con-onda\\\/#article\",\"isPartOf\":{\"@id\":\"http:\\\/\\\/www.nuevavisionopticas.com.ar\\\/blog-de-optica\\\/2014\\\/07\\\/anteojos-union-pacific-recetados-con-onda\\\/\"},\"author\":{\"name\":\"admin_optica\",\"@id\":\"https:\\\/\\\/www.nuevavisionopticas.com.ar\\\/blog-de-optica\\\/#\\\/schema\\\/person\\\/2d6fbd00282cbc8fdd54058894af4341\"},\"headline\":\"Anteojos Union Pacific: recetados con onda\",\"datePublished\":\"2014-07-23T16:01:33+00:00\",\"mainEntityOfPage\":{\"@id\":\"http:\\\/\\\/www.nuevavisionopticas.com.ar\\\/blog-de-optica\\\/2014\\\/07\\\/anteojos-union-pacific-recetados-con-onda\\\/\"},\"wordCount\":209,\"commentCount\":0,\"publisher\":{\"@id\":\"https:\\\/\\\/www.nuevavisionopticas.com.ar\\\/blog-de-optica\\\/#organization\"},\"image\":{\"@id\":\"http:\\\/\\\/www.nuevavisionopticas.com.ar\\\/blog-de-optica\\\/2014\\\/07\\\/anteojos-union-pacific-recetados-con-onda\\\/#primaryimage\"},\"thumbnailUrl\":\"http:\\\/\\\/www.nuevavisionopticas.com.ar\\\/blog-de-optica\\\/wp-content\\\/uploads\\\/2014\\\/07\\\/union-receta-297x300.jpg\",\"articleSection\":[\"Anteojos\",\"anteojos recetados\",\"colecciones\",\"moda\"],\"inLanguage\":\"es\",\"potentialAction\":[{\"@type\":\"CommentAction\",\"name\":\"Comment\",\"target\":[\"http:\\\/\\\/www.nuevavisionopticas.com.ar\\\/blog-de-optica\\\/2014\\\/07\\\/anteojos-union-pacific-recetados-con-onda\\\/#respond\"]}]},{\"@type\":\"WebPage\",\"@id\":\"http:\\\/\\\/www.nuevavisionopticas.com.ar\\\/blog-de-optica\\\/2014\\\/07\\\/anteojos-union-pacific-recetados-con-onda\\\/\",\"url\":\"http:\\\/\\\/www.nuevavisionopticas.com.ar\\\/blog-de-optica\\\/2014\\\/07\\\/anteojos-union-pacific-recetados-con-onda\\\/\",\"name\":\"Anteojos Union Pacific: recetados con onda &#8211; Blog de \u00f3ptica\",\"isPartOf\":{\"@id\":\"https:\\\/\\\/www.nuevavisionopticas.com.ar\\\/blog-de-optica\\\/#website\"},\"primaryImageOfPage\":{\"@id\":\"http:\\\/\\\/www.nuevavisionopticas.com.ar\\\/blog-de-optica\\\/2014\\\/07\\\/anteojos-union-pacific-recetados-con-onda\\\/#primaryimage\"},\"image\":{\"@id\":\"http:\\\/\\\/www.nuevavisionopticas.com.ar\\\/blog-de-optica\\\/2014\\\/07\\\/anteojos-union-pacific-recetados-con-onda\\\/#primaryimage\"},\"thumbnailUrl\":\"http:\\\/\\\/www.nuevavisionopticas.com.ar\\\/blog-de-optica\\\/wp-content\\\/uploads\\\/2014\\\/07\\\/union-receta-297x300.jpg\",\"datePublished\":\"2014-07-23T16:01:33+00:00\",\"breadcrumb\":{\"@id\":\"http:\\\/\\\/www.nuevavisionopticas.com.ar\\\/blog-de-optica\\\/2014\\\/07\\\/anteojos-union-pacific-recetados-con-onda\\\/#breadcrumb\"},\"inLanguage\":\"es\",\"potentialAction\":[{\"@type\":\"ReadAction\",\"target\":[\"http:\\\/\\\/www.nuevavisionopticas.com.ar\\\/blog-de-optica\\\/2014\\\/07\\\/anteojos-union-pacific-recetados-con-onda\\\/\"]}]},{\"@type\":\"ImageObject\",\"inLanguage\":\"es\",\"@id\":\"http:\\\/\\\/www.nuevavisionopticas.com.ar\\\/blog-de-optica\\\/2014\\\/07\\\/anteojos-union-pacific-recetados-con-onda\\\/#primaryimage\",\"url\":\"\",\"contentUrl\":\"\"},{\"@type\":\"BreadcrumbList\",\"@id\":\"http:\\\/\\\/www.nuevavisionopticas.com.ar\\\/blog-de-optica\\\/2014\\\/07\\\/anteojos-union-pacific-recetados-con-onda\\\/#breadcrumb\",\"itemListElement\":[{\"@type\":\"ListItem\",\"position\":1,\"name\":\"Portada\",\"item\":\"https:\\\/\\\/www.nuevavisionopticas.com.ar\\\/blog-de-optica\\\/\"},{\"@type\":\"ListItem\",\"position\":2,\"name\":\"Anteojos Union Pacific: recetados con onda\"}]},{\"@type\":\"WebSite\",\"@id\":\"https:\\\/\\\/www.nuevavisionopticas.com.ar\\\/blog-de-optica\\\/#website\",\"url\":\"https:\\\/\\\/www.nuevavisionopticas.com.ar\\\/blog-de-optica\\\/\",\"name\":\"Blog de \u00f3ptica\",\"description\":\"Nueva Visi\u00f3n \u00d3pticas\",\"publisher\":{\"@id\":\"https:\\\/\\\/www.nuevavisionopticas.com.ar\\\/blog-de-optica\\\/#organization\"},\"potentialAction\":[{\"@type\":\"SearchAction\",\"target\":{\"@type\":\"EntryPoint\",\"urlTemplate\":\"https:\\\/\\\/www.nuevavisionopticas.com.ar\\\/blog-de-optica\\\/?s={search_term_string}\"},\"query-input\":{\"@type\":\"PropertyValueSpecification\",\"valueRequired\":true,\"valueName\":\"search_term_string\"}}],\"inLanguage\":\"es\"},{\"@type\":\"Organization\",\"@id\":\"https:\\\/\\\/www.nuevavisionopticas.com.ar\\\/blog-de-optica\\\/#organization\",\"name\":\"Nueva Visi\u00f3n \u00d3pticas\",\"url\":\"https:\\\/\\\/www.nuevavisionopticas.com.ar\\\/blog-de-optica\\\/\",\"logo\":{\"@type\":\"ImageObject\",\"inLanguage\":\"es\",\"@id\":\"https:\\\/\\\/www.nuevavisionopticas.com.ar\\\/blog-de-optica\\\/#\\\/schema\\\/logo\\\/image\\\/\",\"url\":\"https:\\\/\\\/www.nuevavisionopticas.com.ar\\\/blog-de-optica\\\/wp-content\\\/uploads\\\/2021\\\/07\\\/logo-blanco-nueva-vision.png\",\"contentUrl\":\"https:\\\/\\\/www.nuevavisionopticas.com.ar\\\/blog-de-optica\\\/wp-content\\\/uploads\\\/2021\\\/07\\\/logo-blanco-nueva-vision.png\",\"width\":181,\"height\":46,\"caption\":\"Nueva Visi\u00f3n \u00d3pticas\"},\"image\":{\"@id\":\"https:\\\/\\\/www.nuevavisionopticas.com.ar\\\/blog-de-optica\\\/#\\\/schema\\\/logo\\\/image\\\/\"},\"sameAs\":[\"https:\\\/\\\/www.facebook.com\\\/nuevavisionarg\",\"https:\\\/\\\/www.instagram.com\\\/nuevavisionarg\"]},{\"@type\":\"Person\",\"@id\":\"https:\\\/\\\/www.nuevavisionopticas.com.ar\\\/blog-de-optica\\\/#\\\/schema\\\/person\\\/2d6fbd00282cbc8fdd54058894af4341\",\"name\":\"admin_optica\",\"image\":{\"@type\":\"ImageObject\",\"inLanguage\":\"es\",\"@id\":\"https:\\\/\\\/secure.gravatar.com\\\/avatar\\\/e33974a79b80e7fe593e5cf53cb2160fcb165380bed6475ed9144c295430f76c?s=96&d=mm&r=g\",\"url\":\"https:\\\/\\\/secure.gravatar.com\\\/avatar\\\/e33974a79b80e7fe593e5cf53cb2160fcb165380bed6475ed9144c295430f76c?s=96&d=mm&r=g\",\"contentUrl\":\"https:\\\/\\\/secure.gravatar.com\\\/avatar\\\/e33974a79b80e7fe593e5cf53cb2160fcb165380bed6475ed9144c295430f76c?s=96&d=mm&r=g\",\"caption\":\"admin_optica\"}}]}<\/script>\n<!-- \/ Yoast SEO plugin. -->","yoast_head_json":{"title":"Anteojos Union Pacific: recetados con onda &#8211; Blog de \u00f3ptica","robots":{"index":"index","follow":"follow","max-snippet":"max-snippet:-1","max-image-preview":"max-image-preview:large","max-video-preview":"max-video-preview:-1"},"canonical":"http:\/\/www.nuevavisionopticas.com.ar\/blog-de-optica\/2014\/07\/anteojos-union-pacific-recetados-con-onda\/","og_locale":"es_ES","og_type":"article","og_title":"Anteojos Union Pacific: recetados con onda &#8211; Blog de \u00f3ptica","og_description":"Union Pacific\u00a0es una compan\u00eda con mas de 20 a\u00f1os en el mercado especializada en el dise\u00f1o y fabricaci\u00f3n de\u00a0anteojos. La marca tiene gran desarrollo en los medios, siendo elegida frecuentemente para ilustrar producciones de moda de las m\u00e1s prestigiosas revistas. Modelos, conductores de televisi\u00f3n y otras figuras del espect\u00e1culo lucen los anteojos Union Pacific en sus apariciones p\u00fablicas, dados los modelos din\u00e1micos, coloridos y muy a la moda que son caracter\u00edsticos de la marca.","og_url":"http:\/\/www.nuevavisionopticas.com.ar\/blog-de-optica\/2014\/07\/anteojos-union-pacific-recetados-con-onda\/","og_site_name":"Blog de \u00f3ptica","article_publisher":"https:\/\/www.facebook.com\/nuevavisionarg","article_published_time":"2014-07-23T16:01:33+00:00","og_image":[{"url":"http:\/\/www.nuevavisionopticas.com.ar\/blog-de-optica\/wp-content\/uploads\/2014\/07\/union-receta-297x300.jpg","type":"","width":"","height":""}],"author":"admin_optica","twitter_card":"summary_large_image","twitter_misc":{"Escrito por":"admin_optica","Tiempo de lectura":"1 minuto"},"schema":{"@context":"https:\/\/schema.org","@graph":[{"@type":"Article","@id":"http:\/\/www.nuevavisionopticas.com.ar\/blog-de-optica\/2014\/07\/anteojos-union-pacific-recetados-con-onda\/#article","isPartOf":{"@id":"http:\/\/www.nuevavisionopticas.com.ar\/blog-de-optica\/2014\/07\/anteojos-union-pacific-recetados-con-onda\/"},"author":{"name":"admin_optica","@id":"https:\/\/www.nuevavisionopticas.com.ar\/blog-de-optica\/#\/schema\/person\/2d6fbd00282cbc8fdd54058894af4341"},"headline":"Anteojos Union Pacific: recetados con onda","datePublished":"2014-07-23T16:01:33+00:00","mainEntityOfPage":{"@id":"http:\/\/www.nuevavisionopticas.com.ar\/blog-de-optica\/2014\/07\/anteojos-union-pacific-recetados-con-onda\/"},"wordCount":209,"commentCount":0,"publisher":{"@id":"https:\/\/www.nuevavisionopticas.com.ar\/blog-de-optica\/#organization"},"image":{"@id":"http:\/\/www.nuevavisionopticas.com.ar\/blog-de-optica\/2014\/07\/anteojos-union-pacific-recetados-con-onda\/#primaryimage"},"thumbnailUrl":"http:\/\/www.nuevavisionopticas.com.ar\/blog-de-optica\/wp-content\/uploads\/2014\/07\/union-receta-297x300.jpg","articleSection":["Anteojos","anteojos recetados","colecciones","moda"],"inLanguage":"es","potentialAction":[{"@type":"CommentAction","name":"Comment","target":["http:\/\/www.nuevavisionopticas.com.ar\/blog-de-optica\/2014\/07\/anteojos-union-pacific-recetados-con-onda\/#respond"]}]},{"@type":"WebPage","@id":"http:\/\/www.nuevavisionopticas.com.ar\/blog-de-optica\/2014\/07\/anteojos-union-pacific-recetados-con-onda\/","url":"http:\/\/www.nuevavisionopticas.com.ar\/blog-de-optica\/2014\/07\/anteojos-union-pacific-recetados-con-onda\/","name":"Anteojos Union Pacific: recetados con onda &#8211; Blog de \u00f3ptica","isPartOf":{"@id":"https:\/\/www.nuevavisionopticas.com.ar\/blog-de-optica\/#website"},"primaryImageOfPage":{"@id":"http:\/\/www.nuevavisionopticas.com.ar\/blog-de-optica\/2014\/07\/anteojos-union-pacific-recetados-con-onda\/#primaryimage"},"image":{"@id":"http:\/\/www.nuevavisionopticas.com.ar\/blog-de-optica\/2014\/07\/anteojos-union-pacific-recetados-con-onda\/#primaryimage"},"thumbnailUrl":"http:\/\/www.nuevavisionopticas.com.ar\/blog-de-optica\/wp-content\/uploads\/2014\/07\/union-receta-297x300.jpg","datePublished":"2014-07-23T16:01:33+00:00","breadcrumb":{"@id":"http:\/\/www.nuevavisionopticas.com.ar\/blog-de-optica\/2014\/07\/anteojos-union-pacific-recetados-con-onda\/#breadcrumb"},"inLanguage":"es","potentialAction":[{"@type":"ReadAction","target":["http:\/\/www.nuevavisionopticas.com.ar\/blog-de-optica\/2014\/07\/anteojos-union-pacific-recetados-con-onda\/"]}]},{"@type":"ImageObject","inLanguage":"es","@id":"http:\/\/www.nuevavisionopticas.com.ar\/blog-de-optica\/2014\/07\/anteojos-union-pacific-recetados-con-onda\/#primaryimage","url":"","contentUrl":""},{"@type":"BreadcrumbList","@id":"http:\/\/www.nuevavisionopticas.com.ar\/blog-de-optica\/2014\/07\/anteojos-union-pacific-recetados-con-onda\/#breadcrumb","itemListElement":[{"@type":"ListItem","position":1,"name":"Portada","item":"https:\/\/www.nuevavisionopticas.com.ar\/blog-de-optica\/"},{"@type":"ListItem","position":2,"name":"Anteojos Union Pacific: recetados con onda"}]},{"@type":"WebSite","@id":"https:\/\/www.nuevavisionopticas.com.ar\/blog-de-optica\/#website","url":"https:\/\/www.nuevavisionopticas.com.ar\/blog-de-optica\/","name":"Blog de \u00f3ptica","description":"Nueva Visi\u00f3n \u00d3pticas","publisher":{"@id":"https:\/\/www.nuevavisionopticas.com.ar\/blog-de-optica\/#organization"},"potentialAction":[{"@type":"SearchAction","target":{"@type":"EntryPoint","urlTemplate":"https:\/\/www.nuevavisionopticas.com.ar\/blog-de-optica\/?s={search_term_string}"},"query-input":{"@type":"PropertyValueSpecification","valueRequired":true,"valueName":"search_term_string"}}],"inLanguage":"es"},{"@type":"Organization","@id":"https:\/\/www.nuevavisionopticas.com.ar\/blog-de-optica\/#organization","name":"Nueva Visi\u00f3n \u00d3pticas","url":"https:\/\/www.nuevavisionopticas.com.ar\/blog-de-optica\/","logo":{"@type":"ImageObject","inLanguage":"es","@id":"https:\/\/www.nuevavisionopticas.com.ar\/blog-de-optica\/#\/schema\/logo\/image\/","url":"https:\/\/www.nuevavisionopticas.com.ar\/blog-de-optica\/wp-content\/uploads\/2021\/07\/logo-blanco-nueva-vision.png","contentUrl":"https:\/\/www.nuevavisionopticas.com.ar\/blog-de-optica\/wp-content\/uploads\/2021\/07\/logo-blanco-nueva-vision.png","width":181,"height":46,"caption":"Nueva Visi\u00f3n \u00d3pticas"},"image":{"@id":"https:\/\/www.nuevavisionopticas.com.ar\/blog-de-optica\/#\/schema\/logo\/image\/"},"sameAs":["https:\/\/www.facebook.com\/nuevavisionarg","https:\/\/www.instagram.com\/nuevavisionarg"]},{"@type":"Person","@id":"https:\/\/www.nuevavisionopticas.com.ar\/blog-de-optica\/#\/schema\/person\/2d6fbd00282cbc8fdd54058894af4341","name":"admin_optica","image":{"@type":"ImageObject","inLanguage":"es","@id":"https:\/\/secure.gravatar.com\/avatar\/e33974a79b80e7fe593e5cf53cb2160fcb165380bed6475ed9144c295430f76c?s=96&d=mm&r=g","url":"https:\/\/secure.gravatar.com\/avatar\/e33974a79b80e7fe593e5cf53cb2160fcb165380bed6475ed9144c295430f76c?s=96&d=mm&r=g","contentUrl":"https:\/\/secure.gravatar.com\/avatar\/e33974a79b80e7fe593e5cf53cb2160fcb165380bed6475ed9144c295430f76c?s=96&d=mm&r=g","caption":"admin_optica"}}]}},"_links":{"self":[{"href":"https:\/\/www.nuevavisionopticas.com.ar\/blog-de-optica\/wp-json\/wp\/v2\/posts\/819","targetHints":{"allow":["GET"]}}],"collection":[{"href":"https:\/\/www.nuevavisionopticas.com.ar\/blog-de-optica\/wp-json\/wp\/v2\/posts"}],"about":[{"href":"https:\/\/www.nuevavisionopticas.com.ar\/blog-de-optica\/wp-json\/wp\/v2\/types\/post"}],"author":[{"embeddable":true,"href":"https:\/\/www.nuevavisionopticas.com.ar\/blog-de-optica\/wp-json\/wp\/v2\/users\/1"}],"replies":[{"embeddable":true,"href":"https:\/\/www.nuevavisionopticas.com.ar\/blog-de-optica\/wp-json\/wp\/v2\/comments?post=819"}],"version-history":[{"count":0,"href":"https:\/\/www.nuevavisionopticas.com.ar\/blog-de-optica\/wp-json\/wp\/v2\/posts\/819\/revisions"}],"wp:attachment":[{"href":"https:\/\/www.nuevavisionopticas.com.ar\/blog-de-optica\/wp-json\/wp\/v2\/media?parent=819"}],"wp:term":[{"taxonomy":"category","embeddable":true,"href":"https:\/\/www.nuevavisionopticas.com.ar\/blog-de-optica\/wp-json\/wp\/v2\/categories?post=819"},{"taxonomy":"post_tag","embeddable":true,"href":"https:\/\/www.nuevavisionopticas.com.ar\/blog-de-optica\/wp-json\/wp\/v2\/tags?post=819"}],"curies":[{"name":"wp","href":"https:\/\/api.w.org\/{rel}","templated":true}]}}